{"id":90930,"date":"2024-09-11T11:42:44","date_gmt":"2024-09-11T09:42:44","guid":{"rendered":"https:\/\/gastronomicament.cat\/vinya-taujana-ca-lamo-en-pep-ca-sa-camena-i-oliver-moragues-entre-els-nous-establiments-emblematics"},"modified":"2024-09-11T11:42:44","modified_gmt":"2024-09-11T09:42:44","slug":"vinya-taujana-ca-lamo-en-pep-ca-sa-camena-i-oliver-moragues-entre-els-nous-establiments-emblematics","status":"publish","type":"post","link":"https:\/\/gastronomicament.cat\/de\/vinya-taujana-ca-lamo-en-pep-ca-sa-camena-i-oliver-moragues-entre-els-nous-establiments-emblematics","title":{"rendered":"Vinya Taujana, Ca l\u2019Amo en Pep, Ca Sa Camena i Oliver Moragues entre els nous establiments emblem\u00e0tics"},"content":{"rendered":"<p>Emblem\u00e0tics Balears, el programa de protecci\u00f3 al comer\u00e7 de proximitat de l\u2019Ag\u00e8ncia de Desenvolupament Regional de les Illes Balears (ADR Balears) de la Conselleria d\u2019Empresa, Ocupaci\u00f3 i Energia suma 16 establiments m\u00e9s. En total,\u00a0<strong>hi ha 378 comer\u00e7os adherits al projecte<\/strong>.<\/p>\n<p>El municipi de Santa Eug\u00e8nia s\u2019estrena a Emblem\u00e0tics Balears amb la incorporaci\u00f3 del celler\u00a0<strong>Vinya Taujana<\/strong>. D\u2019aquesta manera, ja hi ha 32 municipis adherits arreu de les Illes Balears. Palma \u00e9s la localitat on m\u00e9s augmenten els comer\u00e7os nous, amb 11 establiments m\u00e9s, com s\u00f3n Antiga Casa Cap\u00f3,\u00a0<strong>Can Jaume Artesans<\/strong>, Cristaleria MAC, Es Sabater, Floristeria La Rosaleda, Floristeria Miquel Capell\u00e0,<strong>\u00a0Forn Ca l\u2019Amo en Pep<\/strong>,\u00a0<strong>Forn de Ca Sa Camena<\/strong>, Joyer\u00eda Bitla, Jugueteria Sandros i Mobles Nicolau. D\u2019altra banda, Algaida suma 2 nous establiments amb el celler\u00a0<strong>Oliver Moragues<\/strong>\u00a0i amb el\u00a0<strong>Forn de Sa Creu<\/strong>. Finalment, la\u00a0<strong>Botiga Son Poca Palla<\/strong>\u00a0i el\u00a0<strong>Forn de Ca n\u2019Amer<\/strong>\u00a0s\u2019afegeixen als emblem\u00e0tics de Llucmajor.<\/p>\n<p>El projecte Emblem\u00e0tics Balears<strong>\u00a0neix de la necessitat de protegir l\u2019activitat comercial de proximitat<\/strong>\u00a0i, m\u00e9s espec\u00edficament, la dels establiments amb m\u00e9s tradici\u00f3 dels municipis. Un dels objectius d\u2019aquest projecte \u00e9s donar a con\u00e8ixer la singularitat de cada municipi a trav\u00e9s dels seus establiments emblem\u00e0tics.<\/p>\n<p>Els\u00a0<strong>sectors majoritaris<\/strong>\u00a0dels establiments que ja tenen la ins\u00edgnia de comer\u00e7 emblem\u00e0tic<strong>\u00a0s\u00f3n els de l\u2019alimentaci\u00f3<\/strong>, l\u2019equipament de la llar, la roba i els complements, seguits de l\u2019artesania, la merceria o el cal\u00e7at. Per categories, 210 comer\u00e7os estan catalogats com a hist\u00f2rics, amb m\u00e9s de 75 anys de vida o excepcionalment a partir dels 50 anys; 186 arrelats, amb un producte o ofici singular; 46 amb patrimoni, amb elements patrimonials interiors i exteriors destacats, aix\u00ed com amb valor immaterial, i 102 comer\u00e7os compten amb la categoria d\u2019emblem\u00e0tics, que significa que l\u2019establiment compleix les tres anteriors.<\/p>\n<p>Els\u00a0<strong>municipis que tenen establiments catalogats s\u00f3n<\/strong>: Alar\u00f3 (4), Alc\u00fadia (7), Algaida (7), Art\u00e0 (7), Binissalem (15), Campos (16), Consell (6), Esporles (5), Felanitx (12), Inca (14), Lloseta (7), Llucmajor (12), Manacor (25), Marratx\u00ed (12), Palma (83), Pollen\u00e7a (9), Porreres (8), Santa Eug\u00e8nia (1), Santa Maria del Cam\u00ed (15), Santany\u00ed (7), sa Pobla (7), Selva (1), Sineu (8), Alaior (5), Ciutadella (14), es Mercadal (1), Ferreries (11), Ma\u00f3 (30), Santa Eul\u00e0ria des Riu (5), Sant Josep de sa Talaia (5), Vila (11) i Formentera (8).<\/p>\n<p>La plataforma a trav\u00e9s de la qual es dona a con\u00e8ixer el projecte \u00e9s la web\u00a0<a href=\"http:\/\/www.emblematicsbalears.es\/\" target=\"_blank\" rel=\"noopener nofollow\" data-saferedirecturl=\"https:\/\/www.google.com\/url?q=http:\/\/www.emblematicsbalears.es&amp;source=gmail&amp;ust=1726133208142000&amp;usg=AOvVaw1Nmapja9PhfHjfyv6Sxn1x\">www.emblematicsbalears.es<\/a>, que creix a mesura que s\u2019incorporen al projecte m\u00e9s municipis. La web d\u2019Emblem\u00e0tics permet con\u00e8ixer la hist\u00f2ria de tots els comer\u00e7os, aix\u00ed com tenir-ne les dades principals. Est\u00e0 disponible en catal\u00e0, castell\u00e0 i angl\u00e8s, ja que tamb\u00e9 es pret\u00e9n arribar al p\u00fablic de fora de les Illes perqu\u00e8 els emblem\u00e0tics siguin un punt d\u2019atracci\u00f3 tur\u00edstica i puguin aportar promoci\u00f3 a la resta del teixit comercial del municipi.<\/p>\n","protected":false},"excerpt":{"rendered":"<p>El programa de protecci\u00f3 al comer\u00e7 de proximitat creix amb 16 establiments m\u00e9s<\/p>\n","protected":false},"author":1,"featured_media":90926,"comment_status":"open","ping_status":"closed","sticky":false,"template":"","format":"gallery","meta":{"_acf_changed":false,"_swt_meta_header_display":false,"_swt_meta_footer_display":false,"_swt_meta_site_title_display":false,"_swt_meta_sticky_header":false,"_swt_meta_transparent_header":false,"footnotes":""},"categories":[1050,1476],"tags":[],"coauthors":[2053],"class_list":["post-90930","post","type-post","status-publish","format-gallery","has-post-thumbnail","hentry","category-actualitat-es-de","category-reportatges-i-novetats-de","post_format-post-format-gallery"],"acf":{"gallery":null,"home_date":{"home_begin_date":null,"home_end_date":null}},"yoast_head":"<!-- This site is optimized with the Yoast SEO plugin v27.4 - https:\/\/yoast.com\/product\/yoast-seo-wordpress\/ -->\n<title>Vinya Taujana, Ca l\u2019Amo en Pep, Ca Sa Camena i Oliver Moragues entre els nous establiments emblem\u00e0tics - Gastron\u00f2micament<\/title>\n<meta name=\"description\" content=\"Vinya Taujana, Ca l\u2019Amo en Pep, Ca Sa Camena i Oliver Moragues entre els nous establiments emblem\u00e0tics Actualitat, Reportatges i novetats El programa de protecci\u00f3 al comer\u00e7 de proximitat creix amb 16 establiments m\u00e9s\" \/>\n<meta name=\"robots\" content=\"index, follow, max-snippet:-1, max-image-preview:large, max-video-preview:-1\" \/>\n<link rel=\"canonical\" href=\"https:\/\/gastronomicament.cat\/de\/vinya-taujana-ca-lamo-en-pep-ca-sa-camena-i-oliver-moragues-entre-els-nous-establiments-emblematics\" \/>\n<meta property=\"og:locale\" content=\"de_DE\" \/>\n<meta property=\"og:type\" content=\"article\" \/>\n<meta property=\"og:title\" content=\"Vinya Taujana, Ca l\u2019Amo en Pep, Ca Sa Camena i Oliver Moragues entre els nous establiments emblem\u00e0tics - Gastron\u00f2micament\" \/>\n<meta property=\"og:description\" content=\"Vinya Taujana, Ca l\u2019Amo en Pep, Ca Sa Camena i Oliver Moragues entre els nous establiments emblem\u00e0tics Actualitat, Reportatges i novetats El programa de protecci\u00f3 al comer\u00e7 de proximitat creix amb 16 establiments m\u00e9s\" \/>\n<meta property=\"og:url\" content=\"https:\/\/gastronomicament.cat\/de\/vinya-taujana-ca-lamo-en-pep-ca-sa-camena-i-oliver-moragues-entre-els-nous-establiments-emblematics\" \/>\n<meta property=\"og:site_name\" content=\"Gastron\u00f2micament\" \/>\n<meta property=\"article:published_time\" content=\"2024-09-11T09:42:44+00:00\" \/>\n<meta property=\"og:image\" content=\"https:\/\/gastronomicament.cat\/wp-content\/uploads\/2024\/09\/Forn-de-sa-Creu-Algaida.jpg\" \/>\n\t<meta property=\"og:image:width\" content=\"1600\" \/>\n\t<meta property=\"og:image:height\" content=\"1066\" \/>\n\t<meta property=\"og:image:type\" content=\"image\/jpeg\" \/>\n<meta name=\"author\" content=\"Redacci\u00f3\" \/>\n<meta name=\"twitter:card\" content=\"summary_large_image\" \/>\n<meta name=\"twitter:creator\" content=\"@gastronomicamen\" \/>\n<meta name=\"twitter:site\" content=\"@gastronomicamen\" \/>\n<meta name=\"twitter:label1\" content=\"Verfasst von\" \/>\n\t<meta name=\"twitter:data1\" content=\"Redacci\u00f3\" \/>\n\t<meta name=\"twitter:label2\" content=\"Gesch\u00e4tzte Lesezeit\" \/>\n\t<meta name=\"twitter:data2\" content=\"3\u00a0Minuten\" \/>\n\t<meta name=\"twitter:label3\" content=\"Written by\" \/>\n\t<meta name=\"twitter:data3\" content=\"Redacci\u00f3\" \/>\n<script type=\"application\/ld+json\" class=\"yoast-schema-graph\">{\"@context\":\"https:\\\/\\\/schema.org\",\"@graph\":[{\"@type\":\"Article\",\"@id\":\"https:\\\/\\\/gastronomicament.cat\\\/de\\\/vinya-taujana-ca-lamo-en-pep-ca-sa-camena-i-oliver-moragues-entre-els-nous-establiments-emblematics#article\",\"isPartOf\":{\"@id\":\"https:\\\/\\\/gastronomicament.cat\\\/de\\\/vinya-taujana-ca-lamo-en-pep-ca-sa-camena-i-oliver-moragues-entre-els-nous-establiments-emblematics\"},\"author\":{\"name\":\"Redacci\u00f3\",\"@id\":\"https:\\\/\\\/gastronomicament.cat\\\/de\\\/#\\\/schema\\\/person\\\/a7c85c537a1ed62799a5b8e0f686a37f\"},\"headline\":\"Vinya Taujana, Ca l\u2019Amo en Pep, Ca Sa Camena i Oliver Moragues entre els nous establiments emblem\u00e0tics\",\"datePublished\":\"2024-09-11T09:42:44+00:00\",\"mainEntityOfPage\":{\"@id\":\"https:\\\/\\\/gastronomicament.cat\\\/de\\\/vinya-taujana-ca-lamo-en-pep-ca-sa-camena-i-oliver-moragues-entre-els-nous-establiments-emblematics\"},\"wordCount\":506,\"commentCount\":0,\"publisher\":{\"@id\":\"https:\\\/\\\/gastronomicament.cat\\\/de\\\/#organization\"},\"image\":{\"@id\":\"https:\\\/\\\/gastronomicament.cat\\\/de\\\/vinya-taujana-ca-lamo-en-pep-ca-sa-camena-i-oliver-moragues-entre-els-nous-establiments-emblematics#primaryimage\"},\"thumbnailUrl\":\"https:\\\/\\\/gastronomicament.cat\\\/wp-content\\\/uploads\\\/2024\\\/09\\\/Forn-de-sa-Creu-Algaida.jpg\",\"articleSection\":[\"Actualitat\",\"Reportatges i novetats\"],\"inLanguage\":\"de\",\"potentialAction\":[{\"@type\":\"CommentAction\",\"name\":\"Comment\",\"target\":[\"https:\\\/\\\/gastronomicament.cat\\\/de\\\/vinya-taujana-ca-lamo-en-pep-ca-sa-camena-i-oliver-moragues-entre-els-nous-establiments-emblematics#respond\"]}]},{\"@type\":\"WebPage\",\"@id\":\"https:\\\/\\\/gastronomicament.cat\\\/de\\\/vinya-taujana-ca-lamo-en-pep-ca-sa-camena-i-oliver-moragues-entre-els-nous-establiments-emblematics\",\"url\":\"https:\\\/\\\/gastronomicament.cat\\\/de\\\/vinya-taujana-ca-lamo-en-pep-ca-sa-camena-i-oliver-moragues-entre-els-nous-establiments-emblematics\",\"name\":\"Vinya Taujana, Ca l\u2019Amo en Pep, Ca Sa Camena i Oliver Moragues entre els nous establiments emblem\u00e0tics - Gastron\u00f2micament\",\"isPartOf\":{\"@id\":\"https:\\\/\\\/gastronomicament.cat\\\/de\\\/#website\"},\"primaryImageOfPage\":{\"@id\":\"https:\\\/\\\/gastronomicament.cat\\\/de\\\/vinya-taujana-ca-lamo-en-pep-ca-sa-camena-i-oliver-moragues-entre-els-nous-establiments-emblematics#primaryimage\"},\"image\":{\"@id\":\"https:\\\/\\\/gastronomicament.cat\\\/de\\\/vinya-taujana-ca-lamo-en-pep-ca-sa-camena-i-oliver-moragues-entre-els-nous-establiments-emblematics#primaryimage\"},\"thumbnailUrl\":\"https:\\\/\\\/gastronomicament.cat\\\/wp-content\\\/uploads\\\/2024\\\/09\\\/Forn-de-sa-Creu-Algaida.jpg\",\"datePublished\":\"2024-09-11T09:42:44+00:00\",\"description\":\"Vinya Taujana, Ca l\u2019Amo en Pep, Ca Sa Camena i Oliver Moragues entre els nous establiments emblem\u00e0tics Actualitat, Reportatges i novetats El programa de protecci\u00f3 al comer\u00e7 de proximitat creix amb 16 establiments m\u00e9s\",\"inLanguage\":\"de\",\"potentialAction\":[{\"@type\":\"ReadAction\",\"target\":[\"https:\\\/\\\/gastronomicament.cat\\\/de\\\/vinya-taujana-ca-lamo-en-pep-ca-sa-camena-i-oliver-moragues-entre-els-nous-establiments-emblematics\"]}]},{\"@type\":\"ImageObject\",\"inLanguage\":\"de\",\"@id\":\"https:\\\/\\\/gastronomicament.cat\\\/de\\\/vinya-taujana-ca-lamo-en-pep-ca-sa-camena-i-oliver-moragues-entre-els-nous-establiments-emblematics#primaryimage\",\"url\":\"https:\\\/\\\/gastronomicament.cat\\\/wp-content\\\/uploads\\\/2024\\\/09\\\/Forn-de-sa-Creu-Algaida.jpg\",\"contentUrl\":\"https:\\\/\\\/gastronomicament.cat\\\/wp-content\\\/uploads\\\/2024\\\/09\\\/Forn-de-sa-Creu-Algaida.jpg\",\"width\":1600,\"height\":1066},{\"@type\":\"WebSite\",\"@id\":\"https:\\\/\\\/gastronomicament.cat\\\/de\\\/#website\",\"url\":\"https:\\\/\\\/gastronomicament.cat\\\/de\\\/\",\"name\":\"Gastron\u00f2micament\",\"description\":\"Portal de restaurants, receptes i actualitat gastron\u00f2mica\",\"publisher\":{\"@id\":\"https:\\\/\\\/gastronomicament.cat\\\/de\\\/#organization\"},\"potentialAction\":[{\"@type\":\"SearchAction\",\"target\":{\"@type\":\"EntryPoint\",\"urlTemplate\":\"https:\\\/\\\/gastronomicament.cat\\\/de\\\/?s={search_term_string}\"},\"query-input\":{\"@type\":\"PropertyValueSpecification\",\"valueRequired\":true,\"valueName\":\"search_term_string\"}}],\"inLanguage\":\"de\"},{\"@type\":\"Organization\",\"@id\":\"https:\\\/\\\/gastronomicament.cat\\\/de\\\/#organization\",\"name\":\"Gastron\u00f2micament\",\"url\":\"https:\\\/\\\/gastronomicament.cat\\\/de\\\/\",\"logo\":{\"@type\":\"ImageObject\",\"inLanguage\":\"de\",\"@id\":\"https:\\\/\\\/gastronomicament.cat\\\/de\\\/#\\\/schema\\\/logo\\\/image\\\/\",\"url\":\"https:\\\/\\\/gastronomicament.cat\\\/wp-content\\\/uploads\\\/2016\\\/09\\\/header-logo.jpg\",\"contentUrl\":\"https:\\\/\\\/gastronomicament.cat\\\/wp-content\\\/uploads\\\/2016\\\/09\\\/header-logo.jpg\",\"width\":277,\"height\":39,\"caption\":\"Gastron\u00f2micament\"},\"image\":{\"@id\":\"https:\\\/\\\/gastronomicament.cat\\\/de\\\/#\\\/schema\\\/logo\\\/image\\\/\"},\"sameAs\":[\"https:\\\/\\\/x.com\\\/gastronomicamen\"]},{\"@type\":\"Person\",\"@id\":\"https:\\\/\\\/gastronomicament.cat\\\/de\\\/#\\\/schema\\\/person\\\/a7c85c537a1ed62799a5b8e0f686a37f\",\"name\":\"Redacci\u00f3\",\"image\":{\"@type\":\"ImageObject\",\"inLanguage\":\"de\",\"@id\":\"https:\\\/\\\/secure.gravatar.com\\\/avatar\\\/9489a485c464fd611d33825daae651d13db70c4e74c65c94937a15a9d4c3ee14?s=96&d=mm&r=g69fea3cce3645dfa2166e7293e22955e\",\"url\":\"https:\\\/\\\/secure.gravatar.com\\\/avatar\\\/9489a485c464fd611d33825daae651d13db70c4e74c65c94937a15a9d4c3ee14?s=96&d=mm&r=g\",\"contentUrl\":\"https:\\\/\\\/secure.gravatar.com\\\/avatar\\\/9489a485c464fd611d33825daae651d13db70c4e74c65c94937a15a9d4c3ee14?s=96&d=mm&r=g\",\"caption\":\"Redacci\u00f3\"},\"sameAs\":[\"http:\\\/\\\/gastronomicament.cat\"],\"url\":\"https:\\\/\\\/gastronomicament.cat\\\/de\\\/author\\\/admin\"}]}<\/script>\n<!-- \/ Yoast SEO plugin. -->","yoast_head_json":{"title":"Vinya Taujana, Ca l\u2019Amo en Pep, Ca Sa Camena i Oliver Moragues entre els nous establiments emblem\u00e0tics - Gastron\u00f2micament","description":"Vinya Taujana, Ca l\u2019Amo en Pep, Ca Sa Camena i Oliver Moragues entre els nous establiments emblem\u00e0tics Actualitat, Reportatges i novetats El programa de protecci\u00f3 al comer\u00e7 de proximitat creix amb 16 establiments m\u00e9s","robots":{"index":"index","follow":"follow","max-snippet":"max-snippet:-1","max-image-preview":"max-image-preview:large","max-video-preview":"max-video-preview:-1"},"canonical":"https:\/\/gastronomicament.cat\/de\/vinya-taujana-ca-lamo-en-pep-ca-sa-camena-i-oliver-moragues-entre-els-nous-establiments-emblematics","og_locale":"de_DE","og_type":"article","og_title":"Vinya Taujana, Ca l\u2019Amo en Pep, Ca Sa Camena i Oliver Moragues entre els nous establiments emblem\u00e0tics - Gastron\u00f2micament","og_description":"Vinya Taujana, Ca l\u2019Amo en Pep, Ca Sa Camena i Oliver Moragues entre els nous establiments emblem\u00e0tics Actualitat, Reportatges i novetats El programa de protecci\u00f3 al comer\u00e7 de proximitat creix amb 16 establiments m\u00e9s","og_url":"https:\/\/gastronomicament.cat\/de\/vinya-taujana-ca-lamo-en-pep-ca-sa-camena-i-oliver-moragues-entre-els-nous-establiments-emblematics","og_site_name":"Gastron\u00f2micament","article_published_time":"2024-09-11T09:42:44+00:00","og_image":[{"width":1600,"height":1066,"url":"https:\/\/gastronomicament.cat\/wp-content\/uploads\/2024\/09\/Forn-de-sa-Creu-Algaida.jpg","type":"image\/jpeg"}],"author":"Redacci\u00f3","twitter_card":"summary_large_image","twitter_creator":"@gastronomicamen","twitter_site":"@gastronomicamen","twitter_misc":{"Verfasst von":"Redacci\u00f3","Gesch\u00e4tzte Lesezeit":"3\u00a0Minuten","Written by":"Redacci\u00f3"},"schema":{"@context":"https:\/\/schema.org","@graph":[{"@type":"Article","@id":"https:\/\/gastronomicament.cat\/de\/vinya-taujana-ca-lamo-en-pep-ca-sa-camena-i-oliver-moragues-entre-els-nous-establiments-emblematics#article","isPartOf":{"@id":"https:\/\/gastronomicament.cat\/de\/vinya-taujana-ca-lamo-en-pep-ca-sa-camena-i-oliver-moragues-entre-els-nous-establiments-emblematics"},"author":{"name":"Redacci\u00f3","@id":"https:\/\/gastronomicament.cat\/de\/#\/schema\/person\/a7c85c537a1ed62799a5b8e0f686a37f"},"headline":"Vinya Taujana, Ca l\u2019Amo en Pep, Ca Sa Camena i Oliver Moragues entre els nous establiments emblem\u00e0tics","datePublished":"2024-09-11T09:42:44+00:00","mainEntityOfPage":{"@id":"https:\/\/gastronomicament.cat\/de\/vinya-taujana-ca-lamo-en-pep-ca-sa-camena-i-oliver-moragues-entre-els-nous-establiments-emblematics"},"wordCount":506,"commentCount":0,"publisher":{"@id":"https:\/\/gastronomicament.cat\/de\/#organization"},"image":{"@id":"https:\/\/gastronomicament.cat\/de\/vinya-taujana-ca-lamo-en-pep-ca-sa-camena-i-oliver-moragues-entre-els-nous-establiments-emblematics#primaryimage"},"thumbnailUrl":"https:\/\/gastronomicament.cat\/wp-content\/uploads\/2024\/09\/Forn-de-sa-Creu-Algaida.jpg","articleSection":["Actualitat","Reportatges i novetats"],"inLanguage":"de","potentialAction":[{"@type":"CommentAction","name":"Comment","target":["https:\/\/gastronomicament.cat\/de\/vinya-taujana-ca-lamo-en-pep-ca-sa-camena-i-oliver-moragues-entre-els-nous-establiments-emblematics#respond"]}]},{"@type":"WebPage","@id":"https:\/\/gastronomicament.cat\/de\/vinya-taujana-ca-lamo-en-pep-ca-sa-camena-i-oliver-moragues-entre-els-nous-establiments-emblematics","url":"https:\/\/gastronomicament.cat\/de\/vinya-taujana-ca-lamo-en-pep-ca-sa-camena-i-oliver-moragues-entre-els-nous-establiments-emblematics","name":"Vinya Taujana, Ca l\u2019Amo en Pep, Ca Sa Camena i Oliver Moragues entre els nous establiments emblem\u00e0tics - Gastron\u00f2micament","isPartOf":{"@id":"https:\/\/gastronomicament.cat\/de\/#website"},"primaryImageOfPage":{"@id":"https:\/\/gastronomicament.cat\/de\/vinya-taujana-ca-lamo-en-pep-ca-sa-camena-i-oliver-moragues-entre-els-nous-establiments-emblematics#primaryimage"},"image":{"@id":"https:\/\/gastronomicament.cat\/de\/vinya-taujana-ca-lamo-en-pep-ca-sa-camena-i-oliver-moragues-entre-els-nous-establiments-emblematics#primaryimage"},"thumbnailUrl":"https:\/\/gastronomicament.cat\/wp-content\/uploads\/2024\/09\/Forn-de-sa-Creu-Algaida.jpg","datePublished":"2024-09-11T09:42:44+00:00","description":"Vinya Taujana, Ca l\u2019Amo en Pep, Ca Sa Camena i Oliver Moragues entre els nous establiments emblem\u00e0tics Actualitat, Reportatges i novetats El programa de protecci\u00f3 al comer\u00e7 de proximitat creix amb 16 establiments m\u00e9s","inLanguage":"de","potentialAction":[{"@type":"ReadAction","target":["https:\/\/gastronomicament.cat\/de\/vinya-taujana-ca-lamo-en-pep-ca-sa-camena-i-oliver-moragues-entre-els-nous-establiments-emblematics"]}]},{"@type":"ImageObject","inLanguage":"de","@id":"https:\/\/gastronomicament.cat\/de\/vinya-taujana-ca-lamo-en-pep-ca-sa-camena-i-oliver-moragues-entre-els-nous-establiments-emblematics#primaryimage","url":"https:\/\/gastronomicament.cat\/wp-content\/uploads\/2024\/09\/Forn-de-sa-Creu-Algaida.jpg","contentUrl":"https:\/\/gastronomicament.cat\/wp-content\/uploads\/2024\/09\/Forn-de-sa-Creu-Algaida.jpg","width":1600,"height":1066},{"@type":"WebSite","@id":"https:\/\/gastronomicament.cat\/de\/#website","url":"https:\/\/gastronomicament.cat\/de\/","name":"Gastron\u00f2micament","description":"Portal de restaurants, receptes i actualitat gastron\u00f2mica","publisher":{"@id":"https:\/\/gastronomicament.cat\/de\/#organization"},"potentialAction":[{"@type":"SearchAction","target":{"@type":"EntryPoint","urlTemplate":"https:\/\/gastronomicament.cat\/de\/?s={search_term_string}"},"query-input":{"@type":"PropertyValueSpecification","valueRequired":true,"valueName":"search_term_string"}}],"inLanguage":"de"},{"@type":"Organization","@id":"https:\/\/gastronomicament.cat\/de\/#organization","name":"Gastron\u00f2micament","url":"https:\/\/gastronomicament.cat\/de\/","logo":{"@type":"ImageObject","inLanguage":"de","@id":"https:\/\/gastronomicament.cat\/de\/#\/schema\/logo\/image\/","url":"https:\/\/gastronomicament.cat\/wp-content\/uploads\/2016\/09\/header-logo.jpg","contentUrl":"https:\/\/gastronomicament.cat\/wp-content\/uploads\/2016\/09\/header-logo.jpg","width":277,"height":39,"caption":"Gastron\u00f2micament"},"image":{"@id":"https:\/\/gastronomicament.cat\/de\/#\/schema\/logo\/image\/"},"sameAs":["https:\/\/x.com\/gastronomicamen"]},{"@type":"Person","@id":"https:\/\/gastronomicament.cat\/de\/#\/schema\/person\/a7c85c537a1ed62799a5b8e0f686a37f","name":"Redacci\u00f3","image":{"@type":"ImageObject","inLanguage":"de","@id":"https:\/\/secure.gravatar.com\/avatar\/9489a485c464fd611d33825daae651d13db70c4e74c65c94937a15a9d4c3ee14?s=96&d=mm&r=g69fea3cce3645dfa2166e7293e22955e","url":"https:\/\/secure.gravatar.com\/avatar\/9489a485c464fd611d33825daae651d13db70c4e74c65c94937a15a9d4c3ee14?s=96&d=mm&r=g","contentUrl":"https:\/\/secure.gravatar.com\/avatar\/9489a485c464fd611d33825daae651d13db70c4e74c65c94937a15a9d4c3ee14?s=96&d=mm&r=g","caption":"Redacci\u00f3"},"sameAs":["http:\/\/gastronomicament.cat"],"url":"https:\/\/gastronomicament.cat\/de\/author\/admin"}]}},"_links":{"self":[{"href":"https:\/\/gastronomicament.cat\/de\/wp-json\/wp\/v2\/posts\/90930","targetHints":{"allow":["GET"]}}],"collection":[{"href":"https:\/\/gastronomicament.cat\/de\/wp-json\/wp\/v2\/posts"}],"about":[{"href":"https:\/\/gastronomicament.cat\/de\/wp-json\/wp\/v2\/types\/post"}],"author":[{"embeddable":true,"href":"https:\/\/gastronomicament.cat\/de\/wp-json\/wp\/v2\/users\/1"}],"replies":[{"embeddable":true,"href":"https:\/\/gastronomicament.cat\/de\/wp-json\/wp\/v2\/comments?post=90930"}],"version-history":[{"count":0,"href":"https:\/\/gastronomicament.cat\/de\/wp-json\/wp\/v2\/posts\/90930\/revisions"}],"wp:featuredmedia":[{"embeddable":true,"href":"https:\/\/gastronomicament.cat\/de\/wp-json\/wp\/v2\/media\/90926"}],"wp:attachment":[{"href":"https:\/\/gastronomicament.cat\/de\/wp-json\/wp\/v2\/media?parent=90930"}],"wp:term":[{"taxonomy":"category","embeddable":true,"href":"https:\/\/gastronomicament.cat\/de\/wp-json\/wp\/v2\/categories?post=90930"},{"taxonomy":"post_tag","embeddable":true,"href":"https:\/\/gastronomicament.cat\/de\/wp-json\/wp\/v2\/tags?post=90930"},{"taxonomy":"author","embeddable":true,"href":"https:\/\/gastronomicament.cat\/de\/wp-json\/wp\/v2\/coauthors?post=90930"}],"curies":[{"name":"wp","href":"https:\/\/api.w.org\/{rel}","templated":true}]}}