{"id":92850,"date":"2024-12-04T22:21:20","date_gmt":"2024-12-04T21:21:20","guid":{"rendered":"https:\/\/gastronomicament.cat\/celebra-nadal-2024-a-santanyi-descobreix-tots-els-actes"},"modified":"2024-12-04T22:22:14","modified_gmt":"2024-12-04T21:22:14","slug":"celebra-nadal-2024-a-santanyi-descobreix-tots-els-actes","status":"publish","type":"post","link":"https:\/\/gastronomicament.cat\/de\/celebra-nadal-2024-a-santanyi-descobreix-tots-els-actes","title":{"rendered":"Celebra Nadal 2024 a Santany\u00ed: Descobreix tots els actes!"},"content":{"rendered":"<p>Aquest Nadal, Santany\u00ed i els seus nuclis s\u2019omplen de m\u00e0gia per fer-te viure unes festes plenes de llum, tradici\u00f3 i diversi\u00f3. Amb un programa pensat per a tothom, des dels\u00a0<strong>mercats nadalencs<\/strong>\u00a0fins a les festes de Cap d\u2019Any, t\u2019asseguram moments \u00fanics per compartir amb fam\u00edlia i amics. No te&#8217;n perdis cap!<\/p>\n<p><strong>Encesa de l\u2019arbre de Nadal a Cala d\u2019Or<\/strong><\/p>\n<p><strong>Data:<\/strong>\u00a05 de desembre<\/p>\n<p>El moment que marca l\u2019inici del Nadal al nostre municipi. L\u2019encesa de l\u2019arbre de Nadal il\u00b7luminar\u00e0 Cala d\u2019Or amb un espectacle especial que inclour\u00e0 m\u00fasica en directe, tallers infantils i animaci\u00f3 per a tota la fam\u00edlia. A m\u00e9s, el Pare Noel visitar\u00e0 Cala\u00a0d&#8217;Or per recollir les cartes de tots els nins i nines del municipi.<\/p>\n<h4><strong>Mercats de Nadal: L\u2019ess\u00e8ncia de les festes a cada rac\u00f3 del municipi<\/strong><\/h4>\n<p><strong>Mercat de Nadal a Cala Llombards<\/strong><\/p>\n<p><strong>Data:<\/strong>\u00a06 de desembre<\/p>\n<p>Ser\u00e0 una jornada plena de m\u00e0gia nadalenca, amb paradetes d&#8217;artesania, regals \u00fanics i productes locals. A m\u00e9s, hi haur\u00e0 m\u00fasica en directe i activitats familiars per gaudir de l&#8217;esperit de les festes en un ambient entranyable.<\/p>\n<p><strong>Mercat de Nadal a es Llombards<\/strong><\/p>\n<p><strong>Data:<\/strong>\u00a07 de desembre<\/p>\n<p>Vine a descobrir la primera cita dels mercats de Nadal al municipi! Es Llombards acollir\u00e0 paradetes plenes de productes locals, decoracions fetes a m\u00e0 i propostes ideals per als teus regals nadalencs. A m\u00e9s, hi haur\u00e0 activitats culturals per a petits i grans.<\/p>\n<p><strong>Mercat de Nadal a Cala Figuera<\/strong><\/p>\n<p><strong>Data:<\/strong>\u00a014 de desembre<\/p>\n<p>La bellesa del port de Cala Figuera es transforma amb l\u2019encant del Nadal. Les paradetes oferiran una selecci\u00f3 de productes tradicionals, artesania i gastronomia, tot acompanyat de m\u00fasica en directe i un ambient m\u00e0gic.<\/p>\n<p><strong>Mercat de Nadal a s\u2019Alqueria Blanca<\/strong><\/p>\n<p><strong>Data:<\/strong>\u00a015 de desembre<\/p>\n<p>S\u2019Alqueria Blanca es vesteix de festa amb el seu tradicional mercat nadalenc, on podr\u00e0s trobar regals \u00fanics i gaudir de l\u2019esperit de les festes en un ambient acollidor i familiar.<\/p>\n<p><strong>Mercat de Nadal a Portopetro<\/strong><\/p>\n<p><strong>Data:<\/strong>\u00a020 de desembre<\/p>\n<p>Portopetro acollir\u00e0 un mercat ple d\u2019encant amb vistes al mar, on hi trobar\u00e0s des de productes artesanals fins a decoracions nadalenques. Un lloc ideal per preparar-te per a les festes!<\/p>\n<p><strong>Mercat de Nadal a Santany\u00ed<\/strong><\/p>\n<p><strong>Data:<\/strong>\u00a021 de desembre<\/p>\n<p>El cor del municipi es converteix en un espai de m\u00e0gia nadalenca. Amb paradetes plenes de creativitat, activitats per als m\u00e9s petits i un ambient festiu, el mercat de Santany\u00ed \u00e9s una parada imprescindible aquestes festes.<\/p>\n<p><strong>Mercat de Nadal a Calonge<\/strong><\/p>\n<p><strong>Data:<\/strong>\u00a022 de desembre<\/p>\n<p>Tanca el cicle de mercats amb l\u2019encant de Calonge. Hi trobar\u00e0s artesania, m\u00fasica tradicional i un ambient que t\u2019endinsar\u00e0 completament en l\u2019esperit nadalenc.<\/p>\n<h4><strong>Activitats especials per Cap d\u2019Any<\/strong><\/h4>\n<p>Aquest any, Santany\u00ed ofereix dues grans celebracions de Cap d\u2019Any perqu\u00e8 acomiadis el 2024 amb alegria i comencis el 2025 amb el millor ambient!<\/p>\n<p><strong>Festa de Cap d\u2019Any a la Pla\u00e7a Major de Santany\u00ed<\/strong><\/p>\n<ul>\n<li><strong>Campanades infantils a les 12.00 del migdia:<\/strong>\u00a0Un moment pensat per als m\u00e9s petits, perqu\u00e8 tamb\u00e9 puguin celebrar l\u2019arribada de l\u2019any nou.<\/li>\n<li><strong>Festa nocturna:<\/strong>\u00a0M\u00fasica, bon ambient i molta diversi\u00f3 per donar la benvinguda al 2025!<\/li>\n<\/ul>\n<p><strong>Festa de Cap d\u2019Any a la Pla\u00e7a Costa de Cala d\u2019Or<\/strong><\/p>\n<ul>\n<li><strong>Campanades a les 12.00 del migdia:<\/strong>\u00a0Vine amb els teus petits i celebra les campanades d\u2019una manera diferent!<\/li>\n<li><strong>Festa nocturna:<\/strong>\u00a0Una celebraci\u00f3 vibrant amb m\u00fasica i animaci\u00f3 per a totes les edats.<\/li>\n<\/ul>\n<h4><strong> Un Nadal ple d\u2019activitats familiars i tradici\u00f3<\/strong><\/h4>\n<p>Aquest Nadal, a m\u00e9s dels mercats i les festes, el municipi ha preparat un seguit d\u2019activitats perqu\u00e8 puguis viure unes festes memorables:<\/p>\n<ul>\n<li><strong>Tallers de manualitats nadalenques:<\/strong>\u00a0Descobreix la teva creativitat amb ornaments fets a m\u00e0.<\/li>\n<li><strong>Campanyes solid\u00e0ries:<\/strong>\u00a0Participa en la recollida de joguines i aliments per ajudar les fam\u00edlies m\u00e9s necessitades.<\/li>\n<\/ul>\n<p>Aquest Nadal, Santany\u00ed es converteix en el lloc ideal per viure l\u2019esperit nadalenc al m\u00e0xim. Des de l\u2019encant dels mercats fins a les grans festes de Cap d\u2019Any, no hi ha millor moment per gaudir de la m\u00e0gia, la tradici\u00f3 i la solidaritat amb fam\u00edlia i amics.<\/p>\n<p><strong>T\u2019hi esperen per viure plegats unes festes inoblidables!<\/strong><\/p>\n","protected":false},"excerpt":{"rendered":"<p>Tots els detalls sobre els mercadets nadalencs i les festes de Cap d&#8217;Any<\/p>\n","protected":false},"author":1,"featured_media":92846,"comment_status":"open","ping_status":"closed","sticky":false,"template":"","format":"gallery","meta":{"_acf_changed":false,"_swt_meta_header_display":false,"_swt_meta_footer_display":false,"_swt_meta_site_title_display":false,"_swt_meta_sticky_header":false,"_swt_meta_transparent_header":false,"footnotes":""},"categories":[1050,1473],"tags":[],"coauthors":[2053],"class_list":["post-92850","post","type-post","status-publish","format-gallery","has-post-thumbnail","hentry","category-actualitat-es-de","category-fires-i-rutes-de","post_format-post-format-gallery"],"acf":{"gallery":null,"home_date":{"home_begin_date":null,"home_end_date":null}},"yoast_head":"<!-- This site is optimized with the Yoast SEO plugin v27.4 - https:\/\/yoast.com\/product\/yoast-seo-wordpress\/ -->\n<title>Celebra Nadal 2024 a Santany\u00ed: Descobreix tots els actes! - Gastron\u00f2micament<\/title>\n<meta name=\"description\" content=\"Celebra Nadal 2024 a Santany\u00ed: Descobreix tots els actes! Actualitat, Fires i rutes Tots els detalls sobre els mercadets nadalencs i les festes de Cap d&#039;Any\" \/>\n<meta name=\"robots\" content=\"index, follow, max-snippet:-1, max-image-preview:large, max-video-preview:-1\" \/>\n<link rel=\"canonical\" href=\"https:\/\/gastronomicament.cat\/de\/celebra-nadal-2024-a-santanyi-descobreix-tots-els-actes\" \/>\n<meta property=\"og:locale\" content=\"de_DE\" \/>\n<meta property=\"og:type\" content=\"article\" \/>\n<meta property=\"og:title\" content=\"Celebra Nadal 2024 a Santany\u00ed: Descobreix tots els actes! - Gastron\u00f2micament\" \/>\n<meta property=\"og:description\" content=\"Celebra Nadal 2024 a Santany\u00ed: Descobreix tots els actes! Actualitat, Fires i rutes Tots els detalls sobre els mercadets nadalencs i les festes de Cap d&#039;Any\" \/>\n<meta property=\"og:url\" content=\"https:\/\/gastronomicament.cat\/de\/celebra-nadal-2024-a-santanyi-descobreix-tots-els-actes\" \/>\n<meta property=\"og:site_name\" content=\"Gastron\u00f2micament\" \/>\n<meta property=\"article:published_time\" content=\"2024-12-04T21:21:20+00:00\" \/>\n<meta property=\"article:modified_time\" content=\"2024-12-04T21:22:14+00:00\" \/>\n<meta property=\"og:image\" content=\"https:\/\/gastronomicament.cat\/wp-content\/uploads\/2024\/12\/Mercats-Nadal-Santanyi.jpg\" \/>\n\t<meta property=\"og:image:width\" content=\"2048\" \/>\n\t<meta property=\"og:image:height\" content=\"1365\" \/>\n\t<meta property=\"og:image:type\" content=\"image\/jpeg\" \/>\n<meta name=\"author\" content=\"Redacci\u00f3\" \/>\n<meta name=\"twitter:card\" content=\"summary_large_image\" \/>\n<meta name=\"twitter:creator\" content=\"@gastronomicamen\" \/>\n<meta name=\"twitter:site\" content=\"@gastronomicamen\" \/>\n<meta name=\"twitter:label1\" content=\"Verfasst von\" \/>\n\t<meta name=\"twitter:data1\" content=\"Redacci\u00f3\" \/>\n\t<meta name=\"twitter:label2\" content=\"Gesch\u00e4tzte Lesezeit\" \/>\n\t<meta name=\"twitter:data2\" content=\"4\u00a0Minuten\" \/>\n\t<meta name=\"twitter:label3\" content=\"Written by\" \/>\n\t<meta name=\"twitter:data3\" content=\"Redacci\u00f3\" \/>\n<script type=\"application\/ld+json\" class=\"yoast-schema-graph\">{\"@context\":\"https:\\\/\\\/schema.org\",\"@graph\":[{\"@type\":\"Article\",\"@id\":\"https:\\\/\\\/gastronomicament.cat\\\/de\\\/celebra-nadal-2024-a-santanyi-descobreix-tots-els-actes#article\",\"isPartOf\":{\"@id\":\"https:\\\/\\\/gastronomicament.cat\\\/de\\\/celebra-nadal-2024-a-santanyi-descobreix-tots-els-actes\"},\"author\":{\"name\":\"Redacci\u00f3\",\"@id\":\"https:\\\/\\\/gastronomicament.cat\\\/de\\\/#\\\/schema\\\/person\\\/a7c85c537a1ed62799a5b8e0f686a37f\"},\"headline\":\"Celebra Nadal 2024 a Santany\u00ed: Descobreix tots els actes!\",\"datePublished\":\"2024-12-04T21:21:20+00:00\",\"dateModified\":\"2024-12-04T21:22:14+00:00\",\"mainEntityOfPage\":{\"@id\":\"https:\\\/\\\/gastronomicament.cat\\\/de\\\/celebra-nadal-2024-a-santanyi-descobreix-tots-els-actes\"},\"wordCount\":720,\"commentCount\":0,\"publisher\":{\"@id\":\"https:\\\/\\\/gastronomicament.cat\\\/de\\\/#organization\"},\"image\":{\"@id\":\"https:\\\/\\\/gastronomicament.cat\\\/de\\\/celebra-nadal-2024-a-santanyi-descobreix-tots-els-actes#primaryimage\"},\"thumbnailUrl\":\"https:\\\/\\\/gastronomicament.cat\\\/wp-content\\\/uploads\\\/2024\\\/12\\\/Mercats-Nadal-Santanyi.jpg\",\"articleSection\":[\"Actualitat\",\"Fires i rutes\"],\"inLanguage\":\"de\",\"potentialAction\":[{\"@type\":\"CommentAction\",\"name\":\"Comment\",\"target\":[\"https:\\\/\\\/gastronomicament.cat\\\/de\\\/celebra-nadal-2024-a-santanyi-descobreix-tots-els-actes#respond\"]}]},{\"@type\":\"WebPage\",\"@id\":\"https:\\\/\\\/gastronomicament.cat\\\/de\\\/celebra-nadal-2024-a-santanyi-descobreix-tots-els-actes\",\"url\":\"https:\\\/\\\/gastronomicament.cat\\\/de\\\/celebra-nadal-2024-a-santanyi-descobreix-tots-els-actes\",\"name\":\"Celebra Nadal 2024 a Santany\u00ed: Descobreix tots els actes! - Gastron\u00f2micament\",\"isPartOf\":{\"@id\":\"https:\\\/\\\/gastronomicament.cat\\\/de\\\/#website\"},\"primaryImageOfPage\":{\"@id\":\"https:\\\/\\\/gastronomicament.cat\\\/de\\\/celebra-nadal-2024-a-santanyi-descobreix-tots-els-actes#primaryimage\"},\"image\":{\"@id\":\"https:\\\/\\\/gastronomicament.cat\\\/de\\\/celebra-nadal-2024-a-santanyi-descobreix-tots-els-actes#primaryimage\"},\"thumbnailUrl\":\"https:\\\/\\\/gastronomicament.cat\\\/wp-content\\\/uploads\\\/2024\\\/12\\\/Mercats-Nadal-Santanyi.jpg\",\"datePublished\":\"2024-12-04T21:21:20+00:00\",\"dateModified\":\"2024-12-04T21:22:14+00:00\",\"description\":\"Celebra Nadal 2024 a Santany\u00ed: Descobreix tots els actes! Actualitat, Fires i rutes Tots els detalls sobre els mercadets nadalencs i les festes de Cap d'Any\",\"inLanguage\":\"de\",\"potentialAction\":[{\"@type\":\"ReadAction\",\"target\":[\"https:\\\/\\\/gastronomicament.cat\\\/de\\\/celebra-nadal-2024-a-santanyi-descobreix-tots-els-actes\"]}]},{\"@type\":\"ImageObject\",\"inLanguage\":\"de\",\"@id\":\"https:\\\/\\\/gastronomicament.cat\\\/de\\\/celebra-nadal-2024-a-santanyi-descobreix-tots-els-actes#primaryimage\",\"url\":\"https:\\\/\\\/gastronomicament.cat\\\/wp-content\\\/uploads\\\/2024\\\/12\\\/Mercats-Nadal-Santanyi.jpg\",\"contentUrl\":\"https:\\\/\\\/gastronomicament.cat\\\/wp-content\\\/uploads\\\/2024\\\/12\\\/Mercats-Nadal-Santanyi.jpg\",\"width\":2048,\"height\":1365},{\"@type\":\"WebSite\",\"@id\":\"https:\\\/\\\/gastronomicament.cat\\\/de\\\/#website\",\"url\":\"https:\\\/\\\/gastronomicament.cat\\\/de\\\/\",\"name\":\"Gastron\u00f2micament\",\"description\":\"Portal de restaurants, receptes i actualitat gastron\u00f2mica\",\"publisher\":{\"@id\":\"https:\\\/\\\/gastronomicament.cat\\\/de\\\/#organization\"},\"potentialAction\":[{\"@type\":\"SearchAction\",\"target\":{\"@type\":\"EntryPoint\",\"urlTemplate\":\"https:\\\/\\\/gastronomicament.cat\\\/de\\\/?s={search_term_string}\"},\"query-input\":{\"@type\":\"PropertyValueSpecification\",\"valueRequired\":true,\"valueName\":\"search_term_string\"}}],\"inLanguage\":\"de\"},{\"@type\":\"Organization\",\"@id\":\"https:\\\/\\\/gastronomicament.cat\\\/de\\\/#organization\",\"name\":\"Gastron\u00f2micament\",\"url\":\"https:\\\/\\\/gastronomicament.cat\\\/de\\\/\",\"logo\":{\"@type\":\"ImageObject\",\"inLanguage\":\"de\",\"@id\":\"https:\\\/\\\/gastronomicament.cat\\\/de\\\/#\\\/schema\\\/logo\\\/image\\\/\",\"url\":\"https:\\\/\\\/gastronomicament.cat\\\/wp-content\\\/uploads\\\/2016\\\/09\\\/header-logo.jpg\",\"contentUrl\":\"https:\\\/\\\/gastronomicament.cat\\\/wp-content\\\/uploads\\\/2016\\\/09\\\/header-logo.jpg\",\"width\":277,\"height\":39,\"caption\":\"Gastron\u00f2micament\"},\"image\":{\"@id\":\"https:\\\/\\\/gastronomicament.cat\\\/de\\\/#\\\/schema\\\/logo\\\/image\\\/\"},\"sameAs\":[\"https:\\\/\\\/x.com\\\/gastronomicamen\"]},{\"@type\":\"Person\",\"@id\":\"https:\\\/\\\/gastronomicament.cat\\\/de\\\/#\\\/schema\\\/person\\\/a7c85c537a1ed62799a5b8e0f686a37f\",\"name\":\"Redacci\u00f3\",\"image\":{\"@type\":\"ImageObject\",\"inLanguage\":\"de\",\"@id\":\"https:\\\/\\\/secure.gravatar.com\\\/avatar\\\/9489a485c464fd611d33825daae651d13db70c4e74c65c94937a15a9d4c3ee14?s=96&d=mm&r=g69fea3cce3645dfa2166e7293e22955e\",\"url\":\"https:\\\/\\\/secure.gravatar.com\\\/avatar\\\/9489a485c464fd611d33825daae651d13db70c4e74c65c94937a15a9d4c3ee14?s=96&d=mm&r=g\",\"contentUrl\":\"https:\\\/\\\/secure.gravatar.com\\\/avatar\\\/9489a485c464fd611d33825daae651d13db70c4e74c65c94937a15a9d4c3ee14?s=96&d=mm&r=g\",\"caption\":\"Redacci\u00f3\"},\"sameAs\":[\"http:\\\/\\\/gastronomicament.cat\"],\"url\":\"https:\\\/\\\/gastronomicament.cat\\\/de\\\/author\\\/admin\"}]}<\/script>\n<!-- \/ Yoast SEO plugin. -->","yoast_head_json":{"title":"Celebra Nadal 2024 a Santany\u00ed: Descobreix tots els actes! - Gastron\u00f2micament","description":"Celebra Nadal 2024 a Santany\u00ed: Descobreix tots els actes! Actualitat, Fires i rutes Tots els detalls sobre els mercadets nadalencs i les festes de Cap d'Any","robots":{"index":"index","follow":"follow","max-snippet":"max-snippet:-1","max-image-preview":"max-image-preview:large","max-video-preview":"max-video-preview:-1"},"canonical":"https:\/\/gastronomicament.cat\/de\/celebra-nadal-2024-a-santanyi-descobreix-tots-els-actes","og_locale":"de_DE","og_type":"article","og_title":"Celebra Nadal 2024 a Santany\u00ed: Descobreix tots els actes! - Gastron\u00f2micament","og_description":"Celebra Nadal 2024 a Santany\u00ed: Descobreix tots els actes! Actualitat, Fires i rutes Tots els detalls sobre els mercadets nadalencs i les festes de Cap d'Any","og_url":"https:\/\/gastronomicament.cat\/de\/celebra-nadal-2024-a-santanyi-descobreix-tots-els-actes","og_site_name":"Gastron\u00f2micament","article_published_time":"2024-12-04T21:21:20+00:00","article_modified_time":"2024-12-04T21:22:14+00:00","og_image":[{"width":2048,"height":1365,"url":"https:\/\/gastronomicament.cat\/wp-content\/uploads\/2024\/12\/Mercats-Nadal-Santanyi.jpg","type":"image\/jpeg"}],"author":"Redacci\u00f3","twitter_card":"summary_large_image","twitter_creator":"@gastronomicamen","twitter_site":"@gastronomicamen","twitter_misc":{"Verfasst von":"Redacci\u00f3","Gesch\u00e4tzte Lesezeit":"4\u00a0Minuten","Written by":"Redacci\u00f3"},"schema":{"@context":"https:\/\/schema.org","@graph":[{"@type":"Article","@id":"https:\/\/gastronomicament.cat\/de\/celebra-nadal-2024-a-santanyi-descobreix-tots-els-actes#article","isPartOf":{"@id":"https:\/\/gastronomicament.cat\/de\/celebra-nadal-2024-a-santanyi-descobreix-tots-els-actes"},"author":{"name":"Redacci\u00f3","@id":"https:\/\/gastronomicament.cat\/de\/#\/schema\/person\/a7c85c537a1ed62799a5b8e0f686a37f"},"headline":"Celebra Nadal 2024 a Santany\u00ed: Descobreix tots els actes!","datePublished":"2024-12-04T21:21:20+00:00","dateModified":"2024-12-04T21:22:14+00:00","mainEntityOfPage":{"@id":"https:\/\/gastronomicament.cat\/de\/celebra-nadal-2024-a-santanyi-descobreix-tots-els-actes"},"wordCount":720,"commentCount":0,"publisher":{"@id":"https:\/\/gastronomicament.cat\/de\/#organization"},"image":{"@id":"https:\/\/gastronomicament.cat\/de\/celebra-nadal-2024-a-santanyi-descobreix-tots-els-actes#primaryimage"},"thumbnailUrl":"https:\/\/gastronomicament.cat\/wp-content\/uploads\/2024\/12\/Mercats-Nadal-Santanyi.jpg","articleSection":["Actualitat","Fires i rutes"],"inLanguage":"de","potentialAction":[{"@type":"CommentAction","name":"Comment","target":["https:\/\/gastronomicament.cat\/de\/celebra-nadal-2024-a-santanyi-descobreix-tots-els-actes#respond"]}]},{"@type":"WebPage","@id":"https:\/\/gastronomicament.cat\/de\/celebra-nadal-2024-a-santanyi-descobreix-tots-els-actes","url":"https:\/\/gastronomicament.cat\/de\/celebra-nadal-2024-a-santanyi-descobreix-tots-els-actes","name":"Celebra Nadal 2024 a Santany\u00ed: Descobreix tots els actes! - Gastron\u00f2micament","isPartOf":{"@id":"https:\/\/gastronomicament.cat\/de\/#website"},"primaryImageOfPage":{"@id":"https:\/\/gastronomicament.cat\/de\/celebra-nadal-2024-a-santanyi-descobreix-tots-els-actes#primaryimage"},"image":{"@id":"https:\/\/gastronomicament.cat\/de\/celebra-nadal-2024-a-santanyi-descobreix-tots-els-actes#primaryimage"},"thumbnailUrl":"https:\/\/gastronomicament.cat\/wp-content\/uploads\/2024\/12\/Mercats-Nadal-Santanyi.jpg","datePublished":"2024-12-04T21:21:20+00:00","dateModified":"2024-12-04T21:22:14+00:00","description":"Celebra Nadal 2024 a Santany\u00ed: Descobreix tots els actes! Actualitat, Fires i rutes Tots els detalls sobre els mercadets nadalencs i les festes de Cap d'Any","inLanguage":"de","potentialAction":[{"@type":"ReadAction","target":["https:\/\/gastronomicament.cat\/de\/celebra-nadal-2024-a-santanyi-descobreix-tots-els-actes"]}]},{"@type":"ImageObject","inLanguage":"de","@id":"https:\/\/gastronomicament.cat\/de\/celebra-nadal-2024-a-santanyi-descobreix-tots-els-actes#primaryimage","url":"https:\/\/gastronomicament.cat\/wp-content\/uploads\/2024\/12\/Mercats-Nadal-Santanyi.jpg","contentUrl":"https:\/\/gastronomicament.cat\/wp-content\/uploads\/2024\/12\/Mercats-Nadal-Santanyi.jpg","width":2048,"height":1365},{"@type":"WebSite","@id":"https:\/\/gastronomicament.cat\/de\/#website","url":"https:\/\/gastronomicament.cat\/de\/","name":"Gastron\u00f2micament","description":"Portal de restaurants, receptes i actualitat gastron\u00f2mica","publisher":{"@id":"https:\/\/gastronomicament.cat\/de\/#organization"},"potentialAction":[{"@type":"SearchAction","target":{"@type":"EntryPoint","urlTemplate":"https:\/\/gastronomicament.cat\/de\/?s={search_term_string}"},"query-input":{"@type":"PropertyValueSpecification","valueRequired":true,"valueName":"search_term_string"}}],"inLanguage":"de"},{"@type":"Organization","@id":"https:\/\/gastronomicament.cat\/de\/#organization","name":"Gastron\u00f2micament","url":"https:\/\/gastronomicament.cat\/de\/","logo":{"@type":"ImageObject","inLanguage":"de","@id":"https:\/\/gastronomicament.cat\/de\/#\/schema\/logo\/image\/","url":"https:\/\/gastronomicament.cat\/wp-content\/uploads\/2016\/09\/header-logo.jpg","contentUrl":"https:\/\/gastronomicament.cat\/wp-content\/uploads\/2016\/09\/header-logo.jpg","width":277,"height":39,"caption":"Gastron\u00f2micament"},"image":{"@id":"https:\/\/gastronomicament.cat\/de\/#\/schema\/logo\/image\/"},"sameAs":["https:\/\/x.com\/gastronomicamen"]},{"@type":"Person","@id":"https:\/\/gastronomicament.cat\/de\/#\/schema\/person\/a7c85c537a1ed62799a5b8e0f686a37f","name":"Redacci\u00f3","image":{"@type":"ImageObject","inLanguage":"de","@id":"https:\/\/secure.gravatar.com\/avatar\/9489a485c464fd611d33825daae651d13db70c4e74c65c94937a15a9d4c3ee14?s=96&d=mm&r=g69fea3cce3645dfa2166e7293e22955e","url":"https:\/\/secure.gravatar.com\/avatar\/9489a485c464fd611d33825daae651d13db70c4e74c65c94937a15a9d4c3ee14?s=96&d=mm&r=g","contentUrl":"https:\/\/secure.gravatar.com\/avatar\/9489a485c464fd611d33825daae651d13db70c4e74c65c94937a15a9d4c3ee14?s=96&d=mm&r=g","caption":"Redacci\u00f3"},"sameAs":["http:\/\/gastronomicament.cat"],"url":"https:\/\/gastronomicament.cat\/de\/author\/admin"}]}},"_links":{"self":[{"href":"https:\/\/gastronomicament.cat\/de\/wp-json\/wp\/v2\/posts\/92850","targetHints":{"allow":["GET"]}}],"collection":[{"href":"https:\/\/gastronomicament.cat\/de\/wp-json\/wp\/v2\/posts"}],"about":[{"href":"https:\/\/gastronomicament.cat\/de\/wp-json\/wp\/v2\/types\/post"}],"author":[{"embeddable":true,"href":"https:\/\/gastronomicament.cat\/de\/wp-json\/wp\/v2\/users\/1"}],"replies":[{"embeddable":true,"href":"https:\/\/gastronomicament.cat\/de\/wp-json\/wp\/v2\/comments?post=92850"}],"version-history":[{"count":0,"href":"https:\/\/gastronomicament.cat\/de\/wp-json\/wp\/v2\/posts\/92850\/revisions"}],"wp:featuredmedia":[{"embeddable":true,"href":"https:\/\/gastronomicament.cat\/de\/wp-json\/wp\/v2\/media\/92846"}],"wp:attachment":[{"href":"https:\/\/gastronomicament.cat\/de\/wp-json\/wp\/v2\/media?parent=92850"}],"wp:term":[{"taxonomy":"category","embeddable":true,"href":"https:\/\/gastronomicament.cat\/de\/wp-json\/wp\/v2\/categories?post=92850"},{"taxonomy":"post_tag","embeddable":true,"href":"https:\/\/gastronomicament.cat\/de\/wp-json\/wp\/v2\/tags?post=92850"},{"taxonomy":"author","embeddable":true,"href":"https:\/\/gastronomicament.cat\/de\/wp-json\/wp\/v2\/coauthors?post=92850"}],"curies":[{"name":"wp","href":"https:\/\/api.w.org\/{rel}","templated":true}]}}