{"id":92928,"date":"2024-12-11T13:22:03","date_gmt":"2024-12-11T12:22:03","guid":{"rendered":"https:\/\/gastronomicament.cat\/menus-de-nadal-tambe-en-catala"},"modified":"2024-12-17T09:57:54","modified_gmt":"2024-12-17T08:57:54","slug":"menus-de-nadal-tambe-en-catala","status":"publish","type":"post","link":"https:\/\/gastronomicament.cat\/de\/menus-de-nadal-tambe-en-catala","title":{"rendered":"Men\u00fas de Nadal, tamb\u00e9 en catal\u00e0!"},"content":{"rendered":"<p>Ara que arriben les festes de Nadal \u00e9s un bon moment perqu\u00e8 els catalanoparlants no se sentin discriminats. Per aix\u00f2, l&#8216;<strong>Institut d&#8217;Estudis Bale\u00e0rics\u00a0<\/strong>(<strong>IEB<\/strong>) ha posat en marxa una campanya perqu\u00e8 els\u00a0<strong>restaurants\u00a0<\/strong>tamb\u00e9\u00a0<strong>ofereixin<\/strong>\u00a0els\u00a0<strong>men\u00fas\u00a0<\/strong>en\u00a0<strong>llengua catalana<\/strong>.<\/p>\n<p>Tant restaurants com bars poden sol\u00b7licitar ajuda a l&#8217;IEB per escriure&#8217;l en catal\u00e0 o traduir-l&#8217;hi. Han habilitat l&#8217;adre\u00e7a electr\u00f2nica &lt;<em><a href=\"mailto:picat@iebalearics.org\">picat@iebalearics.org<\/a><\/em>&gt; per\u00a0<strong>resoldre dubtes\u00a0<\/strong>i atendre peticions de manera\u00a0<strong>totalment gratu\u00efta<\/strong>.<\/p>\n<p>A m\u00e9s a m\u00e9s, han elaborat unes\u00a0<strong>fitxes\u00a0<\/strong>de\u00a0<strong>men\u00fa\u00a0<\/strong>i un\u00a0<strong>vocabulari\u00a0<\/strong>espec\u00edfic.<\/p>\n<p><a href=\"https:\/\/gastronomicament.cat\/wp-content\/uploads\/2024\/12\/Vocabulari-IEB-Nadal-2.jpg\" target=\"_blank\" rel=\"noopener\"><img decoding=\"async\" class=\"aligncenter wp-image-92918 size-large\" src=\"https:\/\/gastronomicament.cat\/wp-content\/uploads\/2024\/12\/Vocabulari-IEB-Nadal-2-1024x1024.jpg\" alt=\"\" width=\"1024\" height=\"1024\" srcset=\"https:\/\/gastronomicament.cat\/wp-content\/uploads\/2024\/12\/Vocabulari-IEB-Nadal-2-1024x1024.jpg 1024w, https:\/\/gastronomicament.cat\/wp-content\/uploads\/2024\/12\/Vocabulari-IEB-Nadal-2-300x300.jpg 300w, https:\/\/gastronomicament.cat\/wp-content\/uploads\/2024\/12\/Vocabulari-IEB-Nadal-2-150x150.jpg 150w, https:\/\/gastronomicament.cat\/wp-content\/uploads\/2024\/12\/Vocabulari-IEB-Nadal-2-768x768.jpg 768w, https:\/\/gastronomicament.cat\/wp-content\/uploads\/2024\/12\/Vocabulari-IEB-Nadal-2-480x480.jpg 480w, https:\/\/gastronomicament.cat\/wp-content\/uploads\/2024\/12\/Vocabulari-IEB-Nadal-2.jpg 1080w\" sizes=\"(max-width: 1024px) 100vw, 1024px\" \/><\/a><\/p>\n<p><a href=\"https:\/\/gastronomicament.cat\/wp-content\/uploads\/2024\/12\/Vocabulari-IEB-Nadal.jpg\" target=\"_blank\" rel=\"noopener\"><img decoding=\"async\" class=\"aligncenter wp-image-92922 size-large\" src=\"https:\/\/gastronomicament.cat\/wp-content\/uploads\/2024\/12\/Vocabulari-IEB-Nadal-1024x1024.jpg\" alt=\"\" width=\"1024\" height=\"1024\" srcset=\"https:\/\/gastronomicament.cat\/wp-content\/uploads\/2024\/12\/Vocabulari-IEB-Nadal-1024x1024.jpg 1024w, https:\/\/gastronomicament.cat\/wp-content\/uploads\/2024\/12\/Vocabulari-IEB-Nadal-300x300.jpg 300w, https:\/\/gastronomicament.cat\/wp-content\/uploads\/2024\/12\/Vocabulari-IEB-Nadal-150x150.jpg 150w, https:\/\/gastronomicament.cat\/wp-content\/uploads\/2024\/12\/Vocabulari-IEB-Nadal-768x768.jpg 768w, https:\/\/gastronomicament.cat\/wp-content\/uploads\/2024\/12\/Vocabulari-IEB-Nadal-480x480.jpg 480w, https:\/\/gastronomicament.cat\/wp-content\/uploads\/2024\/12\/Vocabulari-IEB-Nadal.jpg 1080w\" sizes=\"(max-width: 1024px) 100vw, 1024px\" \/><\/a><\/p>\n<pre>Imatge:\u00a0<a href=\"https:\/\/pixabay.com\/es\/users\/kaboompics-1013994\/\" target=\"_blank\" rel=\"noopener nofollow\">Kaboompics - Pixabay<\/a><\/pre>\n","protected":false},"excerpt":{"rendered":"<p>El Govern de les Illes Balears promou l&#8217;\u00fas de la llengua pr\u00f2pia a la restauraci\u00f3<\/p>\n","protected":false},"author":1,"featured_media":92916,"comment_status":"open","ping_status":"closed","sticky":false,"template":"","format":"standard","meta":{"_acf_changed":false,"_swt_meta_header_display":false,"_swt_meta_footer_display":false,"_swt_meta_site_title_display":false,"_swt_meta_sticky_header":false,"_swt_meta_transparent_header":false,"footnotes":""},"categories":[1050,1476],"tags":[],"coauthors":[2053],"class_list":["post-92928","post","type-post","status-publish","format-standard","has-post-thumbnail","hentry","category-actualitat-es-de","category-reportatges-i-novetats-de"],"acf":{"gallery":null,"home_date":{"home_begin_date":null,"home_end_date":null}},"yoast_head":"<!-- This site is optimized with the Yoast SEO plugin v27.4 - https:\/\/yoast.com\/product\/yoast-seo-wordpress\/ -->\n<title>Men\u00fas de Nadal, tamb\u00e9 en catal\u00e0! - Gastron\u00f2micament<\/title>\n<meta name=\"description\" content=\"Men\u00fas de Nadal, tamb\u00e9 en catal\u00e0! Actualitat, Reportatges i novetats El Govern de les Illes Balears promou l&#039;\u00fas de la llengua pr\u00f2pia a la restauraci\u00f3\" \/>\n<meta name=\"robots\" content=\"index, follow, max-snippet:-1, max-image-preview:large, max-video-preview:-1\" \/>\n<link rel=\"canonical\" href=\"https:\/\/gastronomicament.cat\/de\/menus-de-nadal-tambe-en-catala\" \/>\n<meta property=\"og:locale\" content=\"de_DE\" \/>\n<meta property=\"og:type\" content=\"article\" \/>\n<meta property=\"og:title\" content=\"Men\u00fas de Nadal, tamb\u00e9 en catal\u00e0! - Gastron\u00f2micament\" \/>\n<meta property=\"og:description\" content=\"Men\u00fas de Nadal, tamb\u00e9 en catal\u00e0! Actualitat, Reportatges i novetats El Govern de les Illes Balears promou l&#039;\u00fas de la llengua pr\u00f2pia a la restauraci\u00f3\" \/>\n<meta property=\"og:url\" content=\"https:\/\/gastronomicament.cat\/de\/menus-de-nadal-tambe-en-catala\" \/>\n<meta property=\"og:site_name\" content=\"Gastron\u00f2micament\" \/>\n<meta property=\"article:published_time\" content=\"2024-12-11T12:22:03+00:00\" \/>\n<meta property=\"article:modified_time\" content=\"2024-12-17T08:57:54+00:00\" \/>\n<meta property=\"og:image\" content=\"https:\/\/gastronomicament.cat\/wp-content\/uploads\/2024\/12\/parar-taula-Nadal.jpg\" \/>\n\t<meta property=\"og:image:width\" content=\"1280\" \/>\n\t<meta property=\"og:image:height\" content=\"719\" \/>\n\t<meta property=\"og:image:type\" content=\"image\/jpeg\" \/>\n<meta name=\"author\" content=\"Redacci\u00f3\" \/>\n<meta name=\"twitter:card\" content=\"summary_large_image\" \/>\n<meta name=\"twitter:creator\" content=\"@gastronomicamen\" \/>\n<meta name=\"twitter:site\" content=\"@gastronomicamen\" \/>\n<meta name=\"twitter:label1\" content=\"Verfasst von\" \/>\n\t<meta name=\"twitter:data1\" content=\"Redacci\u00f3\" \/>\n\t<meta name=\"twitter:label2\" content=\"Gesch\u00e4tzte Lesezeit\" \/>\n\t<meta name=\"twitter:data2\" content=\"2\u00a0Minuten\" \/>\n\t<meta name=\"twitter:label3\" content=\"Written by\" \/>\n\t<meta name=\"twitter:data3\" content=\"Redacci\u00f3\" \/>\n<script type=\"application\/ld+json\" class=\"yoast-schema-graph\">{\"@context\":\"https:\\\/\\\/schema.org\",\"@graph\":[{\"@type\":\"Article\",\"@id\":\"https:\\\/\\\/gastronomicament.cat\\\/de\\\/menus-de-nadal-tambe-en-catala#article\",\"isPartOf\":{\"@id\":\"https:\\\/\\\/gastronomicament.cat\\\/de\\\/menus-de-nadal-tambe-en-catala\"},\"author\":{\"name\":\"Redacci\u00f3\",\"@id\":\"https:\\\/\\\/gastronomicament.cat\\\/de\\\/#\\\/schema\\\/person\\\/a7c85c537a1ed62799a5b8e0f686a37f\"},\"headline\":\"Men\u00fas de Nadal, tamb\u00e9 en catal\u00e0!\",\"datePublished\":\"2024-12-11T12:22:03+00:00\",\"dateModified\":\"2024-12-17T08:57:54+00:00\",\"mainEntityOfPage\":{\"@id\":\"https:\\\/\\\/gastronomicament.cat\\\/de\\\/menus-de-nadal-tambe-en-catala\"},\"wordCount\":104,\"commentCount\":0,\"publisher\":{\"@id\":\"https:\\\/\\\/gastronomicament.cat\\\/de\\\/#organization\"},\"image\":{\"@id\":\"https:\\\/\\\/gastronomicament.cat\\\/de\\\/menus-de-nadal-tambe-en-catala#primaryimage\"},\"thumbnailUrl\":\"https:\\\/\\\/gastronomicament.cat\\\/wp-content\\\/uploads\\\/2024\\\/12\\\/parar-taula-Nadal.jpg\",\"articleSection\":[\"Actualitat\",\"Reportatges i novetats\"],\"inLanguage\":\"de\",\"potentialAction\":[{\"@type\":\"CommentAction\",\"name\":\"Comment\",\"target\":[\"https:\\\/\\\/gastronomicament.cat\\\/de\\\/menus-de-nadal-tambe-en-catala#respond\"]}]},{\"@type\":\"WebPage\",\"@id\":\"https:\\\/\\\/gastronomicament.cat\\\/de\\\/menus-de-nadal-tambe-en-catala\",\"url\":\"https:\\\/\\\/gastronomicament.cat\\\/de\\\/menus-de-nadal-tambe-en-catala\",\"name\":\"Men\u00fas de Nadal, tamb\u00e9 en catal\u00e0! - Gastron\u00f2micament\",\"isPartOf\":{\"@id\":\"https:\\\/\\\/gastronomicament.cat\\\/de\\\/#website\"},\"primaryImageOfPage\":{\"@id\":\"https:\\\/\\\/gastronomicament.cat\\\/de\\\/menus-de-nadal-tambe-en-catala#primaryimage\"},\"image\":{\"@id\":\"https:\\\/\\\/gastronomicament.cat\\\/de\\\/menus-de-nadal-tambe-en-catala#primaryimage\"},\"thumbnailUrl\":\"https:\\\/\\\/gastronomicament.cat\\\/wp-content\\\/uploads\\\/2024\\\/12\\\/parar-taula-Nadal.jpg\",\"datePublished\":\"2024-12-11T12:22:03+00:00\",\"dateModified\":\"2024-12-17T08:57:54+00:00\",\"description\":\"Men\u00fas de Nadal, tamb\u00e9 en catal\u00e0! Actualitat, Reportatges i novetats El Govern de les Illes Balears promou l'\u00fas de la llengua pr\u00f2pia a la restauraci\u00f3\",\"inLanguage\":\"de\",\"potentialAction\":[{\"@type\":\"ReadAction\",\"target\":[\"https:\\\/\\\/gastronomicament.cat\\\/de\\\/menus-de-nadal-tambe-en-catala\"]}]},{\"@type\":\"ImageObject\",\"inLanguage\":\"de\",\"@id\":\"https:\\\/\\\/gastronomicament.cat\\\/de\\\/menus-de-nadal-tambe-en-catala#primaryimage\",\"url\":\"https:\\\/\\\/gastronomicament.cat\\\/wp-content\\\/uploads\\\/2024\\\/12\\\/parar-taula-Nadal.jpg\",\"contentUrl\":\"https:\\\/\\\/gastronomicament.cat\\\/wp-content\\\/uploads\\\/2024\\\/12\\\/parar-taula-Nadal.jpg\",\"width\":1280,\"height\":719},{\"@type\":\"WebSite\",\"@id\":\"https:\\\/\\\/gastronomicament.cat\\\/de\\\/#website\",\"url\":\"https:\\\/\\\/gastronomicament.cat\\\/de\\\/\",\"name\":\"Gastron\u00f2micament\",\"description\":\"Portal de restaurants, receptes i actualitat gastron\u00f2mica\",\"publisher\":{\"@id\":\"https:\\\/\\\/gastronomicament.cat\\\/de\\\/#organization\"},\"potentialAction\":[{\"@type\":\"SearchAction\",\"target\":{\"@type\":\"EntryPoint\",\"urlTemplate\":\"https:\\\/\\\/gastronomicament.cat\\\/de\\\/?s={search_term_string}\"},\"query-input\":{\"@type\":\"PropertyValueSpecification\",\"valueRequired\":true,\"valueName\":\"search_term_string\"}}],\"inLanguage\":\"de\"},{\"@type\":\"Organization\",\"@id\":\"https:\\\/\\\/gastronomicament.cat\\\/de\\\/#organization\",\"name\":\"Gastron\u00f2micament\",\"url\":\"https:\\\/\\\/gastronomicament.cat\\\/de\\\/\",\"logo\":{\"@type\":\"ImageObject\",\"inLanguage\":\"de\",\"@id\":\"https:\\\/\\\/gastronomicament.cat\\\/de\\\/#\\\/schema\\\/logo\\\/image\\\/\",\"url\":\"https:\\\/\\\/gastronomicament.cat\\\/wp-content\\\/uploads\\\/2016\\\/09\\\/header-logo.jpg\",\"contentUrl\":\"https:\\\/\\\/gastronomicament.cat\\\/wp-content\\\/uploads\\\/2016\\\/09\\\/header-logo.jpg\",\"width\":277,\"height\":39,\"caption\":\"Gastron\u00f2micament\"},\"image\":{\"@id\":\"https:\\\/\\\/gastronomicament.cat\\\/de\\\/#\\\/schema\\\/logo\\\/image\\\/\"},\"sameAs\":[\"https:\\\/\\\/x.com\\\/gastronomicamen\"]},{\"@type\":\"Person\",\"@id\":\"https:\\\/\\\/gastronomicament.cat\\\/de\\\/#\\\/schema\\\/person\\\/a7c85c537a1ed62799a5b8e0f686a37f\",\"name\":\"Redacci\u00f3\",\"image\":{\"@type\":\"ImageObject\",\"inLanguage\":\"de\",\"@id\":\"https:\\\/\\\/secure.gravatar.com\\\/avatar\\\/9489a485c464fd611d33825daae651d13db70c4e74c65c94937a15a9d4c3ee14?s=96&d=mm&r=g69fea3cce3645dfa2166e7293e22955e\",\"url\":\"https:\\\/\\\/secure.gravatar.com\\\/avatar\\\/9489a485c464fd611d33825daae651d13db70c4e74c65c94937a15a9d4c3ee14?s=96&d=mm&r=g\",\"contentUrl\":\"https:\\\/\\\/secure.gravatar.com\\\/avatar\\\/9489a485c464fd611d33825daae651d13db70c4e74c65c94937a15a9d4c3ee14?s=96&d=mm&r=g\",\"caption\":\"Redacci\u00f3\"},\"sameAs\":[\"http:\\\/\\\/gastronomicament.cat\"],\"url\":\"https:\\\/\\\/gastronomicament.cat\\\/de\\\/author\\\/admin\"}]}<\/script>\n<!-- \/ Yoast SEO plugin. -->","yoast_head_json":{"title":"Men\u00fas de Nadal, tamb\u00e9 en catal\u00e0! - Gastron\u00f2micament","description":"Men\u00fas de Nadal, tamb\u00e9 en catal\u00e0! Actualitat, Reportatges i novetats El Govern de les Illes Balears promou l'\u00fas de la llengua pr\u00f2pia a la restauraci\u00f3","robots":{"index":"index","follow":"follow","max-snippet":"max-snippet:-1","max-image-preview":"max-image-preview:large","max-video-preview":"max-video-preview:-1"},"canonical":"https:\/\/gastronomicament.cat\/de\/menus-de-nadal-tambe-en-catala","og_locale":"de_DE","og_type":"article","og_title":"Men\u00fas de Nadal, tamb\u00e9 en catal\u00e0! - Gastron\u00f2micament","og_description":"Men\u00fas de Nadal, tamb\u00e9 en catal\u00e0! Actualitat, Reportatges i novetats El Govern de les Illes Balears promou l'\u00fas de la llengua pr\u00f2pia a la restauraci\u00f3","og_url":"https:\/\/gastronomicament.cat\/de\/menus-de-nadal-tambe-en-catala","og_site_name":"Gastron\u00f2micament","article_published_time":"2024-12-11T12:22:03+00:00","article_modified_time":"2024-12-17T08:57:54+00:00","og_image":[{"width":1280,"height":719,"url":"https:\/\/gastronomicament.cat\/wp-content\/uploads\/2024\/12\/parar-taula-Nadal.jpg","type":"image\/jpeg"}],"author":"Redacci\u00f3","twitter_card":"summary_large_image","twitter_creator":"@gastronomicamen","twitter_site":"@gastronomicamen","twitter_misc":{"Verfasst von":"Redacci\u00f3","Gesch\u00e4tzte Lesezeit":"2\u00a0Minuten","Written by":"Redacci\u00f3"},"schema":{"@context":"https:\/\/schema.org","@graph":[{"@type":"Article","@id":"https:\/\/gastronomicament.cat\/de\/menus-de-nadal-tambe-en-catala#article","isPartOf":{"@id":"https:\/\/gastronomicament.cat\/de\/menus-de-nadal-tambe-en-catala"},"author":{"name":"Redacci\u00f3","@id":"https:\/\/gastronomicament.cat\/de\/#\/schema\/person\/a7c85c537a1ed62799a5b8e0f686a37f"},"headline":"Men\u00fas de Nadal, tamb\u00e9 en catal\u00e0!","datePublished":"2024-12-11T12:22:03+00:00","dateModified":"2024-12-17T08:57:54+00:00","mainEntityOfPage":{"@id":"https:\/\/gastronomicament.cat\/de\/menus-de-nadal-tambe-en-catala"},"wordCount":104,"commentCount":0,"publisher":{"@id":"https:\/\/gastronomicament.cat\/de\/#organization"},"image":{"@id":"https:\/\/gastronomicament.cat\/de\/menus-de-nadal-tambe-en-catala#primaryimage"},"thumbnailUrl":"https:\/\/gastronomicament.cat\/wp-content\/uploads\/2024\/12\/parar-taula-Nadal.jpg","articleSection":["Actualitat","Reportatges i novetats"],"inLanguage":"de","potentialAction":[{"@type":"CommentAction","name":"Comment","target":["https:\/\/gastronomicament.cat\/de\/menus-de-nadal-tambe-en-catala#respond"]}]},{"@type":"WebPage","@id":"https:\/\/gastronomicament.cat\/de\/menus-de-nadal-tambe-en-catala","url":"https:\/\/gastronomicament.cat\/de\/menus-de-nadal-tambe-en-catala","name":"Men\u00fas de Nadal, tamb\u00e9 en catal\u00e0! - Gastron\u00f2micament","isPartOf":{"@id":"https:\/\/gastronomicament.cat\/de\/#website"},"primaryImageOfPage":{"@id":"https:\/\/gastronomicament.cat\/de\/menus-de-nadal-tambe-en-catala#primaryimage"},"image":{"@id":"https:\/\/gastronomicament.cat\/de\/menus-de-nadal-tambe-en-catala#primaryimage"},"thumbnailUrl":"https:\/\/gastronomicament.cat\/wp-content\/uploads\/2024\/12\/parar-taula-Nadal.jpg","datePublished":"2024-12-11T12:22:03+00:00","dateModified":"2024-12-17T08:57:54+00:00","description":"Men\u00fas de Nadal, tamb\u00e9 en catal\u00e0! Actualitat, Reportatges i novetats El Govern de les Illes Balears promou l'\u00fas de la llengua pr\u00f2pia a la restauraci\u00f3","inLanguage":"de","potentialAction":[{"@type":"ReadAction","target":["https:\/\/gastronomicament.cat\/de\/menus-de-nadal-tambe-en-catala"]}]},{"@type":"ImageObject","inLanguage":"de","@id":"https:\/\/gastronomicament.cat\/de\/menus-de-nadal-tambe-en-catala#primaryimage","url":"https:\/\/gastronomicament.cat\/wp-content\/uploads\/2024\/12\/parar-taula-Nadal.jpg","contentUrl":"https:\/\/gastronomicament.cat\/wp-content\/uploads\/2024\/12\/parar-taula-Nadal.jpg","width":1280,"height":719},{"@type":"WebSite","@id":"https:\/\/gastronomicament.cat\/de\/#website","url":"https:\/\/gastronomicament.cat\/de\/","name":"Gastron\u00f2micament","description":"Portal de restaurants, receptes i actualitat gastron\u00f2mica","publisher":{"@id":"https:\/\/gastronomicament.cat\/de\/#organization"},"potentialAction":[{"@type":"SearchAction","target":{"@type":"EntryPoint","urlTemplate":"https:\/\/gastronomicament.cat\/de\/?s={search_term_string}"},"query-input":{"@type":"PropertyValueSpecification","valueRequired":true,"valueName":"search_term_string"}}],"inLanguage":"de"},{"@type":"Organization","@id":"https:\/\/gastronomicament.cat\/de\/#organization","name":"Gastron\u00f2micament","url":"https:\/\/gastronomicament.cat\/de\/","logo":{"@type":"ImageObject","inLanguage":"de","@id":"https:\/\/gastronomicament.cat\/de\/#\/schema\/logo\/image\/","url":"https:\/\/gastronomicament.cat\/wp-content\/uploads\/2016\/09\/header-logo.jpg","contentUrl":"https:\/\/gastronomicament.cat\/wp-content\/uploads\/2016\/09\/header-logo.jpg","width":277,"height":39,"caption":"Gastron\u00f2micament"},"image":{"@id":"https:\/\/gastronomicament.cat\/de\/#\/schema\/logo\/image\/"},"sameAs":["https:\/\/x.com\/gastronomicamen"]},{"@type":"Person","@id":"https:\/\/gastronomicament.cat\/de\/#\/schema\/person\/a7c85c537a1ed62799a5b8e0f686a37f","name":"Redacci\u00f3","image":{"@type":"ImageObject","inLanguage":"de","@id":"https:\/\/secure.gravatar.com\/avatar\/9489a485c464fd611d33825daae651d13db70c4e74c65c94937a15a9d4c3ee14?s=96&d=mm&r=g69fea3cce3645dfa2166e7293e22955e","url":"https:\/\/secure.gravatar.com\/avatar\/9489a485c464fd611d33825daae651d13db70c4e74c65c94937a15a9d4c3ee14?s=96&d=mm&r=g","contentUrl":"https:\/\/secure.gravatar.com\/avatar\/9489a485c464fd611d33825daae651d13db70c4e74c65c94937a15a9d4c3ee14?s=96&d=mm&r=g","caption":"Redacci\u00f3"},"sameAs":["http:\/\/gastronomicament.cat"],"url":"https:\/\/gastronomicament.cat\/de\/author\/admin"}]}},"_links":{"self":[{"href":"https:\/\/gastronomicament.cat\/de\/wp-json\/wp\/v2\/posts\/92928","targetHints":{"allow":["GET"]}}],"collection":[{"href":"https:\/\/gastronomicament.cat\/de\/wp-json\/wp\/v2\/posts"}],"about":[{"href":"https:\/\/gastronomicament.cat\/de\/wp-json\/wp\/v2\/types\/post"}],"author":[{"embeddable":true,"href":"https:\/\/gastronomicament.cat\/de\/wp-json\/wp\/v2\/users\/1"}],"replies":[{"embeddable":true,"href":"https:\/\/gastronomicament.cat\/de\/wp-json\/wp\/v2\/comments?post=92928"}],"version-history":[{"count":0,"href":"https:\/\/gastronomicament.cat\/de\/wp-json\/wp\/v2\/posts\/92928\/revisions"}],"wp:featuredmedia":[{"embeddable":true,"href":"https:\/\/gastronomicament.cat\/de\/wp-json\/wp\/v2\/media\/92916"}],"wp:attachment":[{"href":"https:\/\/gastronomicament.cat\/de\/wp-json\/wp\/v2\/media?parent=92928"}],"wp:term":[{"taxonomy":"category","embeddable":true,"href":"https:\/\/gastronomicament.cat\/de\/wp-json\/wp\/v2\/categories?post=92928"},{"taxonomy":"post_tag","embeddable":true,"href":"https:\/\/gastronomicament.cat\/de\/wp-json\/wp\/v2\/tags?post=92928"},{"taxonomy":"author","embeddable":true,"href":"https:\/\/gastronomicament.cat\/de\/wp-json\/wp\/v2\/coauthors?post=92928"}],"curies":[{"name":"wp","href":"https:\/\/api.w.org\/{rel}","templated":true}]}}