{"id":92941,"date":"2024-12-11T13:25:40","date_gmt":"2024-12-11T12:25:40","guid":{"rendered":"https:\/\/gastronomicament.cat\/biel-ramon-millor-cocteler-despanya-en-coneixement"},"modified":"2024-12-11T13:25:40","modified_gmt":"2024-12-11T12:25:40","slug":"biel-ramon-millor-cocteler-despanya-en-coneixement","status":"publish","type":"post","link":"https:\/\/gastronomicament.cat\/de\/biel-ramon-millor-cocteler-despanya-en-coneixement","title":{"rendered":"Biel Ramon, millor cocteler d&#8217;Espanya en coneixement"},"content":{"rendered":"<p>El mallorqu\u00ed<strong>\u00a0Biel Ramon i Mar\u00ed<\/strong>\u00a0ha estat proclamat com el\u00a0<strong>millor cocteler d&#8217;Espanya en coneixement de 2024<\/strong>. La cita s&#8217;ha celebrat a Lanzarote (Illes Can\u00e0ries) els dies 4, 5, 6, 7 i 8 de desembre. Durant aquests cinc dies s&#8217;han desenvolupat proves, com ara en degustaci\u00f3, t\u00e8cnica i coneixement. Concretament en la part te\u00f2rica, Biel Ramon ha estat el millor de tots els coctelers de l&#8217;Estat espanyol. De fet, ha pogut participar en el campionat, at\u00e8s que el mes de mar\u00e7 va ser triat \u00a0com el millor barman de les Illes Balears.<\/p>\n<p>Biel Ramon \u00e9s\u00a0<strong>graduat\u00a0<\/strong>en\u00a0<strong>Hist\u00f2ria\u00a0<\/strong>per la\u00a0<strong>Universitat de les Illes Balears<\/strong>\u00a0i ha estat al capdavant de projectes com ara el\u00a0<strong>Jimmy&#8217;s Exclusive<\/strong>\u00a0o el\u00a0<strong>Terrassa 360<\/strong>, i \u00e9s el propietari del\u00a0<strong>Bar s&#8217;Avinguda<\/strong>\u00a0d&#8217;Alar\u00f3, per al qual ha creat un vermut i una ginebra. Tamb\u00e9 destaca per les seves creacions cocteleres amb\u00a0<strong>Antonio Nadal Destil\u00b7leries<\/strong>, una professi\u00f3 que tamb\u00e9 combina amb una de les seves afeccions, jugar a futbol amb l&#8217;equip del seu poble, Alar\u00f3. En la seva traject\u00f2ria destaca per saber combinar el producte local dins la cocteleria, fins al punt de versionar harm\u00f2nicament els c\u00f2ctels m\u00e9s internacionals amb fruites i plantes de proximitat.<\/p>\n","protected":false},"excerpt":{"rendered":"<p>El responsable de cocteleria de Terrassa 360 i del Bar s&#8217;Avinguda d&#8217;Alar\u00f3 ha demostrat el seu&hellip;<\/p>\n","protected":false},"author":1,"featured_media":92937,"comment_status":"open","ping_status":"closed","sticky":false,"template":"","format":"standard","meta":{"_acf_changed":false,"_swt_meta_header_display":false,"_swt_meta_footer_display":false,"_swt_meta_site_title_display":false,"_swt_meta_sticky_header":false,"_swt_meta_transparent_header":false,"footnotes":""},"categories":[1050,1480],"tags":[],"coauthors":[2053],"class_list":["post-92941","post","type-post","status-publish","format-standard","has-post-thumbnail","hentry","category-actualitat-es-de","category-concursos-i-premis-de"],"acf":{"gallery":null,"home_date":{"home_begin_date":null,"home_end_date":null}},"yoast_head":"<!-- This site is optimized with the Yoast SEO plugin v27.4 - https:\/\/yoast.com\/product\/yoast-seo-wordpress\/ -->\n<title>Biel Ramon, millor cocteler d&#039;Espanya en coneixement - Gastron\u00f2micament<\/title>\n<meta name=\"description\" content=\"Biel Ramon, millor cocteler d&#039;Espanya en coneixement Actualitat, Concursos i premis El responsable de cocteleria de Terrassa 360 i del Bar s&#039;Avinguda d&#039;Alar\u00f3 ha demostrat el seu domini de la te\u00f2rica\" \/>\n<meta name=\"robots\" content=\"index, follow, max-snippet:-1, max-image-preview:large, max-video-preview:-1\" \/>\n<link rel=\"canonical\" href=\"https:\/\/gastronomicament.cat\/de\/biel-ramon-millor-cocteler-despanya-en-coneixement\" \/>\n<meta property=\"og:locale\" content=\"de_DE\" \/>\n<meta property=\"og:type\" content=\"article\" \/>\n<meta property=\"og:title\" content=\"Biel Ramon, millor cocteler d&#039;Espanya en coneixement - Gastron\u00f2micament\" \/>\n<meta property=\"og:description\" content=\"Biel Ramon, millor cocteler d&#039;Espanya en coneixement Actualitat, Concursos i premis El responsable de cocteleria de Terrassa 360 i del Bar s&#039;Avinguda d&#039;Alar\u00f3 ha demostrat el seu domini de la te\u00f2rica\" \/>\n<meta property=\"og:url\" content=\"https:\/\/gastronomicament.cat\/de\/biel-ramon-millor-cocteler-despanya-en-coneixement\" \/>\n<meta property=\"og:site_name\" content=\"Gastron\u00f2micament\" \/>\n<meta property=\"article:published_time\" content=\"2024-12-11T12:25:40+00:00\" \/>\n<meta property=\"og:image\" content=\"https:\/\/gastronomicament.cat\/wp-content\/uploads\/2024\/12\/Biel-Ramon-Mari-cocteler-barman-Mallorca.jpg\" \/>\n\t<meta property=\"og:image:width\" content=\"876\" \/>\n\t<meta property=\"og:image:height\" content=\"494\" \/>\n\t<meta property=\"og:image:type\" content=\"image\/jpeg\" \/>\n<meta name=\"author\" content=\"Redacci\u00f3\" \/>\n<meta name=\"twitter:card\" content=\"summary_large_image\" \/>\n<meta name=\"twitter:creator\" content=\"@gastronomicamen\" \/>\n<meta name=\"twitter:site\" content=\"@gastronomicamen\" \/>\n<meta name=\"twitter:label1\" content=\"Verfasst von\" \/>\n\t<meta name=\"twitter:data1\" content=\"Redacci\u00f3\" \/>\n\t<meta name=\"twitter:label2\" content=\"Gesch\u00e4tzte Lesezeit\" \/>\n\t<meta name=\"twitter:data2\" content=\"2\u00a0Minuten\" \/>\n\t<meta name=\"twitter:label3\" content=\"Written by\" \/>\n\t<meta name=\"twitter:data3\" content=\"Redacci\u00f3\" \/>\n<script type=\"application\/ld+json\" class=\"yoast-schema-graph\">{\"@context\":\"https:\\\/\\\/schema.org\",\"@graph\":[{\"@type\":\"Article\",\"@id\":\"https:\\\/\\\/gastronomicament.cat\\\/de\\\/biel-ramon-millor-cocteler-despanya-en-coneixement#article\",\"isPartOf\":{\"@id\":\"https:\\\/\\\/gastronomicament.cat\\\/de\\\/biel-ramon-millor-cocteler-despanya-en-coneixement\"},\"author\":{\"name\":\"Redacci\u00f3\",\"@id\":\"https:\\\/\\\/gastronomicament.cat\\\/de\\\/#\\\/schema\\\/person\\\/a7c85c537a1ed62799a5b8e0f686a37f\"},\"headline\":\"Biel Ramon, millor cocteler d&#8217;Espanya en coneixement\",\"datePublished\":\"2024-12-11T12:25:40+00:00\",\"mainEntityOfPage\":{\"@id\":\"https:\\\/\\\/gastronomicament.cat\\\/de\\\/biel-ramon-millor-cocteler-despanya-en-coneixement\"},\"wordCount\":211,\"commentCount\":0,\"publisher\":{\"@id\":\"https:\\\/\\\/gastronomicament.cat\\\/de\\\/#organization\"},\"image\":{\"@id\":\"https:\\\/\\\/gastronomicament.cat\\\/de\\\/biel-ramon-millor-cocteler-despanya-en-coneixement#primaryimage\"},\"thumbnailUrl\":\"https:\\\/\\\/gastronomicament.cat\\\/wp-content\\\/uploads\\\/2024\\\/12\\\/Biel-Ramon-Mari-cocteler-barman-Mallorca.jpg\",\"articleSection\":[\"Actualitat\",\"Concursos i premis\"],\"inLanguage\":\"de\",\"potentialAction\":[{\"@type\":\"CommentAction\",\"name\":\"Comment\",\"target\":[\"https:\\\/\\\/gastronomicament.cat\\\/de\\\/biel-ramon-millor-cocteler-despanya-en-coneixement#respond\"]}]},{\"@type\":\"WebPage\",\"@id\":\"https:\\\/\\\/gastronomicament.cat\\\/de\\\/biel-ramon-millor-cocteler-despanya-en-coneixement\",\"url\":\"https:\\\/\\\/gastronomicament.cat\\\/de\\\/biel-ramon-millor-cocteler-despanya-en-coneixement\",\"name\":\"Biel Ramon, millor cocteler d'Espanya en coneixement - Gastron\u00f2micament\",\"isPartOf\":{\"@id\":\"https:\\\/\\\/gastronomicament.cat\\\/de\\\/#website\"},\"primaryImageOfPage\":{\"@id\":\"https:\\\/\\\/gastronomicament.cat\\\/de\\\/biel-ramon-millor-cocteler-despanya-en-coneixement#primaryimage\"},\"image\":{\"@id\":\"https:\\\/\\\/gastronomicament.cat\\\/de\\\/biel-ramon-millor-cocteler-despanya-en-coneixement#primaryimage\"},\"thumbnailUrl\":\"https:\\\/\\\/gastronomicament.cat\\\/wp-content\\\/uploads\\\/2024\\\/12\\\/Biel-Ramon-Mari-cocteler-barman-Mallorca.jpg\",\"datePublished\":\"2024-12-11T12:25:40+00:00\",\"description\":\"Biel Ramon, millor cocteler d'Espanya en coneixement Actualitat, Concursos i premis El responsable de cocteleria de Terrassa 360 i del Bar s'Avinguda d'Alar\u00f3 ha demostrat el seu domini de la te\u00f2rica\",\"inLanguage\":\"de\",\"potentialAction\":[{\"@type\":\"ReadAction\",\"target\":[\"https:\\\/\\\/gastronomicament.cat\\\/de\\\/biel-ramon-millor-cocteler-despanya-en-coneixement\"]}]},{\"@type\":\"ImageObject\",\"inLanguage\":\"de\",\"@id\":\"https:\\\/\\\/gastronomicament.cat\\\/de\\\/biel-ramon-millor-cocteler-despanya-en-coneixement#primaryimage\",\"url\":\"https:\\\/\\\/gastronomicament.cat\\\/wp-content\\\/uploads\\\/2024\\\/12\\\/Biel-Ramon-Mari-cocteler-barman-Mallorca.jpg\",\"contentUrl\":\"https:\\\/\\\/gastronomicament.cat\\\/wp-content\\\/uploads\\\/2024\\\/12\\\/Biel-Ramon-Mari-cocteler-barman-Mallorca.jpg\",\"width\":876,\"height\":494},{\"@type\":\"WebSite\",\"@id\":\"https:\\\/\\\/gastronomicament.cat\\\/de\\\/#website\",\"url\":\"https:\\\/\\\/gastronomicament.cat\\\/de\\\/\",\"name\":\"Gastron\u00f2micament\",\"description\":\"Portal de restaurants, receptes i actualitat gastron\u00f2mica\",\"publisher\":{\"@id\":\"https:\\\/\\\/gastronomicament.cat\\\/de\\\/#organization\"},\"potentialAction\":[{\"@type\":\"SearchAction\",\"target\":{\"@type\":\"EntryPoint\",\"urlTemplate\":\"https:\\\/\\\/gastronomicament.cat\\\/de\\\/?s={search_term_string}\"},\"query-input\":{\"@type\":\"PropertyValueSpecification\",\"valueRequired\":true,\"valueName\":\"search_term_string\"}}],\"inLanguage\":\"de\"},{\"@type\":\"Organization\",\"@id\":\"https:\\\/\\\/gastronomicament.cat\\\/de\\\/#organization\",\"name\":\"Gastron\u00f2micament\",\"url\":\"https:\\\/\\\/gastronomicament.cat\\\/de\\\/\",\"logo\":{\"@type\":\"ImageObject\",\"inLanguage\":\"de\",\"@id\":\"https:\\\/\\\/gastronomicament.cat\\\/de\\\/#\\\/schema\\\/logo\\\/image\\\/\",\"url\":\"https:\\\/\\\/gastronomicament.cat\\\/wp-content\\\/uploads\\\/2016\\\/09\\\/header-logo.jpg\",\"contentUrl\":\"https:\\\/\\\/gastronomicament.cat\\\/wp-content\\\/uploads\\\/2016\\\/09\\\/header-logo.jpg\",\"width\":277,\"height\":39,\"caption\":\"Gastron\u00f2micament\"},\"image\":{\"@id\":\"https:\\\/\\\/gastronomicament.cat\\\/de\\\/#\\\/schema\\\/logo\\\/image\\\/\"},\"sameAs\":[\"https:\\\/\\\/x.com\\\/gastronomicamen\"]},{\"@type\":\"Person\",\"@id\":\"https:\\\/\\\/gastronomicament.cat\\\/de\\\/#\\\/schema\\\/person\\\/a7c85c537a1ed62799a5b8e0f686a37f\",\"name\":\"Redacci\u00f3\",\"image\":{\"@type\":\"ImageObject\",\"inLanguage\":\"de\",\"@id\":\"https:\\\/\\\/secure.gravatar.com\\\/avatar\\\/9489a485c464fd611d33825daae651d13db70c4e74c65c94937a15a9d4c3ee14?s=96&d=mm&r=g69fea3cce3645dfa2166e7293e22955e\",\"url\":\"https:\\\/\\\/secure.gravatar.com\\\/avatar\\\/9489a485c464fd611d33825daae651d13db70c4e74c65c94937a15a9d4c3ee14?s=96&d=mm&r=g\",\"contentUrl\":\"https:\\\/\\\/secure.gravatar.com\\\/avatar\\\/9489a485c464fd611d33825daae651d13db70c4e74c65c94937a15a9d4c3ee14?s=96&d=mm&r=g\",\"caption\":\"Redacci\u00f3\"},\"sameAs\":[\"http:\\\/\\\/gastronomicament.cat\"],\"url\":\"https:\\\/\\\/gastronomicament.cat\\\/de\\\/author\\\/admin\"}]}<\/script>\n<!-- \/ Yoast SEO plugin. -->","yoast_head_json":{"title":"Biel Ramon, millor cocteler d'Espanya en coneixement - Gastron\u00f2micament","description":"Biel Ramon, millor cocteler d'Espanya en coneixement Actualitat, Concursos i premis El responsable de cocteleria de Terrassa 360 i del Bar s'Avinguda d'Alar\u00f3 ha demostrat el seu domini de la te\u00f2rica","robots":{"index":"index","follow":"follow","max-snippet":"max-snippet:-1","max-image-preview":"max-image-preview:large","max-video-preview":"max-video-preview:-1"},"canonical":"https:\/\/gastronomicament.cat\/de\/biel-ramon-millor-cocteler-despanya-en-coneixement","og_locale":"de_DE","og_type":"article","og_title":"Biel Ramon, millor cocteler d'Espanya en coneixement - Gastron\u00f2micament","og_description":"Biel Ramon, millor cocteler d'Espanya en coneixement Actualitat, Concursos i premis El responsable de cocteleria de Terrassa 360 i del Bar s'Avinguda d'Alar\u00f3 ha demostrat el seu domini de la te\u00f2rica","og_url":"https:\/\/gastronomicament.cat\/de\/biel-ramon-millor-cocteler-despanya-en-coneixement","og_site_name":"Gastron\u00f2micament","article_published_time":"2024-12-11T12:25:40+00:00","og_image":[{"width":876,"height":494,"url":"https:\/\/gastronomicament.cat\/wp-content\/uploads\/2024\/12\/Biel-Ramon-Mari-cocteler-barman-Mallorca.jpg","type":"image\/jpeg"}],"author":"Redacci\u00f3","twitter_card":"summary_large_image","twitter_creator":"@gastronomicamen","twitter_site":"@gastronomicamen","twitter_misc":{"Verfasst von":"Redacci\u00f3","Gesch\u00e4tzte Lesezeit":"2\u00a0Minuten","Written by":"Redacci\u00f3"},"schema":{"@context":"https:\/\/schema.org","@graph":[{"@type":"Article","@id":"https:\/\/gastronomicament.cat\/de\/biel-ramon-millor-cocteler-despanya-en-coneixement#article","isPartOf":{"@id":"https:\/\/gastronomicament.cat\/de\/biel-ramon-millor-cocteler-despanya-en-coneixement"},"author":{"name":"Redacci\u00f3","@id":"https:\/\/gastronomicament.cat\/de\/#\/schema\/person\/a7c85c537a1ed62799a5b8e0f686a37f"},"headline":"Biel Ramon, millor cocteler d&#8217;Espanya en coneixement","datePublished":"2024-12-11T12:25:40+00:00","mainEntityOfPage":{"@id":"https:\/\/gastronomicament.cat\/de\/biel-ramon-millor-cocteler-despanya-en-coneixement"},"wordCount":211,"commentCount":0,"publisher":{"@id":"https:\/\/gastronomicament.cat\/de\/#organization"},"image":{"@id":"https:\/\/gastronomicament.cat\/de\/biel-ramon-millor-cocteler-despanya-en-coneixement#primaryimage"},"thumbnailUrl":"https:\/\/gastronomicament.cat\/wp-content\/uploads\/2024\/12\/Biel-Ramon-Mari-cocteler-barman-Mallorca.jpg","articleSection":["Actualitat","Concursos i premis"],"inLanguage":"de","potentialAction":[{"@type":"CommentAction","name":"Comment","target":["https:\/\/gastronomicament.cat\/de\/biel-ramon-millor-cocteler-despanya-en-coneixement#respond"]}]},{"@type":"WebPage","@id":"https:\/\/gastronomicament.cat\/de\/biel-ramon-millor-cocteler-despanya-en-coneixement","url":"https:\/\/gastronomicament.cat\/de\/biel-ramon-millor-cocteler-despanya-en-coneixement","name":"Biel Ramon, millor cocteler d'Espanya en coneixement - Gastron\u00f2micament","isPartOf":{"@id":"https:\/\/gastronomicament.cat\/de\/#website"},"primaryImageOfPage":{"@id":"https:\/\/gastronomicament.cat\/de\/biel-ramon-millor-cocteler-despanya-en-coneixement#primaryimage"},"image":{"@id":"https:\/\/gastronomicament.cat\/de\/biel-ramon-millor-cocteler-despanya-en-coneixement#primaryimage"},"thumbnailUrl":"https:\/\/gastronomicament.cat\/wp-content\/uploads\/2024\/12\/Biel-Ramon-Mari-cocteler-barman-Mallorca.jpg","datePublished":"2024-12-11T12:25:40+00:00","description":"Biel Ramon, millor cocteler d'Espanya en coneixement Actualitat, Concursos i premis El responsable de cocteleria de Terrassa 360 i del Bar s'Avinguda d'Alar\u00f3 ha demostrat el seu domini de la te\u00f2rica","inLanguage":"de","potentialAction":[{"@type":"ReadAction","target":["https:\/\/gastronomicament.cat\/de\/biel-ramon-millor-cocteler-despanya-en-coneixement"]}]},{"@type":"ImageObject","inLanguage":"de","@id":"https:\/\/gastronomicament.cat\/de\/biel-ramon-millor-cocteler-despanya-en-coneixement#primaryimage","url":"https:\/\/gastronomicament.cat\/wp-content\/uploads\/2024\/12\/Biel-Ramon-Mari-cocteler-barman-Mallorca.jpg","contentUrl":"https:\/\/gastronomicament.cat\/wp-content\/uploads\/2024\/12\/Biel-Ramon-Mari-cocteler-barman-Mallorca.jpg","width":876,"height":494},{"@type":"WebSite","@id":"https:\/\/gastronomicament.cat\/de\/#website","url":"https:\/\/gastronomicament.cat\/de\/","name":"Gastron\u00f2micament","description":"Portal de restaurants, receptes i actualitat gastron\u00f2mica","publisher":{"@id":"https:\/\/gastronomicament.cat\/de\/#organization"},"potentialAction":[{"@type":"SearchAction","target":{"@type":"EntryPoint","urlTemplate":"https:\/\/gastronomicament.cat\/de\/?s={search_term_string}"},"query-input":{"@type":"PropertyValueSpecification","valueRequired":true,"valueName":"search_term_string"}}],"inLanguage":"de"},{"@type":"Organization","@id":"https:\/\/gastronomicament.cat\/de\/#organization","name":"Gastron\u00f2micament","url":"https:\/\/gastronomicament.cat\/de\/","logo":{"@type":"ImageObject","inLanguage":"de","@id":"https:\/\/gastronomicament.cat\/de\/#\/schema\/logo\/image\/","url":"https:\/\/gastronomicament.cat\/wp-content\/uploads\/2016\/09\/header-logo.jpg","contentUrl":"https:\/\/gastronomicament.cat\/wp-content\/uploads\/2016\/09\/header-logo.jpg","width":277,"height":39,"caption":"Gastron\u00f2micament"},"image":{"@id":"https:\/\/gastronomicament.cat\/de\/#\/schema\/logo\/image\/"},"sameAs":["https:\/\/x.com\/gastronomicamen"]},{"@type":"Person","@id":"https:\/\/gastronomicament.cat\/de\/#\/schema\/person\/a7c85c537a1ed62799a5b8e0f686a37f","name":"Redacci\u00f3","image":{"@type":"ImageObject","inLanguage":"de","@id":"https:\/\/secure.gravatar.com\/avatar\/9489a485c464fd611d33825daae651d13db70c4e74c65c94937a15a9d4c3ee14?s=96&d=mm&r=g69fea3cce3645dfa2166e7293e22955e","url":"https:\/\/secure.gravatar.com\/avatar\/9489a485c464fd611d33825daae651d13db70c4e74c65c94937a15a9d4c3ee14?s=96&d=mm&r=g","contentUrl":"https:\/\/secure.gravatar.com\/avatar\/9489a485c464fd611d33825daae651d13db70c4e74c65c94937a15a9d4c3ee14?s=96&d=mm&r=g","caption":"Redacci\u00f3"},"sameAs":["http:\/\/gastronomicament.cat"],"url":"https:\/\/gastronomicament.cat\/de\/author\/admin"}]}},"_links":{"self":[{"href":"https:\/\/gastronomicament.cat\/de\/wp-json\/wp\/v2\/posts\/92941","targetHints":{"allow":["GET"]}}],"collection":[{"href":"https:\/\/gastronomicament.cat\/de\/wp-json\/wp\/v2\/posts"}],"about":[{"href":"https:\/\/gastronomicament.cat\/de\/wp-json\/wp\/v2\/types\/post"}],"author":[{"embeddable":true,"href":"https:\/\/gastronomicament.cat\/de\/wp-json\/wp\/v2\/users\/1"}],"replies":[{"embeddable":true,"href":"https:\/\/gastronomicament.cat\/de\/wp-json\/wp\/v2\/comments?post=92941"}],"version-history":[{"count":0,"href":"https:\/\/gastronomicament.cat\/de\/wp-json\/wp\/v2\/posts\/92941\/revisions"}],"wp:featuredmedia":[{"embeddable":true,"href":"https:\/\/gastronomicament.cat\/de\/wp-json\/wp\/v2\/media\/92937"}],"wp:attachment":[{"href":"https:\/\/gastronomicament.cat\/de\/wp-json\/wp\/v2\/media?parent=92941"}],"wp:term":[{"taxonomy":"category","embeddable":true,"href":"https:\/\/gastronomicament.cat\/de\/wp-json\/wp\/v2\/categories?post=92941"},{"taxonomy":"post_tag","embeddable":true,"href":"https:\/\/gastronomicament.cat\/de\/wp-json\/wp\/v2\/tags?post=92941"},{"taxonomy":"author","embeddable":true,"href":"https:\/\/gastronomicament.cat\/de\/wp-json\/wp\/v2\/coauthors?post=92941"}],"curies":[{"name":"wp","href":"https:\/\/api.w.org\/{rel}","templated":true}]}}