{"id":94042,"date":"2025-03-12T12:55:10","date_gmt":"2025-03-12T11:55:10","guid":{"rendered":"https:\/\/gastronomicament.cat\/de-xef-estrella-michelin-a-cuiner-de-residencia-per-a-persones-majors"},"modified":"2026-04-16T18:50:36","modified_gmt":"2026-04-16T16:50:36","slug":"de-xef-estrella-michelin-a-cuiner-de-residencia-per-a-persones-majors","status":"publish","type":"post","link":"https:\/\/gastronomicament.cat\/de\/de-xef-estrella-michelin-a-cuiner-de-residencia-per-a-persones-majors","title":{"rendered":"De xef estrella Michelin a cuiner de resid\u00e8ncia per a persones majors"},"content":{"rendered":"\n<p>Toni Perell\u00f3 \u00e9s un cuiner que despr\u00e9s de fer feina a restaurants amb estrella Michelin, executa di\u00e0riament el&nbsp;seu coneixement a la resid\u00e8ncia Fontsana Son Armadams (Palma), on gaudeix d&#8217;una relaci\u00f3 molt m\u00e9s estreta i propera amb els usuaris.<\/p>\n\n\n\n<p>Despr\u00e9s d&#8217;estudiar hoteleria i turisme a l&#8217;Institut Jun\u00edper Serra de Palma, Antoni Mauro Perell\u00f3 L\u00f3pez (53 anys) va cursar les seves primeres pr\u00e0ctiques al c\u00e8lebre restaurant que el xef amb estrella Michelin Koldo Royo tenia a la capital balear.<\/p>\n\n\n\n<p>Aquest va ser el seu debut en un m\u00f3n que li ha donat moltes alegries, a m\u00e9s de gaudir de l&#8217;oportunitat de treballar en alguns dels millors restaurants i hotels de l&#8217;illa, com el Club N\u00e0utic de Palma, el restaurant L&#8217;Olivera de l&#8217;hotel Belmond La Resid\u00e8ncia (Dei\u00e0), el Bah\u00eda Mediterr\u00e1neo (Palma) o l&#8217;actual Secrets Mallorca Villamil, on va exercir de xef durant 15 anys.<\/p>\n\n\n\n<p>D&#8217;all\u00e0 va saltar, poc abans de la pand\u00e8mia, a un sector al qual, durant molt de&nbsp; temps, va tenir ganes de treballar: el del c\u00e0tering i les col\u00b7lectivitats. Fins que fa un any, es va incorporar com a cuiner a la resid\u00e8ncia de gent gran Fontsana Son Armadams de Palma.<\/p>\n\n\n\n<p><strong>Una relaci\u00f3 molt propera amb els usuaris<br><\/strong>Per a Toni Perell\u00f3, aquest canvi ha estat molt satisfactori, at\u00e8s que el contacte amb l&#8217;usuari \u00e9s molt proper. A difer\u00e8ncia dels clients que visiten els restaurants o els hotels, aqu\u00ed veus els residents cada dia, i durant tot l&#8217;any, per la qual cosa es genera una relaci\u00f3 molt m\u00e9s afectiva\u201d, comenta Perell\u00f3.<\/p>\n\n\n\n<p><strong>Aix\u00ed s&#8217;elaboren els men\u00fas a les resid\u00e8ncies de gent gran<br><\/strong>En alguns aspectes com la gesti\u00f3 dels equips i la realitzaci\u00f3 de compres, l&#8217;oferta gastron\u00f2mica que es fa a les resid\u00e8ncies \u00e9s molt semblant a la dels restaurants i hotels. La difer\u00e8ncia m\u00e9s gran \u00e9s que a les resid\u00e8ncies s&#8217;adapten els men\u00fas a cadascun dels usuaris.<\/p>\n\n\n\n<p>Segons Toni Perell\u00f3, \u201cel primer pas \u00e9s elaborar un men\u00fa basal tipus, que \u00e9s enviat a la nutricionista, perqu\u00e8 ajusti les necessitats nutricionals i hi estableixi les diferents derivacions\u201d.<\/p>\n\n\n\n<p>A la&nbsp;<strong>resid\u00e8ncia Fontsana Son Armadams es preparen cada dia uns 150 men\u00fas per dinar i sopar<\/strong>. Toni explica que \u201cprop del 70% s\u00f3n men\u00fas pr\u00e0cticament normals, amb alguna variaci\u00f3 com ara poc assaonats. Del 30% restant, un 10% s\u00f3n men\u00fas triturats, un altre 10% de f\u00e0cil masticaci\u00f3 i la resta s\u00f3n dietes m\u00e9s espec\u00edfiques per a cel\u00edacs, gent que no pot prendre lactosa o usuaris amb altres al\u00b7l\u00e8rgies o pautes m\u00e8diques concretes\u201d.<\/p>\n\n\n\n<p>Tot i que s\u00f3n men\u00fas personalitzats, elaborats espec\u00edficament per a cada persona, aquest fet no sol ser valorat pels usuaris. I per a Toni \u201c\u00e9s normal. Molts dels residents s\u00f3n gent que durant la seva vida ha menjat b\u00e9 i s\u00f3n grans coneixedors de la gastronomia. Per aix\u00f2, encara que els nostres plats estan elaborats amb productes de qualitat, s\u00f3n excel\u00b7lents a nivell nutricional, i es preparen amb la mateixa cura que als restaurants de 5 estrelles, per a ells no \u00e9s el mateix\u201d.<\/p>\n\n\n\n<p>En aquell moment, explica, \u201cells no aprecien que s\u00f3n plats espec\u00edficament per a ells i que per aix\u00f2 tenen un gran valor. Sin\u00f3 que pensen que els agradaria menjar una altra cosa. \u00d2bviament no \u00e9s el mateix menjar un plat de llenties amb xori\u00e7o i botifarr\u00f3, que menjar-lo sense tant de condiment i com a pur\u00e9, encara que tots dos siguin de la mateixa qualitat\u201d.<\/p>\n\n\n\n<p><strong>El secret de la felicitat rau que el menjar sigui cada dia una sorpresa<br><\/strong>Tot i aix\u00f2, Toni reconeix que \u201cper a molts el menjar \u00e9s un dels millors moments del dia. Dins una jornada en qu\u00e8 sol haver-hi for\u00e7a rutina, ens sentim obligats a innovar, perqu\u00e8 el menjar sigui cada dia una sorpresa\u201d. En molts casos, explica, \u201cel menjar pot millorar l\u201festat d\u201f\u00e0nim dels residents, molts dels quals tenen entre 80 i 100 anys. Per aconseguir connectar-hi, donem molta import\u00e0ncia a la presentaci\u00f3 dels plats. Als men\u00fas de la resid\u00e8ncia, tot est\u00e0 pensat, i res no es pren a la lleugera\u201d.<\/p>\n\n\n\n<p>Aix\u00ed com est\u00e0 succeint a la resta dels sectors gastron\u00f2mics, Toni confirma \u201cque intentam incrementar el nombre de prove\u00efdors locals, sobretot pel que fa a productes com a fruites i verdures. \u00c9s una tend\u00e8ncia que volem anar incorporant progressivament\u201d.<\/p>\n\n\n\n<p><strong>Els plats prefereits de la gent gran<br><\/strong>Per Toni Perell\u00f3, \u201cel fet que als grans no els agrada menjar \u00e9s un mite\u201d. Molts, defensa, \u201cconeixen millor la gastronomia que no pas molta de gent de la meva generaci\u00f3. I hi ha plats que s\u00f3n aut\u00e8ntics<em>&nbsp;best-sellers<\/em>\u201d. Entre aquests, conclou, \u201chi ha la paella o la fideu\u00e0 dels diumenges, que \u00e9s una especialitat que tots associam als dies festius en fam\u00edlia, i degustar-los \u00e9s una cosa que els ajuda a activar la mem\u00f2ria. Tamb\u00e9 els encanten els plats de cullera, especialment les llenties; els canelons, que a m\u00e9s s\u00f3n molt bons de menjar; iles&nbsp; postres com a pudding i arr\u00f2s amb llet, que surten una mica de la seva dieta habitual\u201d.<\/p>\n","protected":false},"excerpt":{"rendered":"<p>Toni Perell\u00f3 comenta que\u00a0se sent obligat a innovar, perqu\u00e8 el menjar sigui cada dia una sorpresa<\/p>\n","protected":false},"author":1,"featured_media":94038,"comment_status":"open","ping_status":"closed","sticky":false,"template":"","format":"standard","meta":{"_acf_changed":false,"_swt_meta_header_display":false,"_swt_meta_footer_display":false,"_swt_meta_site_title_display":false,"_swt_meta_sticky_header":false,"_swt_meta_transparent_header":false,"footnotes":""},"categories":[692,955],"tags":[],"coauthors":[2053],"class_list":["post-94042","post","type-post","status-publish","format-standard","has-post-thumbnail","hentry","category-actualitat","category-reportatges-i-novetats"],"acf":{"gallery":"","home_date":{"home_begin_date":null,"home_end_date":null}},"yoast_head":"<!-- This site is optimized with the Yoast SEO plugin v27.4 - https:\/\/yoast.com\/product\/yoast-seo-wordpress\/ -->\n<title>De xef estrella Michelin a cuiner de resid\u00e8ncia per a persones majors - Gastron\u00f2micament<\/title>\n<meta name=\"description\" content=\"De xef estrella Michelin a cuiner de resid\u00e8ncia per a persones majors Actualitat, Reportatges i novetats Toni Perell\u00f3 comenta que\u00a0se sent obligat a innovar, perqu\u00e8 el menjar sigui cada dia una sorpresa\" \/>\n<meta name=\"robots\" content=\"index, follow, max-snippet:-1, max-image-preview:large, max-video-preview:-1\" \/>\n<link rel=\"canonical\" href=\"https:\/\/gastronomicament.cat\/de\/de-xef-estrella-michelin-a-cuiner-de-residencia-per-a-persones-majors\" \/>\n<meta property=\"og:locale\" content=\"de_DE\" \/>\n<meta property=\"og:type\" content=\"article\" \/>\n<meta property=\"og:title\" content=\"De xef estrella Michelin a cuiner de resid\u00e8ncia per a persones majors - Gastron\u00f2micament\" \/>\n<meta property=\"og:description\" content=\"De xef estrella Michelin a cuiner de resid\u00e8ncia per a persones majors Actualitat, Reportatges i novetats Toni Perell\u00f3 comenta que\u00a0se sent obligat a innovar, perqu\u00e8 el menjar sigui cada dia una sorpresa\" \/>\n<meta property=\"og:url\" content=\"https:\/\/gastronomicament.cat\/de\/de-xef-estrella-michelin-a-cuiner-de-residencia-per-a-persones-majors\" \/>\n<meta property=\"og:site_name\" content=\"Gastron\u00f2micament\" \/>\n<meta property=\"article:published_time\" content=\"2025-03-12T11:55:10+00:00\" \/>\n<meta property=\"article:modified_time\" content=\"2026-04-16T16:50:36+00:00\" \/>\n<meta property=\"og:image\" content=\"https:\/\/gastronomicament.cat\/wp-content\/uploads\/2025\/03\/Toni-Perello-residencia-Fontsana-Son-Armadams-1.jpg\" \/>\n\t<meta property=\"og:image:width\" content=\"1287\" \/>\n\t<meta property=\"og:image:height\" content=\"764\" \/>\n\t<meta property=\"og:image:type\" content=\"image\/jpeg\" \/>\n<meta name=\"author\" content=\"Redacci\u00f3\" \/>\n<meta name=\"twitter:card\" content=\"summary_large_image\" \/>\n<meta name=\"twitter:creator\" content=\"@gastronomicamen\" \/>\n<meta name=\"twitter:site\" content=\"@gastronomicamen\" \/>\n<meta name=\"twitter:label1\" content=\"Verfasst von\" \/>\n\t<meta name=\"twitter:data1\" content=\"Redacci\u00f3\" \/>\n\t<meta name=\"twitter:label2\" content=\"Gesch\u00e4tzte Lesezeit\" \/>\n\t<meta name=\"twitter:data2\" content=\"5\u00a0Minuten\" \/>\n\t<meta name=\"twitter:label3\" content=\"Written by\" \/>\n\t<meta name=\"twitter:data3\" content=\"Redacci\u00f3\" \/>\n<script type=\"application\/ld+json\" class=\"yoast-schema-graph\">{\"@context\":\"https:\\\/\\\/schema.org\",\"@graph\":[{\"@type\":\"Article\",\"@id\":\"https:\\\/\\\/gastronomicament.cat\\\/de\\\/de-xef-estrella-michelin-a-cuiner-de-residencia-per-a-persones-majors#article\",\"isPartOf\":{\"@id\":\"https:\\\/\\\/gastronomicament.cat\\\/de\\\/de-xef-estrella-michelin-a-cuiner-de-residencia-per-a-persones-majors\"},\"author\":{\"name\":\"Redacci\u00f3\",\"@id\":\"https:\\\/\\\/gastronomicament.cat\\\/de\\\/#\\\/schema\\\/person\\\/a7c85c537a1ed62799a5b8e0f686a37f\"},\"headline\":\"De xef estrella Michelin a cuiner de resid\u00e8ncia per a persones majors\",\"datePublished\":\"2025-03-12T11:55:10+00:00\",\"dateModified\":\"2026-04-16T16:50:36+00:00\",\"mainEntityOfPage\":{\"@id\":\"https:\\\/\\\/gastronomicament.cat\\\/de\\\/de-xef-estrella-michelin-a-cuiner-de-residencia-per-a-persones-majors\"},\"wordCount\":899,\"commentCount\":0,\"publisher\":{\"@id\":\"https:\\\/\\\/gastronomicament.cat\\\/de\\\/#organization\"},\"image\":{\"@id\":\"https:\\\/\\\/gastronomicament.cat\\\/de\\\/de-xef-estrella-michelin-a-cuiner-de-residencia-per-a-persones-majors#primaryimage\"},\"thumbnailUrl\":\"https:\\\/\\\/gastronomicament.cat\\\/wp-content\\\/uploads\\\/2025\\\/03\\\/Toni-Perello-residencia-Fontsana-Son-Armadams-1.jpg\",\"articleSection\":[\"Actualitat\",\"Reportatges i novetats\"],\"inLanguage\":\"de\",\"potentialAction\":[{\"@type\":\"CommentAction\",\"name\":\"Comment\",\"target\":[\"https:\\\/\\\/gastronomicament.cat\\\/de\\\/de-xef-estrella-michelin-a-cuiner-de-residencia-per-a-persones-majors#respond\"]}]},{\"@type\":\"WebPage\",\"@id\":\"https:\\\/\\\/gastronomicament.cat\\\/de\\\/de-xef-estrella-michelin-a-cuiner-de-residencia-per-a-persones-majors\",\"url\":\"https:\\\/\\\/gastronomicament.cat\\\/de\\\/de-xef-estrella-michelin-a-cuiner-de-residencia-per-a-persones-majors\",\"name\":\"De xef estrella Michelin a cuiner de resid\u00e8ncia per a persones majors - Gastron\u00f2micament\",\"isPartOf\":{\"@id\":\"https:\\\/\\\/gastronomicament.cat\\\/de\\\/#website\"},\"primaryImageOfPage\":{\"@id\":\"https:\\\/\\\/gastronomicament.cat\\\/de\\\/de-xef-estrella-michelin-a-cuiner-de-residencia-per-a-persones-majors#primaryimage\"},\"image\":{\"@id\":\"https:\\\/\\\/gastronomicament.cat\\\/de\\\/de-xef-estrella-michelin-a-cuiner-de-residencia-per-a-persones-majors#primaryimage\"},\"thumbnailUrl\":\"https:\\\/\\\/gastronomicament.cat\\\/wp-content\\\/uploads\\\/2025\\\/03\\\/Toni-Perello-residencia-Fontsana-Son-Armadams-1.jpg\",\"datePublished\":\"2025-03-12T11:55:10+00:00\",\"dateModified\":\"2026-04-16T16:50:36+00:00\",\"description\":\"De xef estrella Michelin a cuiner de resid\u00e8ncia per a persones majors Actualitat, Reportatges i novetats Toni Perell\u00f3 comenta que\u00a0se sent obligat a innovar, perqu\u00e8 el menjar sigui cada dia una sorpresa\",\"inLanguage\":\"de\",\"potentialAction\":[{\"@type\":\"ReadAction\",\"target\":[\"https:\\\/\\\/gastronomicament.cat\\\/de\\\/de-xef-estrella-michelin-a-cuiner-de-residencia-per-a-persones-majors\"]}]},{\"@type\":\"ImageObject\",\"inLanguage\":\"de\",\"@id\":\"https:\\\/\\\/gastronomicament.cat\\\/de\\\/de-xef-estrella-michelin-a-cuiner-de-residencia-per-a-persones-majors#primaryimage\",\"url\":\"https:\\\/\\\/gastronomicament.cat\\\/wp-content\\\/uploads\\\/2025\\\/03\\\/Toni-Perello-residencia-Fontsana-Son-Armadams-1.jpg\",\"contentUrl\":\"https:\\\/\\\/gastronomicament.cat\\\/wp-content\\\/uploads\\\/2025\\\/03\\\/Toni-Perello-residencia-Fontsana-Son-Armadams-1.jpg\",\"width\":1287,\"height\":764},{\"@type\":\"WebSite\",\"@id\":\"https:\\\/\\\/gastronomicament.cat\\\/de\\\/#website\",\"url\":\"https:\\\/\\\/gastronomicament.cat\\\/de\\\/\",\"name\":\"Gastron\u00f2micament\",\"description\":\"Portal de restaurants, receptes i actualitat gastron\u00f2mica\",\"publisher\":{\"@id\":\"https:\\\/\\\/gastronomicament.cat\\\/de\\\/#organization\"},\"potentialAction\":[{\"@type\":\"SearchAction\",\"target\":{\"@type\":\"EntryPoint\",\"urlTemplate\":\"https:\\\/\\\/gastronomicament.cat\\\/de\\\/?s={search_term_string}\"},\"query-input\":{\"@type\":\"PropertyValueSpecification\",\"valueRequired\":true,\"valueName\":\"search_term_string\"}}],\"inLanguage\":\"de\"},{\"@type\":\"Organization\",\"@id\":\"https:\\\/\\\/gastronomicament.cat\\\/de\\\/#organization\",\"name\":\"Gastron\u00f2micament\",\"url\":\"https:\\\/\\\/gastronomicament.cat\\\/de\\\/\",\"logo\":{\"@type\":\"ImageObject\",\"inLanguage\":\"de\",\"@id\":\"https:\\\/\\\/gastronomicament.cat\\\/de\\\/#\\\/schema\\\/logo\\\/image\\\/\",\"url\":\"https:\\\/\\\/gastronomicament.cat\\\/wp-content\\\/uploads\\\/2016\\\/09\\\/header-logo.jpg\",\"contentUrl\":\"https:\\\/\\\/gastronomicament.cat\\\/wp-content\\\/uploads\\\/2016\\\/09\\\/header-logo.jpg\",\"width\":277,\"height\":39,\"caption\":\"Gastron\u00f2micament\"},\"image\":{\"@id\":\"https:\\\/\\\/gastronomicament.cat\\\/de\\\/#\\\/schema\\\/logo\\\/image\\\/\"},\"sameAs\":[\"https:\\\/\\\/x.com\\\/gastronomicamen\"]},{\"@type\":\"Person\",\"@id\":\"https:\\\/\\\/gastronomicament.cat\\\/de\\\/#\\\/schema\\\/person\\\/a7c85c537a1ed62799a5b8e0f686a37f\",\"name\":\"Redacci\u00f3\",\"image\":{\"@type\":\"ImageObject\",\"inLanguage\":\"de\",\"@id\":\"https:\\\/\\\/secure.gravatar.com\\\/avatar\\\/9489a485c464fd611d33825daae651d13db70c4e74c65c94937a15a9d4c3ee14?s=96&d=mm&r=g69fea3cce3645dfa2166e7293e22955e\",\"url\":\"https:\\\/\\\/secure.gravatar.com\\\/avatar\\\/9489a485c464fd611d33825daae651d13db70c4e74c65c94937a15a9d4c3ee14?s=96&d=mm&r=g\",\"contentUrl\":\"https:\\\/\\\/secure.gravatar.com\\\/avatar\\\/9489a485c464fd611d33825daae651d13db70c4e74c65c94937a15a9d4c3ee14?s=96&d=mm&r=g\",\"caption\":\"Redacci\u00f3\"},\"sameAs\":[\"http:\\\/\\\/gastronomicament.cat\"],\"url\":\"https:\\\/\\\/gastronomicament.cat\\\/de\\\/author\\\/admin\"}]}<\/script>\n<!-- \/ Yoast SEO plugin. -->","yoast_head_json":{"title":"De xef estrella Michelin a cuiner de resid\u00e8ncia per a persones majors - Gastron\u00f2micament","description":"De xef estrella Michelin a cuiner de resid\u00e8ncia per a persones majors Actualitat, Reportatges i novetats Toni Perell\u00f3 comenta que\u00a0se sent obligat a innovar, perqu\u00e8 el menjar sigui cada dia una sorpresa","robots":{"index":"index","follow":"follow","max-snippet":"max-snippet:-1","max-image-preview":"max-image-preview:large","max-video-preview":"max-video-preview:-1"},"canonical":"https:\/\/gastronomicament.cat\/de\/de-xef-estrella-michelin-a-cuiner-de-residencia-per-a-persones-majors","og_locale":"de_DE","og_type":"article","og_title":"De xef estrella Michelin a cuiner de resid\u00e8ncia per a persones majors - Gastron\u00f2micament","og_description":"De xef estrella Michelin a cuiner de resid\u00e8ncia per a persones majors Actualitat, Reportatges i novetats Toni Perell\u00f3 comenta que\u00a0se sent obligat a innovar, perqu\u00e8 el menjar sigui cada dia una sorpresa","og_url":"https:\/\/gastronomicament.cat\/de\/de-xef-estrella-michelin-a-cuiner-de-residencia-per-a-persones-majors","og_site_name":"Gastron\u00f2micament","article_published_time":"2025-03-12T11:55:10+00:00","article_modified_time":"2026-04-16T16:50:36+00:00","og_image":[{"width":1287,"height":764,"url":"https:\/\/gastronomicament.cat\/wp-content\/uploads\/2025\/03\/Toni-Perello-residencia-Fontsana-Son-Armadams-1.jpg","type":"image\/jpeg"}],"author":"Redacci\u00f3","twitter_card":"summary_large_image","twitter_creator":"@gastronomicamen","twitter_site":"@gastronomicamen","twitter_misc":{"Verfasst von":"Redacci\u00f3","Gesch\u00e4tzte Lesezeit":"5\u00a0Minuten","Written by":"Redacci\u00f3"},"schema":{"@context":"https:\/\/schema.org","@graph":[{"@type":"Article","@id":"https:\/\/gastronomicament.cat\/de\/de-xef-estrella-michelin-a-cuiner-de-residencia-per-a-persones-majors#article","isPartOf":{"@id":"https:\/\/gastronomicament.cat\/de\/de-xef-estrella-michelin-a-cuiner-de-residencia-per-a-persones-majors"},"author":{"name":"Redacci\u00f3","@id":"https:\/\/gastronomicament.cat\/de\/#\/schema\/person\/a7c85c537a1ed62799a5b8e0f686a37f"},"headline":"De xef estrella Michelin a cuiner de resid\u00e8ncia per a persones majors","datePublished":"2025-03-12T11:55:10+00:00","dateModified":"2026-04-16T16:50:36+00:00","mainEntityOfPage":{"@id":"https:\/\/gastronomicament.cat\/de\/de-xef-estrella-michelin-a-cuiner-de-residencia-per-a-persones-majors"},"wordCount":899,"commentCount":0,"publisher":{"@id":"https:\/\/gastronomicament.cat\/de\/#organization"},"image":{"@id":"https:\/\/gastronomicament.cat\/de\/de-xef-estrella-michelin-a-cuiner-de-residencia-per-a-persones-majors#primaryimage"},"thumbnailUrl":"https:\/\/gastronomicament.cat\/wp-content\/uploads\/2025\/03\/Toni-Perello-residencia-Fontsana-Son-Armadams-1.jpg","articleSection":["Actualitat","Reportatges i novetats"],"inLanguage":"de","potentialAction":[{"@type":"CommentAction","name":"Comment","target":["https:\/\/gastronomicament.cat\/de\/de-xef-estrella-michelin-a-cuiner-de-residencia-per-a-persones-majors#respond"]}]},{"@type":"WebPage","@id":"https:\/\/gastronomicament.cat\/de\/de-xef-estrella-michelin-a-cuiner-de-residencia-per-a-persones-majors","url":"https:\/\/gastronomicament.cat\/de\/de-xef-estrella-michelin-a-cuiner-de-residencia-per-a-persones-majors","name":"De xef estrella Michelin a cuiner de resid\u00e8ncia per a persones majors - Gastron\u00f2micament","isPartOf":{"@id":"https:\/\/gastronomicament.cat\/de\/#website"},"primaryImageOfPage":{"@id":"https:\/\/gastronomicament.cat\/de\/de-xef-estrella-michelin-a-cuiner-de-residencia-per-a-persones-majors#primaryimage"},"image":{"@id":"https:\/\/gastronomicament.cat\/de\/de-xef-estrella-michelin-a-cuiner-de-residencia-per-a-persones-majors#primaryimage"},"thumbnailUrl":"https:\/\/gastronomicament.cat\/wp-content\/uploads\/2025\/03\/Toni-Perello-residencia-Fontsana-Son-Armadams-1.jpg","datePublished":"2025-03-12T11:55:10+00:00","dateModified":"2026-04-16T16:50:36+00:00","description":"De xef estrella Michelin a cuiner de resid\u00e8ncia per a persones majors Actualitat, Reportatges i novetats Toni Perell\u00f3 comenta que\u00a0se sent obligat a innovar, perqu\u00e8 el menjar sigui cada dia una sorpresa","inLanguage":"de","potentialAction":[{"@type":"ReadAction","target":["https:\/\/gastronomicament.cat\/de\/de-xef-estrella-michelin-a-cuiner-de-residencia-per-a-persones-majors"]}]},{"@type":"ImageObject","inLanguage":"de","@id":"https:\/\/gastronomicament.cat\/de\/de-xef-estrella-michelin-a-cuiner-de-residencia-per-a-persones-majors#primaryimage","url":"https:\/\/gastronomicament.cat\/wp-content\/uploads\/2025\/03\/Toni-Perello-residencia-Fontsana-Son-Armadams-1.jpg","contentUrl":"https:\/\/gastronomicament.cat\/wp-content\/uploads\/2025\/03\/Toni-Perello-residencia-Fontsana-Son-Armadams-1.jpg","width":1287,"height":764},{"@type":"WebSite","@id":"https:\/\/gastronomicament.cat\/de\/#website","url":"https:\/\/gastronomicament.cat\/de\/","name":"Gastron\u00f2micament","description":"Portal de restaurants, receptes i actualitat gastron\u00f2mica","publisher":{"@id":"https:\/\/gastronomicament.cat\/de\/#organization"},"potentialAction":[{"@type":"SearchAction","target":{"@type":"EntryPoint","urlTemplate":"https:\/\/gastronomicament.cat\/de\/?s={search_term_string}"},"query-input":{"@type":"PropertyValueSpecification","valueRequired":true,"valueName":"search_term_string"}}],"inLanguage":"de"},{"@type":"Organization","@id":"https:\/\/gastronomicament.cat\/de\/#organization","name":"Gastron\u00f2micament","url":"https:\/\/gastronomicament.cat\/de\/","logo":{"@type":"ImageObject","inLanguage":"de","@id":"https:\/\/gastronomicament.cat\/de\/#\/schema\/logo\/image\/","url":"https:\/\/gastronomicament.cat\/wp-content\/uploads\/2016\/09\/header-logo.jpg","contentUrl":"https:\/\/gastronomicament.cat\/wp-content\/uploads\/2016\/09\/header-logo.jpg","width":277,"height":39,"caption":"Gastron\u00f2micament"},"image":{"@id":"https:\/\/gastronomicament.cat\/de\/#\/schema\/logo\/image\/"},"sameAs":["https:\/\/x.com\/gastronomicamen"]},{"@type":"Person","@id":"https:\/\/gastronomicament.cat\/de\/#\/schema\/person\/a7c85c537a1ed62799a5b8e0f686a37f","name":"Redacci\u00f3","image":{"@type":"ImageObject","inLanguage":"de","@id":"https:\/\/secure.gravatar.com\/avatar\/9489a485c464fd611d33825daae651d13db70c4e74c65c94937a15a9d4c3ee14?s=96&d=mm&r=g69fea3cce3645dfa2166e7293e22955e","url":"https:\/\/secure.gravatar.com\/avatar\/9489a485c464fd611d33825daae651d13db70c4e74c65c94937a15a9d4c3ee14?s=96&d=mm&r=g","contentUrl":"https:\/\/secure.gravatar.com\/avatar\/9489a485c464fd611d33825daae651d13db70c4e74c65c94937a15a9d4c3ee14?s=96&d=mm&r=g","caption":"Redacci\u00f3"},"sameAs":["http:\/\/gastronomicament.cat"],"url":"https:\/\/gastronomicament.cat\/de\/author\/admin"}]}},"_links":{"self":[{"href":"https:\/\/gastronomicament.cat\/de\/wp-json\/wp\/v2\/posts\/94042","targetHints":{"allow":["GET"]}}],"collection":[{"href":"https:\/\/gastronomicament.cat\/de\/wp-json\/wp\/v2\/posts"}],"about":[{"href":"https:\/\/gastronomicament.cat\/de\/wp-json\/wp\/v2\/types\/post"}],"author":[{"embeddable":true,"href":"https:\/\/gastronomicament.cat\/de\/wp-json\/wp\/v2\/users\/1"}],"replies":[{"embeddable":true,"href":"https:\/\/gastronomicament.cat\/de\/wp-json\/wp\/v2\/comments?post=94042"}],"version-history":[{"count":0,"href":"https:\/\/gastronomicament.cat\/de\/wp-json\/wp\/v2\/posts\/94042\/revisions"}],"wp:featuredmedia":[{"embeddable":true,"href":"https:\/\/gastronomicament.cat\/de\/wp-json\/wp\/v2\/media\/94038"}],"wp:attachment":[{"href":"https:\/\/gastronomicament.cat\/de\/wp-json\/wp\/v2\/media?parent=94042"}],"wp:term":[{"taxonomy":"category","embeddable":true,"href":"https:\/\/gastronomicament.cat\/de\/wp-json\/wp\/v2\/categories?post=94042"},{"taxonomy":"post_tag","embeddable":true,"href":"https:\/\/gastronomicament.cat\/de\/wp-json\/wp\/v2\/tags?post=94042"},{"taxonomy":"author","embeddable":true,"href":"https:\/\/gastronomicament.cat\/de\/wp-json\/wp\/v2\/coauthors?post=94042"}],"curies":[{"name":"wp","href":"https:\/\/api.w.org\/{rel}","templated":true}]}}