{"id":100720,"date":"2025-02-27T09:50:06","date_gmt":"2025-02-27T08:50:06","guid":{"rendered":"https:\/\/web2025.gastronomicament.cat\/la-mostra-de-cuina-de-les-illes-balears-celebra-l1-de-marc-amb-la-millor-gastronomia-i-musica"},"modified":"2026-04-16T19:01:53","modified_gmt":"2026-04-16T17:01:53","slug":"la-mostra-de-cuina-de-les-illes-balears-celebra-l1-de-marc-amb-la-millor-gastronomia-i-musica","status":"publish","type":"post","link":"https:\/\/gastronomicament.cat\/en\/la-mostra-de-cuina-de-les-illes-balears-celebra-l1-de-marc-amb-la-millor-gastronomia-i-musica","title":{"rendered":"Gastronomia i cultura a la Mostra de Cuina de les Illes Balears"},"content":{"rendered":"\n<p>La Mostra de Cuina de les Illes Balears \u00e9s una fira gastron\u00f2mica amb producte local que se celebra els dies 28 de febrer i 1 i 2 de mar\u00e7 en el Parc de Sa Feixina dins el marc de la Diada de les Illes Balears organitzada pel Govern de les Illes Balears.<\/p>\n\n\n\n<p>La Mostra oferir\u00e0 la millor gastronomia de les nostres illes i comptar\u00e0 amb la pres\u00e8ncia d&#8217;establiments com Jos\u00e9 Luis Ferrer (Mallorca), Mallorcandy (Mallorca), Makaria (Mallorca), Gin Xoriguer (Menorca), Miramar (Menorca), Es Mercat &#8211; Can Tina (Eivissa i Formentera), Born Events (Mallorca), El Bandarra (Mallorca) i Can Company (Mallorca).<\/p>\n\n\n\n<p>A m\u00e9s, durant la Mostra de Cuina de les Illes Balears tamb\u00e9 hi haur\u00e0 showcookings, m\u00fasica i activitats infantils i per tota la fam\u00edlia.<\/p>\n\n\n\n<p><strong>Divendres 28 de febrer:<\/strong><\/p>\n\n\n\n<p><strong>13.00 hores: Showcooking de cuina eivissenca amb el xef Nicol\u00e1s Santos del restaurant Es Mercat &#8211; Can Tina.<\/strong><\/p>\n\n\n\n<p><strong>16.00 hores: Sessi\u00f3 amb vinils amb Miquel Font.<\/strong><\/p>\n\n\n\n<p><strong>18.00 hores: Concert de Tankamones.<\/strong><\/p>\n\n\n\n<p><strong>20.00 hores: Sessi\u00f3 amb Antto Cabanellas.<\/strong><\/p>\n\n\n\n<p><strong>22.00 hores: Sessi\u00f3 amb Jaume Colomb\u00e0s.<\/strong><\/p>\n\n\n\n<p><strong>Dissabte 1 de mar\u00e7:<\/strong><\/p>\n\n\n\n<p><strong>11.00 hores: Actuaci\u00f3 infantil amb Maria Bimbolles.<\/strong><\/p>\n\n\n\n<p><strong>13.00 hores: Showcooking de cuina mallorquina amb el xef Igor Rodr\u00edguez del restaurant El Bandarra.<\/strong><\/p>\n\n\n\n<p><strong>16.00 hores: Concert de Jaume Anglada.<a id=\"post-preview\" class=\"preview button\" href=\"https:\/\/gastronomicament.cat\/es\/la-mostra-de-cuina-de-les-illes-balears-celebra-l1-de-marc-amb-la-millor-gastronomia-i-musica?preview=true\" target=\"wp-preview-93830\" rel=\"noopener\">Previsualitza els canvis<span class=\"screen-reader-text\"> (opens in a new tab)<\/span><\/a><\/strong><\/p>\n\n\n\n<p><strong>18.00 hores: Sessi\u00f3 Flower Power by Generaci\u00f3n X.<\/strong><\/p>\n\n\n\n<p><strong>20.00 hores: Sessi\u00f3 amb vinils amb Miquel Font.<\/strong><\/p>\n\n\n\n<p><strong>22.00 hores: Sessi\u00f3 amb \u00c1ngel Oliveros i Toni Bustos.<\/strong><\/p>\n\n\n\n<p><strong>Diumenge 2 de mar\u00e7:<\/strong><\/p>\n\n\n\n<p><strong>11.00 hores: Actuaci\u00f3 infantil amb Xispita i Geordi.<\/strong><\/p>\n\n\n\n<p><strong>13.00 hores: Showcooking de cuina menorquina amb el xef Diego Merino del restaurant Miramar.<\/strong><\/p>\n\n\n\n<p><strong>15.00 hores: Sessi\u00f3 amb vinils amb Miquel Font.<\/strong><\/p>\n\n\n\n<p><strong>17.00 hores: Concert de Na Pipona.<\/strong><\/p>\n\n\n\n<p><strong>19.00 hores: Concert de Foranom.<\/strong><\/p>\n\n\n\n<p>Podeu consultar tota la informaci\u00f3 al lloc web de la Mostra <a href=\"http:\/\/www.mostradecuinadelesillesbalears.com\" target=\"_blank\" rel=\"noopener\">www.mostradecuinadelesillesbalears.com<\/a><\/p>\n","protected":false},"excerpt":{"rendered":"<p>La Mostra de Cuina de les Illes Balears es celebrar\u00e0 del 28 de febrer al 2&hellip;<\/p>\n","protected":false},"author":1,"featured_media":100698,"comment_status":"open","ping_status":"open","sticky":false,"template":"","format":"gallery","meta":{"_acf_changed":false,"_swt_meta_header_display":false,"_swt_meta_footer_display":false,"_swt_meta_site_title_display":false,"_swt_meta_sticky_header":false,"_swt_meta_transparent_header":false,"footnotes":""},"categories":[692,955],"tags":[],"coauthors":[2053],"class_list":["post-100720","post","type-post","status-publish","format-gallery","has-post-thumbnail","hentry","category-actualitat","category-reportatges-i-novetats","post_format-post-format-gallery"],"acf":{"gallery":[100705],"home_date":{"home_begin_date":null,"home_end_date":null}},"yoast_head":"<!-- This site is optimized with the Yoast SEO plugin v27.4 - https:\/\/yoast.com\/product\/yoast-seo-wordpress\/ -->\n<title>Gastronomia i cultura a la Mostra de Cuina de les Illes Balears - Gastron\u00f2micament<\/title>\n<meta name=\"description\" content=\"Gastronomia i cultura a la Mostra de Cuina de les Illes Balears Actualitat, Reportatges i novetats La Mostra de Cuina de les Illes Balears es celebrar\u00e0 del 28 de febrer al 2 de mar\u00e7 en el Parc de Sa Feixina\" \/>\n<meta name=\"robots\" content=\"index, follow, max-snippet:-1, max-image-preview:large, max-video-preview:-1\" \/>\n<link rel=\"canonical\" href=\"https:\/\/gastronomicament.cat\/en\/la-mostra-de-cuina-de-les-illes-balears-celebra-l1-de-marc-amb-la-millor-gastronomia-i-musica\" \/>\n<meta property=\"og:locale\" content=\"en_US\" \/>\n<meta property=\"og:type\" content=\"article\" \/>\n<meta property=\"og:title\" content=\"Gastronomia i cultura a la Mostra de Cuina de les Illes Balears - Gastron\u00f2micament\" \/>\n<meta property=\"og:description\" content=\"Gastronomia i cultura a la Mostra de Cuina de les Illes Balears Actualitat, Reportatges i novetats La Mostra de Cuina de les Illes Balears es celebrar\u00e0 del 28 de febrer al 2 de mar\u00e7 en el Parc de Sa Feixina\" \/>\n<meta property=\"og:url\" content=\"https:\/\/gastronomicament.cat\/en\/la-mostra-de-cuina-de-les-illes-balears-celebra-l1-de-marc-amb-la-millor-gastronomia-i-musica\" \/>\n<meta property=\"og:site_name\" content=\"Gastron\u00f2micament\" \/>\n<meta property=\"article:published_time\" content=\"2025-02-27T08:50:06+00:00\" \/>\n<meta property=\"article:modified_time\" content=\"2026-04-16T17:01:53+00:00\" \/>\n<meta property=\"og:image\" content=\"https:\/\/gastronomicament.cat\/wp-content\/uploads\/2025\/02\/unnamed.jpg\" \/>\n\t<meta property=\"og:image:width\" content=\"1200\" \/>\n\t<meta property=\"og:image:height\" content=\"500\" \/>\n\t<meta property=\"og:image:type\" content=\"image\/jpeg\" \/>\n<meta name=\"author\" content=\"Redacci\u00f3\" \/>\n<meta name=\"twitter:card\" content=\"summary_large_image\" \/>\n<meta name=\"twitter:creator\" content=\"@gastronomicamen\" \/>\n<meta name=\"twitter:site\" content=\"@gastronomicamen\" \/>\n<meta name=\"twitter:label1\" content=\"Written by\" \/>\n\t<meta name=\"twitter:data1\" content=\"Redacci\u00f3\" \/>\n\t<meta name=\"twitter:label2\" content=\"Est. reading time\" \/>\n\t<meta name=\"twitter:data2\" content=\"2 minutes\" \/>\n<script type=\"application\/ld+json\" class=\"yoast-schema-graph\">{\"@context\":\"https:\\\/\\\/schema.org\",\"@graph\":[{\"@type\":\"Article\",\"@id\":\"https:\\\/\\\/gastronomicament.cat\\\/en\\\/la-mostra-de-cuina-de-les-illes-balears-celebra-l1-de-marc-amb-la-millor-gastronomia-i-musica#article\",\"isPartOf\":{\"@id\":\"https:\\\/\\\/gastronomicament.cat\\\/en\\\/la-mostra-de-cuina-de-les-illes-balears-celebra-l1-de-marc-amb-la-millor-gastronomia-i-musica\"},\"author\":{\"name\":\"Redacci\u00f3\",\"@id\":\"https:\\\/\\\/gastronomicament.cat\\\/en\\\/#\\\/schema\\\/person\\\/a7c85c537a1ed62799a5b8e0f686a37f\"},\"headline\":\"Gastronomia i cultura a la Mostra de Cuina de les Illes Balears\",\"datePublished\":\"2025-02-27T08:50:06+00:00\",\"dateModified\":\"2026-04-16T17:01:53+00:00\",\"mainEntityOfPage\":{\"@id\":\"https:\\\/\\\/gastronomicament.cat\\\/en\\\/la-mostra-de-cuina-de-les-illes-balears-celebra-l1-de-marc-amb-la-millor-gastronomia-i-musica\"},\"wordCount\":294,\"commentCount\":0,\"publisher\":{\"@id\":\"https:\\\/\\\/gastronomicament.cat\\\/en\\\/#organization\"},\"image\":{\"@id\":\"https:\\\/\\\/gastronomicament.cat\\\/en\\\/la-mostra-de-cuina-de-les-illes-balears-celebra-l1-de-marc-amb-la-millor-gastronomia-i-musica#primaryimage\"},\"thumbnailUrl\":\"https:\\\/\\\/gastronomicament.cat\\\/wp-content\\\/uploads\\\/2025\\\/02\\\/unnamed.jpg\",\"articleSection\":[\"Actualitat\",\"Reportatges i novetats\"],\"inLanguage\":\"en-US\",\"potentialAction\":[{\"@type\":\"CommentAction\",\"name\":\"Comment\",\"target\":[\"https:\\\/\\\/gastronomicament.cat\\\/en\\\/la-mostra-de-cuina-de-les-illes-balears-celebra-l1-de-marc-amb-la-millor-gastronomia-i-musica#respond\"]}]},{\"@type\":\"WebPage\",\"@id\":\"https:\\\/\\\/gastronomicament.cat\\\/en\\\/la-mostra-de-cuina-de-les-illes-balears-celebra-l1-de-marc-amb-la-millor-gastronomia-i-musica\",\"url\":\"https:\\\/\\\/gastronomicament.cat\\\/en\\\/la-mostra-de-cuina-de-les-illes-balears-celebra-l1-de-marc-amb-la-millor-gastronomia-i-musica\",\"name\":\"Gastronomia i cultura a la Mostra de Cuina de les Illes Balears - Gastron\u00f2micament\",\"isPartOf\":{\"@id\":\"https:\\\/\\\/gastronomicament.cat\\\/en\\\/#website\"},\"primaryImageOfPage\":{\"@id\":\"https:\\\/\\\/gastronomicament.cat\\\/en\\\/la-mostra-de-cuina-de-les-illes-balears-celebra-l1-de-marc-amb-la-millor-gastronomia-i-musica#primaryimage\"},\"image\":{\"@id\":\"https:\\\/\\\/gastronomicament.cat\\\/en\\\/la-mostra-de-cuina-de-les-illes-balears-celebra-l1-de-marc-amb-la-millor-gastronomia-i-musica#primaryimage\"},\"thumbnailUrl\":\"https:\\\/\\\/gastronomicament.cat\\\/wp-content\\\/uploads\\\/2025\\\/02\\\/unnamed.jpg\",\"datePublished\":\"2025-02-27T08:50:06+00:00\",\"dateModified\":\"2026-04-16T17:01:53+00:00\",\"description\":\"Gastronomia i cultura a la Mostra de Cuina de les Illes Balears Actualitat, Reportatges i novetats La Mostra de Cuina de les Illes Balears es celebrar\u00e0 del 28 de febrer al 2 de mar\u00e7 en el Parc de Sa Feixina\",\"inLanguage\":\"en-US\",\"potentialAction\":[{\"@type\":\"ReadAction\",\"target\":[\"https:\\\/\\\/gastronomicament.cat\\\/en\\\/la-mostra-de-cuina-de-les-illes-balears-celebra-l1-de-marc-amb-la-millor-gastronomia-i-musica\"]}]},{\"@type\":\"ImageObject\",\"inLanguage\":\"en-US\",\"@id\":\"https:\\\/\\\/gastronomicament.cat\\\/en\\\/la-mostra-de-cuina-de-les-illes-balears-celebra-l1-de-marc-amb-la-millor-gastronomia-i-musica#primaryimage\",\"url\":\"https:\\\/\\\/gastronomicament.cat\\\/wp-content\\\/uploads\\\/2025\\\/02\\\/unnamed.jpg\",\"contentUrl\":\"https:\\\/\\\/gastronomicament.cat\\\/wp-content\\\/uploads\\\/2025\\\/02\\\/unnamed.jpg\",\"width\":1200,\"height\":500},{\"@type\":\"WebSite\",\"@id\":\"https:\\\/\\\/gastronomicament.cat\\\/en\\\/#website\",\"url\":\"https:\\\/\\\/gastronomicament.cat\\\/en\\\/\",\"name\":\"Gastron\u00f2micament\",\"description\":\"Portal de restaurants, receptes i actualitat gastron\u00f2mica\",\"publisher\":{\"@id\":\"https:\\\/\\\/gastronomicament.cat\\\/en\\\/#organization\"},\"potentialAction\":[{\"@type\":\"SearchAction\",\"target\":{\"@type\":\"EntryPoint\",\"urlTemplate\":\"https:\\\/\\\/gastronomicament.cat\\\/en\\\/?s={search_term_string}\"},\"query-input\":{\"@type\":\"PropertyValueSpecification\",\"valueRequired\":true,\"valueName\":\"search_term_string\"}}],\"inLanguage\":\"en-US\"},{\"@type\":\"Organization\",\"@id\":\"https:\\\/\\\/gastronomicament.cat\\\/en\\\/#organization\",\"name\":\"Gastron\u00f2micament\",\"url\":\"https:\\\/\\\/gastronomicament.cat\\\/en\\\/\",\"logo\":{\"@type\":\"ImageObject\",\"inLanguage\":\"en-US\",\"@id\":\"https:\\\/\\\/gastronomicament.cat\\\/en\\\/#\\\/schema\\\/logo\\\/image\\\/\",\"url\":\"https:\\\/\\\/gastronomicament.cat\\\/wp-content\\\/uploads\\\/2016\\\/09\\\/header-logo.jpg\",\"contentUrl\":\"https:\\\/\\\/gastronomicament.cat\\\/wp-content\\\/uploads\\\/2016\\\/09\\\/header-logo.jpg\",\"width\":277,\"height\":39,\"caption\":\"Gastron\u00f2micament\"},\"image\":{\"@id\":\"https:\\\/\\\/gastronomicament.cat\\\/en\\\/#\\\/schema\\\/logo\\\/image\\\/\"},\"sameAs\":[\"https:\\\/\\\/x.com\\\/gastronomicamen\"]},{\"@type\":\"Person\",\"@id\":\"https:\\\/\\\/gastronomicament.cat\\\/en\\\/#\\\/schema\\\/person\\\/a7c85c537a1ed62799a5b8e0f686a37f\",\"name\":\"Redacci\u00f3\",\"image\":{\"@type\":\"ImageObject\",\"inLanguage\":\"en-US\",\"@id\":\"https:\\\/\\\/secure.gravatar.com\\\/avatar\\\/9489a485c464fd611d33825daae651d13db70c4e74c65c94937a15a9d4c3ee14?s=96&d=mm&r=g69fea3cce3645dfa2166e7293e22955e\",\"url\":\"https:\\\/\\\/secure.gravatar.com\\\/avatar\\\/9489a485c464fd611d33825daae651d13db70c4e74c65c94937a15a9d4c3ee14?s=96&d=mm&r=g\",\"contentUrl\":\"https:\\\/\\\/secure.gravatar.com\\\/avatar\\\/9489a485c464fd611d33825daae651d13db70c4e74c65c94937a15a9d4c3ee14?s=96&d=mm&r=g\",\"caption\":\"Redacci\u00f3\"},\"sameAs\":[\"http:\\\/\\\/gastronomicament.cat\"],\"url\":\"https:\\\/\\\/gastronomicament.cat\\\/en\\\/author\\\/admin\"}]}<\/script>\n<!-- \/ Yoast SEO plugin. -->","yoast_head_json":{"title":"Gastronomia i cultura a la Mostra de Cuina de les Illes Balears - Gastron\u00f2micament","description":"Gastronomia i cultura a la Mostra de Cuina de les Illes Balears Actualitat, Reportatges i novetats La Mostra de Cuina de les Illes Balears es celebrar\u00e0 del 28 de febrer al 2 de mar\u00e7 en el Parc de Sa Feixina","robots":{"index":"index","follow":"follow","max-snippet":"max-snippet:-1","max-image-preview":"max-image-preview:large","max-video-preview":"max-video-preview:-1"},"canonical":"https:\/\/gastronomicament.cat\/en\/la-mostra-de-cuina-de-les-illes-balears-celebra-l1-de-marc-amb-la-millor-gastronomia-i-musica","og_locale":"en_US","og_type":"article","og_title":"Gastronomia i cultura a la Mostra de Cuina de les Illes Balears - Gastron\u00f2micament","og_description":"Gastronomia i cultura a la Mostra de Cuina de les Illes Balears Actualitat, Reportatges i novetats La Mostra de Cuina de les Illes Balears es celebrar\u00e0 del 28 de febrer al 2 de mar\u00e7 en el Parc de Sa Feixina","og_url":"https:\/\/gastronomicament.cat\/en\/la-mostra-de-cuina-de-les-illes-balears-celebra-l1-de-marc-amb-la-millor-gastronomia-i-musica","og_site_name":"Gastron\u00f2micament","article_published_time":"2025-02-27T08:50:06+00:00","article_modified_time":"2026-04-16T17:01:53+00:00","og_image":[{"width":1200,"height":500,"url":"https:\/\/gastronomicament.cat\/wp-content\/uploads\/2025\/02\/unnamed.jpg","type":"image\/jpeg"}],"author":"Redacci\u00f3","twitter_card":"summary_large_image","twitter_creator":"@gastronomicamen","twitter_site":"@gastronomicamen","twitter_misc":{"Written by":"Redacci\u00f3","Est. reading time":"2 minutes"},"schema":{"@context":"https:\/\/schema.org","@graph":[{"@type":"Article","@id":"https:\/\/gastronomicament.cat\/en\/la-mostra-de-cuina-de-les-illes-balears-celebra-l1-de-marc-amb-la-millor-gastronomia-i-musica#article","isPartOf":{"@id":"https:\/\/gastronomicament.cat\/en\/la-mostra-de-cuina-de-les-illes-balears-celebra-l1-de-marc-amb-la-millor-gastronomia-i-musica"},"author":{"name":"Redacci\u00f3","@id":"https:\/\/gastronomicament.cat\/en\/#\/schema\/person\/a7c85c537a1ed62799a5b8e0f686a37f"},"headline":"Gastronomia i cultura a la Mostra de Cuina de les Illes Balears","datePublished":"2025-02-27T08:50:06+00:00","dateModified":"2026-04-16T17:01:53+00:00","mainEntityOfPage":{"@id":"https:\/\/gastronomicament.cat\/en\/la-mostra-de-cuina-de-les-illes-balears-celebra-l1-de-marc-amb-la-millor-gastronomia-i-musica"},"wordCount":294,"commentCount":0,"publisher":{"@id":"https:\/\/gastronomicament.cat\/en\/#organization"},"image":{"@id":"https:\/\/gastronomicament.cat\/en\/la-mostra-de-cuina-de-les-illes-balears-celebra-l1-de-marc-amb-la-millor-gastronomia-i-musica#primaryimage"},"thumbnailUrl":"https:\/\/gastronomicament.cat\/wp-content\/uploads\/2025\/02\/unnamed.jpg","articleSection":["Actualitat","Reportatges i novetats"],"inLanguage":"en-US","potentialAction":[{"@type":"CommentAction","name":"Comment","target":["https:\/\/gastronomicament.cat\/en\/la-mostra-de-cuina-de-les-illes-balears-celebra-l1-de-marc-amb-la-millor-gastronomia-i-musica#respond"]}]},{"@type":"WebPage","@id":"https:\/\/gastronomicament.cat\/en\/la-mostra-de-cuina-de-les-illes-balears-celebra-l1-de-marc-amb-la-millor-gastronomia-i-musica","url":"https:\/\/gastronomicament.cat\/en\/la-mostra-de-cuina-de-les-illes-balears-celebra-l1-de-marc-amb-la-millor-gastronomia-i-musica","name":"Gastronomia i cultura a la Mostra de Cuina de les Illes Balears - Gastron\u00f2micament","isPartOf":{"@id":"https:\/\/gastronomicament.cat\/en\/#website"},"primaryImageOfPage":{"@id":"https:\/\/gastronomicament.cat\/en\/la-mostra-de-cuina-de-les-illes-balears-celebra-l1-de-marc-amb-la-millor-gastronomia-i-musica#primaryimage"},"image":{"@id":"https:\/\/gastronomicament.cat\/en\/la-mostra-de-cuina-de-les-illes-balears-celebra-l1-de-marc-amb-la-millor-gastronomia-i-musica#primaryimage"},"thumbnailUrl":"https:\/\/gastronomicament.cat\/wp-content\/uploads\/2025\/02\/unnamed.jpg","datePublished":"2025-02-27T08:50:06+00:00","dateModified":"2026-04-16T17:01:53+00:00","description":"Gastronomia i cultura a la Mostra de Cuina de les Illes Balears Actualitat, Reportatges i novetats La Mostra de Cuina de les Illes Balears es celebrar\u00e0 del 28 de febrer al 2 de mar\u00e7 en el Parc de Sa Feixina","inLanguage":"en-US","potentialAction":[{"@type":"ReadAction","target":["https:\/\/gastronomicament.cat\/en\/la-mostra-de-cuina-de-les-illes-balears-celebra-l1-de-marc-amb-la-millor-gastronomia-i-musica"]}]},{"@type":"ImageObject","inLanguage":"en-US","@id":"https:\/\/gastronomicament.cat\/en\/la-mostra-de-cuina-de-les-illes-balears-celebra-l1-de-marc-amb-la-millor-gastronomia-i-musica#primaryimage","url":"https:\/\/gastronomicament.cat\/wp-content\/uploads\/2025\/02\/unnamed.jpg","contentUrl":"https:\/\/gastronomicament.cat\/wp-content\/uploads\/2025\/02\/unnamed.jpg","width":1200,"height":500},{"@type":"WebSite","@id":"https:\/\/gastronomicament.cat\/en\/#website","url":"https:\/\/gastronomicament.cat\/en\/","name":"Gastron\u00f2micament","description":"Portal de restaurants, receptes i actualitat gastron\u00f2mica","publisher":{"@id":"https:\/\/gastronomicament.cat\/en\/#organization"},"potentialAction":[{"@type":"SearchAction","target":{"@type":"EntryPoint","urlTemplate":"https:\/\/gastronomicament.cat\/en\/?s={search_term_string}"},"query-input":{"@type":"PropertyValueSpecification","valueRequired":true,"valueName":"search_term_string"}}],"inLanguage":"en-US"},{"@type":"Organization","@id":"https:\/\/gastronomicament.cat\/en\/#organization","name":"Gastron\u00f2micament","url":"https:\/\/gastronomicament.cat\/en\/","logo":{"@type":"ImageObject","inLanguage":"en-US","@id":"https:\/\/gastronomicament.cat\/en\/#\/schema\/logo\/image\/","url":"https:\/\/gastronomicament.cat\/wp-content\/uploads\/2016\/09\/header-logo.jpg","contentUrl":"https:\/\/gastronomicament.cat\/wp-content\/uploads\/2016\/09\/header-logo.jpg","width":277,"height":39,"caption":"Gastron\u00f2micament"},"image":{"@id":"https:\/\/gastronomicament.cat\/en\/#\/schema\/logo\/image\/"},"sameAs":["https:\/\/x.com\/gastronomicamen"]},{"@type":"Person","@id":"https:\/\/gastronomicament.cat\/en\/#\/schema\/person\/a7c85c537a1ed62799a5b8e0f686a37f","name":"Redacci\u00f3","image":{"@type":"ImageObject","inLanguage":"en-US","@id":"https:\/\/secure.gravatar.com\/avatar\/9489a485c464fd611d33825daae651d13db70c4e74c65c94937a15a9d4c3ee14?s=96&d=mm&r=g69fea3cce3645dfa2166e7293e22955e","url":"https:\/\/secure.gravatar.com\/avatar\/9489a485c464fd611d33825daae651d13db70c4e74c65c94937a15a9d4c3ee14?s=96&d=mm&r=g","contentUrl":"https:\/\/secure.gravatar.com\/avatar\/9489a485c464fd611d33825daae651d13db70c4e74c65c94937a15a9d4c3ee14?s=96&d=mm&r=g","caption":"Redacci\u00f3"},"sameAs":["http:\/\/gastronomicament.cat"],"url":"https:\/\/gastronomicament.cat\/en\/author\/admin"}]}},"_links":{"self":[{"href":"https:\/\/gastronomicament.cat\/en\/wp-json\/wp\/v2\/posts\/100720","targetHints":{"allow":["GET"]}}],"collection":[{"href":"https:\/\/gastronomicament.cat\/en\/wp-json\/wp\/v2\/posts"}],"about":[{"href":"https:\/\/gastronomicament.cat\/en\/wp-json\/wp\/v2\/types\/post"}],"author":[{"embeddable":true,"href":"https:\/\/gastronomicament.cat\/en\/wp-json\/wp\/v2\/users\/1"}],"replies":[{"embeddable":true,"href":"https:\/\/gastronomicament.cat\/en\/wp-json\/wp\/v2\/comments?post=100720"}],"version-history":[{"count":0,"href":"https:\/\/gastronomicament.cat\/en\/wp-json\/wp\/v2\/posts\/100720\/revisions"}],"acf:attachment":[{"embeddable":true,"href":"https:\/\/gastronomicament.cat\/en\/wp-json\/wp\/v2\/media\/100705"}],"wp:featuredmedia":[{"embeddable":true,"href":"https:\/\/gastronomicament.cat\/en\/wp-json\/wp\/v2\/media\/100698"}],"wp:attachment":[{"href":"https:\/\/gastronomicament.cat\/en\/wp-json\/wp\/v2\/media?parent=100720"}],"wp:term":[{"taxonomy":"category","embeddable":true,"href":"https:\/\/gastronomicament.cat\/en\/wp-json\/wp\/v2\/categories?post=100720"},{"taxonomy":"post_tag","embeddable":true,"href":"https:\/\/gastronomicament.cat\/en\/wp-json\/wp\/v2\/tags?post=100720"},{"taxonomy":"author","embeddable":true,"href":"https:\/\/gastronomicament.cat\/en\/wp-json\/wp\/v2\/coauthors?post=100720"}],"curies":[{"name":"wp","href":"https:\/\/api.w.org\/{rel}","templated":true}]}}