{"id":100769,"date":"2025-03-10T10:37:22","date_gmt":"2025-03-10T09:37:22","guid":{"rendered":"https:\/\/web2025.gastronomicament.cat\/compte-enrere-per-a-lobertura-del-millor-voro-fins-ara-mai-vist"},"modified":"2026-04-16T18:53:00","modified_gmt":"2026-04-16T16:53:00","slug":"compte-enrere-per-a-lobertura-del-millor-voro-fins-ara-mai-vist","status":"publish","type":"post","link":"https:\/\/gastronomicament.cat\/en\/compte-enrere-per-a-lobertura-del-millor-voro-fins-ara-mai-vist","title":{"rendered":"Compte enrere per a l&#8217;obertura del \u201cmillor Voro fins ara mai vist\u201d"},"content":{"rendered":"\n<p>El proper 3 d&#8217;abril, el&nbsp;<strong>restaurant Voro<\/strong>, ubicat a&nbsp;<strong>Cap Vermell Grand Hotel<\/strong>, reobrir\u00e0 les portes. Es consolida per quart any consecutiu, com l&#8217; \u00fanic establiment a Balears amb&nbsp;<strong>dues estrelles Michelin i dos sols Repsol<\/strong>.<\/p>\n\n\n\n<p>Sota la direcci\u00f3 del&nbsp;<strong>xef \u00c1lvaro Salazar<\/strong>, Voro continua evolucionant com un referent gastron\u00f2mic amb una experi\u00e8ncia \u00fanica que combina la diversitat de sabors d&#8217;Andalusia, terra natal de Salazar, i de Mallorca.<\/p>\n\n\n\n<p>Quan falten menys de 20 dies de l&#8217;obertura, l&#8217;equip de Voro ultima detalls per oferir, un any m\u00e9s,&nbsp;<strong>una cuina que es defineix per la llibertat creativa i l&#8217;arrelament a la Mediterr\u00e0nia<\/strong>, on cada plat \u00e9s una expressi\u00f3 de la passi\u00f3, del comprom\u00eds amb la terra i de la coher\u00e8ncia.<\/p>\n\n\n\n<p>Voro&nbsp;<strong>ofereix dos men\u00fas degustaci\u00f3<\/strong>, Voro i Devoro, que es reinventen de manera constant per reflectir una cuina viva i en evoluci\u00f3. Cada proposta reflecteix la creativitat del xef \u00c1lvaro Salazar i la seva aposta pel producte de qualitat i de temporada, els quals guien la composici\u00f3 dels men\u00fas.<\/p>\n\n\n\n<p>En aquests 6 anys, explica Salazar, \u201cVoro \u00e9s el projecte en qu\u00e8 he centrat tota la meva atenci\u00f3. Estic present cada dia amb el meu equip.&nbsp;<strong>Despr\u00e9s d&#8217;una d\u00e8cada units, la nostra evoluci\u00f3 i aprenentatge va forjant el nostre cam\u00ed cap a la m\u00e0xima excel\u00b7l\u00e8ncia<\/strong>\u201d. Crec fermament que el Voro del dem\u00e0 ser\u00e0 millor que el Voro de l&#8217;ahir\u201d, conclou \u00c1lvaro Salazar.<\/p>\n\n\n\n<p><strong>Un dest\u00ed gastron\u00f2mic de Mallorca<br><\/strong>El restaurant Voro es troba a Cap Vermell Grand Hotel, un complex de luxe reconegut en \u00e0mbit internacional per la seva oferta gastron\u00f2mica i la seva exclusivitat.&nbsp;<strong>Es troba a Canyamel, al municipi de Capdepera<\/strong>, i al costat d&#8217;aquest restaurant amb dues estrelles Michelin, l&#8217;hotel ofereix altres propostes culin\u00e0ries com Tapas Bar, Balearic, Ses Oliveres i Hedonist, ubicat al Country Club de l&#8217;hotel, cadascun amb una aposta diferenciada basada en la qualitat del producte i la reinterpretaci\u00f3 de la cuina tradicional.<\/p>\n\n\n\n<p>Amb la&nbsp;<strong>reobertura de l&#8217;hotel i Voro el 3 d&#8217;abril vinent<\/strong>, els residents de Mallorca tindran l&#8217;oportunitat de combinar una experi\u00e8ncia gastron\u00f2mica d&#8217;alt nivell amb una estada en un entorn exclusiu, sense necessitat de despla\u00e7aments llargs. Les reserves ja estan obertes i es recomana reservar-hi pla\u00e7a davant de l&#8217;alta demanda que hi ha per a aquesta nova temporada.<\/p>\n","protected":false},"excerpt":{"rendered":"<p>El xef \u00c1lvaro Salazar ultima els detalls d&#8217;una temporada que, assegura, ser\u00e0 &#8220;la millor que hem&hellip;<\/p>\n","protected":false},"author":1,"featured_media":100771,"comment_status":"open","ping_status":"open","sticky":false,"template":"","format":"gallery","meta":{"_acf_changed":false,"_swt_meta_header_display":false,"_swt_meta_footer_display":false,"_swt_meta_site_title_display":false,"_swt_meta_sticky_header":false,"_swt_meta_transparent_header":false,"footnotes":""},"categories":[692,955],"tags":[],"coauthors":[2053],"class_list":["post-100769","post","type-post","status-publish","format-gallery","has-post-thumbnail","hentry","category-actualitat","category-reportatges-i-novetats","post_format-post-format-gallery"],"acf":{"gallery":[100779,100771,100775],"home_date":{"home_begin_date":null,"home_end_date":null}},"yoast_head":"<!-- This site is optimized with the Yoast SEO plugin v27.4 - https:\/\/yoast.com\/product\/yoast-seo-wordpress\/ -->\n<title>Compte enrere per a l&#039;obertura del \u201cmillor Voro fins ara mai vist\u201d - Gastron\u00f2micament<\/title>\n<meta name=\"description\" content=\"Compte enrere per a l&#039;obertura del \u201cmillor Voro fins ara mai vist\u201d Actualitat, Reportatges i novetats El xef \u00c1lvaro Salazar ultima els detalls d&#039;una temporada que, assegura, ser\u00e0 &quot;la millor que hem dut a terme&quot; a la hist\u00f2ria del restaurant ubicat a Cap Vermell Grand Hotel\" \/>\n<meta name=\"robots\" content=\"index, follow, max-snippet:-1, max-image-preview:large, max-video-preview:-1\" \/>\n<link rel=\"canonical\" href=\"https:\/\/gastronomicament.cat\/en\/compte-enrere-per-a-lobertura-del-millor-voro-fins-ara-mai-vist\" \/>\n<meta property=\"og:locale\" content=\"en_US\" \/>\n<meta property=\"og:type\" content=\"article\" \/>\n<meta property=\"og:title\" content=\"Compte enrere per a l&#039;obertura del \u201cmillor Voro fins ara mai vist\u201d - Gastron\u00f2micament\" \/>\n<meta property=\"og:description\" content=\"Compte enrere per a l&#039;obertura del \u201cmillor Voro fins ara mai vist\u201d Actualitat, Reportatges i novetats El xef \u00c1lvaro Salazar ultima els detalls d&#039;una temporada que, assegura, ser\u00e0 &quot;la millor que hem dut a terme&quot; a la hist\u00f2ria del restaurant ubicat a Cap Vermell Grand Hotel\" \/>\n<meta property=\"og:url\" content=\"https:\/\/gastronomicament.cat\/en\/compte-enrere-per-a-lobertura-del-millor-voro-fins-ara-mai-vist\" \/>\n<meta property=\"og:site_name\" content=\"Gastron\u00f2micament\" \/>\n<meta property=\"article:published_time\" content=\"2025-03-10T09:37:22+00:00\" \/>\n<meta property=\"article:modified_time\" content=\"2026-04-16T16:53:00+00:00\" \/>\n<meta property=\"og:image\" content=\"https:\/\/gastronomicament.cat\/wp-content\/uploads\/2025\/03\/Voro-Alvaro-Salazar-Estrella-Michelin.jpg\" \/>\n\t<meta property=\"og:image:width\" content=\"1600\" \/>\n\t<meta property=\"og:image:height\" content=\"1067\" \/>\n\t<meta property=\"og:image:type\" content=\"image\/jpeg\" \/>\n<meta name=\"author\" content=\"Redacci\u00f3\" \/>\n<meta name=\"twitter:card\" content=\"summary_large_image\" \/>\n<meta name=\"twitter:creator\" content=\"@gastronomicamen\" \/>\n<meta name=\"twitter:site\" content=\"@gastronomicamen\" \/>\n<meta name=\"twitter:label1\" content=\"Written by\" \/>\n\t<meta name=\"twitter:data1\" content=\"Redacci\u00f3\" \/>\n\t<meta name=\"twitter:label2\" content=\"Est. reading time\" \/>\n\t<meta name=\"twitter:data2\" content=\"3 minutes\" \/>\n<script type=\"application\/ld+json\" class=\"yoast-schema-graph\">{\"@context\":\"https:\\\/\\\/schema.org\",\"@graph\":[{\"@type\":\"Article\",\"@id\":\"https:\\\/\\\/gastronomicament.cat\\\/en\\\/compte-enrere-per-a-lobertura-del-millor-voro-fins-ara-mai-vist#article\",\"isPartOf\":{\"@id\":\"https:\\\/\\\/gastronomicament.cat\\\/en\\\/compte-enrere-per-a-lobertura-del-millor-voro-fins-ara-mai-vist\"},\"author\":{\"name\":\"Redacci\u00f3\",\"@id\":\"https:\\\/\\\/gastronomicament.cat\\\/en\\\/#\\\/schema\\\/person\\\/a7c85c537a1ed62799a5b8e0f686a37f\"},\"headline\":\"Compte enrere per a l&#8217;obertura del \u201cmillor Voro fins ara mai vist\u201d\",\"datePublished\":\"2025-03-10T09:37:22+00:00\",\"dateModified\":\"2026-04-16T16:53:00+00:00\",\"mainEntityOfPage\":{\"@id\":\"https:\\\/\\\/gastronomicament.cat\\\/en\\\/compte-enrere-per-a-lobertura-del-millor-voro-fins-ara-mai-vist\"},\"wordCount\":410,\"commentCount\":0,\"publisher\":{\"@id\":\"https:\\\/\\\/gastronomicament.cat\\\/en\\\/#organization\"},\"image\":{\"@id\":\"https:\\\/\\\/gastronomicament.cat\\\/en\\\/compte-enrere-per-a-lobertura-del-millor-voro-fins-ara-mai-vist#primaryimage\"},\"thumbnailUrl\":\"https:\\\/\\\/gastronomicament.cat\\\/wp-content\\\/uploads\\\/2025\\\/03\\\/Voro-Alvaro-Salazar-Estrella-Michelin.jpg\",\"articleSection\":[\"Actualitat\",\"Reportatges i novetats\"],\"inLanguage\":\"en-US\",\"potentialAction\":[{\"@type\":\"CommentAction\",\"name\":\"Comment\",\"target\":[\"https:\\\/\\\/gastronomicament.cat\\\/en\\\/compte-enrere-per-a-lobertura-del-millor-voro-fins-ara-mai-vist#respond\"]}]},{\"@type\":\"WebPage\",\"@id\":\"https:\\\/\\\/gastronomicament.cat\\\/en\\\/compte-enrere-per-a-lobertura-del-millor-voro-fins-ara-mai-vist\",\"url\":\"https:\\\/\\\/gastronomicament.cat\\\/en\\\/compte-enrere-per-a-lobertura-del-millor-voro-fins-ara-mai-vist\",\"name\":\"Compte enrere per a l'obertura del \u201cmillor Voro fins ara mai vist\u201d - Gastron\u00f2micament\",\"isPartOf\":{\"@id\":\"https:\\\/\\\/gastronomicament.cat\\\/en\\\/#website\"},\"primaryImageOfPage\":{\"@id\":\"https:\\\/\\\/gastronomicament.cat\\\/en\\\/compte-enrere-per-a-lobertura-del-millor-voro-fins-ara-mai-vist#primaryimage\"},\"image\":{\"@id\":\"https:\\\/\\\/gastronomicament.cat\\\/en\\\/compte-enrere-per-a-lobertura-del-millor-voro-fins-ara-mai-vist#primaryimage\"},\"thumbnailUrl\":\"https:\\\/\\\/gastronomicament.cat\\\/wp-content\\\/uploads\\\/2025\\\/03\\\/Voro-Alvaro-Salazar-Estrella-Michelin.jpg\",\"datePublished\":\"2025-03-10T09:37:22+00:00\",\"dateModified\":\"2026-04-16T16:53:00+00:00\",\"description\":\"Compte enrere per a l'obertura del \u201cmillor Voro fins ara mai vist\u201d Actualitat, Reportatges i novetats El xef \u00c1lvaro Salazar ultima els detalls d'una temporada que, assegura, ser\u00e0 \\\"la millor que hem dut a terme\\\" a la hist\u00f2ria del restaurant ubicat a Cap Vermell Grand Hotel\",\"inLanguage\":\"en-US\",\"potentialAction\":[{\"@type\":\"ReadAction\",\"target\":[\"https:\\\/\\\/gastronomicament.cat\\\/en\\\/compte-enrere-per-a-lobertura-del-millor-voro-fins-ara-mai-vist\"]}]},{\"@type\":\"ImageObject\",\"inLanguage\":\"en-US\",\"@id\":\"https:\\\/\\\/gastronomicament.cat\\\/en\\\/compte-enrere-per-a-lobertura-del-millor-voro-fins-ara-mai-vist#primaryimage\",\"url\":\"https:\\\/\\\/gastronomicament.cat\\\/wp-content\\\/uploads\\\/2025\\\/03\\\/Voro-Alvaro-Salazar-Estrella-Michelin.jpg\",\"contentUrl\":\"https:\\\/\\\/gastronomicament.cat\\\/wp-content\\\/uploads\\\/2025\\\/03\\\/Voro-Alvaro-Salazar-Estrella-Michelin.jpg\",\"width\":1600,\"height\":1067},{\"@type\":\"WebSite\",\"@id\":\"https:\\\/\\\/gastronomicament.cat\\\/en\\\/#website\",\"url\":\"https:\\\/\\\/gastronomicament.cat\\\/en\\\/\",\"name\":\"Gastron\u00f2micament\",\"description\":\"Portal de restaurants, receptes i actualitat gastron\u00f2mica\",\"publisher\":{\"@id\":\"https:\\\/\\\/gastronomicament.cat\\\/en\\\/#organization\"},\"potentialAction\":[{\"@type\":\"SearchAction\",\"target\":{\"@type\":\"EntryPoint\",\"urlTemplate\":\"https:\\\/\\\/gastronomicament.cat\\\/en\\\/?s={search_term_string}\"},\"query-input\":{\"@type\":\"PropertyValueSpecification\",\"valueRequired\":true,\"valueName\":\"search_term_string\"}}],\"inLanguage\":\"en-US\"},{\"@type\":\"Organization\",\"@id\":\"https:\\\/\\\/gastronomicament.cat\\\/en\\\/#organization\",\"name\":\"Gastron\u00f2micament\",\"url\":\"https:\\\/\\\/gastronomicament.cat\\\/en\\\/\",\"logo\":{\"@type\":\"ImageObject\",\"inLanguage\":\"en-US\",\"@id\":\"https:\\\/\\\/gastronomicament.cat\\\/en\\\/#\\\/schema\\\/logo\\\/image\\\/\",\"url\":\"https:\\\/\\\/gastronomicament.cat\\\/wp-content\\\/uploads\\\/2016\\\/09\\\/header-logo.jpg\",\"contentUrl\":\"https:\\\/\\\/gastronomicament.cat\\\/wp-content\\\/uploads\\\/2016\\\/09\\\/header-logo.jpg\",\"width\":277,\"height\":39,\"caption\":\"Gastron\u00f2micament\"},\"image\":{\"@id\":\"https:\\\/\\\/gastronomicament.cat\\\/en\\\/#\\\/schema\\\/logo\\\/image\\\/\"},\"sameAs\":[\"https:\\\/\\\/x.com\\\/gastronomicamen\"]},{\"@type\":\"Person\",\"@id\":\"https:\\\/\\\/gastronomicament.cat\\\/en\\\/#\\\/schema\\\/person\\\/a7c85c537a1ed62799a5b8e0f686a37f\",\"name\":\"Redacci\u00f3\",\"image\":{\"@type\":\"ImageObject\",\"inLanguage\":\"en-US\",\"@id\":\"https:\\\/\\\/secure.gravatar.com\\\/avatar\\\/9489a485c464fd611d33825daae651d13db70c4e74c65c94937a15a9d4c3ee14?s=96&d=mm&r=g69fea3cce3645dfa2166e7293e22955e\",\"url\":\"https:\\\/\\\/secure.gravatar.com\\\/avatar\\\/9489a485c464fd611d33825daae651d13db70c4e74c65c94937a15a9d4c3ee14?s=96&d=mm&r=g\",\"contentUrl\":\"https:\\\/\\\/secure.gravatar.com\\\/avatar\\\/9489a485c464fd611d33825daae651d13db70c4e74c65c94937a15a9d4c3ee14?s=96&d=mm&r=g\",\"caption\":\"Redacci\u00f3\"},\"sameAs\":[\"http:\\\/\\\/gastronomicament.cat\"],\"url\":\"https:\\\/\\\/gastronomicament.cat\\\/en\\\/author\\\/admin\"}]}<\/script>\n<!-- \/ Yoast SEO plugin. -->","yoast_head_json":{"title":"Compte enrere per a l'obertura del \u201cmillor Voro fins ara mai vist\u201d - Gastron\u00f2micament","description":"Compte enrere per a l'obertura del \u201cmillor Voro fins ara mai vist\u201d Actualitat, Reportatges i novetats El xef \u00c1lvaro Salazar ultima els detalls d'una temporada que, assegura, ser\u00e0 \"la millor que hem dut a terme\" a la hist\u00f2ria del restaurant ubicat a Cap Vermell Grand Hotel","robots":{"index":"index","follow":"follow","max-snippet":"max-snippet:-1","max-image-preview":"max-image-preview:large","max-video-preview":"max-video-preview:-1"},"canonical":"https:\/\/gastronomicament.cat\/en\/compte-enrere-per-a-lobertura-del-millor-voro-fins-ara-mai-vist","og_locale":"en_US","og_type":"article","og_title":"Compte enrere per a l'obertura del \u201cmillor Voro fins ara mai vist\u201d - Gastron\u00f2micament","og_description":"Compte enrere per a l'obertura del \u201cmillor Voro fins ara mai vist\u201d Actualitat, Reportatges i novetats El xef \u00c1lvaro Salazar ultima els detalls d'una temporada que, assegura, ser\u00e0 \"la millor que hem dut a terme\" a la hist\u00f2ria del restaurant ubicat a Cap Vermell Grand Hotel","og_url":"https:\/\/gastronomicament.cat\/en\/compte-enrere-per-a-lobertura-del-millor-voro-fins-ara-mai-vist","og_site_name":"Gastron\u00f2micament","article_published_time":"2025-03-10T09:37:22+00:00","article_modified_time":"2026-04-16T16:53:00+00:00","og_image":[{"width":1600,"height":1067,"url":"https:\/\/gastronomicament.cat\/wp-content\/uploads\/2025\/03\/Voro-Alvaro-Salazar-Estrella-Michelin.jpg","type":"image\/jpeg"}],"author":"Redacci\u00f3","twitter_card":"summary_large_image","twitter_creator":"@gastronomicamen","twitter_site":"@gastronomicamen","twitter_misc":{"Written by":"Redacci\u00f3","Est. reading time":"3 minutes"},"schema":{"@context":"https:\/\/schema.org","@graph":[{"@type":"Article","@id":"https:\/\/gastronomicament.cat\/en\/compte-enrere-per-a-lobertura-del-millor-voro-fins-ara-mai-vist#article","isPartOf":{"@id":"https:\/\/gastronomicament.cat\/en\/compte-enrere-per-a-lobertura-del-millor-voro-fins-ara-mai-vist"},"author":{"name":"Redacci\u00f3","@id":"https:\/\/gastronomicament.cat\/en\/#\/schema\/person\/a7c85c537a1ed62799a5b8e0f686a37f"},"headline":"Compte enrere per a l&#8217;obertura del \u201cmillor Voro fins ara mai vist\u201d","datePublished":"2025-03-10T09:37:22+00:00","dateModified":"2026-04-16T16:53:00+00:00","mainEntityOfPage":{"@id":"https:\/\/gastronomicament.cat\/en\/compte-enrere-per-a-lobertura-del-millor-voro-fins-ara-mai-vist"},"wordCount":410,"commentCount":0,"publisher":{"@id":"https:\/\/gastronomicament.cat\/en\/#organization"},"image":{"@id":"https:\/\/gastronomicament.cat\/en\/compte-enrere-per-a-lobertura-del-millor-voro-fins-ara-mai-vist#primaryimage"},"thumbnailUrl":"https:\/\/gastronomicament.cat\/wp-content\/uploads\/2025\/03\/Voro-Alvaro-Salazar-Estrella-Michelin.jpg","articleSection":["Actualitat","Reportatges i novetats"],"inLanguage":"en-US","potentialAction":[{"@type":"CommentAction","name":"Comment","target":["https:\/\/gastronomicament.cat\/en\/compte-enrere-per-a-lobertura-del-millor-voro-fins-ara-mai-vist#respond"]}]},{"@type":"WebPage","@id":"https:\/\/gastronomicament.cat\/en\/compte-enrere-per-a-lobertura-del-millor-voro-fins-ara-mai-vist","url":"https:\/\/gastronomicament.cat\/en\/compte-enrere-per-a-lobertura-del-millor-voro-fins-ara-mai-vist","name":"Compte enrere per a l'obertura del \u201cmillor Voro fins ara mai vist\u201d - Gastron\u00f2micament","isPartOf":{"@id":"https:\/\/gastronomicament.cat\/en\/#website"},"primaryImageOfPage":{"@id":"https:\/\/gastronomicament.cat\/en\/compte-enrere-per-a-lobertura-del-millor-voro-fins-ara-mai-vist#primaryimage"},"image":{"@id":"https:\/\/gastronomicament.cat\/en\/compte-enrere-per-a-lobertura-del-millor-voro-fins-ara-mai-vist#primaryimage"},"thumbnailUrl":"https:\/\/gastronomicament.cat\/wp-content\/uploads\/2025\/03\/Voro-Alvaro-Salazar-Estrella-Michelin.jpg","datePublished":"2025-03-10T09:37:22+00:00","dateModified":"2026-04-16T16:53:00+00:00","description":"Compte enrere per a l'obertura del \u201cmillor Voro fins ara mai vist\u201d Actualitat, Reportatges i novetats El xef \u00c1lvaro Salazar ultima els detalls d'una temporada que, assegura, ser\u00e0 \"la millor que hem dut a terme\" a la hist\u00f2ria del restaurant ubicat a Cap Vermell Grand Hotel","inLanguage":"en-US","potentialAction":[{"@type":"ReadAction","target":["https:\/\/gastronomicament.cat\/en\/compte-enrere-per-a-lobertura-del-millor-voro-fins-ara-mai-vist"]}]},{"@type":"ImageObject","inLanguage":"en-US","@id":"https:\/\/gastronomicament.cat\/en\/compte-enrere-per-a-lobertura-del-millor-voro-fins-ara-mai-vist#primaryimage","url":"https:\/\/gastronomicament.cat\/wp-content\/uploads\/2025\/03\/Voro-Alvaro-Salazar-Estrella-Michelin.jpg","contentUrl":"https:\/\/gastronomicament.cat\/wp-content\/uploads\/2025\/03\/Voro-Alvaro-Salazar-Estrella-Michelin.jpg","width":1600,"height":1067},{"@type":"WebSite","@id":"https:\/\/gastronomicament.cat\/en\/#website","url":"https:\/\/gastronomicament.cat\/en\/","name":"Gastron\u00f2micament","description":"Portal de restaurants, receptes i actualitat gastron\u00f2mica","publisher":{"@id":"https:\/\/gastronomicament.cat\/en\/#organization"},"potentialAction":[{"@type":"SearchAction","target":{"@type":"EntryPoint","urlTemplate":"https:\/\/gastronomicament.cat\/en\/?s={search_term_string}"},"query-input":{"@type":"PropertyValueSpecification","valueRequired":true,"valueName":"search_term_string"}}],"inLanguage":"en-US"},{"@type":"Organization","@id":"https:\/\/gastronomicament.cat\/en\/#organization","name":"Gastron\u00f2micament","url":"https:\/\/gastronomicament.cat\/en\/","logo":{"@type":"ImageObject","inLanguage":"en-US","@id":"https:\/\/gastronomicament.cat\/en\/#\/schema\/logo\/image\/","url":"https:\/\/gastronomicament.cat\/wp-content\/uploads\/2016\/09\/header-logo.jpg","contentUrl":"https:\/\/gastronomicament.cat\/wp-content\/uploads\/2016\/09\/header-logo.jpg","width":277,"height":39,"caption":"Gastron\u00f2micament"},"image":{"@id":"https:\/\/gastronomicament.cat\/en\/#\/schema\/logo\/image\/"},"sameAs":["https:\/\/x.com\/gastronomicamen"]},{"@type":"Person","@id":"https:\/\/gastronomicament.cat\/en\/#\/schema\/person\/a7c85c537a1ed62799a5b8e0f686a37f","name":"Redacci\u00f3","image":{"@type":"ImageObject","inLanguage":"en-US","@id":"https:\/\/secure.gravatar.com\/avatar\/9489a485c464fd611d33825daae651d13db70c4e74c65c94937a15a9d4c3ee14?s=96&d=mm&r=g69fea3cce3645dfa2166e7293e22955e","url":"https:\/\/secure.gravatar.com\/avatar\/9489a485c464fd611d33825daae651d13db70c4e74c65c94937a15a9d4c3ee14?s=96&d=mm&r=g","contentUrl":"https:\/\/secure.gravatar.com\/avatar\/9489a485c464fd611d33825daae651d13db70c4e74c65c94937a15a9d4c3ee14?s=96&d=mm&r=g","caption":"Redacci\u00f3"},"sameAs":["http:\/\/gastronomicament.cat"],"url":"https:\/\/gastronomicament.cat\/en\/author\/admin"}]}},"_links":{"self":[{"href":"https:\/\/gastronomicament.cat\/en\/wp-json\/wp\/v2\/posts\/100769","targetHints":{"allow":["GET"]}}],"collection":[{"href":"https:\/\/gastronomicament.cat\/en\/wp-json\/wp\/v2\/posts"}],"about":[{"href":"https:\/\/gastronomicament.cat\/en\/wp-json\/wp\/v2\/types\/post"}],"author":[{"embeddable":true,"href":"https:\/\/gastronomicament.cat\/en\/wp-json\/wp\/v2\/users\/1"}],"replies":[{"embeddable":true,"href":"https:\/\/gastronomicament.cat\/en\/wp-json\/wp\/v2\/comments?post=100769"}],"version-history":[{"count":0,"href":"https:\/\/gastronomicament.cat\/en\/wp-json\/wp\/v2\/posts\/100769\/revisions"}],"acf:attachment":[{"embeddable":true,"href":"https:\/\/gastronomicament.cat\/en\/wp-json\/wp\/v2\/media\/100775"},{"embeddable":true,"href":"https:\/\/gastronomicament.cat\/en\/wp-json\/wp\/v2\/media\/100771"},{"embeddable":true,"href":"https:\/\/gastronomicament.cat\/en\/wp-json\/wp\/v2\/media\/100779"}],"wp:featuredmedia":[{"embeddable":true,"href":"https:\/\/gastronomicament.cat\/en\/wp-json\/wp\/v2\/media\/100771"}],"wp:attachment":[{"href":"https:\/\/gastronomicament.cat\/en\/wp-json\/wp\/v2\/media?parent=100769"}],"wp:term":[{"taxonomy":"category","embeddable":true,"href":"https:\/\/gastronomicament.cat\/en\/wp-json\/wp\/v2\/categories?post=100769"},{"taxonomy":"post_tag","embeddable":true,"href":"https:\/\/gastronomicament.cat\/en\/wp-json\/wp\/v2\/tags?post=100769"},{"taxonomy":"author","embeddable":true,"href":"https:\/\/gastronomicament.cat\/en\/wp-json\/wp\/v2\/coauthors?post=100769"}],"curies":[{"name":"wp","href":"https:\/\/api.w.org\/{rel}","templated":true}]}}