{"id":101009,"date":"2025-04-23T09:06:11","date_gmt":"2025-04-23T07:06:11","guid":{"rendered":"https:\/\/web2025.gastronomicament.cat\/cabraboc-celebra-el-seu-primer-campionat-de-cocteleria-al-port-de-soller"},"modified":"2026-04-16T18:29:06","modified_gmt":"2026-04-16T16:29:06","slug":"cabraboc-celebra-el-seu-primer-campionat-de-cocteleria-al-port-de-soller","status":"publish","type":"post","link":"https:\/\/gastronomicament.cat\/en\/cabraboc-celebra-el-seu-primer-campionat-de-cocteleria-al-port-de-soller","title":{"rendered":"Cabraboc celebra el seu primer Campionat de Cocteleria al Port de S\u00f3ller"},"content":{"rendered":"\n<p>La marca mallorquina de destil\u00b7lats&nbsp;<strong>Cabraboc<\/strong>, reconeguda pel seu vincle amb la Serra de Tramuntana i el seu enfocament creatiu i artesanal, celebra per primera vegada el seu&nbsp;<strong>Campionat de Cocteleria Aires de Tramuntana<\/strong>&nbsp;en un entorn privilegiat: el Port de S\u00f3ller.<\/p>\n\n\n\n<p>L\u2019esdeveniment est\u00e0 organitzat<strong>&nbsp;en col\u00b7laboraci\u00f3 amb l\u2019Associaci\u00f3 de Bartenders de les Illes Balears<\/strong>&nbsp;(ABIB). L\u2019entitat, que enguany celebra el seu 60\u00e8 aniversari, t\u00e9 una llarga traject\u00f2ria en la promoci\u00f3 del talent i la professionalitzaci\u00f3 del sector de la cocteleria a les Illes Balears i Piti\u00fcses.<\/p>\n\n\n\n<p>El Campionat se celebrar\u00e0 <strong>el 29 d\u2019abril de 2025 al restaurant Es Cany\u00eds,<\/strong>&nbsp;un establiment emblem\u00e0tic de la cuina mediterr\u00e0nia amb m\u00e9s de 70 anys d\u2019hist\u00f2ria. La jornada comen\u00e7ar\u00e0 a les 15:30 hores i comptar\u00e0 amb una selecci\u00f3 de&nbsp;<em>bartenders&nbsp;<\/em>professionals que competiran elaborant creacions exclusives amb productes Cabraboc.<\/p>\n\n\n\n<p>La modalitat Aires de Tramuntana reptar\u00e0 la creativitat dels concursants: hauran de desenvolupar una recepta inspirada en els aromes, colors i gustos de la Serra de Tramuntana, utilitzant productes de Cabraboc.<\/p>\n\n\n\n<p><strong>Els assistents podran gaudir del campionat i d\u2019un aperitiu i c\u00f2ctels amb segell local<\/strong>, en una atmosfera que celebra la innovaci\u00f3, el producte de proximitat i la cultura gastron\u00f2mica de Mallorca.<\/p>\n\n\n\n<p>Cabraboc reafirma aix\u00ed el seu comprom\u00eds amb el talent local i la creaci\u00f3 d\u2019experi\u00e8ncies \u00faniques que connecten territori, producte i creativitat.<\/p>\n\n\n\n<p><strong>Sobre Cabraboc &#8211; Esperit de Mallorca<br><\/strong>Esperit de Mallorca \u00e9s una destil\u00b7leria familiar fundada el 2012 i dedicada a l\u2019elaboraci\u00f3 de begudes espirituoses artesanals. Sota la marca Cabraboc produeix ginebres, destil\u00b7lats i licors de qualitat amb ingredients locals i creativitat mediterr\u00e0nia inspirats en el paisatge, la cultura i el car\u00e0cter salvatge de la Serra de Tramuntana.<\/p>\n","protected":false},"excerpt":{"rendered":"<p>La cita tendr\u00e0 lloc a l&#8217;encantador restaurant Es Cany\u00eds<\/p>\n","protected":false},"author":1,"featured_media":101011,"comment_status":"open","ping_status":"open","sticky":false,"template":"","format":"gallery","meta":{"_acf_changed":false,"_swt_meta_header_display":false,"_swt_meta_footer_display":false,"_swt_meta_site_title_display":false,"_swt_meta_sticky_header":false,"_swt_meta_transparent_header":false,"footnotes":""},"categories":[692,955],"tags":[],"coauthors":[2053],"class_list":["post-101009","post","type-post","status-publish","format-gallery","has-post-thumbnail","hentry","category-actualitat","category-reportatges-i-novetats","post_format-post-format-gallery"],"acf":{"gallery":[101027,101023,101015,101011],"home_date":{"home_begin_date":null,"home_end_date":null}},"yoast_head":"<!-- This site is optimized with the Yoast SEO plugin v27.4 - https:\/\/yoast.com\/product\/yoast-seo-wordpress\/ -->\n<title>Cabraboc celebra el seu primer Campionat de Cocteleria al Port de S\u00f3ller - Gastron\u00f2micament<\/title>\n<meta name=\"description\" content=\"Cabraboc celebra el seu primer Campionat de Cocteleria al Port de S\u00f3ller Actualitat, Reportatges i novetats La cita tendr\u00e0 lloc a l&#039;encantador restaurant Es Cany\u00eds\" \/>\n<meta name=\"robots\" content=\"index, follow, max-snippet:-1, max-image-preview:large, max-video-preview:-1\" \/>\n<link rel=\"canonical\" href=\"https:\/\/gastronomicament.cat\/en\/cabraboc-celebra-el-seu-primer-campionat-de-cocteleria-al-port-de-soller\" \/>\n<meta property=\"og:locale\" content=\"en_US\" \/>\n<meta property=\"og:type\" content=\"article\" \/>\n<meta property=\"og:title\" content=\"Cabraboc celebra el seu primer Campionat de Cocteleria al Port de S\u00f3ller - Gastron\u00f2micament\" \/>\n<meta property=\"og:description\" content=\"Cabraboc celebra el seu primer Campionat de Cocteleria al Port de S\u00f3ller Actualitat, Reportatges i novetats La cita tendr\u00e0 lloc a l&#039;encantador restaurant Es Cany\u00eds\" \/>\n<meta property=\"og:url\" content=\"https:\/\/gastronomicament.cat\/en\/cabraboc-celebra-el-seu-primer-campionat-de-cocteleria-al-port-de-soller\" \/>\n<meta property=\"og:site_name\" content=\"Gastron\u00f2micament\" \/>\n<meta property=\"article:published_time\" content=\"2025-04-23T07:06:11+00:00\" \/>\n<meta property=\"article:modified_time\" content=\"2026-04-16T16:29:06+00:00\" \/>\n<meta property=\"og:image\" content=\"https:\/\/gastronomicament.cat\/wp-content\/uploads\/2025\/04\/Cabraboc_arthurleblanc_2.jpg\" \/>\n\t<meta property=\"og:image:width\" content=\"1600\" \/>\n\t<meta property=\"og:image:height\" content=\"1066\" \/>\n\t<meta property=\"og:image:type\" content=\"image\/jpeg\" \/>\n<meta name=\"author\" content=\"Redacci\u00f3\" \/>\n<meta name=\"twitter:card\" content=\"summary_large_image\" \/>\n<meta name=\"twitter:creator\" content=\"@gastronomicamen\" \/>\n<meta name=\"twitter:site\" content=\"@gastronomicamen\" \/>\n<meta name=\"twitter:label1\" content=\"Written by\" \/>\n\t<meta name=\"twitter:data1\" content=\"Redacci\u00f3\" \/>\n\t<meta name=\"twitter:label2\" content=\"Est. reading time\" \/>\n\t<meta name=\"twitter:data2\" content=\"2 minutes\" \/>\n<script type=\"application\/ld+json\" class=\"yoast-schema-graph\">{\"@context\":\"https:\\\/\\\/schema.org\",\"@graph\":[{\"@type\":\"Article\",\"@id\":\"https:\\\/\\\/gastronomicament.cat\\\/en\\\/cabraboc-celebra-el-seu-primer-campionat-de-cocteleria-al-port-de-soller#article\",\"isPartOf\":{\"@id\":\"https:\\\/\\\/gastronomicament.cat\\\/en\\\/cabraboc-celebra-el-seu-primer-campionat-de-cocteleria-al-port-de-soller\"},\"author\":{\"name\":\"Redacci\u00f3\",\"@id\":\"https:\\\/\\\/gastronomicament.cat\\\/en\\\/#\\\/schema\\\/person\\\/a7c85c537a1ed62799a5b8e0f686a37f\"},\"headline\":\"Cabraboc celebra el seu primer Campionat de Cocteleria al Port de S\u00f3ller\",\"datePublished\":\"2025-04-23T07:06:11+00:00\",\"dateModified\":\"2026-04-16T16:29:06+00:00\",\"mainEntityOfPage\":{\"@id\":\"https:\\\/\\\/gastronomicament.cat\\\/en\\\/cabraboc-celebra-el-seu-primer-campionat-de-cocteleria-al-port-de-soller\"},\"wordCount\":317,\"commentCount\":0,\"publisher\":{\"@id\":\"https:\\\/\\\/gastronomicament.cat\\\/en\\\/#organization\"},\"image\":{\"@id\":\"https:\\\/\\\/gastronomicament.cat\\\/en\\\/cabraboc-celebra-el-seu-primer-campionat-de-cocteleria-al-port-de-soller#primaryimage\"},\"thumbnailUrl\":\"https:\\\/\\\/gastronomicament.cat\\\/wp-content\\\/uploads\\\/2025\\\/04\\\/Cabraboc_arthurleblanc_2.jpg\",\"articleSection\":[\"Actualitat\",\"Reportatges i novetats\"],\"inLanguage\":\"en-US\",\"potentialAction\":[{\"@type\":\"CommentAction\",\"name\":\"Comment\",\"target\":[\"https:\\\/\\\/gastronomicament.cat\\\/en\\\/cabraboc-celebra-el-seu-primer-campionat-de-cocteleria-al-port-de-soller#respond\"]}]},{\"@type\":\"WebPage\",\"@id\":\"https:\\\/\\\/gastronomicament.cat\\\/en\\\/cabraboc-celebra-el-seu-primer-campionat-de-cocteleria-al-port-de-soller\",\"url\":\"https:\\\/\\\/gastronomicament.cat\\\/en\\\/cabraboc-celebra-el-seu-primer-campionat-de-cocteleria-al-port-de-soller\",\"name\":\"Cabraboc celebra el seu primer Campionat de Cocteleria al Port de S\u00f3ller - Gastron\u00f2micament\",\"isPartOf\":{\"@id\":\"https:\\\/\\\/gastronomicament.cat\\\/en\\\/#website\"},\"primaryImageOfPage\":{\"@id\":\"https:\\\/\\\/gastronomicament.cat\\\/en\\\/cabraboc-celebra-el-seu-primer-campionat-de-cocteleria-al-port-de-soller#primaryimage\"},\"image\":{\"@id\":\"https:\\\/\\\/gastronomicament.cat\\\/en\\\/cabraboc-celebra-el-seu-primer-campionat-de-cocteleria-al-port-de-soller#primaryimage\"},\"thumbnailUrl\":\"https:\\\/\\\/gastronomicament.cat\\\/wp-content\\\/uploads\\\/2025\\\/04\\\/Cabraboc_arthurleblanc_2.jpg\",\"datePublished\":\"2025-04-23T07:06:11+00:00\",\"dateModified\":\"2026-04-16T16:29:06+00:00\",\"description\":\"Cabraboc celebra el seu primer Campionat de Cocteleria al Port de S\u00f3ller Actualitat, Reportatges i novetats La cita tendr\u00e0 lloc a l'encantador restaurant Es Cany\u00eds\",\"inLanguage\":\"en-US\",\"potentialAction\":[{\"@type\":\"ReadAction\",\"target\":[\"https:\\\/\\\/gastronomicament.cat\\\/en\\\/cabraboc-celebra-el-seu-primer-campionat-de-cocteleria-al-port-de-soller\"]}]},{\"@type\":\"ImageObject\",\"inLanguage\":\"en-US\",\"@id\":\"https:\\\/\\\/gastronomicament.cat\\\/en\\\/cabraboc-celebra-el-seu-primer-campionat-de-cocteleria-al-port-de-soller#primaryimage\",\"url\":\"https:\\\/\\\/gastronomicament.cat\\\/wp-content\\\/uploads\\\/2025\\\/04\\\/Cabraboc_arthurleblanc_2.jpg\",\"contentUrl\":\"https:\\\/\\\/gastronomicament.cat\\\/wp-content\\\/uploads\\\/2025\\\/04\\\/Cabraboc_arthurleblanc_2.jpg\",\"width\":1600,\"height\":1066},{\"@type\":\"WebSite\",\"@id\":\"https:\\\/\\\/gastronomicament.cat\\\/en\\\/#website\",\"url\":\"https:\\\/\\\/gastronomicament.cat\\\/en\\\/\",\"name\":\"Gastron\u00f2micament\",\"description\":\"Portal de restaurants, receptes i actualitat gastron\u00f2mica\",\"publisher\":{\"@id\":\"https:\\\/\\\/gastronomicament.cat\\\/en\\\/#organization\"},\"potentialAction\":[{\"@type\":\"SearchAction\",\"target\":{\"@type\":\"EntryPoint\",\"urlTemplate\":\"https:\\\/\\\/gastronomicament.cat\\\/en\\\/?s={search_term_string}\"},\"query-input\":{\"@type\":\"PropertyValueSpecification\",\"valueRequired\":true,\"valueName\":\"search_term_string\"}}],\"inLanguage\":\"en-US\"},{\"@type\":\"Organization\",\"@id\":\"https:\\\/\\\/gastronomicament.cat\\\/en\\\/#organization\",\"name\":\"Gastron\u00f2micament\",\"url\":\"https:\\\/\\\/gastronomicament.cat\\\/en\\\/\",\"logo\":{\"@type\":\"ImageObject\",\"inLanguage\":\"en-US\",\"@id\":\"https:\\\/\\\/gastronomicament.cat\\\/en\\\/#\\\/schema\\\/logo\\\/image\\\/\",\"url\":\"https:\\\/\\\/gastronomicament.cat\\\/wp-content\\\/uploads\\\/2016\\\/09\\\/header-logo.jpg\",\"contentUrl\":\"https:\\\/\\\/gastronomicament.cat\\\/wp-content\\\/uploads\\\/2016\\\/09\\\/header-logo.jpg\",\"width\":277,\"height\":39,\"caption\":\"Gastron\u00f2micament\"},\"image\":{\"@id\":\"https:\\\/\\\/gastronomicament.cat\\\/en\\\/#\\\/schema\\\/logo\\\/image\\\/\"},\"sameAs\":[\"https:\\\/\\\/x.com\\\/gastronomicamen\"]},{\"@type\":\"Person\",\"@id\":\"https:\\\/\\\/gastronomicament.cat\\\/en\\\/#\\\/schema\\\/person\\\/a7c85c537a1ed62799a5b8e0f686a37f\",\"name\":\"Redacci\u00f3\",\"image\":{\"@type\":\"ImageObject\",\"inLanguage\":\"en-US\",\"@id\":\"https:\\\/\\\/secure.gravatar.com\\\/avatar\\\/9489a485c464fd611d33825daae651d13db70c4e74c65c94937a15a9d4c3ee14?s=96&d=mm&r=g69fea3cce3645dfa2166e7293e22955e\",\"url\":\"https:\\\/\\\/secure.gravatar.com\\\/avatar\\\/9489a485c464fd611d33825daae651d13db70c4e74c65c94937a15a9d4c3ee14?s=96&d=mm&r=g\",\"contentUrl\":\"https:\\\/\\\/secure.gravatar.com\\\/avatar\\\/9489a485c464fd611d33825daae651d13db70c4e74c65c94937a15a9d4c3ee14?s=96&d=mm&r=g\",\"caption\":\"Redacci\u00f3\"},\"sameAs\":[\"http:\\\/\\\/gastronomicament.cat\"],\"url\":\"https:\\\/\\\/gastronomicament.cat\\\/en\\\/author\\\/admin\"}]}<\/script>\n<!-- \/ Yoast SEO plugin. -->","yoast_head_json":{"title":"Cabraboc celebra el seu primer Campionat de Cocteleria al Port de S\u00f3ller - Gastron\u00f2micament","description":"Cabraboc celebra el seu primer Campionat de Cocteleria al Port de S\u00f3ller Actualitat, Reportatges i novetats La cita tendr\u00e0 lloc a l'encantador restaurant Es Cany\u00eds","robots":{"index":"index","follow":"follow","max-snippet":"max-snippet:-1","max-image-preview":"max-image-preview:large","max-video-preview":"max-video-preview:-1"},"canonical":"https:\/\/gastronomicament.cat\/en\/cabraboc-celebra-el-seu-primer-campionat-de-cocteleria-al-port-de-soller","og_locale":"en_US","og_type":"article","og_title":"Cabraboc celebra el seu primer Campionat de Cocteleria al Port de S\u00f3ller - Gastron\u00f2micament","og_description":"Cabraboc celebra el seu primer Campionat de Cocteleria al Port de S\u00f3ller Actualitat, Reportatges i novetats La cita tendr\u00e0 lloc a l'encantador restaurant Es Cany\u00eds","og_url":"https:\/\/gastronomicament.cat\/en\/cabraboc-celebra-el-seu-primer-campionat-de-cocteleria-al-port-de-soller","og_site_name":"Gastron\u00f2micament","article_published_time":"2025-04-23T07:06:11+00:00","article_modified_time":"2026-04-16T16:29:06+00:00","og_image":[{"width":1600,"height":1066,"url":"https:\/\/gastronomicament.cat\/wp-content\/uploads\/2025\/04\/Cabraboc_arthurleblanc_2.jpg","type":"image\/jpeg"}],"author":"Redacci\u00f3","twitter_card":"summary_large_image","twitter_creator":"@gastronomicamen","twitter_site":"@gastronomicamen","twitter_misc":{"Written by":"Redacci\u00f3","Est. reading time":"2 minutes"},"schema":{"@context":"https:\/\/schema.org","@graph":[{"@type":"Article","@id":"https:\/\/gastronomicament.cat\/en\/cabraboc-celebra-el-seu-primer-campionat-de-cocteleria-al-port-de-soller#article","isPartOf":{"@id":"https:\/\/gastronomicament.cat\/en\/cabraboc-celebra-el-seu-primer-campionat-de-cocteleria-al-port-de-soller"},"author":{"name":"Redacci\u00f3","@id":"https:\/\/gastronomicament.cat\/en\/#\/schema\/person\/a7c85c537a1ed62799a5b8e0f686a37f"},"headline":"Cabraboc celebra el seu primer Campionat de Cocteleria al Port de S\u00f3ller","datePublished":"2025-04-23T07:06:11+00:00","dateModified":"2026-04-16T16:29:06+00:00","mainEntityOfPage":{"@id":"https:\/\/gastronomicament.cat\/en\/cabraboc-celebra-el-seu-primer-campionat-de-cocteleria-al-port-de-soller"},"wordCount":317,"commentCount":0,"publisher":{"@id":"https:\/\/gastronomicament.cat\/en\/#organization"},"image":{"@id":"https:\/\/gastronomicament.cat\/en\/cabraboc-celebra-el-seu-primer-campionat-de-cocteleria-al-port-de-soller#primaryimage"},"thumbnailUrl":"https:\/\/gastronomicament.cat\/wp-content\/uploads\/2025\/04\/Cabraboc_arthurleblanc_2.jpg","articleSection":["Actualitat","Reportatges i novetats"],"inLanguage":"en-US","potentialAction":[{"@type":"CommentAction","name":"Comment","target":["https:\/\/gastronomicament.cat\/en\/cabraboc-celebra-el-seu-primer-campionat-de-cocteleria-al-port-de-soller#respond"]}]},{"@type":"WebPage","@id":"https:\/\/gastronomicament.cat\/en\/cabraboc-celebra-el-seu-primer-campionat-de-cocteleria-al-port-de-soller","url":"https:\/\/gastronomicament.cat\/en\/cabraboc-celebra-el-seu-primer-campionat-de-cocteleria-al-port-de-soller","name":"Cabraboc celebra el seu primer Campionat de Cocteleria al Port de S\u00f3ller - Gastron\u00f2micament","isPartOf":{"@id":"https:\/\/gastronomicament.cat\/en\/#website"},"primaryImageOfPage":{"@id":"https:\/\/gastronomicament.cat\/en\/cabraboc-celebra-el-seu-primer-campionat-de-cocteleria-al-port-de-soller#primaryimage"},"image":{"@id":"https:\/\/gastronomicament.cat\/en\/cabraboc-celebra-el-seu-primer-campionat-de-cocteleria-al-port-de-soller#primaryimage"},"thumbnailUrl":"https:\/\/gastronomicament.cat\/wp-content\/uploads\/2025\/04\/Cabraboc_arthurleblanc_2.jpg","datePublished":"2025-04-23T07:06:11+00:00","dateModified":"2026-04-16T16:29:06+00:00","description":"Cabraboc celebra el seu primer Campionat de Cocteleria al Port de S\u00f3ller Actualitat, Reportatges i novetats La cita tendr\u00e0 lloc a l'encantador restaurant Es Cany\u00eds","inLanguage":"en-US","potentialAction":[{"@type":"ReadAction","target":["https:\/\/gastronomicament.cat\/en\/cabraboc-celebra-el-seu-primer-campionat-de-cocteleria-al-port-de-soller"]}]},{"@type":"ImageObject","inLanguage":"en-US","@id":"https:\/\/gastronomicament.cat\/en\/cabraboc-celebra-el-seu-primer-campionat-de-cocteleria-al-port-de-soller#primaryimage","url":"https:\/\/gastronomicament.cat\/wp-content\/uploads\/2025\/04\/Cabraboc_arthurleblanc_2.jpg","contentUrl":"https:\/\/gastronomicament.cat\/wp-content\/uploads\/2025\/04\/Cabraboc_arthurleblanc_2.jpg","width":1600,"height":1066},{"@type":"WebSite","@id":"https:\/\/gastronomicament.cat\/en\/#website","url":"https:\/\/gastronomicament.cat\/en\/","name":"Gastron\u00f2micament","description":"Portal de restaurants, receptes i actualitat gastron\u00f2mica","publisher":{"@id":"https:\/\/gastronomicament.cat\/en\/#organization"},"potentialAction":[{"@type":"SearchAction","target":{"@type":"EntryPoint","urlTemplate":"https:\/\/gastronomicament.cat\/en\/?s={search_term_string}"},"query-input":{"@type":"PropertyValueSpecification","valueRequired":true,"valueName":"search_term_string"}}],"inLanguage":"en-US"},{"@type":"Organization","@id":"https:\/\/gastronomicament.cat\/en\/#organization","name":"Gastron\u00f2micament","url":"https:\/\/gastronomicament.cat\/en\/","logo":{"@type":"ImageObject","inLanguage":"en-US","@id":"https:\/\/gastronomicament.cat\/en\/#\/schema\/logo\/image\/","url":"https:\/\/gastronomicament.cat\/wp-content\/uploads\/2016\/09\/header-logo.jpg","contentUrl":"https:\/\/gastronomicament.cat\/wp-content\/uploads\/2016\/09\/header-logo.jpg","width":277,"height":39,"caption":"Gastron\u00f2micament"},"image":{"@id":"https:\/\/gastronomicament.cat\/en\/#\/schema\/logo\/image\/"},"sameAs":["https:\/\/x.com\/gastronomicamen"]},{"@type":"Person","@id":"https:\/\/gastronomicament.cat\/en\/#\/schema\/person\/a7c85c537a1ed62799a5b8e0f686a37f","name":"Redacci\u00f3","image":{"@type":"ImageObject","inLanguage":"en-US","@id":"https:\/\/secure.gravatar.com\/avatar\/9489a485c464fd611d33825daae651d13db70c4e74c65c94937a15a9d4c3ee14?s=96&d=mm&r=g69fea3cce3645dfa2166e7293e22955e","url":"https:\/\/secure.gravatar.com\/avatar\/9489a485c464fd611d33825daae651d13db70c4e74c65c94937a15a9d4c3ee14?s=96&d=mm&r=g","contentUrl":"https:\/\/secure.gravatar.com\/avatar\/9489a485c464fd611d33825daae651d13db70c4e74c65c94937a15a9d4c3ee14?s=96&d=mm&r=g","caption":"Redacci\u00f3"},"sameAs":["http:\/\/gastronomicament.cat"],"url":"https:\/\/gastronomicament.cat\/en\/author\/admin"}]}},"_links":{"self":[{"href":"https:\/\/gastronomicament.cat\/en\/wp-json\/wp\/v2\/posts\/101009","targetHints":{"allow":["GET"]}}],"collection":[{"href":"https:\/\/gastronomicament.cat\/en\/wp-json\/wp\/v2\/posts"}],"about":[{"href":"https:\/\/gastronomicament.cat\/en\/wp-json\/wp\/v2\/types\/post"}],"author":[{"embeddable":true,"href":"https:\/\/gastronomicament.cat\/en\/wp-json\/wp\/v2\/users\/1"}],"replies":[{"embeddable":true,"href":"https:\/\/gastronomicament.cat\/en\/wp-json\/wp\/v2\/comments?post=101009"}],"version-history":[{"count":0,"href":"https:\/\/gastronomicament.cat\/en\/wp-json\/wp\/v2\/posts\/101009\/revisions"}],"acf:attachment":[{"embeddable":true,"href":"https:\/\/gastronomicament.cat\/en\/wp-json\/wp\/v2\/media\/101011"},{"embeddable":true,"href":"https:\/\/gastronomicament.cat\/en\/wp-json\/wp\/v2\/media\/101015"},{"embeddable":true,"href":"https:\/\/gastronomicament.cat\/en\/wp-json\/wp\/v2\/media\/101023"},{"embeddable":true,"href":"https:\/\/gastronomicament.cat\/en\/wp-json\/wp\/v2\/media\/101027"}],"wp:featuredmedia":[{"embeddable":true,"href":"https:\/\/gastronomicament.cat\/en\/wp-json\/wp\/v2\/media\/101011"}],"wp:attachment":[{"href":"https:\/\/gastronomicament.cat\/en\/wp-json\/wp\/v2\/media?parent=101009"}],"wp:term":[{"taxonomy":"category","embeddable":true,"href":"https:\/\/gastronomicament.cat\/en\/wp-json\/wp\/v2\/categories?post=101009"},{"taxonomy":"post_tag","embeddable":true,"href":"https:\/\/gastronomicament.cat\/en\/wp-json\/wp\/v2\/tags?post=101009"},{"taxonomy":"author","embeddable":true,"href":"https:\/\/gastronomicament.cat\/en\/wp-json\/wp\/v2\/coauthors?post=101009"}],"curies":[{"name":"wp","href":"https:\/\/api.w.org\/{rel}","templated":true}]}}