{"id":101891,"date":"2025-06-25T08:43:12","date_gmt":"2025-06-25T06:43:12","guid":{"rendered":"https:\/\/web2025.gastronomicament.cat\/torralbenc-rosat-el-vi-de-finca-menorqui-que-reflecteix-el-caracter-mediterrani"},"modified":"2026-04-16T16:54:10","modified_gmt":"2026-04-16T14:54:10","slug":"torralbenc-rosat-el-vi-de-finca-menorqui-que-reflecteix-el-caracter-mediterrani","status":"publish","type":"post","link":"https:\/\/gastronomicament.cat\/en\/torralbenc-rosat-el-vi-de-finca-menorqui-que-reflecteix-el-caracter-mediterrani","title":{"rendered":"Torralbenc Rosat, el vi de finca menorqu\u00ed que reflecteix el car\u00e0cter mediterrani"},"content":{"rendered":"\n<p>Des del respecte a la identitat de Menorca i de les seves singulars vinyes, que sorgeixen de la dura roca calc\u00e0ria de l&#8217;illa, neix Torralbenc: un projecte de recuperaci\u00f3 agr\u00edcola per a elaborar vins amb una personalitat molt marcada i elaborats per a plasmar l&#8217;ess\u00e8ncia mediterr\u00e0nia menorquina.<\/p>\n\n\n\n<p>El celler&nbsp;<strong>Torralbenc se situa en una finca de 70 hect\u00e0rees<\/strong>, molt pr\u00f2xima a la mar, i va ser constru\u00efda sota el model de ch\u00e2teau, envoltada de 17 hect\u00e0rees de vinya, que comparteixen espai amb altres cultius com a oliveres, ametllers o cirerers, i un bosc mediterrani dens. Entre la seva gamma de vins de finca, des del celler seleccionen la nova anyada de Torralbenc Rosat per a fer viatjar amb cada copa fins a la campanya menorquina, ara que comen\u00e7a l&#8217;\u00e8poca estival.<\/p>\n\n\n\n<p><strong>Torralbenc Rosat 2024 s<\/strong>orgeix del cupatge de les&nbsp;<strong>varietats sir\u00e0, monastrell i merlot, recollides i seleccionades a m\u00e0<\/strong>. Cada varietat es vinifica per separat en dip\u00f2sits d&#8217;acer inoxidable, romanent en contacte amb les seves mares durant m\u00e9s de 3 mesos. Despr\u00e9s s&#8217;acoblen les varietats i finalment, despr\u00e9s de ser embotellat, roman un m\u00ednim de dos mesos en ampolla abans de ser comercialitzat. \u201cEns preocupem per preservar la frescor dels nostres vins i de donar-los estructura, donar-los recorregut, amb el treball de p\u00f2sits, com en el cas del rosat. S\u00f3n vins molt actuals, per\u00f2 amb un punt de complexitat\u201d, explica&nbsp;<strong>C\u00e9sar Palomino<\/strong>, director t\u00e8cnic de Torralbenc.<\/p>\n\n\n\n<p>La collita 2024 va estar marcada per un inici de la primavera una mica m\u00e9s seca de l&#8217;habitual, encara que va finalitzar amb una bona reserva h\u00eddrica per al desenvolupament vegetatiu. Les temperatures mitjanes m\u00e9s altes van afavorir una brotada primerenca i uniforme. L&#8217;estiu no va ser especialment c\u00e0lid, encara que bastant sec, la qual cosa va afavorir una maduraci\u00f3 progressiva sense estr\u00e8s t\u00e8rmic excessiu. Al setembre, un descens de temperatura mitjana va permetre preservar la frescor i l&#8217;acidesa del ra\u00efm. En termes de qualitat, aquesta verema ha mostrat un equilibri notable i promet vins amb bona estructura, frescor i una expressi\u00f3 arom\u00e0tica intensa, augurant una excel\u00b7lent evoluci\u00f3 en ampolla.<\/p>\n\n\n\n<p>El resultat \u00e9s un rosat arom\u00e0tic per\u00f2 delicat al temps, que conjuga les seves notes de flors blanques i p\u00e8tals de rosa, amb aromes abundants de fruita fresca, com la maduixa, la pera i aquest fonoll que est\u00e0 molt present en tots els seus vins, com ho est\u00e0 en la pr\u00f2pia campanya de la finca. En boca mostra la seva estupenda acidesa, tenint una bona estructura i un punt sal\u00ed que ens parla de la seva proximitat al Mediterrani. \u201cTorralbenc Rosat reflecteix el car\u00e0cter mediterrani del seu entorn, amb notes de fonoll i un punt de salinitat\u201d, remarca el seu director t\u00e8cnic.<\/p>\n\n\n\n<p>Aquest vi rosat pertany a la gamma de vins de finca del celler, aquells en els quals es plasma, en forma de blanc, rosat i negre, la vinya singular d&#8217;aquesta finca agr\u00edcola, de gran riquesa i biodiversitat. Elaborats amb les diferents varietats de la propietat, s\u00f3n una instant\u00e0nia feta vi del paisatge menorqu\u00ed. Torralbenc tamb\u00e9 elabora, quan la qualitat del ra\u00efm aix\u00ed ho permet, altres vins d&#8217;edici\u00f3 limitada com \u00e9s el cas del seu atractiu Chardonnay Criado en Barrica.<\/p>\n\n\n\n<p><strong>El vi que brosta de la roca<br><\/strong>El terreny en el qual estan plantades les vinyes de Torralbenc \u00e9s realment especial. Va ser un aut\u00e8ntic repte i un treball complex excavar en el mar\u00e8s, la caracter\u00edstica roca del s\u00f2l menorqu\u00ed heretada dels antics esculls que envoltaven l&#8217;illa, at\u00e8s que \u00e9s d&#8217;una duresa extrema. A m\u00e9s, varen ser pioners en el desenvolupament d&#8217;un sistema per a poder plantar les vinyes en la roca, mitjan\u00e7ant maquin\u00e0ria espec\u00edfica amb puntes de tungst\u00e8 que trenquen el s\u00f2l calcari, en el qual les vinyes aconsegueixen brostar literalment d&#8217;entre les roques. Aix\u00ed, extreuen tot el car\u00e0cter d&#8217;aquest terroir singular, en el qual Torralbenc ha triat una combinaci\u00f3 de ra\u00efm tradicional mediterrani, que viuen en equilibri amb varietats internacionals adaptades des de fa molt temps a l&#8217;illa.<\/p>\n\n\n\n<p>El clima, de car\u00e0cter mar\u00edtim litoral mediterrani, est\u00e0 molt marcat pel vent de la tramuntana, que refresca i dona salut a les seves vinyes i la seva proximitat al Mediterrani, que aporta unes caracter\u00edstiques notes salines als seus vins.<\/p>\n","protected":false},"excerpt":{"rendered":"<p>Gr\u00e0cies a la recuperaci\u00f3 de la finca agr\u00edcola, aquest celler conserva la tradici\u00f3 dels vins de&hellip;<\/p>\n","protected":false},"author":1,"featured_media":101894,"comment_status":"open","ping_status":"open","sticky":false,"template":"","format":"gallery","meta":{"_acf_changed":false,"_swt_meta_header_display":false,"_swt_meta_footer_display":false,"_swt_meta_site_title_display":false,"_swt_meta_sticky_header":false,"_swt_meta_transparent_header":false,"footnotes":""},"categories":[692,955],"tags":[],"coauthors":[2053],"class_list":["post-101891","post","type-post","status-publish","format-gallery","has-post-thumbnail","hentry","category-actualitat","category-reportatges-i-novetats","post_format-post-format-gallery"],"acf":{"gallery":[101903,101894,101908],"home_date":{"home_begin_date":null,"home_end_date":null}},"yoast_head":"<!-- This site is optimized with the Yoast SEO plugin v27.4 - https:\/\/yoast.com\/product\/yoast-seo-wordpress\/ -->\n<title>Torralbenc Rosat, el vi de finca menorqu\u00ed que reflecteix el car\u00e0cter mediterrani - Gastron\u00f2micament<\/title>\n<meta name=\"description\" content=\"Torralbenc Rosat, el vi de finca menorqu\u00ed que reflecteix el car\u00e0cter mediterrani Actualitat, Reportatges i novetats Gr\u00e0cies a la recuperaci\u00f3 de la finca agr\u00edcola, aquest celler conserva la tradici\u00f3 dels vins de qualitat a Menorca,\" \/>\n<meta name=\"robots\" content=\"index, follow, max-snippet:-1, max-image-preview:large, max-video-preview:-1\" \/>\n<link rel=\"canonical\" href=\"https:\/\/gastronomicament.cat\/en\/torralbenc-rosat-el-vi-de-finca-menorqui-que-reflecteix-el-caracter-mediterrani\" \/>\n<meta property=\"og:locale\" content=\"en_US\" \/>\n<meta property=\"og:type\" content=\"article\" \/>\n<meta property=\"og:title\" content=\"Torralbenc Rosat, el vi de finca menorqu\u00ed que reflecteix el car\u00e0cter mediterrani - Gastron\u00f2micament\" \/>\n<meta property=\"og:description\" content=\"Torralbenc Rosat, el vi de finca menorqu\u00ed que reflecteix el car\u00e0cter mediterrani Actualitat, Reportatges i novetats Gr\u00e0cies a la recuperaci\u00f3 de la finca agr\u00edcola, aquest celler conserva la tradici\u00f3 dels vins de qualitat a Menorca,\" \/>\n<meta property=\"og:url\" content=\"https:\/\/gastronomicament.cat\/en\/torralbenc-rosat-el-vi-de-finca-menorqui-que-reflecteix-el-caracter-mediterrani\" \/>\n<meta property=\"og:site_name\" content=\"Gastron\u00f2micament\" \/>\n<meta property=\"article:published_time\" content=\"2025-06-25T06:43:12+00:00\" \/>\n<meta property=\"article:modified_time\" content=\"2026-04-16T14:54:10+00:00\" \/>\n<meta property=\"og:image\" content=\"https:\/\/gastronomicament.cat\/wp-content\/uploads\/2025\/06\/Torralbenc-rosat-2024.jpg\" \/>\n\t<meta property=\"og:image:width\" content=\"2262\" \/>\n\t<meta property=\"og:image:height\" content=\"1445\" \/>\n\t<meta property=\"og:image:type\" content=\"image\/jpeg\" \/>\n<meta name=\"author\" content=\"Redacci\u00f3\" \/>\n<meta name=\"twitter:card\" content=\"summary_large_image\" \/>\n<meta name=\"twitter:creator\" content=\"@gastronomicamen\" \/>\n<meta name=\"twitter:site\" content=\"@gastronomicamen\" \/>\n<meta name=\"twitter:label1\" content=\"Written by\" \/>\n\t<meta name=\"twitter:data1\" content=\"Redacci\u00f3\" \/>\n\t<meta name=\"twitter:label2\" content=\"Est. reading time\" \/>\n\t<meta name=\"twitter:data2\" content=\"5 minutes\" \/>\n<script type=\"application\/ld+json\" class=\"yoast-schema-graph\">{\"@context\":\"https:\\\/\\\/schema.org\",\"@graph\":[{\"@type\":\"Article\",\"@id\":\"https:\\\/\\\/gastronomicament.cat\\\/en\\\/torralbenc-rosat-el-vi-de-finca-menorqui-que-reflecteix-el-caracter-mediterrani#article\",\"isPartOf\":{\"@id\":\"https:\\\/\\\/gastronomicament.cat\\\/en\\\/torralbenc-rosat-el-vi-de-finca-menorqui-que-reflecteix-el-caracter-mediterrani\"},\"author\":{\"name\":\"Redacci\u00f3\",\"@id\":\"https:\\\/\\\/gastronomicament.cat\\\/en\\\/#\\\/schema\\\/person\\\/a7c85c537a1ed62799a5b8e0f686a37f\"},\"headline\":\"Torralbenc Rosat, el vi de finca menorqu\u00ed que reflecteix el car\u00e0cter mediterrani\",\"datePublished\":\"2025-06-25T06:43:12+00:00\",\"dateModified\":\"2026-04-16T14:54:10+00:00\",\"mainEntityOfPage\":{\"@id\":\"https:\\\/\\\/gastronomicament.cat\\\/en\\\/torralbenc-rosat-el-vi-de-finca-menorqui-que-reflecteix-el-caracter-mediterrani\"},\"wordCount\":759,\"commentCount\":0,\"publisher\":{\"@id\":\"https:\\\/\\\/gastronomicament.cat\\\/en\\\/#organization\"},\"image\":{\"@id\":\"https:\\\/\\\/gastronomicament.cat\\\/en\\\/torralbenc-rosat-el-vi-de-finca-menorqui-que-reflecteix-el-caracter-mediterrani#primaryimage\"},\"thumbnailUrl\":\"https:\\\/\\\/gastronomicament.cat\\\/wp-content\\\/uploads\\\/2025\\\/06\\\/Torralbenc-rosat-2024.jpg\",\"articleSection\":[\"Actualitat\",\"Reportatges i novetats\"],\"inLanguage\":\"en-US\",\"potentialAction\":[{\"@type\":\"CommentAction\",\"name\":\"Comment\",\"target\":[\"https:\\\/\\\/gastronomicament.cat\\\/en\\\/torralbenc-rosat-el-vi-de-finca-menorqui-que-reflecteix-el-caracter-mediterrani#respond\"]}]},{\"@type\":\"WebPage\",\"@id\":\"https:\\\/\\\/gastronomicament.cat\\\/en\\\/torralbenc-rosat-el-vi-de-finca-menorqui-que-reflecteix-el-caracter-mediterrani\",\"url\":\"https:\\\/\\\/gastronomicament.cat\\\/en\\\/torralbenc-rosat-el-vi-de-finca-menorqui-que-reflecteix-el-caracter-mediterrani\",\"name\":\"Torralbenc Rosat, el vi de finca menorqu\u00ed que reflecteix el car\u00e0cter mediterrani - Gastron\u00f2micament\",\"isPartOf\":{\"@id\":\"https:\\\/\\\/gastronomicament.cat\\\/en\\\/#website\"},\"primaryImageOfPage\":{\"@id\":\"https:\\\/\\\/gastronomicament.cat\\\/en\\\/torralbenc-rosat-el-vi-de-finca-menorqui-que-reflecteix-el-caracter-mediterrani#primaryimage\"},\"image\":{\"@id\":\"https:\\\/\\\/gastronomicament.cat\\\/en\\\/torralbenc-rosat-el-vi-de-finca-menorqui-que-reflecteix-el-caracter-mediterrani#primaryimage\"},\"thumbnailUrl\":\"https:\\\/\\\/gastronomicament.cat\\\/wp-content\\\/uploads\\\/2025\\\/06\\\/Torralbenc-rosat-2024.jpg\",\"datePublished\":\"2025-06-25T06:43:12+00:00\",\"dateModified\":\"2026-04-16T14:54:10+00:00\",\"description\":\"Torralbenc Rosat, el vi de finca menorqu\u00ed que reflecteix el car\u00e0cter mediterrani Actualitat, Reportatges i novetats Gr\u00e0cies a la recuperaci\u00f3 de la finca agr\u00edcola, aquest celler conserva la tradici\u00f3 dels vins de qualitat a Menorca,\",\"inLanguage\":\"en-US\",\"potentialAction\":[{\"@type\":\"ReadAction\",\"target\":[\"https:\\\/\\\/gastronomicament.cat\\\/en\\\/torralbenc-rosat-el-vi-de-finca-menorqui-que-reflecteix-el-caracter-mediterrani\"]}]},{\"@type\":\"ImageObject\",\"inLanguage\":\"en-US\",\"@id\":\"https:\\\/\\\/gastronomicament.cat\\\/en\\\/torralbenc-rosat-el-vi-de-finca-menorqui-que-reflecteix-el-caracter-mediterrani#primaryimage\",\"url\":\"https:\\\/\\\/gastronomicament.cat\\\/wp-content\\\/uploads\\\/2025\\\/06\\\/Torralbenc-rosat-2024.jpg\",\"contentUrl\":\"https:\\\/\\\/gastronomicament.cat\\\/wp-content\\\/uploads\\\/2025\\\/06\\\/Torralbenc-rosat-2024.jpg\",\"width\":2262,\"height\":1445},{\"@type\":\"WebSite\",\"@id\":\"https:\\\/\\\/gastronomicament.cat\\\/en\\\/#website\",\"url\":\"https:\\\/\\\/gastronomicament.cat\\\/en\\\/\",\"name\":\"Gastron\u00f2micament\",\"description\":\"Portal de restaurants, receptes i actualitat gastron\u00f2mica\",\"publisher\":{\"@id\":\"https:\\\/\\\/gastronomicament.cat\\\/en\\\/#organization\"},\"potentialAction\":[{\"@type\":\"SearchAction\",\"target\":{\"@type\":\"EntryPoint\",\"urlTemplate\":\"https:\\\/\\\/gastronomicament.cat\\\/en\\\/?s={search_term_string}\"},\"query-input\":{\"@type\":\"PropertyValueSpecification\",\"valueRequired\":true,\"valueName\":\"search_term_string\"}}],\"inLanguage\":\"en-US\"},{\"@type\":\"Organization\",\"@id\":\"https:\\\/\\\/gastronomicament.cat\\\/en\\\/#organization\",\"name\":\"Gastron\u00f2micament\",\"url\":\"https:\\\/\\\/gastronomicament.cat\\\/en\\\/\",\"logo\":{\"@type\":\"ImageObject\",\"inLanguage\":\"en-US\",\"@id\":\"https:\\\/\\\/gastronomicament.cat\\\/en\\\/#\\\/schema\\\/logo\\\/image\\\/\",\"url\":\"https:\\\/\\\/gastronomicament.cat\\\/wp-content\\\/uploads\\\/2016\\\/09\\\/header-logo.jpg\",\"contentUrl\":\"https:\\\/\\\/gastronomicament.cat\\\/wp-content\\\/uploads\\\/2016\\\/09\\\/header-logo.jpg\",\"width\":277,\"height\":39,\"caption\":\"Gastron\u00f2micament\"},\"image\":{\"@id\":\"https:\\\/\\\/gastronomicament.cat\\\/en\\\/#\\\/schema\\\/logo\\\/image\\\/\"},\"sameAs\":[\"https:\\\/\\\/x.com\\\/gastronomicamen\"]},{\"@type\":\"Person\",\"@id\":\"https:\\\/\\\/gastronomicament.cat\\\/en\\\/#\\\/schema\\\/person\\\/a7c85c537a1ed62799a5b8e0f686a37f\",\"name\":\"Redacci\u00f3\",\"image\":{\"@type\":\"ImageObject\",\"inLanguage\":\"en-US\",\"@id\":\"https:\\\/\\\/secure.gravatar.com\\\/avatar\\\/9489a485c464fd611d33825daae651d13db70c4e74c65c94937a15a9d4c3ee14?s=96&d=mm&r=g69fea3cce3645dfa2166e7293e22955e\",\"url\":\"https:\\\/\\\/secure.gravatar.com\\\/avatar\\\/9489a485c464fd611d33825daae651d13db70c4e74c65c94937a15a9d4c3ee14?s=96&d=mm&r=g\",\"contentUrl\":\"https:\\\/\\\/secure.gravatar.com\\\/avatar\\\/9489a485c464fd611d33825daae651d13db70c4e74c65c94937a15a9d4c3ee14?s=96&d=mm&r=g\",\"caption\":\"Redacci\u00f3\"},\"sameAs\":[\"http:\\\/\\\/gastronomicament.cat\"],\"url\":\"https:\\\/\\\/gastronomicament.cat\\\/en\\\/author\\\/admin\"}]}<\/script>\n<!-- \/ Yoast SEO plugin. -->","yoast_head_json":{"title":"Torralbenc Rosat, el vi de finca menorqu\u00ed que reflecteix el car\u00e0cter mediterrani - Gastron\u00f2micament","description":"Torralbenc Rosat, el vi de finca menorqu\u00ed que reflecteix el car\u00e0cter mediterrani Actualitat, Reportatges i novetats Gr\u00e0cies a la recuperaci\u00f3 de la finca agr\u00edcola, aquest celler conserva la tradici\u00f3 dels vins de qualitat a Menorca,","robots":{"index":"index","follow":"follow","max-snippet":"max-snippet:-1","max-image-preview":"max-image-preview:large","max-video-preview":"max-video-preview:-1"},"canonical":"https:\/\/gastronomicament.cat\/en\/torralbenc-rosat-el-vi-de-finca-menorqui-que-reflecteix-el-caracter-mediterrani","og_locale":"en_US","og_type":"article","og_title":"Torralbenc Rosat, el vi de finca menorqu\u00ed que reflecteix el car\u00e0cter mediterrani - Gastron\u00f2micament","og_description":"Torralbenc Rosat, el vi de finca menorqu\u00ed que reflecteix el car\u00e0cter mediterrani Actualitat, Reportatges i novetats Gr\u00e0cies a la recuperaci\u00f3 de la finca agr\u00edcola, aquest celler conserva la tradici\u00f3 dels vins de qualitat a Menorca,","og_url":"https:\/\/gastronomicament.cat\/en\/torralbenc-rosat-el-vi-de-finca-menorqui-que-reflecteix-el-caracter-mediterrani","og_site_name":"Gastron\u00f2micament","article_published_time":"2025-06-25T06:43:12+00:00","article_modified_time":"2026-04-16T14:54:10+00:00","og_image":[{"width":2262,"height":1445,"url":"https:\/\/gastronomicament.cat\/wp-content\/uploads\/2025\/06\/Torralbenc-rosat-2024.jpg","type":"image\/jpeg"}],"author":"Redacci\u00f3","twitter_card":"summary_large_image","twitter_creator":"@gastronomicamen","twitter_site":"@gastronomicamen","twitter_misc":{"Written by":"Redacci\u00f3","Est. reading time":"5 minutes"},"schema":{"@context":"https:\/\/schema.org","@graph":[{"@type":"Article","@id":"https:\/\/gastronomicament.cat\/en\/torralbenc-rosat-el-vi-de-finca-menorqui-que-reflecteix-el-caracter-mediterrani#article","isPartOf":{"@id":"https:\/\/gastronomicament.cat\/en\/torralbenc-rosat-el-vi-de-finca-menorqui-que-reflecteix-el-caracter-mediterrani"},"author":{"name":"Redacci\u00f3","@id":"https:\/\/gastronomicament.cat\/en\/#\/schema\/person\/a7c85c537a1ed62799a5b8e0f686a37f"},"headline":"Torralbenc Rosat, el vi de finca menorqu\u00ed que reflecteix el car\u00e0cter mediterrani","datePublished":"2025-06-25T06:43:12+00:00","dateModified":"2026-04-16T14:54:10+00:00","mainEntityOfPage":{"@id":"https:\/\/gastronomicament.cat\/en\/torralbenc-rosat-el-vi-de-finca-menorqui-que-reflecteix-el-caracter-mediterrani"},"wordCount":759,"commentCount":0,"publisher":{"@id":"https:\/\/gastronomicament.cat\/en\/#organization"},"image":{"@id":"https:\/\/gastronomicament.cat\/en\/torralbenc-rosat-el-vi-de-finca-menorqui-que-reflecteix-el-caracter-mediterrani#primaryimage"},"thumbnailUrl":"https:\/\/gastronomicament.cat\/wp-content\/uploads\/2025\/06\/Torralbenc-rosat-2024.jpg","articleSection":["Actualitat","Reportatges i novetats"],"inLanguage":"en-US","potentialAction":[{"@type":"CommentAction","name":"Comment","target":["https:\/\/gastronomicament.cat\/en\/torralbenc-rosat-el-vi-de-finca-menorqui-que-reflecteix-el-caracter-mediterrani#respond"]}]},{"@type":"WebPage","@id":"https:\/\/gastronomicament.cat\/en\/torralbenc-rosat-el-vi-de-finca-menorqui-que-reflecteix-el-caracter-mediterrani","url":"https:\/\/gastronomicament.cat\/en\/torralbenc-rosat-el-vi-de-finca-menorqui-que-reflecteix-el-caracter-mediterrani","name":"Torralbenc Rosat, el vi de finca menorqu\u00ed que reflecteix el car\u00e0cter mediterrani - Gastron\u00f2micament","isPartOf":{"@id":"https:\/\/gastronomicament.cat\/en\/#website"},"primaryImageOfPage":{"@id":"https:\/\/gastronomicament.cat\/en\/torralbenc-rosat-el-vi-de-finca-menorqui-que-reflecteix-el-caracter-mediterrani#primaryimage"},"image":{"@id":"https:\/\/gastronomicament.cat\/en\/torralbenc-rosat-el-vi-de-finca-menorqui-que-reflecteix-el-caracter-mediterrani#primaryimage"},"thumbnailUrl":"https:\/\/gastronomicament.cat\/wp-content\/uploads\/2025\/06\/Torralbenc-rosat-2024.jpg","datePublished":"2025-06-25T06:43:12+00:00","dateModified":"2026-04-16T14:54:10+00:00","description":"Torralbenc Rosat, el vi de finca menorqu\u00ed que reflecteix el car\u00e0cter mediterrani Actualitat, Reportatges i novetats Gr\u00e0cies a la recuperaci\u00f3 de la finca agr\u00edcola, aquest celler conserva la tradici\u00f3 dels vins de qualitat a Menorca,","inLanguage":"en-US","potentialAction":[{"@type":"ReadAction","target":["https:\/\/gastronomicament.cat\/en\/torralbenc-rosat-el-vi-de-finca-menorqui-que-reflecteix-el-caracter-mediterrani"]}]},{"@type":"ImageObject","inLanguage":"en-US","@id":"https:\/\/gastronomicament.cat\/en\/torralbenc-rosat-el-vi-de-finca-menorqui-que-reflecteix-el-caracter-mediterrani#primaryimage","url":"https:\/\/gastronomicament.cat\/wp-content\/uploads\/2025\/06\/Torralbenc-rosat-2024.jpg","contentUrl":"https:\/\/gastronomicament.cat\/wp-content\/uploads\/2025\/06\/Torralbenc-rosat-2024.jpg","width":2262,"height":1445},{"@type":"WebSite","@id":"https:\/\/gastronomicament.cat\/en\/#website","url":"https:\/\/gastronomicament.cat\/en\/","name":"Gastron\u00f2micament","description":"Portal de restaurants, receptes i actualitat gastron\u00f2mica","publisher":{"@id":"https:\/\/gastronomicament.cat\/en\/#organization"},"potentialAction":[{"@type":"SearchAction","target":{"@type":"EntryPoint","urlTemplate":"https:\/\/gastronomicament.cat\/en\/?s={search_term_string}"},"query-input":{"@type":"PropertyValueSpecification","valueRequired":true,"valueName":"search_term_string"}}],"inLanguage":"en-US"},{"@type":"Organization","@id":"https:\/\/gastronomicament.cat\/en\/#organization","name":"Gastron\u00f2micament","url":"https:\/\/gastronomicament.cat\/en\/","logo":{"@type":"ImageObject","inLanguage":"en-US","@id":"https:\/\/gastronomicament.cat\/en\/#\/schema\/logo\/image\/","url":"https:\/\/gastronomicament.cat\/wp-content\/uploads\/2016\/09\/header-logo.jpg","contentUrl":"https:\/\/gastronomicament.cat\/wp-content\/uploads\/2016\/09\/header-logo.jpg","width":277,"height":39,"caption":"Gastron\u00f2micament"},"image":{"@id":"https:\/\/gastronomicament.cat\/en\/#\/schema\/logo\/image\/"},"sameAs":["https:\/\/x.com\/gastronomicamen"]},{"@type":"Person","@id":"https:\/\/gastronomicament.cat\/en\/#\/schema\/person\/a7c85c537a1ed62799a5b8e0f686a37f","name":"Redacci\u00f3","image":{"@type":"ImageObject","inLanguage":"en-US","@id":"https:\/\/secure.gravatar.com\/avatar\/9489a485c464fd611d33825daae651d13db70c4e74c65c94937a15a9d4c3ee14?s=96&d=mm&r=g69fea3cce3645dfa2166e7293e22955e","url":"https:\/\/secure.gravatar.com\/avatar\/9489a485c464fd611d33825daae651d13db70c4e74c65c94937a15a9d4c3ee14?s=96&d=mm&r=g","contentUrl":"https:\/\/secure.gravatar.com\/avatar\/9489a485c464fd611d33825daae651d13db70c4e74c65c94937a15a9d4c3ee14?s=96&d=mm&r=g","caption":"Redacci\u00f3"},"sameAs":["http:\/\/gastronomicament.cat"],"url":"https:\/\/gastronomicament.cat\/en\/author\/admin"}]}},"_links":{"self":[{"href":"https:\/\/gastronomicament.cat\/en\/wp-json\/wp\/v2\/posts\/101891","targetHints":{"allow":["GET"]}}],"collection":[{"href":"https:\/\/gastronomicament.cat\/en\/wp-json\/wp\/v2\/posts"}],"about":[{"href":"https:\/\/gastronomicament.cat\/en\/wp-json\/wp\/v2\/types\/post"}],"author":[{"embeddable":true,"href":"https:\/\/gastronomicament.cat\/en\/wp-json\/wp\/v2\/users\/1"}],"replies":[{"embeddable":true,"href":"https:\/\/gastronomicament.cat\/en\/wp-json\/wp\/v2\/comments?post=101891"}],"version-history":[{"count":0,"href":"https:\/\/gastronomicament.cat\/en\/wp-json\/wp\/v2\/posts\/101891\/revisions"}],"acf:attachment":[{"embeddable":true,"href":"https:\/\/gastronomicament.cat\/en\/wp-json\/wp\/v2\/media\/101908"},{"embeddable":true,"href":"https:\/\/gastronomicament.cat\/en\/wp-json\/wp\/v2\/media\/101894"},{"embeddable":true,"href":"https:\/\/gastronomicament.cat\/en\/wp-json\/wp\/v2\/media\/101903"}],"wp:featuredmedia":[{"embeddable":true,"href":"https:\/\/gastronomicament.cat\/en\/wp-json\/wp\/v2\/media\/101894"}],"wp:attachment":[{"href":"https:\/\/gastronomicament.cat\/en\/wp-json\/wp\/v2\/media?parent=101891"}],"wp:term":[{"taxonomy":"category","embeddable":true,"href":"https:\/\/gastronomicament.cat\/en\/wp-json\/wp\/v2\/categories?post=101891"},{"taxonomy":"post_tag","embeddable":true,"href":"https:\/\/gastronomicament.cat\/en\/wp-json\/wp\/v2\/tags?post=101891"},{"taxonomy":"author","embeddable":true,"href":"https:\/\/gastronomicament.cat\/en\/wp-json\/wp\/v2\/coauthors?post=101891"}],"curies":[{"name":"wp","href":"https:\/\/api.w.org\/{rel}","templated":true}]}}