{"id":57314,"date":"2021-11-23T10:41:54","date_gmt":"2021-11-23T09:41:54","guid":{"rendered":"https:\/\/gastronomicament.cat\/el-concurs-de-tapes-i-coctels-tapalma-2021-ja-te-guanyadors"},"modified":"2021-11-23T10:41:54","modified_gmt":"2021-11-23T09:41:54","slug":"el-concurs-de-tapes-i-coctels-tapalma-2021-ja-te-guanyadors","status":"publish","type":"post","link":"https:\/\/gastronomicament.cat\/en\/el-concurs-de-tapes-i-coctels-tapalma-2021-ja-te-guanyadors","title":{"rendered":"El concurs de tapes i c\u00f2ctels TaPalma 2021 ja t\u00e9 guanyadors"},"content":{"rendered":"<p>El concurs de tapes i c\u00f2ctels\u00a0<strong>TaPalma 2021\u00a0<\/strong>ja t\u00e9 guanyadors. El triomfador d&#8217;aquesta edici\u00f3 ha estat el xef\u00a0<strong>Tito Verger\u00a0<\/strong>del\u00a0<strong>restaurant Rosa del Mar<\/strong>, que ha guanyat el TaPalma d&#8217;Or per la tapa\u00a0<strong>Bunyol frit\u00a0a Corea<\/strong>.<\/p>\n<p>L&#8217;acte, organitzat per Ag\u00e8nciaCom i Restauraci\u00f3 Caeb, i patrocinat per Ajuntament de Palma, la Fundaci\u00f3 Mallorca Turisme i Bale\u00e0ria, s&#8217;ha celebrat el dilluns 22 de novembre al Palau de Congressos de Palma i t\u00e9 la finalitat de dinamitzar la ciutat durant uns dies gr\u00e0cies al sector de la restauraci\u00f3, i posicionar Mallorca, i molt concretament Palma, com a punt neur\u00e0lgic de la gastronomia.<\/p>\n<p>La tapa de plata ha estat per a\u00a0<strong>Mat\u00edas\u00a0Provvident<\/strong>i, del restaurant\u00a0<strong>Maleva<\/strong>, que ha presentat al jurat la\u00a0<strong>tapa \u00c8tnic, una tapa amb hist\u00f2ria<\/strong>. I finalment, el\u00a0<strong>bronze<\/strong>, ha estat per a<strong>\u00a0Roberto Serra de Blat al Sac<\/strong>\u00a0que ha presentat la\u00a0<strong>tapa Indiorqu\u00ed<\/strong>.<\/p>\n<p>La millor Tapa Tem\u00e0tica, amb galeta Quely, ha estat per al restaurant\u00a0<strong>Arrosseria El Puente<\/strong>. El xef\u00a0<strong>Quique Erazo\u00a0<\/strong>ha aconseguit l&#8217;or gr\u00e0cies a la tapa Coca-Nnoli. L&#8217;argent d&#8217;aquesta modalitat se l&#8217;ha endut\u00a0<strong>Erika Marina Schaefer<\/strong>\u00a0del\u00a0<strong>restaurant Menjaibeu<\/strong>\u00a0del barri de Pere Garau amb la\u00a0<strong>tapa Marimonte\u00a0<\/strong>i, en tercer lloc, el bronze ha recaigut a\u00a0<strong>Manuel Ortega<\/strong>\u00a0del\u00a0<strong>restaurant Shaka\u00a0<\/strong>per la\u00a0<strong>tapa\u00a0Ebi Quely Uramaki<\/strong>.<\/p>\n<p>Pel que fa al concurs de c\u00f2ctels, el guanyador del<strong>\u00a0C\u00f2ctel d&#8217;Or<\/strong>\u00a0ha estat per al restaurant\u00a0<strong>Katagi Blau\u00a0<\/strong>i el\u00a0<strong>c\u00f2ctel Tanjo El Nacimiento<\/strong>, creat pel\u00a0<strong>barman Fernando Calderon<\/strong>. L&#8217;argent ha estat per a\u00a0<strong>Jos\u00e9 Luis Guerrero<\/strong>\u00a0de\u00a0<strong>Shaka\u00a0<\/strong>gr\u00e0cies al<strong>\u00a0c\u00f2ctel Oaxaca<\/strong>; mentre que el\u00a0<strong>bronze\u00a0<\/strong>se l&#8217;ha endut\u00a0<strong>Juli\u00e0 L\u00f3pez<\/strong>, b\u00e0rman d&#8217;<strong>Emblem\u00e0tic<\/strong>, amb el\u00a0<strong>c\u00f2ctel\u00a0Figarel\u00b7lo<\/strong>.<\/p>\n<p>Tamb\u00e9 s&#8217;han lliurat\u00a0<strong>dos acc\u00e8ssits<\/strong>, un a la tapa millor marinada amb cervesa Mahou, que ha estat per al restaurant\u00a0<strong>La Trastienda<\/strong>\u00a0amb la<strong>\u00a0tapa Pa de yuca amb guisat de cua de bou<\/strong>\u00a0i un altre a la millor tapa elaborada amb Oli de Mallorca, que ha estat per al restaurant\u00a0<strong>La Despensa del Bar\u00f3n<\/strong>\u00a0per la\u00a0<strong>tapa Terror mallorqu\u00ed<\/strong>.<\/p>\n<p><strong>Totes les tapes i c\u00f2ctels<\/strong>\u00a0que han participat al concurs TaPalma 2021\u00a0<strong>podran degustar-se a la ruta<\/strong>\u00a0que\u00a0<strong>comen\u00e7a aquest dimecres 24 i que acaba el diumenge 28 de novembre<\/strong>\u00a0en la qual hi participen un total de 34 establiments.<\/p>\n<div><a href=\"https:\/\/tapalma.com\/restaurantes\/\" target=\"_blank\" rel=\"noopener nofollow\">Podeu consultar totes les tapes i c\u00f2ctels de Tapalma 2021 aqu\u00ed.<\/a><\/div>\n","protected":false},"excerpt":{"rendered":"<p>El triomfador d&#8217;aquesta edici\u00f3 ha estat el xef\u00a0Tito Verger\u00a0del\u00a0restaurant Rosa del Mar, que ha guanyat el&hellip;<\/p>\n","protected":false},"author":1,"featured_media":57315,"comment_status":"open","ping_status":"closed","sticky":false,"template":"","format":"gallery","meta":{"_acf_changed":false,"_swt_meta_header_display":false,"_swt_meta_footer_display":false,"_swt_meta_site_title_display":false,"_swt_meta_sticky_header":false,"_swt_meta_transparent_header":false,"footnotes":""},"categories":[1046,1479],"tags":[],"coauthors":[],"class_list":["post-57314","post","type-post","status-publish","format-gallery","has-post-thumbnail","hentry","category-actualitat-es-en","category-concursos-i-premis-en","post_format-post-format-gallery"],"acf":{"gallery":null,"home_date":{"home_begin_date":null,"home_end_date":null}},"yoast_head":"<!-- This site is optimized with the Yoast SEO plugin v27.4 - https:\/\/yoast.com\/product\/yoast-seo-wordpress\/ -->\n<title>El concurs de tapes i c\u00f2ctels TaPalma 2021 ja t\u00e9 guanyadors - Gastron\u00f2micament<\/title>\n<meta name=\"description\" content=\"El concurs de tapes i c\u00f2ctels TaPalma 2021 ja t\u00e9 guanyadors Actualitat, Concursos i premis El triomfador d&#039;aquesta edici\u00f3 ha estat el xef\u00a0Tito Verger\u00a0del\u00a0restaurant Rosa del Mar, que ha guanyat el TaPalma d&#039;Or per la tapa\u00a0Bunyol frit\u00a0a Corea\" \/>\n<meta name=\"robots\" content=\"index, follow, max-snippet:-1, max-image-preview:large, max-video-preview:-1\" \/>\n<link rel=\"canonical\" href=\"https:\/\/gastronomicament.cat\/en\/el-concurs-de-tapes-i-coctels-tapalma-2021-ja-te-guanyadors\" \/>\n<meta property=\"og:locale\" content=\"en_US\" \/>\n<meta property=\"og:type\" content=\"article\" \/>\n<meta property=\"og:title\" content=\"El concurs de tapes i c\u00f2ctels TaPalma 2021 ja t\u00e9 guanyadors - Gastron\u00f2micament\" \/>\n<meta property=\"og:description\" content=\"El concurs de tapes i c\u00f2ctels TaPalma 2021 ja t\u00e9 guanyadors Actualitat, Concursos i premis El triomfador d&#039;aquesta edici\u00f3 ha estat el xef\u00a0Tito Verger\u00a0del\u00a0restaurant Rosa del Mar, que ha guanyat el TaPalma d&#039;Or per la tapa\u00a0Bunyol frit\u00a0a Corea\" \/>\n<meta property=\"og:url\" content=\"https:\/\/gastronomicament.cat\/en\/el-concurs-de-tapes-i-coctels-tapalma-2021-ja-te-guanyadors\" \/>\n<meta property=\"og:site_name\" content=\"Gastron\u00f2micament\" \/>\n<meta property=\"article:published_time\" content=\"2021-11-23T09:41:54+00:00\" \/>\n<meta property=\"og:image\" content=\"https:\/\/gastronomicament.cat\/wp-content\/uploads\/2021\/11\/Guanyadors-Tapalma-2021.jpg\" \/>\n\t<meta property=\"og:image:width\" content=\"1048\" \/>\n\t<meta property=\"og:image:height\" content=\"631\" \/>\n\t<meta property=\"og:image:type\" content=\"image\/jpeg\" \/>\n<meta name=\"author\" content=\"Redacci\u00f3\" \/>\n<meta name=\"twitter:card\" content=\"summary_large_image\" \/>\n<meta name=\"twitter:creator\" content=\"@gastronomicamen\" \/>\n<meta name=\"twitter:site\" content=\"@gastronomicamen\" \/>\n<meta name=\"twitter:label1\" content=\"Written by\" \/>\n\t<meta name=\"twitter:data1\" content=\"Redacci\u00f3\" \/>\n\t<meta name=\"twitter:label2\" content=\"Est. reading time\" \/>\n\t<meta name=\"twitter:data2\" content=\"2 minutes\" \/>\n<script type=\"application\/ld+json\" class=\"yoast-schema-graph\">{\"@context\":\"https:\\\/\\\/schema.org\",\"@graph\":[{\"@type\":\"Article\",\"@id\":\"https:\\\/\\\/gastronomicament.cat\\\/en\\\/el-concurs-de-tapes-i-coctels-tapalma-2021-ja-te-guanyadors#article\",\"isPartOf\":{\"@id\":\"https:\\\/\\\/gastronomicament.cat\\\/en\\\/el-concurs-de-tapes-i-coctels-tapalma-2021-ja-te-guanyadors\"},\"author\":{\"name\":\"Redacci\u00f3\",\"@id\":\"https:\\\/\\\/gastronomicament.cat\\\/en\\\/#\\\/schema\\\/person\\\/a7c85c537a1ed62799a5b8e0f686a37f\"},\"headline\":\"El concurs de tapes i c\u00f2ctels TaPalma 2021 ja t\u00e9 guanyadors\",\"datePublished\":\"2021-11-23T09:41:54+00:00\",\"mainEntityOfPage\":{\"@id\":\"https:\\\/\\\/gastronomicament.cat\\\/en\\\/el-concurs-de-tapes-i-coctels-tapalma-2021-ja-te-guanyadors\"},\"wordCount\":414,\"commentCount\":0,\"publisher\":{\"@id\":\"https:\\\/\\\/gastronomicament.cat\\\/en\\\/#organization\"},\"image\":{\"@id\":\"https:\\\/\\\/gastronomicament.cat\\\/en\\\/el-concurs-de-tapes-i-coctels-tapalma-2021-ja-te-guanyadors#primaryimage\"},\"thumbnailUrl\":\"https:\\\/\\\/gastronomicament.cat\\\/wp-content\\\/uploads\\\/2021\\\/11\\\/Guanyadors-Tapalma-2021.jpg\",\"articleSection\":[\"Actualitat\",\"Concursos i premis\"],\"inLanguage\":\"en-US\",\"potentialAction\":[{\"@type\":\"CommentAction\",\"name\":\"Comment\",\"target\":[\"https:\\\/\\\/gastronomicament.cat\\\/en\\\/el-concurs-de-tapes-i-coctels-tapalma-2021-ja-te-guanyadors#respond\"]}]},{\"@type\":\"WebPage\",\"@id\":\"https:\\\/\\\/gastronomicament.cat\\\/en\\\/el-concurs-de-tapes-i-coctels-tapalma-2021-ja-te-guanyadors\",\"url\":\"https:\\\/\\\/gastronomicament.cat\\\/en\\\/el-concurs-de-tapes-i-coctels-tapalma-2021-ja-te-guanyadors\",\"name\":\"El concurs de tapes i c\u00f2ctels TaPalma 2021 ja t\u00e9 guanyadors - Gastron\u00f2micament\",\"isPartOf\":{\"@id\":\"https:\\\/\\\/gastronomicament.cat\\\/en\\\/#website\"},\"primaryImageOfPage\":{\"@id\":\"https:\\\/\\\/gastronomicament.cat\\\/en\\\/el-concurs-de-tapes-i-coctels-tapalma-2021-ja-te-guanyadors#primaryimage\"},\"image\":{\"@id\":\"https:\\\/\\\/gastronomicament.cat\\\/en\\\/el-concurs-de-tapes-i-coctels-tapalma-2021-ja-te-guanyadors#primaryimage\"},\"thumbnailUrl\":\"https:\\\/\\\/gastronomicament.cat\\\/wp-content\\\/uploads\\\/2021\\\/11\\\/Guanyadors-Tapalma-2021.jpg\",\"datePublished\":\"2021-11-23T09:41:54+00:00\",\"description\":\"El concurs de tapes i c\u00f2ctels TaPalma 2021 ja t\u00e9 guanyadors Actualitat, Concursos i premis El triomfador d'aquesta edici\u00f3 ha estat el xef\u00a0Tito Verger\u00a0del\u00a0restaurant Rosa del Mar, que ha guanyat el TaPalma d'Or per la tapa\u00a0Bunyol frit\u00a0a Corea\",\"inLanguage\":\"en-US\",\"potentialAction\":[{\"@type\":\"ReadAction\",\"target\":[\"https:\\\/\\\/gastronomicament.cat\\\/en\\\/el-concurs-de-tapes-i-coctels-tapalma-2021-ja-te-guanyadors\"]}]},{\"@type\":\"ImageObject\",\"inLanguage\":\"en-US\",\"@id\":\"https:\\\/\\\/gastronomicament.cat\\\/en\\\/el-concurs-de-tapes-i-coctels-tapalma-2021-ja-te-guanyadors#primaryimage\",\"url\":\"https:\\\/\\\/gastronomicament.cat\\\/wp-content\\\/uploads\\\/2021\\\/11\\\/Guanyadors-Tapalma-2021.jpg\",\"contentUrl\":\"https:\\\/\\\/gastronomicament.cat\\\/wp-content\\\/uploads\\\/2021\\\/11\\\/Guanyadors-Tapalma-2021.jpg\",\"width\":1048,\"height\":631},{\"@type\":\"WebSite\",\"@id\":\"https:\\\/\\\/gastronomicament.cat\\\/en\\\/#website\",\"url\":\"https:\\\/\\\/gastronomicament.cat\\\/en\\\/\",\"name\":\"Gastron\u00f2micament\",\"description\":\"Portal de restaurants, receptes i actualitat gastron\u00f2mica\",\"publisher\":{\"@id\":\"https:\\\/\\\/gastronomicament.cat\\\/en\\\/#organization\"},\"potentialAction\":[{\"@type\":\"SearchAction\",\"target\":{\"@type\":\"EntryPoint\",\"urlTemplate\":\"https:\\\/\\\/gastronomicament.cat\\\/en\\\/?s={search_term_string}\"},\"query-input\":{\"@type\":\"PropertyValueSpecification\",\"valueRequired\":true,\"valueName\":\"search_term_string\"}}],\"inLanguage\":\"en-US\"},{\"@type\":\"Organization\",\"@id\":\"https:\\\/\\\/gastronomicament.cat\\\/en\\\/#organization\",\"name\":\"Gastron\u00f2micament\",\"url\":\"https:\\\/\\\/gastronomicament.cat\\\/en\\\/\",\"logo\":{\"@type\":\"ImageObject\",\"inLanguage\":\"en-US\",\"@id\":\"https:\\\/\\\/gastronomicament.cat\\\/en\\\/#\\\/schema\\\/logo\\\/image\\\/\",\"url\":\"https:\\\/\\\/gastronomicament.cat\\\/wp-content\\\/uploads\\\/2016\\\/09\\\/header-logo.jpg\",\"contentUrl\":\"https:\\\/\\\/gastronomicament.cat\\\/wp-content\\\/uploads\\\/2016\\\/09\\\/header-logo.jpg\",\"width\":277,\"height\":39,\"caption\":\"Gastron\u00f2micament\"},\"image\":{\"@id\":\"https:\\\/\\\/gastronomicament.cat\\\/en\\\/#\\\/schema\\\/logo\\\/image\\\/\"},\"sameAs\":[\"https:\\\/\\\/x.com\\\/gastronomicamen\"]},{\"@type\":\"Person\",\"@id\":\"https:\\\/\\\/gastronomicament.cat\\\/en\\\/#\\\/schema\\\/person\\\/a7c85c537a1ed62799a5b8e0f686a37f\",\"name\":\"Redacci\u00f3\",\"image\":{\"@type\":\"ImageObject\",\"inLanguage\":\"en-US\",\"@id\":\"https:\\\/\\\/secure.gravatar.com\\\/avatar\\\/9489a485c464fd611d33825daae651d13db70c4e74c65c94937a15a9d4c3ee14?s=96&d=mm&r=g69fea3cce3645dfa2166e7293e22955e\",\"url\":\"https:\\\/\\\/secure.gravatar.com\\\/avatar\\\/9489a485c464fd611d33825daae651d13db70c4e74c65c94937a15a9d4c3ee14?s=96&d=mm&r=g\",\"contentUrl\":\"https:\\\/\\\/secure.gravatar.com\\\/avatar\\\/9489a485c464fd611d33825daae651d13db70c4e74c65c94937a15a9d4c3ee14?s=96&d=mm&r=g\",\"caption\":\"Redacci\u00f3\"},\"sameAs\":[\"http:\\\/\\\/gastronomicament.cat\"],\"url\":\"https:\\\/\\\/gastronomicament.cat\\\/en\\\/author\\\/admin\"}]}<\/script>\n<!-- \/ Yoast SEO plugin. -->","yoast_head_json":{"title":"El concurs de tapes i c\u00f2ctels TaPalma 2021 ja t\u00e9 guanyadors - Gastron\u00f2micament","description":"El concurs de tapes i c\u00f2ctels TaPalma 2021 ja t\u00e9 guanyadors Actualitat, Concursos i premis El triomfador d'aquesta edici\u00f3 ha estat el xef\u00a0Tito Verger\u00a0del\u00a0restaurant Rosa del Mar, que ha guanyat el TaPalma d'Or per la tapa\u00a0Bunyol frit\u00a0a Corea","robots":{"index":"index","follow":"follow","max-snippet":"max-snippet:-1","max-image-preview":"max-image-preview:large","max-video-preview":"max-video-preview:-1"},"canonical":"https:\/\/gastronomicament.cat\/en\/el-concurs-de-tapes-i-coctels-tapalma-2021-ja-te-guanyadors","og_locale":"en_US","og_type":"article","og_title":"El concurs de tapes i c\u00f2ctels TaPalma 2021 ja t\u00e9 guanyadors - Gastron\u00f2micament","og_description":"El concurs de tapes i c\u00f2ctels TaPalma 2021 ja t\u00e9 guanyadors Actualitat, Concursos i premis El triomfador d'aquesta edici\u00f3 ha estat el xef\u00a0Tito Verger\u00a0del\u00a0restaurant Rosa del Mar, que ha guanyat el TaPalma d'Or per la tapa\u00a0Bunyol frit\u00a0a Corea","og_url":"https:\/\/gastronomicament.cat\/en\/el-concurs-de-tapes-i-coctels-tapalma-2021-ja-te-guanyadors","og_site_name":"Gastron\u00f2micament","article_published_time":"2021-11-23T09:41:54+00:00","og_image":[{"width":1048,"height":631,"url":"https:\/\/gastronomicament.cat\/wp-content\/uploads\/2021\/11\/Guanyadors-Tapalma-2021.jpg","type":"image\/jpeg"}],"author":"Redacci\u00f3","twitter_card":"summary_large_image","twitter_creator":"@gastronomicamen","twitter_site":"@gastronomicamen","twitter_misc":{"Written by":"Redacci\u00f3","Est. reading time":"2 minutes"},"schema":{"@context":"https:\/\/schema.org","@graph":[{"@type":"Article","@id":"https:\/\/gastronomicament.cat\/en\/el-concurs-de-tapes-i-coctels-tapalma-2021-ja-te-guanyadors#article","isPartOf":{"@id":"https:\/\/gastronomicament.cat\/en\/el-concurs-de-tapes-i-coctels-tapalma-2021-ja-te-guanyadors"},"author":{"name":"Redacci\u00f3","@id":"https:\/\/gastronomicament.cat\/en\/#\/schema\/person\/a7c85c537a1ed62799a5b8e0f686a37f"},"headline":"El concurs de tapes i c\u00f2ctels TaPalma 2021 ja t\u00e9 guanyadors","datePublished":"2021-11-23T09:41:54+00:00","mainEntityOfPage":{"@id":"https:\/\/gastronomicament.cat\/en\/el-concurs-de-tapes-i-coctels-tapalma-2021-ja-te-guanyadors"},"wordCount":414,"commentCount":0,"publisher":{"@id":"https:\/\/gastronomicament.cat\/en\/#organization"},"image":{"@id":"https:\/\/gastronomicament.cat\/en\/el-concurs-de-tapes-i-coctels-tapalma-2021-ja-te-guanyadors#primaryimage"},"thumbnailUrl":"https:\/\/gastronomicament.cat\/wp-content\/uploads\/2021\/11\/Guanyadors-Tapalma-2021.jpg","articleSection":["Actualitat","Concursos i premis"],"inLanguage":"en-US","potentialAction":[{"@type":"CommentAction","name":"Comment","target":["https:\/\/gastronomicament.cat\/en\/el-concurs-de-tapes-i-coctels-tapalma-2021-ja-te-guanyadors#respond"]}]},{"@type":"WebPage","@id":"https:\/\/gastronomicament.cat\/en\/el-concurs-de-tapes-i-coctels-tapalma-2021-ja-te-guanyadors","url":"https:\/\/gastronomicament.cat\/en\/el-concurs-de-tapes-i-coctels-tapalma-2021-ja-te-guanyadors","name":"El concurs de tapes i c\u00f2ctels TaPalma 2021 ja t\u00e9 guanyadors - Gastron\u00f2micament","isPartOf":{"@id":"https:\/\/gastronomicament.cat\/en\/#website"},"primaryImageOfPage":{"@id":"https:\/\/gastronomicament.cat\/en\/el-concurs-de-tapes-i-coctels-tapalma-2021-ja-te-guanyadors#primaryimage"},"image":{"@id":"https:\/\/gastronomicament.cat\/en\/el-concurs-de-tapes-i-coctels-tapalma-2021-ja-te-guanyadors#primaryimage"},"thumbnailUrl":"https:\/\/gastronomicament.cat\/wp-content\/uploads\/2021\/11\/Guanyadors-Tapalma-2021.jpg","datePublished":"2021-11-23T09:41:54+00:00","description":"El concurs de tapes i c\u00f2ctels TaPalma 2021 ja t\u00e9 guanyadors Actualitat, Concursos i premis El triomfador d'aquesta edici\u00f3 ha estat el xef\u00a0Tito Verger\u00a0del\u00a0restaurant Rosa del Mar, que ha guanyat el TaPalma d'Or per la tapa\u00a0Bunyol frit\u00a0a Corea","inLanguage":"en-US","potentialAction":[{"@type":"ReadAction","target":["https:\/\/gastronomicament.cat\/en\/el-concurs-de-tapes-i-coctels-tapalma-2021-ja-te-guanyadors"]}]},{"@type":"ImageObject","inLanguage":"en-US","@id":"https:\/\/gastronomicament.cat\/en\/el-concurs-de-tapes-i-coctels-tapalma-2021-ja-te-guanyadors#primaryimage","url":"https:\/\/gastronomicament.cat\/wp-content\/uploads\/2021\/11\/Guanyadors-Tapalma-2021.jpg","contentUrl":"https:\/\/gastronomicament.cat\/wp-content\/uploads\/2021\/11\/Guanyadors-Tapalma-2021.jpg","width":1048,"height":631},{"@type":"WebSite","@id":"https:\/\/gastronomicament.cat\/en\/#website","url":"https:\/\/gastronomicament.cat\/en\/","name":"Gastron\u00f2micament","description":"Portal de restaurants, receptes i actualitat gastron\u00f2mica","publisher":{"@id":"https:\/\/gastronomicament.cat\/en\/#organization"},"potentialAction":[{"@type":"SearchAction","target":{"@type":"EntryPoint","urlTemplate":"https:\/\/gastronomicament.cat\/en\/?s={search_term_string}"},"query-input":{"@type":"PropertyValueSpecification","valueRequired":true,"valueName":"search_term_string"}}],"inLanguage":"en-US"},{"@type":"Organization","@id":"https:\/\/gastronomicament.cat\/en\/#organization","name":"Gastron\u00f2micament","url":"https:\/\/gastronomicament.cat\/en\/","logo":{"@type":"ImageObject","inLanguage":"en-US","@id":"https:\/\/gastronomicament.cat\/en\/#\/schema\/logo\/image\/","url":"https:\/\/gastronomicament.cat\/wp-content\/uploads\/2016\/09\/header-logo.jpg","contentUrl":"https:\/\/gastronomicament.cat\/wp-content\/uploads\/2016\/09\/header-logo.jpg","width":277,"height":39,"caption":"Gastron\u00f2micament"},"image":{"@id":"https:\/\/gastronomicament.cat\/en\/#\/schema\/logo\/image\/"},"sameAs":["https:\/\/x.com\/gastronomicamen"]},{"@type":"Person","@id":"https:\/\/gastronomicament.cat\/en\/#\/schema\/person\/a7c85c537a1ed62799a5b8e0f686a37f","name":"Redacci\u00f3","image":{"@type":"ImageObject","inLanguage":"en-US","@id":"https:\/\/secure.gravatar.com\/avatar\/9489a485c464fd611d33825daae651d13db70c4e74c65c94937a15a9d4c3ee14?s=96&d=mm&r=g69fea3cce3645dfa2166e7293e22955e","url":"https:\/\/secure.gravatar.com\/avatar\/9489a485c464fd611d33825daae651d13db70c4e74c65c94937a15a9d4c3ee14?s=96&d=mm&r=g","contentUrl":"https:\/\/secure.gravatar.com\/avatar\/9489a485c464fd611d33825daae651d13db70c4e74c65c94937a15a9d4c3ee14?s=96&d=mm&r=g","caption":"Redacci\u00f3"},"sameAs":["http:\/\/gastronomicament.cat"],"url":"https:\/\/gastronomicament.cat\/en\/author\/admin"}]}},"_links":{"self":[{"href":"https:\/\/gastronomicament.cat\/en\/wp-json\/wp\/v2\/posts\/57314","targetHints":{"allow":["GET"]}}],"collection":[{"href":"https:\/\/gastronomicament.cat\/en\/wp-json\/wp\/v2\/posts"}],"about":[{"href":"https:\/\/gastronomicament.cat\/en\/wp-json\/wp\/v2\/types\/post"}],"author":[{"embeddable":true,"href":"https:\/\/gastronomicament.cat\/en\/wp-json\/wp\/v2\/users\/1"}],"replies":[{"embeddable":true,"href":"https:\/\/gastronomicament.cat\/en\/wp-json\/wp\/v2\/comments?post=57314"}],"version-history":[{"count":0,"href":"https:\/\/gastronomicament.cat\/en\/wp-json\/wp\/v2\/posts\/57314\/revisions"}],"wp:featuredmedia":[{"embeddable":true,"href":"https:\/\/gastronomicament.cat\/en\/wp-json\/wp\/v2\/media\/57315"}],"wp:attachment":[{"href":"https:\/\/gastronomicament.cat\/en\/wp-json\/wp\/v2\/media?parent=57314"}],"wp:term":[{"taxonomy":"category","embeddable":true,"href":"https:\/\/gastronomicament.cat\/en\/wp-json\/wp\/v2\/categories?post=57314"},{"taxonomy":"post_tag","embeddable":true,"href":"https:\/\/gastronomicament.cat\/en\/wp-json\/wp\/v2\/tags?post=57314"},{"taxonomy":"author","embeddable":true,"href":"https:\/\/gastronomicament.cat\/en\/wp-json\/wp\/v2\/coauthors?post=57314"}],"curies":[{"name":"wp","href":"https:\/\/api.w.org\/{rel}","templated":true}]}}