{"id":58042,"date":"2021-08-19T08:36:01","date_gmt":"2021-08-19T06:36:01","guid":{"rendered":"https:\/\/gastronomicament.cat\/la-bodega-morey-repren-el-cicle-bars-de-culte"},"modified":"2021-08-19T08:36:01","modified_gmt":"2021-08-19T06:36:01","slug":"la-bodega-morey-repren-el-cicle-bars-de-culte","status":"publish","type":"post","link":"https:\/\/gastronomicament.cat\/en\/la-bodega-morey-repren-el-cicle-bars-de-culte","title":{"rendered":"La Bodega Morey repr\u00e8n el cicle Bars de Culte"},"content":{"rendered":"<p>L&#8217;edici\u00f3 2021 dels\u00a0<strong>Bars de Culte<\/strong>\u00a0ha comen\u00e7at aquest dimecres a la Bodega Morey de Palma. La represa d&#8217;aquesta activitat est\u00e0 carregada de significat perqu\u00e8 fa dos mesos que tres amics han decidit recuperar aquesta cafeteria de Palma.<\/p>\n<p>El creador de Bars de Culte \u00e9s\u00a0<strong>Joan Arnau<\/strong>, responsable de\u00a0<strong>Gastroevents<\/strong>. Explica que va crear aquesta activitat per reivindicar caf\u00e8s i bars amb hist\u00f2ria amb un berenar molt especial i complet.<\/p>\n<p>La<strong>\u00a0Bodega Morey<\/strong>\u00a0va obrir les portes l&#8217;any 1955, per\u00f2 l&#8217;any 2014, concretament el 31 de desembre, va abaixar la persiana. Ara fa tot just dos mesos, Juanjo Campos, Jaime Cebri\u00e1n i Octavio Caballero l&#8217;han tornada a obrir. Hi ofereixen llonguets i envinagrats, a m\u00e9s de vermut i cervesa.<\/p>\n<p>Bars de Culte va n\u00e9ixer el mes de juliol de 2020 i ha passat per temples com\u00a0<strong><a href=\"https:\/\/gastronomicament.cat\/restaurant\/restaurant-bar-mavi\">Bar Mavi<\/a><\/strong>\u00a0(Palma),\u00a0<a href=\"https:\/\/gastronomicament.cat\/restaurant\/restaurant-casa-miss\"><strong>Casa Miss<\/strong><\/a>\u00a0(sa Pobla),\u00a0<strong><a href=\"https:\/\/gastronomicament.cat\/restaurant\/restaurant-can-biel-felip\">Can Biel Felip<\/a><\/strong>\u00a0(Palma). Per als mesos vinents, Joan Arnau explica que s&#8217;organitzaran a Can Dalmau (pol\u00edgon de Son Castell\u00f3 de Palma) i al gastrobar Foguer 76 (Binissalem).<\/p>\n<pre>Fotografia: Cristina Navarro<\/pre>\n","protected":false},"excerpt":{"rendered":"<p>L&#8217;edici\u00f3 2021 dels\u00a0Bars de Culte\u00a0ha comen\u00e7at aquest dimecres a la Bodega Morey de Palma. La represa&hellip;<\/p>\n","protected":false},"author":1,"featured_media":58043,"comment_status":"open","ping_status":"closed","sticky":false,"template":"","format":"gallery","meta":{"_acf_changed":false,"_swt_meta_header_display":false,"_swt_meta_footer_display":false,"_swt_meta_site_title_display":false,"_swt_meta_sticky_header":false,"_swt_meta_transparent_header":false,"footnotes":""},"categories":[1046,1471],"tags":[],"coauthors":[],"class_list":["post-58042","post","type-post","status-publish","format-gallery","has-post-thumbnail","hentry","category-actualitat-es-en","category-fires-i-rutes-en","post_format-post-format-gallery"],"acf":{"gallery":null,"home_date":{"home_begin_date":null,"home_end_date":null}},"yoast_head":"<!-- This site is optimized with the Yoast SEO plugin v27.4 - https:\/\/yoast.com\/product\/yoast-seo-wordpress\/ -->\n<title>La Bodega Morey repr\u00e8n el cicle Bars de Culte - Gastron\u00f2micament<\/title>\n<meta name=\"description\" content=\"La Bodega Morey repr\u00e8n el cicle Bars de Culte Actualitat, Fires i rutes L&#039;edici\u00f3 2021 dels\u00a0Bars de Culte\u00a0ha comen\u00e7at aquest dimecres a la Bodega Morey de Palma. La represa d&#039;aquesta activitat est\u00e0 carregada de significat perqu\u00e8 fa dos mesos que tres amics han decidit recuperar aquesta cafeteria de Palma\" \/>\n<meta name=\"robots\" content=\"index, follow, max-snippet:-1, max-image-preview:large, max-video-preview:-1\" \/>\n<link rel=\"canonical\" href=\"https:\/\/gastronomicament.cat\/en\/la-bodega-morey-repren-el-cicle-bars-de-culte\" \/>\n<meta property=\"og:locale\" content=\"en_US\" \/>\n<meta property=\"og:type\" content=\"article\" \/>\n<meta property=\"og:title\" content=\"La Bodega Morey repr\u00e8n el cicle Bars de Culte - Gastron\u00f2micament\" \/>\n<meta property=\"og:description\" content=\"La Bodega Morey repr\u00e8n el cicle Bars de Culte Actualitat, Fires i rutes L&#039;edici\u00f3 2021 dels\u00a0Bars de Culte\u00a0ha comen\u00e7at aquest dimecres a la Bodega Morey de Palma. La represa d&#039;aquesta activitat est\u00e0 carregada de significat perqu\u00e8 fa dos mesos que tres amics han decidit recuperar aquesta cafeteria de Palma\" \/>\n<meta property=\"og:url\" content=\"https:\/\/gastronomicament.cat\/en\/la-bodega-morey-repren-el-cicle-bars-de-culte\" \/>\n<meta property=\"og:site_name\" content=\"Gastron\u00f2micament\" \/>\n<meta property=\"article:published_time\" content=\"2021-08-19T06:36:01+00:00\" \/>\n<meta property=\"og:image\" content=\"https:\/\/gastronomicament.cat\/wp-content\/uploads\/2021\/08\/Bodega-Morey.jpg\" \/>\n\t<meta property=\"og:image:width\" content=\"1200\" \/>\n\t<meta property=\"og:image:height\" content=\"896\" \/>\n\t<meta property=\"og:image:type\" content=\"image\/jpeg\" \/>\n<meta name=\"author\" content=\"Redacci\u00f3\" \/>\n<meta name=\"twitter:card\" content=\"summary_large_image\" \/>\n<meta name=\"twitter:creator\" content=\"@gastronomicamen\" \/>\n<meta name=\"twitter:site\" content=\"@gastronomicamen\" \/>\n<meta name=\"twitter:label1\" content=\"Written by\" \/>\n\t<meta name=\"twitter:data1\" content=\"Redacci\u00f3\" \/>\n\t<meta name=\"twitter:label2\" content=\"Est. reading time\" \/>\n\t<meta name=\"twitter:data2\" content=\"1 minute\" \/>\n<script type=\"application\/ld+json\" class=\"yoast-schema-graph\">{\"@context\":\"https:\\\/\\\/schema.org\",\"@graph\":[{\"@type\":\"Article\",\"@id\":\"https:\\\/\\\/gastronomicament.cat\\\/en\\\/la-bodega-morey-repren-el-cicle-bars-de-culte#article\",\"isPartOf\":{\"@id\":\"https:\\\/\\\/gastronomicament.cat\\\/en\\\/la-bodega-morey-repren-el-cicle-bars-de-culte\"},\"author\":{\"name\":\"Redacci\u00f3\",\"@id\":\"https:\\\/\\\/gastronomicament.cat\\\/en\\\/#\\\/schema\\\/person\\\/a7c85c537a1ed62799a5b8e0f686a37f\"},\"headline\":\"La Bodega Morey repr\u00e8n el cicle Bars de Culte\",\"datePublished\":\"2021-08-19T06:36:01+00:00\",\"mainEntityOfPage\":{\"@id\":\"https:\\\/\\\/gastronomicament.cat\\\/en\\\/la-bodega-morey-repren-el-cicle-bars-de-culte\"},\"wordCount\":182,\"commentCount\":0,\"publisher\":{\"@id\":\"https:\\\/\\\/gastronomicament.cat\\\/en\\\/#organization\"},\"image\":{\"@id\":\"https:\\\/\\\/gastronomicament.cat\\\/en\\\/la-bodega-morey-repren-el-cicle-bars-de-culte#primaryimage\"},\"thumbnailUrl\":\"https:\\\/\\\/gastronomicament.cat\\\/wp-content\\\/uploads\\\/2021\\\/08\\\/Bodega-Morey.jpg\",\"articleSection\":[\"Actualitat\",\"Fires i rutes\"],\"inLanguage\":\"en-US\",\"potentialAction\":[{\"@type\":\"CommentAction\",\"name\":\"Comment\",\"target\":[\"https:\\\/\\\/gastronomicament.cat\\\/en\\\/la-bodega-morey-repren-el-cicle-bars-de-culte#respond\"]}]},{\"@type\":\"WebPage\",\"@id\":\"https:\\\/\\\/gastronomicament.cat\\\/en\\\/la-bodega-morey-repren-el-cicle-bars-de-culte\",\"url\":\"https:\\\/\\\/gastronomicament.cat\\\/en\\\/la-bodega-morey-repren-el-cicle-bars-de-culte\",\"name\":\"La Bodega Morey repr\u00e8n el cicle Bars de Culte - Gastron\u00f2micament\",\"isPartOf\":{\"@id\":\"https:\\\/\\\/gastronomicament.cat\\\/en\\\/#website\"},\"primaryImageOfPage\":{\"@id\":\"https:\\\/\\\/gastronomicament.cat\\\/en\\\/la-bodega-morey-repren-el-cicle-bars-de-culte#primaryimage\"},\"image\":{\"@id\":\"https:\\\/\\\/gastronomicament.cat\\\/en\\\/la-bodega-morey-repren-el-cicle-bars-de-culte#primaryimage\"},\"thumbnailUrl\":\"https:\\\/\\\/gastronomicament.cat\\\/wp-content\\\/uploads\\\/2021\\\/08\\\/Bodega-Morey.jpg\",\"datePublished\":\"2021-08-19T06:36:01+00:00\",\"description\":\"La Bodega Morey repr\u00e8n el cicle Bars de Culte Actualitat, Fires i rutes L'edici\u00f3 2021 dels\u00a0Bars de Culte\u00a0ha comen\u00e7at aquest dimecres a la Bodega Morey de Palma. La represa d'aquesta activitat est\u00e0 carregada de significat perqu\u00e8 fa dos mesos que tres amics han decidit recuperar aquesta cafeteria de Palma\",\"inLanguage\":\"en-US\",\"potentialAction\":[{\"@type\":\"ReadAction\",\"target\":[\"https:\\\/\\\/gastronomicament.cat\\\/en\\\/la-bodega-morey-repren-el-cicle-bars-de-culte\"]}]},{\"@type\":\"ImageObject\",\"inLanguage\":\"en-US\",\"@id\":\"https:\\\/\\\/gastronomicament.cat\\\/en\\\/la-bodega-morey-repren-el-cicle-bars-de-culte#primaryimage\",\"url\":\"https:\\\/\\\/gastronomicament.cat\\\/wp-content\\\/uploads\\\/2021\\\/08\\\/Bodega-Morey.jpg\",\"contentUrl\":\"https:\\\/\\\/gastronomicament.cat\\\/wp-content\\\/uploads\\\/2021\\\/08\\\/Bodega-Morey.jpg\",\"width\":1200,\"height\":896},{\"@type\":\"WebSite\",\"@id\":\"https:\\\/\\\/gastronomicament.cat\\\/en\\\/#website\",\"url\":\"https:\\\/\\\/gastronomicament.cat\\\/en\\\/\",\"name\":\"Gastron\u00f2micament\",\"description\":\"Portal de restaurants, receptes i actualitat gastron\u00f2mica\",\"publisher\":{\"@id\":\"https:\\\/\\\/gastronomicament.cat\\\/en\\\/#organization\"},\"potentialAction\":[{\"@type\":\"SearchAction\",\"target\":{\"@type\":\"EntryPoint\",\"urlTemplate\":\"https:\\\/\\\/gastronomicament.cat\\\/en\\\/?s={search_term_string}\"},\"query-input\":{\"@type\":\"PropertyValueSpecification\",\"valueRequired\":true,\"valueName\":\"search_term_string\"}}],\"inLanguage\":\"en-US\"},{\"@type\":\"Organization\",\"@id\":\"https:\\\/\\\/gastronomicament.cat\\\/en\\\/#organization\",\"name\":\"Gastron\u00f2micament\",\"url\":\"https:\\\/\\\/gastronomicament.cat\\\/en\\\/\",\"logo\":{\"@type\":\"ImageObject\",\"inLanguage\":\"en-US\",\"@id\":\"https:\\\/\\\/gastronomicament.cat\\\/en\\\/#\\\/schema\\\/logo\\\/image\\\/\",\"url\":\"https:\\\/\\\/gastronomicament.cat\\\/wp-content\\\/uploads\\\/2016\\\/09\\\/header-logo.jpg\",\"contentUrl\":\"https:\\\/\\\/gastronomicament.cat\\\/wp-content\\\/uploads\\\/2016\\\/09\\\/header-logo.jpg\",\"width\":277,\"height\":39,\"caption\":\"Gastron\u00f2micament\"},\"image\":{\"@id\":\"https:\\\/\\\/gastronomicament.cat\\\/en\\\/#\\\/schema\\\/logo\\\/image\\\/\"},\"sameAs\":[\"https:\\\/\\\/x.com\\\/gastronomicamen\"]},{\"@type\":\"Person\",\"@id\":\"https:\\\/\\\/gastronomicament.cat\\\/en\\\/#\\\/schema\\\/person\\\/a7c85c537a1ed62799a5b8e0f686a37f\",\"name\":\"Redacci\u00f3\",\"image\":{\"@type\":\"ImageObject\",\"inLanguage\":\"en-US\",\"@id\":\"https:\\\/\\\/secure.gravatar.com\\\/avatar\\\/9489a485c464fd611d33825daae651d13db70c4e74c65c94937a15a9d4c3ee14?s=96&d=mm&r=g69fea3cce3645dfa2166e7293e22955e\",\"url\":\"https:\\\/\\\/secure.gravatar.com\\\/avatar\\\/9489a485c464fd611d33825daae651d13db70c4e74c65c94937a15a9d4c3ee14?s=96&d=mm&r=g\",\"contentUrl\":\"https:\\\/\\\/secure.gravatar.com\\\/avatar\\\/9489a485c464fd611d33825daae651d13db70c4e74c65c94937a15a9d4c3ee14?s=96&d=mm&r=g\",\"caption\":\"Redacci\u00f3\"},\"sameAs\":[\"http:\\\/\\\/gastronomicament.cat\"],\"url\":\"https:\\\/\\\/gastronomicament.cat\\\/en\\\/author\\\/admin\"}]}<\/script>\n<!-- \/ Yoast SEO plugin. -->","yoast_head_json":{"title":"La Bodega Morey repr\u00e8n el cicle Bars de Culte - Gastron\u00f2micament","description":"La Bodega Morey repr\u00e8n el cicle Bars de Culte Actualitat, Fires i rutes L'edici\u00f3 2021 dels\u00a0Bars de Culte\u00a0ha comen\u00e7at aquest dimecres a la Bodega Morey de Palma. La represa d'aquesta activitat est\u00e0 carregada de significat perqu\u00e8 fa dos mesos que tres amics han decidit recuperar aquesta cafeteria de Palma","robots":{"index":"index","follow":"follow","max-snippet":"max-snippet:-1","max-image-preview":"max-image-preview:large","max-video-preview":"max-video-preview:-1"},"canonical":"https:\/\/gastronomicament.cat\/en\/la-bodega-morey-repren-el-cicle-bars-de-culte","og_locale":"en_US","og_type":"article","og_title":"La Bodega Morey repr\u00e8n el cicle Bars de Culte - Gastron\u00f2micament","og_description":"La Bodega Morey repr\u00e8n el cicle Bars de Culte Actualitat, Fires i rutes L'edici\u00f3 2021 dels\u00a0Bars de Culte\u00a0ha comen\u00e7at aquest dimecres a la Bodega Morey de Palma. La represa d'aquesta activitat est\u00e0 carregada de significat perqu\u00e8 fa dos mesos que tres amics han decidit recuperar aquesta cafeteria de Palma","og_url":"https:\/\/gastronomicament.cat\/en\/la-bodega-morey-repren-el-cicle-bars-de-culte","og_site_name":"Gastron\u00f2micament","article_published_time":"2021-08-19T06:36:01+00:00","og_image":[{"width":1200,"height":896,"url":"https:\/\/gastronomicament.cat\/wp-content\/uploads\/2021\/08\/Bodega-Morey.jpg","type":"image\/jpeg"}],"author":"Redacci\u00f3","twitter_card":"summary_large_image","twitter_creator":"@gastronomicamen","twitter_site":"@gastronomicamen","twitter_misc":{"Written by":"Redacci\u00f3","Est. reading time":"1 minute"},"schema":{"@context":"https:\/\/schema.org","@graph":[{"@type":"Article","@id":"https:\/\/gastronomicament.cat\/en\/la-bodega-morey-repren-el-cicle-bars-de-culte#article","isPartOf":{"@id":"https:\/\/gastronomicament.cat\/en\/la-bodega-morey-repren-el-cicle-bars-de-culte"},"author":{"name":"Redacci\u00f3","@id":"https:\/\/gastronomicament.cat\/en\/#\/schema\/person\/a7c85c537a1ed62799a5b8e0f686a37f"},"headline":"La Bodega Morey repr\u00e8n el cicle Bars de Culte","datePublished":"2021-08-19T06:36:01+00:00","mainEntityOfPage":{"@id":"https:\/\/gastronomicament.cat\/en\/la-bodega-morey-repren-el-cicle-bars-de-culte"},"wordCount":182,"commentCount":0,"publisher":{"@id":"https:\/\/gastronomicament.cat\/en\/#organization"},"image":{"@id":"https:\/\/gastronomicament.cat\/en\/la-bodega-morey-repren-el-cicle-bars-de-culte#primaryimage"},"thumbnailUrl":"https:\/\/gastronomicament.cat\/wp-content\/uploads\/2021\/08\/Bodega-Morey.jpg","articleSection":["Actualitat","Fires i rutes"],"inLanguage":"en-US","potentialAction":[{"@type":"CommentAction","name":"Comment","target":["https:\/\/gastronomicament.cat\/en\/la-bodega-morey-repren-el-cicle-bars-de-culte#respond"]}]},{"@type":"WebPage","@id":"https:\/\/gastronomicament.cat\/en\/la-bodega-morey-repren-el-cicle-bars-de-culte","url":"https:\/\/gastronomicament.cat\/en\/la-bodega-morey-repren-el-cicle-bars-de-culte","name":"La Bodega Morey repr\u00e8n el cicle Bars de Culte - Gastron\u00f2micament","isPartOf":{"@id":"https:\/\/gastronomicament.cat\/en\/#website"},"primaryImageOfPage":{"@id":"https:\/\/gastronomicament.cat\/en\/la-bodega-morey-repren-el-cicle-bars-de-culte#primaryimage"},"image":{"@id":"https:\/\/gastronomicament.cat\/en\/la-bodega-morey-repren-el-cicle-bars-de-culte#primaryimage"},"thumbnailUrl":"https:\/\/gastronomicament.cat\/wp-content\/uploads\/2021\/08\/Bodega-Morey.jpg","datePublished":"2021-08-19T06:36:01+00:00","description":"La Bodega Morey repr\u00e8n el cicle Bars de Culte Actualitat, Fires i rutes L'edici\u00f3 2021 dels\u00a0Bars de Culte\u00a0ha comen\u00e7at aquest dimecres a la Bodega Morey de Palma. La represa d'aquesta activitat est\u00e0 carregada de significat perqu\u00e8 fa dos mesos que tres amics han decidit recuperar aquesta cafeteria de Palma","inLanguage":"en-US","potentialAction":[{"@type":"ReadAction","target":["https:\/\/gastronomicament.cat\/en\/la-bodega-morey-repren-el-cicle-bars-de-culte"]}]},{"@type":"ImageObject","inLanguage":"en-US","@id":"https:\/\/gastronomicament.cat\/en\/la-bodega-morey-repren-el-cicle-bars-de-culte#primaryimage","url":"https:\/\/gastronomicament.cat\/wp-content\/uploads\/2021\/08\/Bodega-Morey.jpg","contentUrl":"https:\/\/gastronomicament.cat\/wp-content\/uploads\/2021\/08\/Bodega-Morey.jpg","width":1200,"height":896},{"@type":"WebSite","@id":"https:\/\/gastronomicament.cat\/en\/#website","url":"https:\/\/gastronomicament.cat\/en\/","name":"Gastron\u00f2micament","description":"Portal de restaurants, receptes i actualitat gastron\u00f2mica","publisher":{"@id":"https:\/\/gastronomicament.cat\/en\/#organization"},"potentialAction":[{"@type":"SearchAction","target":{"@type":"EntryPoint","urlTemplate":"https:\/\/gastronomicament.cat\/en\/?s={search_term_string}"},"query-input":{"@type":"PropertyValueSpecification","valueRequired":true,"valueName":"search_term_string"}}],"inLanguage":"en-US"},{"@type":"Organization","@id":"https:\/\/gastronomicament.cat\/en\/#organization","name":"Gastron\u00f2micament","url":"https:\/\/gastronomicament.cat\/en\/","logo":{"@type":"ImageObject","inLanguage":"en-US","@id":"https:\/\/gastronomicament.cat\/en\/#\/schema\/logo\/image\/","url":"https:\/\/gastronomicament.cat\/wp-content\/uploads\/2016\/09\/header-logo.jpg","contentUrl":"https:\/\/gastronomicament.cat\/wp-content\/uploads\/2016\/09\/header-logo.jpg","width":277,"height":39,"caption":"Gastron\u00f2micament"},"image":{"@id":"https:\/\/gastronomicament.cat\/en\/#\/schema\/logo\/image\/"},"sameAs":["https:\/\/x.com\/gastronomicamen"]},{"@type":"Person","@id":"https:\/\/gastronomicament.cat\/en\/#\/schema\/person\/a7c85c537a1ed62799a5b8e0f686a37f","name":"Redacci\u00f3","image":{"@type":"ImageObject","inLanguage":"en-US","@id":"https:\/\/secure.gravatar.com\/avatar\/9489a485c464fd611d33825daae651d13db70c4e74c65c94937a15a9d4c3ee14?s=96&d=mm&r=g69fea3cce3645dfa2166e7293e22955e","url":"https:\/\/secure.gravatar.com\/avatar\/9489a485c464fd611d33825daae651d13db70c4e74c65c94937a15a9d4c3ee14?s=96&d=mm&r=g","contentUrl":"https:\/\/secure.gravatar.com\/avatar\/9489a485c464fd611d33825daae651d13db70c4e74c65c94937a15a9d4c3ee14?s=96&d=mm&r=g","caption":"Redacci\u00f3"},"sameAs":["http:\/\/gastronomicament.cat"],"url":"https:\/\/gastronomicament.cat\/en\/author\/admin"}]}},"_links":{"self":[{"href":"https:\/\/gastronomicament.cat\/en\/wp-json\/wp\/v2\/posts\/58042","targetHints":{"allow":["GET"]}}],"collection":[{"href":"https:\/\/gastronomicament.cat\/en\/wp-json\/wp\/v2\/posts"}],"about":[{"href":"https:\/\/gastronomicament.cat\/en\/wp-json\/wp\/v2\/types\/post"}],"author":[{"embeddable":true,"href":"https:\/\/gastronomicament.cat\/en\/wp-json\/wp\/v2\/users\/1"}],"replies":[{"embeddable":true,"href":"https:\/\/gastronomicament.cat\/en\/wp-json\/wp\/v2\/comments?post=58042"}],"version-history":[{"count":0,"href":"https:\/\/gastronomicament.cat\/en\/wp-json\/wp\/v2\/posts\/58042\/revisions"}],"wp:featuredmedia":[{"embeddable":true,"href":"https:\/\/gastronomicament.cat\/en\/wp-json\/wp\/v2\/media\/58043"}],"wp:attachment":[{"href":"https:\/\/gastronomicament.cat\/en\/wp-json\/wp\/v2\/media?parent=58042"}],"wp:term":[{"taxonomy":"category","embeddable":true,"href":"https:\/\/gastronomicament.cat\/en\/wp-json\/wp\/v2\/categories?post=58042"},{"taxonomy":"post_tag","embeddable":true,"href":"https:\/\/gastronomicament.cat\/en\/wp-json\/wp\/v2\/tags?post=58042"},{"taxonomy":"author","embeddable":true,"href":"https:\/\/gastronomicament.cat\/en\/wp-json\/wp\/v2\/coauthors?post=58042"}],"curies":[{"name":"wp","href":"https:\/\/api.w.org\/{rel}","templated":true}]}}