{"id":58593,"date":"2021-06-01T10:38:22","date_gmt":"2021-06-01T08:38:22","guid":{"rendered":"https:\/\/gastronomicament.cat\/tasts"},"modified":"2021-06-01T10:38:22","modified_gmt":"2021-06-01T08:38:22","slug":"tasts","status":"publish","type":"post","link":"https:\/\/gastronomicament.cat\/en\/tasts","title":{"rendered":"Tasts Gastron\u00f2mics a Porreres, Costitx i Puigpunyent"},"content":{"rendered":"<p>Despr\u00e9s d&#8217;un any aturats per la pand\u00e8mia, els\u00a0<b>Tasts Gastron\u00f2mics\u00a0<\/b>tornen de nou per donar a con\u00e8ixer productors de vi, formatge, licor, ginebra, caf\u00e8 i oli d&#8217;oliva m\u00e9s destacats de Mallorca.<\/p>\n<p style=\"text-align: center;\"><em><img decoding=\"async\" title=\"Icona inscripci\u00f3\" src=\"http:\/\/gastronomicament.cat\/wp-content\/themes\/oshin_child\/images\/icon_register.gif\" alt=\"\" width=\"27\" height=\"27\" \/><\/em><\/p>\n<p><em>Des d&#8217;aquesta p\u00e0gina us hi podeu apuntar. Nom\u00e9s cal que cliqueu la icona del tast que voleu anar i empleneu les vostres dades. Els tasts s\u00f3n gratu\u00efts amb inscripci\u00f3 pr\u00e8via.\u00a0<\/em><\/p>\n<p>L&#8217;edici\u00f3\u00a0<strong>2021\u00a0<\/strong>es far\u00e0 a\u00a0<strong>Porreres<\/strong>,\u00a0<strong>Puigpunyent\u00a0<\/strong>i\u00a0<strong>Costitx,\u00a0<\/strong>i comptar\u00e0 amb la participaci\u00f3 de 9 elaboradors:<strong> Formatges Tramuntana, Son Prim, Oli Verderol, Cabraboc, Jaume de Puntir\u00f3, 7103 Petit Celler, Formatge Son Jover, Arabay, Oli Algebec\u00ed i Vins Blanca Terra<\/strong>.<\/p>\n<p>Les places s\u00f3n limitades i es faran a espais exteriors, seguint les mesures d&#8217;higiene establertes per les autoritats sanit\u00e0ries.<\/p>\n<p>Els tasts\u00a0<strong>es faran els dies 11 i 25 de juny i 9 i 23 de juliol<\/strong>, a les\u00a0<strong>19 hores<\/strong>. Les inscripcions es poden fer a\u00a0<strong><a href=\"http:\/\/www.gastronomicament.cat\/tasts\">www.gastronomicament.cat\/tasts<\/a><\/strong>.<\/p>\n<p>La inscripci\u00f3 nom\u00e9s ser\u00e0 v\u00e0lida una vegada que se n&#8217;hagi rebut confirmaci\u00f3.<\/p>\n<p>La\u00a0<strong>programaci\u00f3<\/strong>\u00a0\u00e9s la seg\u00fcent:<\/p>\n<p><em>En aquest desplegable podeu consultar els tasts per empreses, dates i municipis<\/em><br \/>\n[tasts2021 tasts2021_select=&#8221;23juliol&#8221;]<br \/>\n<a name=\"formulariinscripcio\"><\/a><\/p>\n<h4>Inscripci\u00f3<\/h4>\n<p>Les inscripcions s\u00f3n personals.\u00a0Cada persona s&#8217;hi ha d&#8217;apuntar individualment.<\/p>\n\n<div class=\"wpcf7 no-js\" id=\"wpcf7-f28907-o1\" lang=\"en-US\" dir=\"ltr\" data-wpcf7-id=\"28907\">\n<div class=\"screen-reader-response\"><p role=\"status\" aria-live=\"polite\" aria-atomic=\"true\"><\/p> <ul><\/ul><\/div>\n<form action=\"\/en\/wp-json\/wp\/v2\/posts\/58593#wpcf7-f28907-o1\" method=\"post\" class=\"wpcf7-form init\" aria-label=\"Contact form\" novalidate=\"novalidate\" data-status=\"init\">\n<fieldset class=\"hidden-fields-container\"><input type=\"hidden\" name=\"_wpcf7\" value=\"28907\" \/><input type=\"hidden\" name=\"_wpcf7_version\" value=\"6.1.5\" \/><input type=\"hidden\" name=\"_wpcf7_locale\" value=\"en_US\" \/><input type=\"hidden\" name=\"_wpcf7_unit_tag\" value=\"wpcf7-f28907-o1\" \/><input type=\"hidden\" name=\"_wpcf7_container_post\" value=\"0\" \/><input type=\"hidden\" name=\"_wpcf7_posted_data_hash\" value=\"\" \/><input type=\"hidden\" name=\"_wpcf7_recaptcha_response\" value=\"\" \/>\n<\/fieldset>\n<p>El vostre nom (obligatori):    \n<span class=\"wpcf7-form-control-wrap\" data-name=\"your-name\"><input size=\"40\" maxlength=\"400\" class=\"wpcf7-form-control wpcf7-text wpcf7-validates-as-required\" aria-required=\"true\" aria-invalid=\"false\" value=\"\" type=\"text\" name=\"your-name\" \/><\/span> <\/p>\n<p>El vostre email (obligatori):   \n <span class=\"wpcf7-form-control-wrap\" data-name=\"your-email\"><input size=\"40\" maxlength=\"400\" class=\"wpcf7-form-control wpcf7-email wpcf7-validates-as-required wpcf7-text wpcf7-validates-as-email\" aria-required=\"true\" aria-invalid=\"false\" value=\"\" type=\"email\" name=\"your-email\" \/><\/span> <\/p>\n<p>Tast al qual voleu assistir (asegura't d'escollir el mes i poblaci\u00f3 correcta): \n<span class=\"wpcf7-form-control-wrap\" data-name=\"tast_mes\"><select class=\"wpcf7-form-control wpcf7-select wpcf7-validates-as-required\" id=\"tast_mes\" aria-required=\"true\" aria-invalid=\"false\" name=\"tast_mes\"><option value=\"\">&#8212;Please choose an option&#8212;<\/option><option value=\"11 de juny\">11 de juny<\/option><option value=\"25 de juny\">25 de juny<\/option><option value=\"9 de juliol\">9 de juliol<\/option><option value=\"23 de juliol\">23 de juliol<\/option><\/select><\/span>\n<span class=\"wpcf7-form-control-wrap\" data-name=\"tast_lloc\"><select class=\"wpcf7-form-control wpcf7-select wpcf7-validates-as-required\" id=\"tast_lloc\" aria-required=\"true\" aria-invalid=\"false\" name=\"tast_lloc\"><option value=\"\">&#8212;Please choose an option&#8212;<\/option><option value=\"Costitx\">Costitx<\/option><option value=\"Porreres\">Porreres<\/option><option value=\"Puigpunyent\">Puigpunyent<\/option><\/select><\/span>\n<\/p>\n<p>Comprova les empreses i la data:<input type=\"text\" readonly=\"readonly\" name=\"tast_empresa_visible\" id=\"tast_empresa_visible\" size=\"80\"\/><input type=\"text\" readonly=\"readonly\" name=\"tast_data_visible\" id=\"tast_data_visible\"  size=\"80\"\/>\n[dynamichidden tast_empresa id:tast_empresa][dynamichidden tast_data id:tast_data]\n<\/p>\n<p>Si vols deixar algun comentari    \n<span class=\"wpcf7-form-control-wrap\" data-name=\"your-message\"><textarea cols=\"80\" rows=\"4\" maxlength=\"2000\" class=\"wpcf7-form-control wpcf7-textarea\" aria-invalid=\"false\" name=\"your-message\"><\/textarea><\/span> <\/p>\n\n<p><input class=\"wpcf7-form-control wpcf7-submit has-spinner\" type=\"submit\" value=\"Envia\" \/> <span class=\"wpcf7-form-control-wrap\" data-name=\"accept-register\"><span class=\"wpcf7-form-control wpcf7-acceptance\"><span class=\"wpcf7-list-item\"><input type=\"checkbox\" name=\"accept-register\" value=\"1\" checked=\"checked\" aria-invalid=\"false\" \/><\/span><\/span><\/span> Acceptau rebre el butllet\u00ed de Gastron\u00f2micament<\/p><div class=\"wpcf7-response-output\" aria-hidden=\"true\"><\/div>\n<\/form>\n<\/div>\n\n","protected":false},"excerpt":{"rendered":"<p>Us convidam a con\u00e8ixer els productes de Mallorca, en unes sessions agradables amb els responsables de&hellip;<\/p>\n","protected":false},"author":1,"featured_media":58594,"comment_status":"open","ping_status":"closed","sticky":false,"template":"","format":"standard","meta":{"_acf_changed":false,"_swt_meta_header_display":false,"_swt_meta_footer_display":false,"_swt_meta_site_title_display":false,"_swt_meta_sticky_header":false,"_swt_meta_transparent_header":false,"footnotes":""},"categories":[1046,1484,1516],"tags":[],"coauthors":[],"class_list":["post-58593","post","type-post","status-publish","format-standard","has-post-thumbnail","hentry","category-actualitat-es-en","category-cursos-i-tallers-en","category-tasts-gastronomics-en"],"acf":{"gallery":null,"home_date":{"home_begin_date":null,"home_end_date":null}},"yoast_head":"<!-- This site is optimized with the Yoast SEO plugin v27.4 - https:\/\/yoast.com\/product\/yoast-seo-wordpress\/ -->\n<title>Tasts Gastron\u00f2mics a Porreres, Costitx i Puigpunyent - Gastron\u00f2micament<\/title>\n<meta name=\"description\" content=\"Tasts Gastron\u00f2mics a Porreres, Costitx i Puigpunyent Actualitat, Cursos i tallers, Tasts Gastron\u00f2mics Us convidam a con\u00e8ixer els productes de Mallorca, en unes sessions agradables amb els responsables de les empreses m\u00e9s destacades de l&#039;illa. Ells mateixos us presentaran i us convidaran a tastar uns aliments que es caracteritzen per la qualitat i l&#039;exquisidesa.\" \/>\n<meta name=\"robots\" content=\"index, follow, max-snippet:-1, max-image-preview:large, max-video-preview:-1\" \/>\n<link rel=\"canonical\" href=\"https:\/\/gastronomicament.cat\/en\/tasts\" \/>\n<meta property=\"og:locale\" content=\"en_US\" \/>\n<meta property=\"og:type\" content=\"article\" \/>\n<meta property=\"og:title\" content=\"Tasts Gastron\u00f2mics a Porreres, Costitx i Puigpunyent - Gastron\u00f2micament\" \/>\n<meta property=\"og:description\" content=\"Tasts Gastron\u00f2mics a Porreres, Costitx i Puigpunyent Actualitat, Cursos i tallers, Tasts Gastron\u00f2mics Us convidam a con\u00e8ixer els productes de Mallorca, en unes sessions agradables amb els responsables de les empreses m\u00e9s destacades de l&#039;illa. Ells mateixos us presentaran i us convidaran a tastar uns aliments que es caracteritzen per la qualitat i l&#039;exquisidesa.\" \/>\n<meta property=\"og:url\" content=\"https:\/\/gastronomicament.cat\/en\/tasts\" \/>\n<meta property=\"og:site_name\" content=\"Gastron\u00f2micament\" \/>\n<meta property=\"article:published_time\" content=\"2021-06-01T08:38:22+00:00\" \/>\n<meta property=\"og:image\" content=\"https:\/\/gastronomicament.cat\/wp-content\/uploads\/2021\/06\/Tasts-Gastronomics-2021-scaled.jpg\" \/>\n\t<meta property=\"og:image:width\" content=\"2560\" \/>\n\t<meta property=\"og:image:height\" content=\"1340\" \/>\n\t<meta property=\"og:image:type\" content=\"image\/jpeg\" \/>\n<meta name=\"author\" content=\"Redacci\u00f3\" \/>\n<meta name=\"twitter:card\" content=\"summary_large_image\" \/>\n<meta name=\"twitter:creator\" content=\"@gastronomicamen\" \/>\n<meta name=\"twitter:site\" content=\"@gastronomicamen\" \/>\n<meta name=\"twitter:label1\" content=\"Written by\" \/>\n\t<meta name=\"twitter:data1\" content=\"Redacci\u00f3\" \/>\n\t<meta name=\"twitter:label2\" content=\"Est. reading time\" \/>\n\t<meta name=\"twitter:data2\" content=\"2 minutes\" \/>\n<script type=\"application\/ld+json\" class=\"yoast-schema-graph\">{\"@context\":\"https:\\\/\\\/schema.org\",\"@graph\":[{\"@type\":\"Article\",\"@id\":\"https:\\\/\\\/gastronomicament.cat\\\/en\\\/tasts#article\",\"isPartOf\":{\"@id\":\"https:\\\/\\\/gastronomicament.cat\\\/en\\\/tasts\"},\"author\":{\"name\":\"Redacci\u00f3\",\"@id\":\"https:\\\/\\\/gastronomicament.cat\\\/en\\\/#\\\/schema\\\/person\\\/a7c85c537a1ed62799a5b8e0f686a37f\"},\"headline\":\"Tasts Gastron\u00f2mics a Porreres, Costitx i Puigpunyent\",\"datePublished\":\"2021-06-01T08:38:22+00:00\",\"mainEntityOfPage\":{\"@id\":\"https:\\\/\\\/gastronomicament.cat\\\/en\\\/tasts\"},\"wordCount\":217,\"commentCount\":0,\"publisher\":{\"@id\":\"https:\\\/\\\/gastronomicament.cat\\\/en\\\/#organization\"},\"image\":{\"@id\":\"https:\\\/\\\/gastronomicament.cat\\\/en\\\/tasts#primaryimage\"},\"thumbnailUrl\":\"https:\\\/\\\/gastronomicament.cat\\\/wp-content\\\/uploads\\\/2021\\\/06\\\/Tasts-Gastronomics-2021-scaled.jpg\",\"articleSection\":[\"Actualitat\",\"Cursos i tallers\",\"Tasts Gastron\u00f2mics\"],\"inLanguage\":\"en-US\",\"potentialAction\":[{\"@type\":\"CommentAction\",\"name\":\"Comment\",\"target\":[\"https:\\\/\\\/gastronomicament.cat\\\/en\\\/tasts#respond\"]}]},{\"@type\":\"WebPage\",\"@id\":\"https:\\\/\\\/gastronomicament.cat\\\/en\\\/tasts\",\"url\":\"https:\\\/\\\/gastronomicament.cat\\\/en\\\/tasts\",\"name\":\"Tasts Gastron\u00f2mics a Porreres, Costitx i Puigpunyent - Gastron\u00f2micament\",\"isPartOf\":{\"@id\":\"https:\\\/\\\/gastronomicament.cat\\\/en\\\/#website\"},\"primaryImageOfPage\":{\"@id\":\"https:\\\/\\\/gastronomicament.cat\\\/en\\\/tasts#primaryimage\"},\"image\":{\"@id\":\"https:\\\/\\\/gastronomicament.cat\\\/en\\\/tasts#primaryimage\"},\"thumbnailUrl\":\"https:\\\/\\\/gastronomicament.cat\\\/wp-content\\\/uploads\\\/2021\\\/06\\\/Tasts-Gastronomics-2021-scaled.jpg\",\"datePublished\":\"2021-06-01T08:38:22+00:00\",\"description\":\"Tasts Gastron\u00f2mics a Porreres, Costitx i Puigpunyent Actualitat, Cursos i tallers, Tasts Gastron\u00f2mics Us convidam a con\u00e8ixer els productes de Mallorca, en unes sessions agradables amb els responsables de les empreses m\u00e9s destacades de l'illa. Ells mateixos us presentaran i us convidaran a tastar uns aliments que es caracteritzen per la qualitat i l'exquisidesa.\",\"inLanguage\":\"en-US\",\"potentialAction\":[{\"@type\":\"ReadAction\",\"target\":[\"https:\\\/\\\/gastronomicament.cat\\\/en\\\/tasts\"]}]},{\"@type\":\"ImageObject\",\"inLanguage\":\"en-US\",\"@id\":\"https:\\\/\\\/gastronomicament.cat\\\/en\\\/tasts#primaryimage\",\"url\":\"https:\\\/\\\/gastronomicament.cat\\\/wp-content\\\/uploads\\\/2021\\\/06\\\/Tasts-Gastronomics-2021-scaled.jpg\",\"contentUrl\":\"https:\\\/\\\/gastronomicament.cat\\\/wp-content\\\/uploads\\\/2021\\\/06\\\/Tasts-Gastronomics-2021-scaled.jpg\",\"width\":2560,\"height\":1340},{\"@type\":\"WebSite\",\"@id\":\"https:\\\/\\\/gastronomicament.cat\\\/en\\\/#website\",\"url\":\"https:\\\/\\\/gastronomicament.cat\\\/en\\\/\",\"name\":\"Gastron\u00f2micament\",\"description\":\"Portal de restaurants, receptes i actualitat gastron\u00f2mica\",\"publisher\":{\"@id\":\"https:\\\/\\\/gastronomicament.cat\\\/en\\\/#organization\"},\"potentialAction\":[{\"@type\":\"SearchAction\",\"target\":{\"@type\":\"EntryPoint\",\"urlTemplate\":\"https:\\\/\\\/gastronomicament.cat\\\/en\\\/?s={search_term_string}\"},\"query-input\":{\"@type\":\"PropertyValueSpecification\",\"valueRequired\":true,\"valueName\":\"search_term_string\"}}],\"inLanguage\":\"en-US\"},{\"@type\":\"Organization\",\"@id\":\"https:\\\/\\\/gastronomicament.cat\\\/en\\\/#organization\",\"name\":\"Gastron\u00f2micament\",\"url\":\"https:\\\/\\\/gastronomicament.cat\\\/en\\\/\",\"logo\":{\"@type\":\"ImageObject\",\"inLanguage\":\"en-US\",\"@id\":\"https:\\\/\\\/gastronomicament.cat\\\/en\\\/#\\\/schema\\\/logo\\\/image\\\/\",\"url\":\"https:\\\/\\\/gastronomicament.cat\\\/wp-content\\\/uploads\\\/2016\\\/09\\\/header-logo.jpg\",\"contentUrl\":\"https:\\\/\\\/gastronomicament.cat\\\/wp-content\\\/uploads\\\/2016\\\/09\\\/header-logo.jpg\",\"width\":277,\"height\":39,\"caption\":\"Gastron\u00f2micament\"},\"image\":{\"@id\":\"https:\\\/\\\/gastronomicament.cat\\\/en\\\/#\\\/schema\\\/logo\\\/image\\\/\"},\"sameAs\":[\"https:\\\/\\\/x.com\\\/gastronomicamen\"]},{\"@type\":\"Person\",\"@id\":\"https:\\\/\\\/gastronomicament.cat\\\/en\\\/#\\\/schema\\\/person\\\/a7c85c537a1ed62799a5b8e0f686a37f\",\"name\":\"Redacci\u00f3\",\"image\":{\"@type\":\"ImageObject\",\"inLanguage\":\"en-US\",\"@id\":\"https:\\\/\\\/secure.gravatar.com\\\/avatar\\\/9489a485c464fd611d33825daae651d13db70c4e74c65c94937a15a9d4c3ee14?s=96&d=mm&r=g69fea3cce3645dfa2166e7293e22955e\",\"url\":\"https:\\\/\\\/secure.gravatar.com\\\/avatar\\\/9489a485c464fd611d33825daae651d13db70c4e74c65c94937a15a9d4c3ee14?s=96&d=mm&r=g\",\"contentUrl\":\"https:\\\/\\\/secure.gravatar.com\\\/avatar\\\/9489a485c464fd611d33825daae651d13db70c4e74c65c94937a15a9d4c3ee14?s=96&d=mm&r=g\",\"caption\":\"Redacci\u00f3\"},\"sameAs\":[\"http:\\\/\\\/gastronomicament.cat\"],\"url\":\"https:\\\/\\\/gastronomicament.cat\\\/en\\\/author\\\/admin\"}]}<\/script>\n<!-- \/ Yoast SEO plugin. -->","yoast_head_json":{"title":"Tasts Gastron\u00f2mics a Porreres, Costitx i Puigpunyent - Gastron\u00f2micament","description":"Tasts Gastron\u00f2mics a Porreres, Costitx i Puigpunyent Actualitat, Cursos i tallers, Tasts Gastron\u00f2mics Us convidam a con\u00e8ixer els productes de Mallorca, en unes sessions agradables amb els responsables de les empreses m\u00e9s destacades de l'illa. Ells mateixos us presentaran i us convidaran a tastar uns aliments que es caracteritzen per la qualitat i l'exquisidesa.","robots":{"index":"index","follow":"follow","max-snippet":"max-snippet:-1","max-image-preview":"max-image-preview:large","max-video-preview":"max-video-preview:-1"},"canonical":"https:\/\/gastronomicament.cat\/en\/tasts","og_locale":"en_US","og_type":"article","og_title":"Tasts Gastron\u00f2mics a Porreres, Costitx i Puigpunyent - Gastron\u00f2micament","og_description":"Tasts Gastron\u00f2mics a Porreres, Costitx i Puigpunyent Actualitat, Cursos i tallers, Tasts Gastron\u00f2mics Us convidam a con\u00e8ixer els productes de Mallorca, en unes sessions agradables amb els responsables de les empreses m\u00e9s destacades de l'illa. Ells mateixos us presentaran i us convidaran a tastar uns aliments que es caracteritzen per la qualitat i l'exquisidesa.","og_url":"https:\/\/gastronomicament.cat\/en\/tasts","og_site_name":"Gastron\u00f2micament","article_published_time":"2021-06-01T08:38:22+00:00","og_image":[{"width":2560,"height":1340,"url":"https:\/\/gastronomicament.cat\/wp-content\/uploads\/2021\/06\/Tasts-Gastronomics-2021-scaled.jpg","type":"image\/jpeg"}],"author":"Redacci\u00f3","twitter_card":"summary_large_image","twitter_creator":"@gastronomicamen","twitter_site":"@gastronomicamen","twitter_misc":{"Written by":"Redacci\u00f3","Est. reading time":"2 minutes"},"schema":{"@context":"https:\/\/schema.org","@graph":[{"@type":"Article","@id":"https:\/\/gastronomicament.cat\/en\/tasts#article","isPartOf":{"@id":"https:\/\/gastronomicament.cat\/en\/tasts"},"author":{"name":"Redacci\u00f3","@id":"https:\/\/gastronomicament.cat\/en\/#\/schema\/person\/a7c85c537a1ed62799a5b8e0f686a37f"},"headline":"Tasts Gastron\u00f2mics a Porreres, Costitx i Puigpunyent","datePublished":"2021-06-01T08:38:22+00:00","mainEntityOfPage":{"@id":"https:\/\/gastronomicament.cat\/en\/tasts"},"wordCount":217,"commentCount":0,"publisher":{"@id":"https:\/\/gastronomicament.cat\/en\/#organization"},"image":{"@id":"https:\/\/gastronomicament.cat\/en\/tasts#primaryimage"},"thumbnailUrl":"https:\/\/gastronomicament.cat\/wp-content\/uploads\/2021\/06\/Tasts-Gastronomics-2021-scaled.jpg","articleSection":["Actualitat","Cursos i tallers","Tasts Gastron\u00f2mics"],"inLanguage":"en-US","potentialAction":[{"@type":"CommentAction","name":"Comment","target":["https:\/\/gastronomicament.cat\/en\/tasts#respond"]}]},{"@type":"WebPage","@id":"https:\/\/gastronomicament.cat\/en\/tasts","url":"https:\/\/gastronomicament.cat\/en\/tasts","name":"Tasts Gastron\u00f2mics a Porreres, Costitx i Puigpunyent - Gastron\u00f2micament","isPartOf":{"@id":"https:\/\/gastronomicament.cat\/en\/#website"},"primaryImageOfPage":{"@id":"https:\/\/gastronomicament.cat\/en\/tasts#primaryimage"},"image":{"@id":"https:\/\/gastronomicament.cat\/en\/tasts#primaryimage"},"thumbnailUrl":"https:\/\/gastronomicament.cat\/wp-content\/uploads\/2021\/06\/Tasts-Gastronomics-2021-scaled.jpg","datePublished":"2021-06-01T08:38:22+00:00","description":"Tasts Gastron\u00f2mics a Porreres, Costitx i Puigpunyent Actualitat, Cursos i tallers, Tasts Gastron\u00f2mics Us convidam a con\u00e8ixer els productes de Mallorca, en unes sessions agradables amb els responsables de les empreses m\u00e9s destacades de l'illa. Ells mateixos us presentaran i us convidaran a tastar uns aliments que es caracteritzen per la qualitat i l'exquisidesa.","inLanguage":"en-US","potentialAction":[{"@type":"ReadAction","target":["https:\/\/gastronomicament.cat\/en\/tasts"]}]},{"@type":"ImageObject","inLanguage":"en-US","@id":"https:\/\/gastronomicament.cat\/en\/tasts#primaryimage","url":"https:\/\/gastronomicament.cat\/wp-content\/uploads\/2021\/06\/Tasts-Gastronomics-2021-scaled.jpg","contentUrl":"https:\/\/gastronomicament.cat\/wp-content\/uploads\/2021\/06\/Tasts-Gastronomics-2021-scaled.jpg","width":2560,"height":1340},{"@type":"WebSite","@id":"https:\/\/gastronomicament.cat\/en\/#website","url":"https:\/\/gastronomicament.cat\/en\/","name":"Gastron\u00f2micament","description":"Portal de restaurants, receptes i actualitat gastron\u00f2mica","publisher":{"@id":"https:\/\/gastronomicament.cat\/en\/#organization"},"potentialAction":[{"@type":"SearchAction","target":{"@type":"EntryPoint","urlTemplate":"https:\/\/gastronomicament.cat\/en\/?s={search_term_string}"},"query-input":{"@type":"PropertyValueSpecification","valueRequired":true,"valueName":"search_term_string"}}],"inLanguage":"en-US"},{"@type":"Organization","@id":"https:\/\/gastronomicament.cat\/en\/#organization","name":"Gastron\u00f2micament","url":"https:\/\/gastronomicament.cat\/en\/","logo":{"@type":"ImageObject","inLanguage":"en-US","@id":"https:\/\/gastronomicament.cat\/en\/#\/schema\/logo\/image\/","url":"https:\/\/gastronomicament.cat\/wp-content\/uploads\/2016\/09\/header-logo.jpg","contentUrl":"https:\/\/gastronomicament.cat\/wp-content\/uploads\/2016\/09\/header-logo.jpg","width":277,"height":39,"caption":"Gastron\u00f2micament"},"image":{"@id":"https:\/\/gastronomicament.cat\/en\/#\/schema\/logo\/image\/"},"sameAs":["https:\/\/x.com\/gastronomicamen"]},{"@type":"Person","@id":"https:\/\/gastronomicament.cat\/en\/#\/schema\/person\/a7c85c537a1ed62799a5b8e0f686a37f","name":"Redacci\u00f3","image":{"@type":"ImageObject","inLanguage":"en-US","@id":"https:\/\/secure.gravatar.com\/avatar\/9489a485c464fd611d33825daae651d13db70c4e74c65c94937a15a9d4c3ee14?s=96&d=mm&r=g69fea3cce3645dfa2166e7293e22955e","url":"https:\/\/secure.gravatar.com\/avatar\/9489a485c464fd611d33825daae651d13db70c4e74c65c94937a15a9d4c3ee14?s=96&d=mm&r=g","contentUrl":"https:\/\/secure.gravatar.com\/avatar\/9489a485c464fd611d33825daae651d13db70c4e74c65c94937a15a9d4c3ee14?s=96&d=mm&r=g","caption":"Redacci\u00f3"},"sameAs":["http:\/\/gastronomicament.cat"],"url":"https:\/\/gastronomicament.cat\/en\/author\/admin"}]}},"_links":{"self":[{"href":"https:\/\/gastronomicament.cat\/en\/wp-json\/wp\/v2\/posts\/58593","targetHints":{"allow":["GET"]}}],"collection":[{"href":"https:\/\/gastronomicament.cat\/en\/wp-json\/wp\/v2\/posts"}],"about":[{"href":"https:\/\/gastronomicament.cat\/en\/wp-json\/wp\/v2\/types\/post"}],"author":[{"embeddable":true,"href":"https:\/\/gastronomicament.cat\/en\/wp-json\/wp\/v2\/users\/1"}],"replies":[{"embeddable":true,"href":"https:\/\/gastronomicament.cat\/en\/wp-json\/wp\/v2\/comments?post=58593"}],"version-history":[{"count":0,"href":"https:\/\/gastronomicament.cat\/en\/wp-json\/wp\/v2\/posts\/58593\/revisions"}],"wp:featuredmedia":[{"embeddable":true,"href":"https:\/\/gastronomicament.cat\/en\/wp-json\/wp\/v2\/media\/58594"}],"wp:attachment":[{"href":"https:\/\/gastronomicament.cat\/en\/wp-json\/wp\/v2\/media?parent=58593"}],"wp:term":[{"taxonomy":"category","embeddable":true,"href":"https:\/\/gastronomicament.cat\/en\/wp-json\/wp\/v2\/categories?post=58593"},{"taxonomy":"post_tag","embeddable":true,"href":"https:\/\/gastronomicament.cat\/en\/wp-json\/wp\/v2\/tags?post=58593"},{"taxonomy":"author","embeddable":true,"href":"https:\/\/gastronomicament.cat\/en\/wp-json\/wp\/v2\/coauthors?post=58593"}],"curies":[{"name":"wp","href":"https:\/\/api.w.org\/{rel}","templated":true}]}}