{"id":58626,"date":"2021-05-20T09:42:05","date_gmt":"2021-05-20T07:42:05","guid":{"rendered":"https:\/\/gastronomicament.cat\/el-govern-balear-promociona-el-producte-local-a-fitur"},"modified":"2021-05-20T09:42:05","modified_gmt":"2021-05-20T07:42:05","slug":"el-govern-balear-promociona-el-producte-local-a-fitur","status":"publish","type":"post","link":"https:\/\/gastronomicament.cat\/en\/el-govern-balear-promociona-el-producte-local-a-fitur","title":{"rendered":"El Govern balear promociona el producte local a FITUR"},"content":{"rendered":"<p>La consellera d\u2019Agricultura, Pesca i Alimentaci\u00f3, Mae de la Concha, ha presentat a FITUR la campanya de promoci\u00f3 del producte agroalimentari de les Balears \u2018<strong>Som el que bevem, som el que menjam. Triam local<\/strong>\u2019. Es tracta d\u2019una campanya audiovisual, doblada a l\u2019espanyol, alemany i angl\u00e8s, destinada a fomentar el consum d\u2019aquests productes, tamb\u00e9 entre els turistes que visiten les Balears.<\/p>\n<p>La consellera De la Concha ha explicat que les Illes s\u00f3n \u00abuna destinaci\u00f3 tur\u00edstica de primer ordre que ofereixen molt m\u00e9s que sol i platja, i una d\u2019aquestes ofertes \u00e9s el turisme gastron\u00f2mic\u00bb. La consellera ha volgut remarcar els valors dels\u00a0<strong>productes agroalimentaris de les Balears<\/strong>\u00a0en considerar-los \u00ab<strong>\u00fanics i propis de cada una de les illes que conformen l\u2019arxip\u00e8lag<\/strong>\u00bb. A la vegada, ha dit, \u00abel sector primari i agroalimentari s\u00f3n els responsables de mantenir el 80% del paisatge\u00bb, i, per tant, \u00abnecessitam que el sector primari es mantingui, tingui un gran futur, amb la diversificaci\u00f3 de cultius i de manera sostenible\u00bb. \u00ab<strong>La tradici\u00f3, el patrimoni, la cultura i la sostenibilitat s\u00f3n trets diferenciadors dels nostres productes<\/strong>, que el sector hoteler cada vegada dona m\u00e9s suport i els turistes cada vegada valoren m\u00e9s\u00bb, ha explicat. Si b\u00e9 ha comentat que la sobrassada, l\u2019ensa\u00efmada i el formatge de Menorca s\u00f3n, potser, els productes m\u00e9s internacionals, ha dit que \u00ables Balears ofereixen infinitat de productes sans, saludables, de primer nivell, com el vi, el formatge, l\u2019oli, la carn, el peix, l\u2019arr\u00f2s i la sal, entre d\u2019altres\u00bb.<\/p>\n<p>La presentaci\u00f3 de la campanya \u2018Som el que bevem, som el que menjam. Triam local\u2019 s\u2019ha fet a l\u2019estand Illes Balears de la fira tur\u00edstica que se celebra del 19 al 23 de maig de 2021, a IFEMA (Madrid). Aquesta campanya basa la\u00a0<strong>promoci\u00f3 en set productes agroalimentaris<\/strong>\u00a0(el sector\u00a0<strong>carni<\/strong>,\u00a0<strong>lacti i derivats<\/strong>,\u00a0<strong>vi<\/strong>,\u00a0<strong>fruites i<\/strong>\u00a0<strong>hortalisses<\/strong>,\u00a0<strong>peix<\/strong>,\u00a0<strong>producte<\/strong>\u00a0<strong>ecol\u00f2gic<\/strong>, i\u00a0<strong>olis i olives<\/strong>) i un de producte gen\u00e8ric. A la fira s\u2019han projectat tots els v\u00eddeos de la campanya.<\/p>\n<p>Segons ha explicat la directora general de Pol\u00edtiques per a la Sobirania Aliment\u00e0ria, Paula Valero, el sector primari i agroalimentari de les Balears ha patit d\u2019una manera especial les conseq\u00fc\u00e8ncies de la covid-19, ja que un 70% dels productes agroalimentaris de les Balears es destinen al canal HORECA, paralitzat durant el confinament i greument afectat durant els mesos posteriors. Per aix\u00f2, ha explicat, \u00abla necessitat d\u2019aquesta campanya per fomentar el consum d\u2019aquests productes tamb\u00e9 entre els turistes perqu\u00e8 genera ocupaci\u00f3 local, cuida el territori i genera menys residus\u00bb.<\/p>\n<p><strong>Productes singulars i mil\u00b7lenaris<br \/>\n<\/strong>El vi, el formatge i l\u2019oli s\u00f3n alguns dels productes m\u00e9s emblem\u00e0tics i reconeguts pels turistes que visiten les Balears. Uns productes amb una llarga i mil\u00b7len\u00e0ria tradici\u00f3. Les oliveres, per exemple, foren introdu\u00efdes a l\u2019illa de Mallorca pels fenicis i els grecs. La relaci\u00f3 de les Balears amb el vi \u00e9s antiga. L\u2019activitat vitivin\u00edcola a Eivissa es va iniciar el segle VII abans de Crist, durant la pres\u00e8ncia dels fenicis. D\u2019aquesta \u00e8poca s\u2019han trobat vasos i \u00e0mfores que els fenicis usaven per emmagatzemar el vi. A Mallorca, fou durant l\u2019\u00e8poca romana, cap al 123 abans de Crist, quan es introduir la vinya i es va comen\u00e7ar a fer vi. Menorca i Formentera varen introduir aquest cultiu durant l\u2019\u00e8poca de la conquesta catalana. La pres\u00e8ncia del formatge a Menorca, per la seva banda, es remunta a l\u2019any 2000 abans de Crist, i aix\u00ed es dedueix del descobriment d\u2019algunes peces de cer\u00e0mica que es podrien haver usat per fer formatge.<\/p>\n","protected":false},"excerpt":{"rendered":"<p>Es tracta d\u2019una campanya audiovisual, doblada a l\u2019espanyol, alemany i angl\u00e8s, destinada a fomentar el consum&hellip;<\/p>\n","protected":false},"author":1,"featured_media":58627,"comment_status":"open","ping_status":"closed","sticky":false,"template":"","format":"standard","meta":{"_acf_changed":false,"_swt_meta_header_display":false,"_swt_meta_footer_display":false,"_swt_meta_site_title_display":false,"_swt_meta_sticky_header":false,"_swt_meta_transparent_header":false,"footnotes":""},"categories":[1046,1471],"tags":[],"coauthors":[],"class_list":["post-58626","post","type-post","status-publish","format-standard","has-post-thumbnail","hentry","category-actualitat-es-en","category-fires-i-rutes-en"],"acf":{"gallery":null,"home_date":{"home_begin_date":null,"home_end_date":null}},"yoast_head":"<!-- This site is optimized with the Yoast SEO plugin v27.4 - https:\/\/yoast.com\/product\/yoast-seo-wordpress\/ -->\n<title>El Govern balear promociona el producte local a FITUR - Gastron\u00f2micament<\/title>\n<meta name=\"description\" content=\"El Govern balear promociona el producte local a FITUR Actualitat, Fires i rutes Es tracta d\u2019una campanya audiovisual, doblada a l\u2019espanyol, alemany i angl\u00e8s, destinada a fomentar el consum d\u2019aquests productes, tamb\u00e9 entre els turistes que visiten les Balears\" \/>\n<meta name=\"robots\" content=\"index, follow, max-snippet:-1, max-image-preview:large, max-video-preview:-1\" \/>\n<link rel=\"canonical\" href=\"https:\/\/gastronomicament.cat\/en\/el-govern-balear-promociona-el-producte-local-a-fitur\" \/>\n<meta property=\"og:locale\" content=\"en_US\" \/>\n<meta property=\"og:type\" content=\"article\" \/>\n<meta property=\"og:title\" content=\"El Govern balear promociona el producte local a FITUR - Gastron\u00f2micament\" \/>\n<meta property=\"og:description\" content=\"El Govern balear promociona el producte local a FITUR Actualitat, Fires i rutes Es tracta d\u2019una campanya audiovisual, doblada a l\u2019espanyol, alemany i angl\u00e8s, destinada a fomentar el consum d\u2019aquests productes, tamb\u00e9 entre els turistes que visiten les Balears\" \/>\n<meta property=\"og:url\" content=\"https:\/\/gastronomicament.cat\/en\/el-govern-balear-promociona-el-producte-local-a-fitur\" \/>\n<meta property=\"og:site_name\" content=\"Gastron\u00f2micament\" \/>\n<meta property=\"article:published_time\" content=\"2021-05-20T07:42:05+00:00\" \/>\n<meta property=\"og:image\" content=\"https:\/\/gastronomicament.cat\/wp-content\/uploads\/2021\/05\/Govern-promociona-producte-local-a-Fitur.jpg\" \/>\n\t<meta property=\"og:image:width\" content=\"1280\" \/>\n\t<meta property=\"og:image:height\" content=\"720\" \/>\n\t<meta property=\"og:image:type\" content=\"image\/jpeg\" \/>\n<meta name=\"author\" content=\"Redacci\u00f3\" \/>\n<meta name=\"twitter:card\" content=\"summary_large_image\" \/>\n<meta name=\"twitter:creator\" content=\"@gastronomicamen\" \/>\n<meta name=\"twitter:site\" content=\"@gastronomicamen\" \/>\n<meta name=\"twitter:label1\" content=\"Written by\" \/>\n\t<meta name=\"twitter:data1\" content=\"Redacci\u00f3\" \/>\n\t<meta name=\"twitter:label2\" content=\"Est. reading time\" \/>\n\t<meta name=\"twitter:data2\" content=\"3 minutes\" \/>\n<script type=\"application\/ld+json\" class=\"yoast-schema-graph\">{\"@context\":\"https:\\\/\\\/schema.org\",\"@graph\":[{\"@type\":\"Article\",\"@id\":\"https:\\\/\\\/gastronomicament.cat\\\/en\\\/el-govern-balear-promociona-el-producte-local-a-fitur#article\",\"isPartOf\":{\"@id\":\"https:\\\/\\\/gastronomicament.cat\\\/en\\\/el-govern-balear-promociona-el-producte-local-a-fitur\"},\"author\":{\"name\":\"Redacci\u00f3\",\"@id\":\"https:\\\/\\\/gastronomicament.cat\\\/en\\\/#\\\/schema\\\/person\\\/a7c85c537a1ed62799a5b8e0f686a37f\"},\"headline\":\"El Govern balear promociona el producte local a FITUR\",\"datePublished\":\"2021-05-20T07:42:05+00:00\",\"mainEntityOfPage\":{\"@id\":\"https:\\\/\\\/gastronomicament.cat\\\/en\\\/el-govern-balear-promociona-el-producte-local-a-fitur\"},\"wordCount\":636,\"commentCount\":0,\"publisher\":{\"@id\":\"https:\\\/\\\/gastronomicament.cat\\\/en\\\/#organization\"},\"image\":{\"@id\":\"https:\\\/\\\/gastronomicament.cat\\\/en\\\/el-govern-balear-promociona-el-producte-local-a-fitur#primaryimage\"},\"thumbnailUrl\":\"https:\\\/\\\/gastronomicament.cat\\\/wp-content\\\/uploads\\\/2021\\\/05\\\/Govern-promociona-producte-local-a-Fitur.jpg\",\"articleSection\":[\"Actualitat\",\"Fires i rutes\"],\"inLanguage\":\"en-US\",\"potentialAction\":[{\"@type\":\"CommentAction\",\"name\":\"Comment\",\"target\":[\"https:\\\/\\\/gastronomicament.cat\\\/en\\\/el-govern-balear-promociona-el-producte-local-a-fitur#respond\"]}]},{\"@type\":\"WebPage\",\"@id\":\"https:\\\/\\\/gastronomicament.cat\\\/en\\\/el-govern-balear-promociona-el-producte-local-a-fitur\",\"url\":\"https:\\\/\\\/gastronomicament.cat\\\/en\\\/el-govern-balear-promociona-el-producte-local-a-fitur\",\"name\":\"El Govern balear promociona el producte local a FITUR - Gastron\u00f2micament\",\"isPartOf\":{\"@id\":\"https:\\\/\\\/gastronomicament.cat\\\/en\\\/#website\"},\"primaryImageOfPage\":{\"@id\":\"https:\\\/\\\/gastronomicament.cat\\\/en\\\/el-govern-balear-promociona-el-producte-local-a-fitur#primaryimage\"},\"image\":{\"@id\":\"https:\\\/\\\/gastronomicament.cat\\\/en\\\/el-govern-balear-promociona-el-producte-local-a-fitur#primaryimage\"},\"thumbnailUrl\":\"https:\\\/\\\/gastronomicament.cat\\\/wp-content\\\/uploads\\\/2021\\\/05\\\/Govern-promociona-producte-local-a-Fitur.jpg\",\"datePublished\":\"2021-05-20T07:42:05+00:00\",\"description\":\"El Govern balear promociona el producte local a FITUR Actualitat, Fires i rutes Es tracta d\u2019una campanya audiovisual, doblada a l\u2019espanyol, alemany i angl\u00e8s, destinada a fomentar el consum d\u2019aquests productes, tamb\u00e9 entre els turistes que visiten les Balears\",\"inLanguage\":\"en-US\",\"potentialAction\":[{\"@type\":\"ReadAction\",\"target\":[\"https:\\\/\\\/gastronomicament.cat\\\/en\\\/el-govern-balear-promociona-el-producte-local-a-fitur\"]}]},{\"@type\":\"ImageObject\",\"inLanguage\":\"en-US\",\"@id\":\"https:\\\/\\\/gastronomicament.cat\\\/en\\\/el-govern-balear-promociona-el-producte-local-a-fitur#primaryimage\",\"url\":\"https:\\\/\\\/gastronomicament.cat\\\/wp-content\\\/uploads\\\/2021\\\/05\\\/Govern-promociona-producte-local-a-Fitur.jpg\",\"contentUrl\":\"https:\\\/\\\/gastronomicament.cat\\\/wp-content\\\/uploads\\\/2021\\\/05\\\/Govern-promociona-producte-local-a-Fitur.jpg\",\"width\":1280,\"height\":720},{\"@type\":\"WebSite\",\"@id\":\"https:\\\/\\\/gastronomicament.cat\\\/en\\\/#website\",\"url\":\"https:\\\/\\\/gastronomicament.cat\\\/en\\\/\",\"name\":\"Gastron\u00f2micament\",\"description\":\"Portal de restaurants, receptes i actualitat gastron\u00f2mica\",\"publisher\":{\"@id\":\"https:\\\/\\\/gastronomicament.cat\\\/en\\\/#organization\"},\"potentialAction\":[{\"@type\":\"SearchAction\",\"target\":{\"@type\":\"EntryPoint\",\"urlTemplate\":\"https:\\\/\\\/gastronomicament.cat\\\/en\\\/?s={search_term_string}\"},\"query-input\":{\"@type\":\"PropertyValueSpecification\",\"valueRequired\":true,\"valueName\":\"search_term_string\"}}],\"inLanguage\":\"en-US\"},{\"@type\":\"Organization\",\"@id\":\"https:\\\/\\\/gastronomicament.cat\\\/en\\\/#organization\",\"name\":\"Gastron\u00f2micament\",\"url\":\"https:\\\/\\\/gastronomicament.cat\\\/en\\\/\",\"logo\":{\"@type\":\"ImageObject\",\"inLanguage\":\"en-US\",\"@id\":\"https:\\\/\\\/gastronomicament.cat\\\/en\\\/#\\\/schema\\\/logo\\\/image\\\/\",\"url\":\"https:\\\/\\\/gastronomicament.cat\\\/wp-content\\\/uploads\\\/2016\\\/09\\\/header-logo.jpg\",\"contentUrl\":\"https:\\\/\\\/gastronomicament.cat\\\/wp-content\\\/uploads\\\/2016\\\/09\\\/header-logo.jpg\",\"width\":277,\"height\":39,\"caption\":\"Gastron\u00f2micament\"},\"image\":{\"@id\":\"https:\\\/\\\/gastronomicament.cat\\\/en\\\/#\\\/schema\\\/logo\\\/image\\\/\"},\"sameAs\":[\"https:\\\/\\\/x.com\\\/gastronomicamen\"]},{\"@type\":\"Person\",\"@id\":\"https:\\\/\\\/gastronomicament.cat\\\/en\\\/#\\\/schema\\\/person\\\/a7c85c537a1ed62799a5b8e0f686a37f\",\"name\":\"Redacci\u00f3\",\"image\":{\"@type\":\"ImageObject\",\"inLanguage\":\"en-US\",\"@id\":\"https:\\\/\\\/secure.gravatar.com\\\/avatar\\\/9489a485c464fd611d33825daae651d13db70c4e74c65c94937a15a9d4c3ee14?s=96&d=mm&r=g69fea3cce3645dfa2166e7293e22955e\",\"url\":\"https:\\\/\\\/secure.gravatar.com\\\/avatar\\\/9489a485c464fd611d33825daae651d13db70c4e74c65c94937a15a9d4c3ee14?s=96&d=mm&r=g\",\"contentUrl\":\"https:\\\/\\\/secure.gravatar.com\\\/avatar\\\/9489a485c464fd611d33825daae651d13db70c4e74c65c94937a15a9d4c3ee14?s=96&d=mm&r=g\",\"caption\":\"Redacci\u00f3\"},\"sameAs\":[\"http:\\\/\\\/gastronomicament.cat\"],\"url\":\"https:\\\/\\\/gastronomicament.cat\\\/en\\\/author\\\/admin\"}]}<\/script>\n<!-- \/ Yoast SEO plugin. -->","yoast_head_json":{"title":"El Govern balear promociona el producte local a FITUR - Gastron\u00f2micament","description":"El Govern balear promociona el producte local a FITUR Actualitat, Fires i rutes Es tracta d\u2019una campanya audiovisual, doblada a l\u2019espanyol, alemany i angl\u00e8s, destinada a fomentar el consum d\u2019aquests productes, tamb\u00e9 entre els turistes que visiten les Balears","robots":{"index":"index","follow":"follow","max-snippet":"max-snippet:-1","max-image-preview":"max-image-preview:large","max-video-preview":"max-video-preview:-1"},"canonical":"https:\/\/gastronomicament.cat\/en\/el-govern-balear-promociona-el-producte-local-a-fitur","og_locale":"en_US","og_type":"article","og_title":"El Govern balear promociona el producte local a FITUR - Gastron\u00f2micament","og_description":"El Govern balear promociona el producte local a FITUR Actualitat, Fires i rutes Es tracta d\u2019una campanya audiovisual, doblada a l\u2019espanyol, alemany i angl\u00e8s, destinada a fomentar el consum d\u2019aquests productes, tamb\u00e9 entre els turistes que visiten les Balears","og_url":"https:\/\/gastronomicament.cat\/en\/el-govern-balear-promociona-el-producte-local-a-fitur","og_site_name":"Gastron\u00f2micament","article_published_time":"2021-05-20T07:42:05+00:00","og_image":[{"width":1280,"height":720,"url":"https:\/\/gastronomicament.cat\/wp-content\/uploads\/2021\/05\/Govern-promociona-producte-local-a-Fitur.jpg","type":"image\/jpeg"}],"author":"Redacci\u00f3","twitter_card":"summary_large_image","twitter_creator":"@gastronomicamen","twitter_site":"@gastronomicamen","twitter_misc":{"Written by":"Redacci\u00f3","Est. reading time":"3 minutes"},"schema":{"@context":"https:\/\/schema.org","@graph":[{"@type":"Article","@id":"https:\/\/gastronomicament.cat\/en\/el-govern-balear-promociona-el-producte-local-a-fitur#article","isPartOf":{"@id":"https:\/\/gastronomicament.cat\/en\/el-govern-balear-promociona-el-producte-local-a-fitur"},"author":{"name":"Redacci\u00f3","@id":"https:\/\/gastronomicament.cat\/en\/#\/schema\/person\/a7c85c537a1ed62799a5b8e0f686a37f"},"headline":"El Govern balear promociona el producte local a FITUR","datePublished":"2021-05-20T07:42:05+00:00","mainEntityOfPage":{"@id":"https:\/\/gastronomicament.cat\/en\/el-govern-balear-promociona-el-producte-local-a-fitur"},"wordCount":636,"commentCount":0,"publisher":{"@id":"https:\/\/gastronomicament.cat\/en\/#organization"},"image":{"@id":"https:\/\/gastronomicament.cat\/en\/el-govern-balear-promociona-el-producte-local-a-fitur#primaryimage"},"thumbnailUrl":"https:\/\/gastronomicament.cat\/wp-content\/uploads\/2021\/05\/Govern-promociona-producte-local-a-Fitur.jpg","articleSection":["Actualitat","Fires i rutes"],"inLanguage":"en-US","potentialAction":[{"@type":"CommentAction","name":"Comment","target":["https:\/\/gastronomicament.cat\/en\/el-govern-balear-promociona-el-producte-local-a-fitur#respond"]}]},{"@type":"WebPage","@id":"https:\/\/gastronomicament.cat\/en\/el-govern-balear-promociona-el-producte-local-a-fitur","url":"https:\/\/gastronomicament.cat\/en\/el-govern-balear-promociona-el-producte-local-a-fitur","name":"El Govern balear promociona el producte local a FITUR - Gastron\u00f2micament","isPartOf":{"@id":"https:\/\/gastronomicament.cat\/en\/#website"},"primaryImageOfPage":{"@id":"https:\/\/gastronomicament.cat\/en\/el-govern-balear-promociona-el-producte-local-a-fitur#primaryimage"},"image":{"@id":"https:\/\/gastronomicament.cat\/en\/el-govern-balear-promociona-el-producte-local-a-fitur#primaryimage"},"thumbnailUrl":"https:\/\/gastronomicament.cat\/wp-content\/uploads\/2021\/05\/Govern-promociona-producte-local-a-Fitur.jpg","datePublished":"2021-05-20T07:42:05+00:00","description":"El Govern balear promociona el producte local a FITUR Actualitat, Fires i rutes Es tracta d\u2019una campanya audiovisual, doblada a l\u2019espanyol, alemany i angl\u00e8s, destinada a fomentar el consum d\u2019aquests productes, tamb\u00e9 entre els turistes que visiten les Balears","inLanguage":"en-US","potentialAction":[{"@type":"ReadAction","target":["https:\/\/gastronomicament.cat\/en\/el-govern-balear-promociona-el-producte-local-a-fitur"]}]},{"@type":"ImageObject","inLanguage":"en-US","@id":"https:\/\/gastronomicament.cat\/en\/el-govern-balear-promociona-el-producte-local-a-fitur#primaryimage","url":"https:\/\/gastronomicament.cat\/wp-content\/uploads\/2021\/05\/Govern-promociona-producte-local-a-Fitur.jpg","contentUrl":"https:\/\/gastronomicament.cat\/wp-content\/uploads\/2021\/05\/Govern-promociona-producte-local-a-Fitur.jpg","width":1280,"height":720},{"@type":"WebSite","@id":"https:\/\/gastronomicament.cat\/en\/#website","url":"https:\/\/gastronomicament.cat\/en\/","name":"Gastron\u00f2micament","description":"Portal de restaurants, receptes i actualitat gastron\u00f2mica","publisher":{"@id":"https:\/\/gastronomicament.cat\/en\/#organization"},"potentialAction":[{"@type":"SearchAction","target":{"@type":"EntryPoint","urlTemplate":"https:\/\/gastronomicament.cat\/en\/?s={search_term_string}"},"query-input":{"@type":"PropertyValueSpecification","valueRequired":true,"valueName":"search_term_string"}}],"inLanguage":"en-US"},{"@type":"Organization","@id":"https:\/\/gastronomicament.cat\/en\/#organization","name":"Gastron\u00f2micament","url":"https:\/\/gastronomicament.cat\/en\/","logo":{"@type":"ImageObject","inLanguage":"en-US","@id":"https:\/\/gastronomicament.cat\/en\/#\/schema\/logo\/image\/","url":"https:\/\/gastronomicament.cat\/wp-content\/uploads\/2016\/09\/header-logo.jpg","contentUrl":"https:\/\/gastronomicament.cat\/wp-content\/uploads\/2016\/09\/header-logo.jpg","width":277,"height":39,"caption":"Gastron\u00f2micament"},"image":{"@id":"https:\/\/gastronomicament.cat\/en\/#\/schema\/logo\/image\/"},"sameAs":["https:\/\/x.com\/gastronomicamen"]},{"@type":"Person","@id":"https:\/\/gastronomicament.cat\/en\/#\/schema\/person\/a7c85c537a1ed62799a5b8e0f686a37f","name":"Redacci\u00f3","image":{"@type":"ImageObject","inLanguage":"en-US","@id":"https:\/\/secure.gravatar.com\/avatar\/9489a485c464fd611d33825daae651d13db70c4e74c65c94937a15a9d4c3ee14?s=96&d=mm&r=g69fea3cce3645dfa2166e7293e22955e","url":"https:\/\/secure.gravatar.com\/avatar\/9489a485c464fd611d33825daae651d13db70c4e74c65c94937a15a9d4c3ee14?s=96&d=mm&r=g","contentUrl":"https:\/\/secure.gravatar.com\/avatar\/9489a485c464fd611d33825daae651d13db70c4e74c65c94937a15a9d4c3ee14?s=96&d=mm&r=g","caption":"Redacci\u00f3"},"sameAs":["http:\/\/gastronomicament.cat"],"url":"https:\/\/gastronomicament.cat\/en\/author\/admin"}]}},"_links":{"self":[{"href":"https:\/\/gastronomicament.cat\/en\/wp-json\/wp\/v2\/posts\/58626","targetHints":{"allow":["GET"]}}],"collection":[{"href":"https:\/\/gastronomicament.cat\/en\/wp-json\/wp\/v2\/posts"}],"about":[{"href":"https:\/\/gastronomicament.cat\/en\/wp-json\/wp\/v2\/types\/post"}],"author":[{"embeddable":true,"href":"https:\/\/gastronomicament.cat\/en\/wp-json\/wp\/v2\/users\/1"}],"replies":[{"embeddable":true,"href":"https:\/\/gastronomicament.cat\/en\/wp-json\/wp\/v2\/comments?post=58626"}],"version-history":[{"count":0,"href":"https:\/\/gastronomicament.cat\/en\/wp-json\/wp\/v2\/posts\/58626\/revisions"}],"wp:featuredmedia":[{"embeddable":true,"href":"https:\/\/gastronomicament.cat\/en\/wp-json\/wp\/v2\/media\/58627"}],"wp:attachment":[{"href":"https:\/\/gastronomicament.cat\/en\/wp-json\/wp\/v2\/media?parent=58626"}],"wp:term":[{"taxonomy":"category","embeddable":true,"href":"https:\/\/gastronomicament.cat\/en\/wp-json\/wp\/v2\/categories?post=58626"},{"taxonomy":"post_tag","embeddable":true,"href":"https:\/\/gastronomicament.cat\/en\/wp-json\/wp\/v2\/tags?post=58626"},{"taxonomy":"author","embeddable":true,"href":"https:\/\/gastronomicament.cat\/en\/wp-json\/wp\/v2\/coauthors?post=58626"}],"curies":[{"name":"wp","href":"https:\/\/api.w.org\/{rel}","templated":true}]}}