{"id":60427,"date":"2020-06-11T13:44:44","date_gmt":"2020-06-11T11:44:44","guid":{"rendered":"https:\/\/gastronomicament.cat\/vi-per-fotografia"},"modified":"2020-06-11T13:44:44","modified_gmt":"2020-06-11T11:44:44","slug":"vi-per-fotografia","status":"publish","type":"post","link":"https:\/\/gastronomicament.cat\/en\/vi-per-fotografia","title":{"rendered":"Vi per fotografia"},"content":{"rendered":"<p>Amb la crisi sanit\u00e0ria de la covid-19, s&#8217;ha vist m\u00e9s necessari que mai donar suport als productors locals. Per aix\u00f2, Stephanie Haeni, fot\u00f2grafa profesional especialitzada en vi, ha decidit intercanviar una foto seva per una botella de vi de les Illes Balears. Els seus retrats s&#8217;han fet populars a les xarxes socials amb el nom de\u00a0Cheshire Visual, ja que aposta per un estil visual cridaner i creatiu.<\/p>\n<p>L&#8217;activitat tendr\u00e0 lloc el dijous, 11 de juny, entre les 17 i les 20 hores, a l&#8217;escalonada de la Seu, a Dalt Murada (Palma). A tothom que li dugui una botella de vi, ella li regalar\u00e0 la fotografia en format digital.<\/p>\n<p>Imatge:\u00a0<a href=\"https:\/\/www.instagram.com\/cheshirevisual\/\" rel=\"nofollow\"><strong>cheshirevisual<\/strong><\/a><\/p>\n","protected":false},"excerpt":{"rendered":"<p>Amb la crisi sanit\u00e0ria de la covid-19, s&#8217;ha vist m\u00e9s necessari que mai donar suport als&hellip;<\/p>\n","protected":false},"author":1,"featured_media":60428,"comment_status":"open","ping_status":"closed","sticky":false,"template":"","format":"standard","meta":{"_acf_changed":false,"_swt_meta_header_display":false,"_swt_meta_footer_display":false,"_swt_meta_site_title_display":false,"_swt_meta_sticky_header":false,"_swt_meta_transparent_header":false,"footnotes":""},"categories":[1046,1475],"tags":[],"coauthors":[],"class_list":["post-60427","post","type-post","status-publish","format-standard","has-post-thumbnail","hentry","category-actualitat-es-en","category-reportatges-i-novetats-en"],"acf":{"gallery":null,"home_date":{"home_begin_date":null,"home_end_date":null}},"yoast_head":"<!-- This site is optimized with the Yoast SEO plugin v27.4 - https:\/\/yoast.com\/product\/yoast-seo-wordpress\/ -->\n<title>Vi per fotografia - Gastron\u00f2micament<\/title>\n<meta name=\"description\" content=\"Vi per fotografia Actualitat, Reportatges i novetats Amb la crisi sanit\u00e0ria de la covid-19, s&#039;ha vist m\u00e9s necessari que mai donar suport als productors locals. Per aix\u00f2, Stephanie Haeni, fot\u00f2grafa profesional especialitzada en vi, ha decidit intercanviar una foto seva per una botella de vi de les Illes Balears\" \/>\n<meta name=\"robots\" content=\"index, follow, max-snippet:-1, max-image-preview:large, max-video-preview:-1\" \/>\n<link rel=\"canonical\" href=\"https:\/\/gastronomicament.cat\/en\/vi-per-fotografia\" \/>\n<meta property=\"og:locale\" content=\"en_US\" \/>\n<meta property=\"og:type\" content=\"article\" \/>\n<meta property=\"og:title\" content=\"Vi per fotografia - Gastron\u00f2micament\" \/>\n<meta property=\"og:description\" content=\"Vi per fotografia Actualitat, Reportatges i novetats Amb la crisi sanit\u00e0ria de la covid-19, s&#039;ha vist m\u00e9s necessari que mai donar suport als productors locals. Per aix\u00f2, Stephanie Haeni, fot\u00f2grafa profesional especialitzada en vi, ha decidit intercanviar una foto seva per una botella de vi de les Illes Balears\" \/>\n<meta property=\"og:url\" content=\"https:\/\/gastronomicament.cat\/en\/vi-per-fotografia\" \/>\n<meta property=\"og:site_name\" content=\"Gastron\u00f2micament\" \/>\n<meta property=\"article:published_time\" content=\"2020-06-11T11:44:44+00:00\" \/>\n<meta property=\"og:image\" content=\"https:\/\/gastronomicament.cat\/wp-content\/uploads\/2020\/06\/cheshire-visual.jpg\" \/>\n\t<meta property=\"og:image:width\" content=\"878\" \/>\n\t<meta property=\"og:image:height\" content=\"549\" \/>\n\t<meta property=\"og:image:type\" content=\"image\/jpeg\" \/>\n<meta name=\"author\" content=\"Redacci\u00f3\" \/>\n<meta name=\"twitter:card\" content=\"summary_large_image\" \/>\n<meta name=\"twitter:creator\" content=\"@gastronomicamen\" \/>\n<meta name=\"twitter:site\" content=\"@gastronomicamen\" \/>\n<meta name=\"twitter:label1\" content=\"Written by\" \/>\n\t<meta name=\"twitter:data1\" content=\"Redacci\u00f3\" \/>\n\t<meta name=\"twitter:label2\" content=\"Est. reading time\" \/>\n\t<meta name=\"twitter:data2\" content=\"1 minute\" \/>\n<script type=\"application\/ld+json\" class=\"yoast-schema-graph\">{\"@context\":\"https:\\\/\\\/schema.org\",\"@graph\":[{\"@type\":\"Article\",\"@id\":\"https:\\\/\\\/gastronomicament.cat\\\/en\\\/vi-per-fotografia#article\",\"isPartOf\":{\"@id\":\"https:\\\/\\\/gastronomicament.cat\\\/en\\\/vi-per-fotografia\"},\"author\":{\"name\":\"Redacci\u00f3\",\"@id\":\"https:\\\/\\\/gastronomicament.cat\\\/en\\\/#\\\/schema\\\/person\\\/a7c85c537a1ed62799a5b8e0f686a37f\"},\"headline\":\"Vi per fotografia\",\"datePublished\":\"2020-06-11T11:44:44+00:00\",\"mainEntityOfPage\":{\"@id\":\"https:\\\/\\\/gastronomicament.cat\\\/en\\\/vi-per-fotografia\"},\"wordCount\":114,\"commentCount\":0,\"publisher\":{\"@id\":\"https:\\\/\\\/gastronomicament.cat\\\/en\\\/#organization\"},\"image\":{\"@id\":\"https:\\\/\\\/gastronomicament.cat\\\/en\\\/vi-per-fotografia#primaryimage\"},\"thumbnailUrl\":\"https:\\\/\\\/gastronomicament.cat\\\/wp-content\\\/uploads\\\/2020\\\/06\\\/cheshire-visual.jpg\",\"articleSection\":[\"Actualitat\",\"Reportatges i novetats\"],\"inLanguage\":\"en-US\",\"potentialAction\":[{\"@type\":\"CommentAction\",\"name\":\"Comment\",\"target\":[\"https:\\\/\\\/gastronomicament.cat\\\/en\\\/vi-per-fotografia#respond\"]}]},{\"@type\":\"WebPage\",\"@id\":\"https:\\\/\\\/gastronomicament.cat\\\/en\\\/vi-per-fotografia\",\"url\":\"https:\\\/\\\/gastronomicament.cat\\\/en\\\/vi-per-fotografia\",\"name\":\"Vi per fotografia - Gastron\u00f2micament\",\"isPartOf\":{\"@id\":\"https:\\\/\\\/gastronomicament.cat\\\/en\\\/#website\"},\"primaryImageOfPage\":{\"@id\":\"https:\\\/\\\/gastronomicament.cat\\\/en\\\/vi-per-fotografia#primaryimage\"},\"image\":{\"@id\":\"https:\\\/\\\/gastronomicament.cat\\\/en\\\/vi-per-fotografia#primaryimage\"},\"thumbnailUrl\":\"https:\\\/\\\/gastronomicament.cat\\\/wp-content\\\/uploads\\\/2020\\\/06\\\/cheshire-visual.jpg\",\"datePublished\":\"2020-06-11T11:44:44+00:00\",\"description\":\"Vi per fotografia Actualitat, Reportatges i novetats Amb la crisi sanit\u00e0ria de la covid-19, s'ha vist m\u00e9s necessari que mai donar suport als productors locals. Per aix\u00f2, Stephanie Haeni, fot\u00f2grafa profesional especialitzada en vi, ha decidit intercanviar una foto seva per una botella de vi de les Illes Balears\",\"inLanguage\":\"en-US\",\"potentialAction\":[{\"@type\":\"ReadAction\",\"target\":[\"https:\\\/\\\/gastronomicament.cat\\\/en\\\/vi-per-fotografia\"]}]},{\"@type\":\"ImageObject\",\"inLanguage\":\"en-US\",\"@id\":\"https:\\\/\\\/gastronomicament.cat\\\/en\\\/vi-per-fotografia#primaryimage\",\"url\":\"https:\\\/\\\/gastronomicament.cat\\\/wp-content\\\/uploads\\\/2020\\\/06\\\/cheshire-visual.jpg\",\"contentUrl\":\"https:\\\/\\\/gastronomicament.cat\\\/wp-content\\\/uploads\\\/2020\\\/06\\\/cheshire-visual.jpg\",\"width\":878,\"height\":549},{\"@type\":\"WebSite\",\"@id\":\"https:\\\/\\\/gastronomicament.cat\\\/en\\\/#website\",\"url\":\"https:\\\/\\\/gastronomicament.cat\\\/en\\\/\",\"name\":\"Gastron\u00f2micament\",\"description\":\"Portal de restaurants, receptes i actualitat gastron\u00f2mica\",\"publisher\":{\"@id\":\"https:\\\/\\\/gastronomicament.cat\\\/en\\\/#organization\"},\"potentialAction\":[{\"@type\":\"SearchAction\",\"target\":{\"@type\":\"EntryPoint\",\"urlTemplate\":\"https:\\\/\\\/gastronomicament.cat\\\/en\\\/?s={search_term_string}\"},\"query-input\":{\"@type\":\"PropertyValueSpecification\",\"valueRequired\":true,\"valueName\":\"search_term_string\"}}],\"inLanguage\":\"en-US\"},{\"@type\":\"Organization\",\"@id\":\"https:\\\/\\\/gastronomicament.cat\\\/en\\\/#organization\",\"name\":\"Gastron\u00f2micament\",\"url\":\"https:\\\/\\\/gastronomicament.cat\\\/en\\\/\",\"logo\":{\"@type\":\"ImageObject\",\"inLanguage\":\"en-US\",\"@id\":\"https:\\\/\\\/gastronomicament.cat\\\/en\\\/#\\\/schema\\\/logo\\\/image\\\/\",\"url\":\"https:\\\/\\\/gastronomicament.cat\\\/wp-content\\\/uploads\\\/2016\\\/09\\\/header-logo.jpg\",\"contentUrl\":\"https:\\\/\\\/gastronomicament.cat\\\/wp-content\\\/uploads\\\/2016\\\/09\\\/header-logo.jpg\",\"width\":277,\"height\":39,\"caption\":\"Gastron\u00f2micament\"},\"image\":{\"@id\":\"https:\\\/\\\/gastronomicament.cat\\\/en\\\/#\\\/schema\\\/logo\\\/image\\\/\"},\"sameAs\":[\"https:\\\/\\\/x.com\\\/gastronomicamen\"]},{\"@type\":\"Person\",\"@id\":\"https:\\\/\\\/gastronomicament.cat\\\/en\\\/#\\\/schema\\\/person\\\/a7c85c537a1ed62799a5b8e0f686a37f\",\"name\":\"Redacci\u00f3\",\"image\":{\"@type\":\"ImageObject\",\"inLanguage\":\"en-US\",\"@id\":\"https:\\\/\\\/secure.gravatar.com\\\/avatar\\\/9489a485c464fd611d33825daae651d13db70c4e74c65c94937a15a9d4c3ee14?s=96&d=mm&r=g69fea3cce3645dfa2166e7293e22955e\",\"url\":\"https:\\\/\\\/secure.gravatar.com\\\/avatar\\\/9489a485c464fd611d33825daae651d13db70c4e74c65c94937a15a9d4c3ee14?s=96&d=mm&r=g\",\"contentUrl\":\"https:\\\/\\\/secure.gravatar.com\\\/avatar\\\/9489a485c464fd611d33825daae651d13db70c4e74c65c94937a15a9d4c3ee14?s=96&d=mm&r=g\",\"caption\":\"Redacci\u00f3\"},\"sameAs\":[\"http:\\\/\\\/gastronomicament.cat\"],\"url\":\"https:\\\/\\\/gastronomicament.cat\\\/en\\\/author\\\/admin\"}]}<\/script>\n<!-- \/ Yoast SEO plugin. -->","yoast_head_json":{"title":"Vi per fotografia - Gastron\u00f2micament","description":"Vi per fotografia Actualitat, Reportatges i novetats Amb la crisi sanit\u00e0ria de la covid-19, s'ha vist m\u00e9s necessari que mai donar suport als productors locals. Per aix\u00f2, Stephanie Haeni, fot\u00f2grafa profesional especialitzada en vi, ha decidit intercanviar una foto seva per una botella de vi de les Illes Balears","robots":{"index":"index","follow":"follow","max-snippet":"max-snippet:-1","max-image-preview":"max-image-preview:large","max-video-preview":"max-video-preview:-1"},"canonical":"https:\/\/gastronomicament.cat\/en\/vi-per-fotografia","og_locale":"en_US","og_type":"article","og_title":"Vi per fotografia - Gastron\u00f2micament","og_description":"Vi per fotografia Actualitat, Reportatges i novetats Amb la crisi sanit\u00e0ria de la covid-19, s'ha vist m\u00e9s necessari que mai donar suport als productors locals. Per aix\u00f2, Stephanie Haeni, fot\u00f2grafa profesional especialitzada en vi, ha decidit intercanviar una foto seva per una botella de vi de les Illes Balears","og_url":"https:\/\/gastronomicament.cat\/en\/vi-per-fotografia","og_site_name":"Gastron\u00f2micament","article_published_time":"2020-06-11T11:44:44+00:00","og_image":[{"width":878,"height":549,"url":"https:\/\/gastronomicament.cat\/wp-content\/uploads\/2020\/06\/cheshire-visual.jpg","type":"image\/jpeg"}],"author":"Redacci\u00f3","twitter_card":"summary_large_image","twitter_creator":"@gastronomicamen","twitter_site":"@gastronomicamen","twitter_misc":{"Written by":"Redacci\u00f3","Est. reading time":"1 minute"},"schema":{"@context":"https:\/\/schema.org","@graph":[{"@type":"Article","@id":"https:\/\/gastronomicament.cat\/en\/vi-per-fotografia#article","isPartOf":{"@id":"https:\/\/gastronomicament.cat\/en\/vi-per-fotografia"},"author":{"name":"Redacci\u00f3","@id":"https:\/\/gastronomicament.cat\/en\/#\/schema\/person\/a7c85c537a1ed62799a5b8e0f686a37f"},"headline":"Vi per fotografia","datePublished":"2020-06-11T11:44:44+00:00","mainEntityOfPage":{"@id":"https:\/\/gastronomicament.cat\/en\/vi-per-fotografia"},"wordCount":114,"commentCount":0,"publisher":{"@id":"https:\/\/gastronomicament.cat\/en\/#organization"},"image":{"@id":"https:\/\/gastronomicament.cat\/en\/vi-per-fotografia#primaryimage"},"thumbnailUrl":"https:\/\/gastronomicament.cat\/wp-content\/uploads\/2020\/06\/cheshire-visual.jpg","articleSection":["Actualitat","Reportatges i novetats"],"inLanguage":"en-US","potentialAction":[{"@type":"CommentAction","name":"Comment","target":["https:\/\/gastronomicament.cat\/en\/vi-per-fotografia#respond"]}]},{"@type":"WebPage","@id":"https:\/\/gastronomicament.cat\/en\/vi-per-fotografia","url":"https:\/\/gastronomicament.cat\/en\/vi-per-fotografia","name":"Vi per fotografia - Gastron\u00f2micament","isPartOf":{"@id":"https:\/\/gastronomicament.cat\/en\/#website"},"primaryImageOfPage":{"@id":"https:\/\/gastronomicament.cat\/en\/vi-per-fotografia#primaryimage"},"image":{"@id":"https:\/\/gastronomicament.cat\/en\/vi-per-fotografia#primaryimage"},"thumbnailUrl":"https:\/\/gastronomicament.cat\/wp-content\/uploads\/2020\/06\/cheshire-visual.jpg","datePublished":"2020-06-11T11:44:44+00:00","description":"Vi per fotografia Actualitat, Reportatges i novetats Amb la crisi sanit\u00e0ria de la covid-19, s'ha vist m\u00e9s necessari que mai donar suport als productors locals. Per aix\u00f2, Stephanie Haeni, fot\u00f2grafa profesional especialitzada en vi, ha decidit intercanviar una foto seva per una botella de vi de les Illes Balears","inLanguage":"en-US","potentialAction":[{"@type":"ReadAction","target":["https:\/\/gastronomicament.cat\/en\/vi-per-fotografia"]}]},{"@type":"ImageObject","inLanguage":"en-US","@id":"https:\/\/gastronomicament.cat\/en\/vi-per-fotografia#primaryimage","url":"https:\/\/gastronomicament.cat\/wp-content\/uploads\/2020\/06\/cheshire-visual.jpg","contentUrl":"https:\/\/gastronomicament.cat\/wp-content\/uploads\/2020\/06\/cheshire-visual.jpg","width":878,"height":549},{"@type":"WebSite","@id":"https:\/\/gastronomicament.cat\/en\/#website","url":"https:\/\/gastronomicament.cat\/en\/","name":"Gastron\u00f2micament","description":"Portal de restaurants, receptes i actualitat gastron\u00f2mica","publisher":{"@id":"https:\/\/gastronomicament.cat\/en\/#organization"},"potentialAction":[{"@type":"SearchAction","target":{"@type":"EntryPoint","urlTemplate":"https:\/\/gastronomicament.cat\/en\/?s={search_term_string}"},"query-input":{"@type":"PropertyValueSpecification","valueRequired":true,"valueName":"search_term_string"}}],"inLanguage":"en-US"},{"@type":"Organization","@id":"https:\/\/gastronomicament.cat\/en\/#organization","name":"Gastron\u00f2micament","url":"https:\/\/gastronomicament.cat\/en\/","logo":{"@type":"ImageObject","inLanguage":"en-US","@id":"https:\/\/gastronomicament.cat\/en\/#\/schema\/logo\/image\/","url":"https:\/\/gastronomicament.cat\/wp-content\/uploads\/2016\/09\/header-logo.jpg","contentUrl":"https:\/\/gastronomicament.cat\/wp-content\/uploads\/2016\/09\/header-logo.jpg","width":277,"height":39,"caption":"Gastron\u00f2micament"},"image":{"@id":"https:\/\/gastronomicament.cat\/en\/#\/schema\/logo\/image\/"},"sameAs":["https:\/\/x.com\/gastronomicamen"]},{"@type":"Person","@id":"https:\/\/gastronomicament.cat\/en\/#\/schema\/person\/a7c85c537a1ed62799a5b8e0f686a37f","name":"Redacci\u00f3","image":{"@type":"ImageObject","inLanguage":"en-US","@id":"https:\/\/secure.gravatar.com\/avatar\/9489a485c464fd611d33825daae651d13db70c4e74c65c94937a15a9d4c3ee14?s=96&d=mm&r=g69fea3cce3645dfa2166e7293e22955e","url":"https:\/\/secure.gravatar.com\/avatar\/9489a485c464fd611d33825daae651d13db70c4e74c65c94937a15a9d4c3ee14?s=96&d=mm&r=g","contentUrl":"https:\/\/secure.gravatar.com\/avatar\/9489a485c464fd611d33825daae651d13db70c4e74c65c94937a15a9d4c3ee14?s=96&d=mm&r=g","caption":"Redacci\u00f3"},"sameAs":["http:\/\/gastronomicament.cat"],"url":"https:\/\/gastronomicament.cat\/en\/author\/admin"}]}},"_links":{"self":[{"href":"https:\/\/gastronomicament.cat\/en\/wp-json\/wp\/v2\/posts\/60427","targetHints":{"allow":["GET"]}}],"collection":[{"href":"https:\/\/gastronomicament.cat\/en\/wp-json\/wp\/v2\/posts"}],"about":[{"href":"https:\/\/gastronomicament.cat\/en\/wp-json\/wp\/v2\/types\/post"}],"author":[{"embeddable":true,"href":"https:\/\/gastronomicament.cat\/en\/wp-json\/wp\/v2\/users\/1"}],"replies":[{"embeddable":true,"href":"https:\/\/gastronomicament.cat\/en\/wp-json\/wp\/v2\/comments?post=60427"}],"version-history":[{"count":0,"href":"https:\/\/gastronomicament.cat\/en\/wp-json\/wp\/v2\/posts\/60427\/revisions"}],"wp:featuredmedia":[{"embeddable":true,"href":"https:\/\/gastronomicament.cat\/en\/wp-json\/wp\/v2\/media\/60428"}],"wp:attachment":[{"href":"https:\/\/gastronomicament.cat\/en\/wp-json\/wp\/v2\/media?parent=60427"}],"wp:term":[{"taxonomy":"category","embeddable":true,"href":"https:\/\/gastronomicament.cat\/en\/wp-json\/wp\/v2\/categories?post=60427"},{"taxonomy":"post_tag","embeddable":true,"href":"https:\/\/gastronomicament.cat\/en\/wp-json\/wp\/v2\/tags?post=60427"},{"taxonomy":"author","embeddable":true,"href":"https:\/\/gastronomicament.cat\/en\/wp-json\/wp\/v2\/coauthors?post=60427"}],"curies":[{"name":"wp","href":"https:\/\/api.w.org\/{rel}","templated":true}]}}