{"id":61243,"date":"2020-03-18T13:05:55","date_gmt":"2020-03-18T12:05:55","guid":{"rendered":"https:\/\/gastronomicament.cat\/especial-receptes-per-fer-a-casa"},"modified":"2020-03-18T13:05:55","modified_gmt":"2020-03-18T12:05:55","slug":"especial-receptes-per-fer-a-casa","status":"publish","type":"post","link":"https:\/\/gastronomicament.cat\/en\/especial-receptes-per-fer-a-casa","title":{"rendered":"Especial receptes per fer a casa"},"content":{"rendered":"<p>Us proposam una s\u00e8rie de receptes per fer durant el confinament, que a m\u00e9s us serviran per alimentar-vos durant un parell de dies.<\/p>\n<p>Panades de s\u00edpia<\/p>\n<p><a href=\"https:\/\/gastronomicament.cat\/recepta\/panades-de-sipia-una-recepta-de-cuina-mallorquina\">https:\/\/gastronomicament.cat\/recepta\/panades-de-sipia-una-recepta-de-cuina-mallorquina<\/a><\/p>\n<p>Granada de carabassons<\/p>\n<p><a href=\"https:\/\/gastronomicament.cat\/recepta\/granada-de-carabassons\">https:\/\/gastronomicament.cat\/recepta\/granada-de-carabassons<\/a><\/p>\n<p>Recepta de coca de recapte (o de verdures)<\/p>\n<p><a href=\"https:\/\/gastronomicament.cat\/recepta\/recepta-de-coca-de-recapte\">https:\/\/gastronomicament.cat\/recepta\/recepta-de-coca-de-recapte<\/a><\/p>\n<p>Croquetes de bolets<\/p>\n<p><a href=\"https:\/\/gastronomicament.cat\/recepta\/croquetes-de-xampinyons\">https:\/\/gastronomicament.cat\/recepta\/croquetes-de-xampinyons<\/a><\/p>\n<p>Cocarrois de ceba<\/p>\n<p><a href=\"https:\/\/gastronomicament.cat\/recepta\/recepta-cocarrois-amb-ceba\">https:\/\/gastronomicament.cat\/recepta\/recepta-cocarrois-amb-ceba<\/a><\/p>\n<p>Galletes d&#8217;oli<\/p>\n<p><a href=\"https:\/\/gastronomicament.cat\/recepta\/recepta-galetes-d-oli\">https:\/\/gastronomicament.cat\/recepta\/recepta-galetes-d-oli<\/a><\/p>\n<p>Recepta de cookies amb xocolata<\/p>\n<p><a href=\"https:\/\/gastronomicament.cat\/recepta\/recepta-cookies-amb-xocolata\">https:\/\/gastronomicament.cat\/recepta\/recepta-cookies-amb-xocolata<\/a><\/p>\n<p>Recepta de rubiols<\/p>\n<p><a href=\"https:\/\/gastronomicament.cat\/recepta\/recepta-rubiols\">https:\/\/gastronomicament.cat\/recepta\/recepta-rubiols<\/a><\/p>\n","protected":false},"excerpt":{"rendered":"<p>Us proposam una s\u00e8rie de receptes per fer durant el confinament, que a m\u00e9s us serviran&hellip;<\/p>\n","protected":false},"author":1,"featured_media":61244,"comment_status":"open","ping_status":"closed","sticky":false,"template":"","format":"standard","meta":{"_acf_changed":false,"_swt_meta_header_display":false,"_swt_meta_footer_display":false,"_swt_meta_site_title_display":false,"_swt_meta_sticky_header":false,"_swt_meta_transparent_header":false,"footnotes":""},"categories":[1046,1475],"tags":[],"coauthors":[],"class_list":["post-61243","post","type-post","status-publish","format-standard","has-post-thumbnail","hentry","category-actualitat-es-en","category-reportatges-i-novetats-en"],"acf":{"gallery":null,"home_date":{"home_begin_date":null,"home_end_date":null}},"yoast_head":"<!-- This site is optimized with the Yoast SEO plugin v27.4 - https:\/\/yoast.com\/product\/yoast-seo-wordpress\/ -->\n<title>Especial receptes per fer a casa - Gastron\u00f2micament<\/title>\n<meta name=\"description\" content=\"Especial receptes per fer a casa Actualitat, Reportatges i novetats Us proposam una s\u00e8rie de receptes per fer durant el confinament, que a m\u00e9s us serviran per alimentar-vos durant un parell de dies\" \/>\n<meta name=\"robots\" content=\"index, follow, max-snippet:-1, max-image-preview:large, max-video-preview:-1\" \/>\n<link rel=\"canonical\" href=\"https:\/\/gastronomicament.cat\/en\/especial-receptes-per-fer-a-casa\" \/>\n<meta property=\"og:locale\" content=\"en_US\" \/>\n<meta property=\"og:type\" content=\"article\" \/>\n<meta property=\"og:title\" content=\"Especial receptes per fer a casa - Gastron\u00f2micament\" \/>\n<meta property=\"og:description\" content=\"Especial receptes per fer a casa Actualitat, Reportatges i novetats Us proposam una s\u00e8rie de receptes per fer durant el confinament, que a m\u00e9s us serviran per alimentar-vos durant un parell de dies\" \/>\n<meta property=\"og:url\" content=\"https:\/\/gastronomicament.cat\/en\/especial-receptes-per-fer-a-casa\" \/>\n<meta property=\"og:site_name\" content=\"Gastron\u00f2micament\" \/>\n<meta property=\"article:published_time\" content=\"2020-03-18T12:05:55+00:00\" \/>\n<meta property=\"og:image\" content=\"https:\/\/gastronomicament.cat\/wp-content\/uploads\/2020\/03\/galletes-doli.jpg\" \/>\n\t<meta property=\"og:image:width\" content=\"1000\" \/>\n\t<meta property=\"og:image:height\" content=\"665\" \/>\n\t<meta property=\"og:image:type\" content=\"image\/jpeg\" \/>\n<meta name=\"author\" content=\"Redacci\u00f3\" \/>\n<meta name=\"twitter:card\" content=\"summary_large_image\" \/>\n<meta name=\"twitter:creator\" content=\"@gastronomicamen\" \/>\n<meta name=\"twitter:site\" content=\"@gastronomicamen\" \/>\n<meta name=\"twitter:label1\" content=\"Written by\" \/>\n\t<meta name=\"twitter:data1\" content=\"Redacci\u00f3\" \/>\n<script type=\"application\/ld+json\" class=\"yoast-schema-graph\">{\"@context\":\"https:\\\/\\\/schema.org\",\"@graph\":[{\"@type\":\"Article\",\"@id\":\"https:\\\/\\\/gastronomicament.cat\\\/en\\\/especial-receptes-per-fer-a-casa#article\",\"isPartOf\":{\"@id\":\"https:\\\/\\\/gastronomicament.cat\\\/en\\\/especial-receptes-per-fer-a-casa\"},\"author\":{\"name\":\"Redacci\u00f3\",\"@id\":\"https:\\\/\\\/gastronomicament.cat\\\/en\\\/#\\\/schema\\\/person\\\/a7c85c537a1ed62799a5b8e0f686a37f\"},\"headline\":\"Especial receptes per fer a casa\",\"datePublished\":\"2020-03-18T12:05:55+00:00\",\"mainEntityOfPage\":{\"@id\":\"https:\\\/\\\/gastronomicament.cat\\\/en\\\/especial-receptes-per-fer-a-casa\"},\"wordCount\":102,\"commentCount\":0,\"publisher\":{\"@id\":\"https:\\\/\\\/gastronomicament.cat\\\/en\\\/#organization\"},\"image\":{\"@id\":\"https:\\\/\\\/gastronomicament.cat\\\/en\\\/especial-receptes-per-fer-a-casa#primaryimage\"},\"thumbnailUrl\":\"https:\\\/\\\/gastronomicament.cat\\\/wp-content\\\/uploads\\\/2020\\\/03\\\/galletes-doli.jpg\",\"articleSection\":[\"Actualitat\",\"Reportatges i novetats\"],\"inLanguage\":\"en-US\",\"potentialAction\":[{\"@type\":\"CommentAction\",\"name\":\"Comment\",\"target\":[\"https:\\\/\\\/gastronomicament.cat\\\/en\\\/especial-receptes-per-fer-a-casa#respond\"]}]},{\"@type\":\"WebPage\",\"@id\":\"https:\\\/\\\/gastronomicament.cat\\\/en\\\/especial-receptes-per-fer-a-casa\",\"url\":\"https:\\\/\\\/gastronomicament.cat\\\/en\\\/especial-receptes-per-fer-a-casa\",\"name\":\"Especial receptes per fer a casa - Gastron\u00f2micament\",\"isPartOf\":{\"@id\":\"https:\\\/\\\/gastronomicament.cat\\\/en\\\/#website\"},\"primaryImageOfPage\":{\"@id\":\"https:\\\/\\\/gastronomicament.cat\\\/en\\\/especial-receptes-per-fer-a-casa#primaryimage\"},\"image\":{\"@id\":\"https:\\\/\\\/gastronomicament.cat\\\/en\\\/especial-receptes-per-fer-a-casa#primaryimage\"},\"thumbnailUrl\":\"https:\\\/\\\/gastronomicament.cat\\\/wp-content\\\/uploads\\\/2020\\\/03\\\/galletes-doli.jpg\",\"datePublished\":\"2020-03-18T12:05:55+00:00\",\"description\":\"Especial receptes per fer a casa Actualitat, Reportatges i novetats Us proposam una s\u00e8rie de receptes per fer durant el confinament, que a m\u00e9s us serviran per alimentar-vos durant un parell de dies\",\"inLanguage\":\"en-US\",\"potentialAction\":[{\"@type\":\"ReadAction\",\"target\":[\"https:\\\/\\\/gastronomicament.cat\\\/en\\\/especial-receptes-per-fer-a-casa\"]}]},{\"@type\":\"ImageObject\",\"inLanguage\":\"en-US\",\"@id\":\"https:\\\/\\\/gastronomicament.cat\\\/en\\\/especial-receptes-per-fer-a-casa#primaryimage\",\"url\":\"https:\\\/\\\/gastronomicament.cat\\\/wp-content\\\/uploads\\\/2020\\\/03\\\/galletes-doli.jpg\",\"contentUrl\":\"https:\\\/\\\/gastronomicament.cat\\\/wp-content\\\/uploads\\\/2020\\\/03\\\/galletes-doli.jpg\",\"width\":1000,\"height\":665},{\"@type\":\"WebSite\",\"@id\":\"https:\\\/\\\/gastronomicament.cat\\\/en\\\/#website\",\"url\":\"https:\\\/\\\/gastronomicament.cat\\\/en\\\/\",\"name\":\"Gastron\u00f2micament\",\"description\":\"Portal de restaurants, receptes i actualitat gastron\u00f2mica\",\"publisher\":{\"@id\":\"https:\\\/\\\/gastronomicament.cat\\\/en\\\/#organization\"},\"potentialAction\":[{\"@type\":\"SearchAction\",\"target\":{\"@type\":\"EntryPoint\",\"urlTemplate\":\"https:\\\/\\\/gastronomicament.cat\\\/en\\\/?s={search_term_string}\"},\"query-input\":{\"@type\":\"PropertyValueSpecification\",\"valueRequired\":true,\"valueName\":\"search_term_string\"}}],\"inLanguage\":\"en-US\"},{\"@type\":\"Organization\",\"@id\":\"https:\\\/\\\/gastronomicament.cat\\\/en\\\/#organization\",\"name\":\"Gastron\u00f2micament\",\"url\":\"https:\\\/\\\/gastronomicament.cat\\\/en\\\/\",\"logo\":{\"@type\":\"ImageObject\",\"inLanguage\":\"en-US\",\"@id\":\"https:\\\/\\\/gastronomicament.cat\\\/en\\\/#\\\/schema\\\/logo\\\/image\\\/\",\"url\":\"https:\\\/\\\/gastronomicament.cat\\\/wp-content\\\/uploads\\\/2016\\\/09\\\/header-logo.jpg\",\"contentUrl\":\"https:\\\/\\\/gastronomicament.cat\\\/wp-content\\\/uploads\\\/2016\\\/09\\\/header-logo.jpg\",\"width\":277,\"height\":39,\"caption\":\"Gastron\u00f2micament\"},\"image\":{\"@id\":\"https:\\\/\\\/gastronomicament.cat\\\/en\\\/#\\\/schema\\\/logo\\\/image\\\/\"},\"sameAs\":[\"https:\\\/\\\/x.com\\\/gastronomicamen\"]},{\"@type\":\"Person\",\"@id\":\"https:\\\/\\\/gastronomicament.cat\\\/en\\\/#\\\/schema\\\/person\\\/a7c85c537a1ed62799a5b8e0f686a37f\",\"name\":\"Redacci\u00f3\",\"image\":{\"@type\":\"ImageObject\",\"inLanguage\":\"en-US\",\"@id\":\"https:\\\/\\\/secure.gravatar.com\\\/avatar\\\/9489a485c464fd611d33825daae651d13db70c4e74c65c94937a15a9d4c3ee14?s=96&d=mm&r=g69fea3cce3645dfa2166e7293e22955e\",\"url\":\"https:\\\/\\\/secure.gravatar.com\\\/avatar\\\/9489a485c464fd611d33825daae651d13db70c4e74c65c94937a15a9d4c3ee14?s=96&d=mm&r=g\",\"contentUrl\":\"https:\\\/\\\/secure.gravatar.com\\\/avatar\\\/9489a485c464fd611d33825daae651d13db70c4e74c65c94937a15a9d4c3ee14?s=96&d=mm&r=g\",\"caption\":\"Redacci\u00f3\"},\"sameAs\":[\"http:\\\/\\\/gastronomicament.cat\"],\"url\":\"https:\\\/\\\/gastronomicament.cat\\\/en\\\/author\\\/admin\"}]}<\/script>\n<!-- \/ Yoast SEO plugin. -->","yoast_head_json":{"title":"Especial receptes per fer a casa - Gastron\u00f2micament","description":"Especial receptes per fer a casa Actualitat, Reportatges i novetats Us proposam una s\u00e8rie de receptes per fer durant el confinament, que a m\u00e9s us serviran per alimentar-vos durant un parell de dies","robots":{"index":"index","follow":"follow","max-snippet":"max-snippet:-1","max-image-preview":"max-image-preview:large","max-video-preview":"max-video-preview:-1"},"canonical":"https:\/\/gastronomicament.cat\/en\/especial-receptes-per-fer-a-casa","og_locale":"en_US","og_type":"article","og_title":"Especial receptes per fer a casa - Gastron\u00f2micament","og_description":"Especial receptes per fer a casa Actualitat, Reportatges i novetats Us proposam una s\u00e8rie de receptes per fer durant el confinament, que a m\u00e9s us serviran per alimentar-vos durant un parell de dies","og_url":"https:\/\/gastronomicament.cat\/en\/especial-receptes-per-fer-a-casa","og_site_name":"Gastron\u00f2micament","article_published_time":"2020-03-18T12:05:55+00:00","og_image":[{"width":1000,"height":665,"url":"https:\/\/gastronomicament.cat\/wp-content\/uploads\/2020\/03\/galletes-doli.jpg","type":"image\/jpeg"}],"author":"Redacci\u00f3","twitter_card":"summary_large_image","twitter_creator":"@gastronomicamen","twitter_site":"@gastronomicamen","twitter_misc":{"Written by":"Redacci\u00f3"},"schema":{"@context":"https:\/\/schema.org","@graph":[{"@type":"Article","@id":"https:\/\/gastronomicament.cat\/en\/especial-receptes-per-fer-a-casa#article","isPartOf":{"@id":"https:\/\/gastronomicament.cat\/en\/especial-receptes-per-fer-a-casa"},"author":{"name":"Redacci\u00f3","@id":"https:\/\/gastronomicament.cat\/en\/#\/schema\/person\/a7c85c537a1ed62799a5b8e0f686a37f"},"headline":"Especial receptes per fer a casa","datePublished":"2020-03-18T12:05:55+00:00","mainEntityOfPage":{"@id":"https:\/\/gastronomicament.cat\/en\/especial-receptes-per-fer-a-casa"},"wordCount":102,"commentCount":0,"publisher":{"@id":"https:\/\/gastronomicament.cat\/en\/#organization"},"image":{"@id":"https:\/\/gastronomicament.cat\/en\/especial-receptes-per-fer-a-casa#primaryimage"},"thumbnailUrl":"https:\/\/gastronomicament.cat\/wp-content\/uploads\/2020\/03\/galletes-doli.jpg","articleSection":["Actualitat","Reportatges i novetats"],"inLanguage":"en-US","potentialAction":[{"@type":"CommentAction","name":"Comment","target":["https:\/\/gastronomicament.cat\/en\/especial-receptes-per-fer-a-casa#respond"]}]},{"@type":"WebPage","@id":"https:\/\/gastronomicament.cat\/en\/especial-receptes-per-fer-a-casa","url":"https:\/\/gastronomicament.cat\/en\/especial-receptes-per-fer-a-casa","name":"Especial receptes per fer a casa - Gastron\u00f2micament","isPartOf":{"@id":"https:\/\/gastronomicament.cat\/en\/#website"},"primaryImageOfPage":{"@id":"https:\/\/gastronomicament.cat\/en\/especial-receptes-per-fer-a-casa#primaryimage"},"image":{"@id":"https:\/\/gastronomicament.cat\/en\/especial-receptes-per-fer-a-casa#primaryimage"},"thumbnailUrl":"https:\/\/gastronomicament.cat\/wp-content\/uploads\/2020\/03\/galletes-doli.jpg","datePublished":"2020-03-18T12:05:55+00:00","description":"Especial receptes per fer a casa Actualitat, Reportatges i novetats Us proposam una s\u00e8rie de receptes per fer durant el confinament, que a m\u00e9s us serviran per alimentar-vos durant un parell de dies","inLanguage":"en-US","potentialAction":[{"@type":"ReadAction","target":["https:\/\/gastronomicament.cat\/en\/especial-receptes-per-fer-a-casa"]}]},{"@type":"ImageObject","inLanguage":"en-US","@id":"https:\/\/gastronomicament.cat\/en\/especial-receptes-per-fer-a-casa#primaryimage","url":"https:\/\/gastronomicament.cat\/wp-content\/uploads\/2020\/03\/galletes-doli.jpg","contentUrl":"https:\/\/gastronomicament.cat\/wp-content\/uploads\/2020\/03\/galletes-doli.jpg","width":1000,"height":665},{"@type":"WebSite","@id":"https:\/\/gastronomicament.cat\/en\/#website","url":"https:\/\/gastronomicament.cat\/en\/","name":"Gastron\u00f2micament","description":"Portal de restaurants, receptes i actualitat gastron\u00f2mica","publisher":{"@id":"https:\/\/gastronomicament.cat\/en\/#organization"},"potentialAction":[{"@type":"SearchAction","target":{"@type":"EntryPoint","urlTemplate":"https:\/\/gastronomicament.cat\/en\/?s={search_term_string}"},"query-input":{"@type":"PropertyValueSpecification","valueRequired":true,"valueName":"search_term_string"}}],"inLanguage":"en-US"},{"@type":"Organization","@id":"https:\/\/gastronomicament.cat\/en\/#organization","name":"Gastron\u00f2micament","url":"https:\/\/gastronomicament.cat\/en\/","logo":{"@type":"ImageObject","inLanguage":"en-US","@id":"https:\/\/gastronomicament.cat\/en\/#\/schema\/logo\/image\/","url":"https:\/\/gastronomicament.cat\/wp-content\/uploads\/2016\/09\/header-logo.jpg","contentUrl":"https:\/\/gastronomicament.cat\/wp-content\/uploads\/2016\/09\/header-logo.jpg","width":277,"height":39,"caption":"Gastron\u00f2micament"},"image":{"@id":"https:\/\/gastronomicament.cat\/en\/#\/schema\/logo\/image\/"},"sameAs":["https:\/\/x.com\/gastronomicamen"]},{"@type":"Person","@id":"https:\/\/gastronomicament.cat\/en\/#\/schema\/person\/a7c85c537a1ed62799a5b8e0f686a37f","name":"Redacci\u00f3","image":{"@type":"ImageObject","inLanguage":"en-US","@id":"https:\/\/secure.gravatar.com\/avatar\/9489a485c464fd611d33825daae651d13db70c4e74c65c94937a15a9d4c3ee14?s=96&d=mm&r=g69fea3cce3645dfa2166e7293e22955e","url":"https:\/\/secure.gravatar.com\/avatar\/9489a485c464fd611d33825daae651d13db70c4e74c65c94937a15a9d4c3ee14?s=96&d=mm&r=g","contentUrl":"https:\/\/secure.gravatar.com\/avatar\/9489a485c464fd611d33825daae651d13db70c4e74c65c94937a15a9d4c3ee14?s=96&d=mm&r=g","caption":"Redacci\u00f3"},"sameAs":["http:\/\/gastronomicament.cat"],"url":"https:\/\/gastronomicament.cat\/en\/author\/admin"}]}},"_links":{"self":[{"href":"https:\/\/gastronomicament.cat\/en\/wp-json\/wp\/v2\/posts\/61243","targetHints":{"allow":["GET"]}}],"collection":[{"href":"https:\/\/gastronomicament.cat\/en\/wp-json\/wp\/v2\/posts"}],"about":[{"href":"https:\/\/gastronomicament.cat\/en\/wp-json\/wp\/v2\/types\/post"}],"author":[{"embeddable":true,"href":"https:\/\/gastronomicament.cat\/en\/wp-json\/wp\/v2\/users\/1"}],"replies":[{"embeddable":true,"href":"https:\/\/gastronomicament.cat\/en\/wp-json\/wp\/v2\/comments?post=61243"}],"version-history":[{"count":0,"href":"https:\/\/gastronomicament.cat\/en\/wp-json\/wp\/v2\/posts\/61243\/revisions"}],"wp:featuredmedia":[{"embeddable":true,"href":"https:\/\/gastronomicament.cat\/en\/wp-json\/wp\/v2\/media\/61244"}],"wp:attachment":[{"href":"https:\/\/gastronomicament.cat\/en\/wp-json\/wp\/v2\/media?parent=61243"}],"wp:term":[{"taxonomy":"category","embeddable":true,"href":"https:\/\/gastronomicament.cat\/en\/wp-json\/wp\/v2\/categories?post=61243"},{"taxonomy":"post_tag","embeddable":true,"href":"https:\/\/gastronomicament.cat\/en\/wp-json\/wp\/v2\/tags?post=61243"},{"taxonomy":"author","embeddable":true,"href":"https:\/\/gastronomicament.cat\/en\/wp-json\/wp\/v2\/coauthors?post=61243"}],"curies":[{"name":"wp","href":"https:\/\/api.w.org\/{rel}","templated":true}]}}