{"id":61546,"date":"2020-02-26T16:14:08","date_gmt":"2020-02-26T15:14:08","guid":{"rendered":"https:\/\/gastronomicament.cat\/quatre-peixos-quatre-illes-proposta-gastronomica-per-al-dia-de-les-illes-balears"},"modified":"2020-02-26T16:14:08","modified_gmt":"2020-02-26T15:14:08","slug":"quatre-peixos-quatre-illes-proposta-gastronomica-per-al-dia-de-les-illes-balears","status":"publish","type":"post","link":"https:\/\/gastronomicament.cat\/en\/quatre-peixos-quatre-illes-proposta-gastronomica-per-al-dia-de-les-illes-balears","title":{"rendered":"Quatre peixos, quatre illes: proposta gastron\u00f2mica per al Dia de les Illes Balears"},"content":{"rendered":"<p>En motiu del Dia de les Illes Balears, l&#8217;empresa Tres Serveis Culturals i el blog Ajonegro ha organitzat la jornada gastron\u00f2mica\u00a0<strong>Quatre peixos, quatre Illes<\/strong>.<\/p>\n<p>La cita es dur\u00e0 a terme el diumenge dia<strong>\u00a01 de mar\u00e7<\/strong>, de les<strong>\u00a011 a les 17 hores<\/strong>, i tendr\u00e0 com a protagonistes a vuit tapes que elaboraran<strong>\u00a0To\u00f1i Ib\u00e1\u00f1ez<\/strong>, d&#8217;<strong>Es Cal\u00f3<\/strong>\u00a0(Formentera);\u00a0<strong>Samuel Gald\u00f3n<\/strong>, de\u00a0<strong>La Era<\/strong>\u00a0(Eivissa);<strong>\u00a0Miquel S\u00e1nchez<\/strong>, de\u00a0<strong>Smoix\u00a0<\/strong>(Menorca), i\u00a0\u00a0<strong>Ariadna Salvador i Pau Navarro<\/strong>, de\u00a0<strong>Clandest\u00ed\u00a0<\/strong>(Mallorca).<\/p>\n<p>Faran\u00a0<strong>8 tapes diferents<\/strong>, entre les quals hi trobareu suquet de c\u00e0ntera, coca de gat\u00f3 o gatet de mar, taco de m\u00f2llera arrebossada, aguit d&#8217;ase amb ciurons, entre altres. La gr\u00e0cies \u00e9s que assaborireu plats amb\u00a0<strong>peixos que es diuen de rebuig, per\u00f2 que realment s\u00f3n una aut\u00e8ntica del\u00edcia<\/strong>.<\/p>\n<p>El lloc on se celebrar\u00e0 aquesta activitat \u00e9s el\u00a0<strong>restaurant Clandest\u00ed de Palma<\/strong>\u00a0i les tapes es vendran a\u00a0<strong>5 euros cada una<\/strong>, en format de mitja raci\u00f3.<\/p>\n","protected":false},"excerpt":{"rendered":"<p>En motiu del Dia de les Illes Balears, l&#8217;empresa Tres Serveis Culturals i el blog Ajonegro&hellip;<\/p>\n","protected":false},"author":1,"featured_media":61547,"comment_status":"open","ping_status":"closed","sticky":false,"template":"","format":"standard","meta":{"_acf_changed":false,"_swt_meta_header_display":false,"_swt_meta_footer_display":false,"_swt_meta_site_title_display":false,"_swt_meta_sticky_header":false,"_swt_meta_transparent_header":false,"footnotes":""},"categories":[1046,1471],"tags":[],"coauthors":[],"class_list":["post-61546","post","type-post","status-publish","format-standard","has-post-thumbnail","hentry","category-actualitat-es-en","category-fires-i-rutes-en"],"acf":{"gallery":null,"home_date":{"home_begin_date":null,"home_end_date":null}},"yoast_head":"<!-- This site is optimized with the Yoast SEO plugin v27.4 - https:\/\/yoast.com\/product\/yoast-seo-wordpress\/ -->\n<title>Quatre peixos, quatre illes: proposta gastron\u00f2mica per al Dia de les Illes Balears - Gastron\u00f2micament<\/title>\n<meta name=\"description\" content=\"Quatre peixos, quatre illes: proposta gastron\u00f2mica per al Dia de les Illes Balears Actualitat, Fires i rutes En motiu del Dia de les Illes Balears, l&#039;empresa Tres Serveis Culturals i el blog Ajonegro ha organitzat la jornada gastron\u00f2mica\u00a0Quatre peixos, quatre Illes\" \/>\n<meta name=\"robots\" content=\"index, follow, max-snippet:-1, max-image-preview:large, max-video-preview:-1\" \/>\n<link rel=\"canonical\" href=\"https:\/\/gastronomicament.cat\/en\/quatre-peixos-quatre-illes-proposta-gastronomica-per-al-dia-de-les-illes-balears\" \/>\n<meta property=\"og:locale\" content=\"en_US\" \/>\n<meta property=\"og:type\" content=\"article\" \/>\n<meta property=\"og:title\" content=\"Quatre peixos, quatre illes: proposta gastron\u00f2mica per al Dia de les Illes Balears - Gastron\u00f2micament\" \/>\n<meta property=\"og:description\" content=\"Quatre peixos, quatre illes: proposta gastron\u00f2mica per al Dia de les Illes Balears Actualitat, Fires i rutes En motiu del Dia de les Illes Balears, l&#039;empresa Tres Serveis Culturals i el blog Ajonegro ha organitzat la jornada gastron\u00f2mica\u00a0Quatre peixos, quatre Illes\" \/>\n<meta property=\"og:url\" content=\"https:\/\/gastronomicament.cat\/en\/quatre-peixos-quatre-illes-proposta-gastronomica-per-al-dia-de-les-illes-balears\" \/>\n<meta property=\"og:site_name\" content=\"Gastron\u00f2micament\" \/>\n<meta property=\"article:published_time\" content=\"2020-02-26T15:14:08+00:00\" \/>\n<meta property=\"og:image\" content=\"https:\/\/gastronomicament.cat\/wp-content\/uploads\/2020\/02\/Quatre-Illes-Quatre-Peixos-Dia-Illes-Balears-2020.jpg\" \/>\n\t<meta property=\"og:image:width\" content=\"1402\" \/>\n\t<meta property=\"og:image:height\" content=\"671\" \/>\n\t<meta property=\"og:image:type\" content=\"image\/jpeg\" \/>\n<meta name=\"author\" content=\"Redacci\u00f3\" \/>\n<meta name=\"twitter:card\" content=\"summary_large_image\" \/>\n<meta name=\"twitter:creator\" content=\"@gastronomicamen\" \/>\n<meta name=\"twitter:site\" content=\"@gastronomicamen\" \/>\n<meta name=\"twitter:label1\" content=\"Written by\" \/>\n\t<meta name=\"twitter:data1\" content=\"Redacci\u00f3\" \/>\n\t<meta name=\"twitter:label2\" content=\"Est. reading time\" \/>\n\t<meta name=\"twitter:data2\" content=\"1 minute\" \/>\n<script type=\"application\/ld+json\" class=\"yoast-schema-graph\">{\"@context\":\"https:\\\/\\\/schema.org\",\"@graph\":[{\"@type\":\"Article\",\"@id\":\"https:\\\/\\\/gastronomicament.cat\\\/en\\\/quatre-peixos-quatre-illes-proposta-gastronomica-per-al-dia-de-les-illes-balears#article\",\"isPartOf\":{\"@id\":\"https:\\\/\\\/gastronomicament.cat\\\/en\\\/quatre-peixos-quatre-illes-proposta-gastronomica-per-al-dia-de-les-illes-balears\"},\"author\":{\"name\":\"Redacci\u00f3\",\"@id\":\"https:\\\/\\\/gastronomicament.cat\\\/en\\\/#\\\/schema\\\/person\\\/a7c85c537a1ed62799a5b8e0f686a37f\"},\"headline\":\"Quatre peixos, quatre illes: proposta gastron\u00f2mica per al Dia de les Illes Balears\",\"datePublished\":\"2020-02-26T15:14:08+00:00\",\"mainEntityOfPage\":{\"@id\":\"https:\\\/\\\/gastronomicament.cat\\\/en\\\/quatre-peixos-quatre-illes-proposta-gastronomica-per-al-dia-de-les-illes-balears\"},\"wordCount\":176,\"commentCount\":0,\"publisher\":{\"@id\":\"https:\\\/\\\/gastronomicament.cat\\\/en\\\/#organization\"},\"image\":{\"@id\":\"https:\\\/\\\/gastronomicament.cat\\\/en\\\/quatre-peixos-quatre-illes-proposta-gastronomica-per-al-dia-de-les-illes-balears#primaryimage\"},\"thumbnailUrl\":\"https:\\\/\\\/gastronomicament.cat\\\/wp-content\\\/uploads\\\/2020\\\/02\\\/Quatre-Illes-Quatre-Peixos-Dia-Illes-Balears-2020.jpg\",\"articleSection\":[\"Actualitat\",\"Fires i rutes\"],\"inLanguage\":\"en-US\",\"potentialAction\":[{\"@type\":\"CommentAction\",\"name\":\"Comment\",\"target\":[\"https:\\\/\\\/gastronomicament.cat\\\/en\\\/quatre-peixos-quatre-illes-proposta-gastronomica-per-al-dia-de-les-illes-balears#respond\"]}]},{\"@type\":\"WebPage\",\"@id\":\"https:\\\/\\\/gastronomicament.cat\\\/en\\\/quatre-peixos-quatre-illes-proposta-gastronomica-per-al-dia-de-les-illes-balears\",\"url\":\"https:\\\/\\\/gastronomicament.cat\\\/en\\\/quatre-peixos-quatre-illes-proposta-gastronomica-per-al-dia-de-les-illes-balears\",\"name\":\"Quatre peixos, quatre illes: proposta gastron\u00f2mica per al Dia de les Illes Balears - Gastron\u00f2micament\",\"isPartOf\":{\"@id\":\"https:\\\/\\\/gastronomicament.cat\\\/en\\\/#website\"},\"primaryImageOfPage\":{\"@id\":\"https:\\\/\\\/gastronomicament.cat\\\/en\\\/quatre-peixos-quatre-illes-proposta-gastronomica-per-al-dia-de-les-illes-balears#primaryimage\"},\"image\":{\"@id\":\"https:\\\/\\\/gastronomicament.cat\\\/en\\\/quatre-peixos-quatre-illes-proposta-gastronomica-per-al-dia-de-les-illes-balears#primaryimage\"},\"thumbnailUrl\":\"https:\\\/\\\/gastronomicament.cat\\\/wp-content\\\/uploads\\\/2020\\\/02\\\/Quatre-Illes-Quatre-Peixos-Dia-Illes-Balears-2020.jpg\",\"datePublished\":\"2020-02-26T15:14:08+00:00\",\"description\":\"Quatre peixos, quatre illes: proposta gastron\u00f2mica per al Dia de les Illes Balears Actualitat, Fires i rutes En motiu del Dia de les Illes Balears, l'empresa Tres Serveis Culturals i el blog Ajonegro ha organitzat la jornada gastron\u00f2mica\u00a0Quatre peixos, quatre Illes\",\"inLanguage\":\"en-US\",\"potentialAction\":[{\"@type\":\"ReadAction\",\"target\":[\"https:\\\/\\\/gastronomicament.cat\\\/en\\\/quatre-peixos-quatre-illes-proposta-gastronomica-per-al-dia-de-les-illes-balears\"]}]},{\"@type\":\"ImageObject\",\"inLanguage\":\"en-US\",\"@id\":\"https:\\\/\\\/gastronomicament.cat\\\/en\\\/quatre-peixos-quatre-illes-proposta-gastronomica-per-al-dia-de-les-illes-balears#primaryimage\",\"url\":\"https:\\\/\\\/gastronomicament.cat\\\/wp-content\\\/uploads\\\/2020\\\/02\\\/Quatre-Illes-Quatre-Peixos-Dia-Illes-Balears-2020.jpg\",\"contentUrl\":\"https:\\\/\\\/gastronomicament.cat\\\/wp-content\\\/uploads\\\/2020\\\/02\\\/Quatre-Illes-Quatre-Peixos-Dia-Illes-Balears-2020.jpg\",\"width\":1402,\"height\":671},{\"@type\":\"WebSite\",\"@id\":\"https:\\\/\\\/gastronomicament.cat\\\/en\\\/#website\",\"url\":\"https:\\\/\\\/gastronomicament.cat\\\/en\\\/\",\"name\":\"Gastron\u00f2micament\",\"description\":\"Portal de restaurants, receptes i actualitat gastron\u00f2mica\",\"publisher\":{\"@id\":\"https:\\\/\\\/gastronomicament.cat\\\/en\\\/#organization\"},\"potentialAction\":[{\"@type\":\"SearchAction\",\"target\":{\"@type\":\"EntryPoint\",\"urlTemplate\":\"https:\\\/\\\/gastronomicament.cat\\\/en\\\/?s={search_term_string}\"},\"query-input\":{\"@type\":\"PropertyValueSpecification\",\"valueRequired\":true,\"valueName\":\"search_term_string\"}}],\"inLanguage\":\"en-US\"},{\"@type\":\"Organization\",\"@id\":\"https:\\\/\\\/gastronomicament.cat\\\/en\\\/#organization\",\"name\":\"Gastron\u00f2micament\",\"url\":\"https:\\\/\\\/gastronomicament.cat\\\/en\\\/\",\"logo\":{\"@type\":\"ImageObject\",\"inLanguage\":\"en-US\",\"@id\":\"https:\\\/\\\/gastronomicament.cat\\\/en\\\/#\\\/schema\\\/logo\\\/image\\\/\",\"url\":\"https:\\\/\\\/gastronomicament.cat\\\/wp-content\\\/uploads\\\/2016\\\/09\\\/header-logo.jpg\",\"contentUrl\":\"https:\\\/\\\/gastronomicament.cat\\\/wp-content\\\/uploads\\\/2016\\\/09\\\/header-logo.jpg\",\"width\":277,\"height\":39,\"caption\":\"Gastron\u00f2micament\"},\"image\":{\"@id\":\"https:\\\/\\\/gastronomicament.cat\\\/en\\\/#\\\/schema\\\/logo\\\/image\\\/\"},\"sameAs\":[\"https:\\\/\\\/x.com\\\/gastronomicamen\"]},{\"@type\":\"Person\",\"@id\":\"https:\\\/\\\/gastronomicament.cat\\\/en\\\/#\\\/schema\\\/person\\\/a7c85c537a1ed62799a5b8e0f686a37f\",\"name\":\"Redacci\u00f3\",\"image\":{\"@type\":\"ImageObject\",\"inLanguage\":\"en-US\",\"@id\":\"https:\\\/\\\/secure.gravatar.com\\\/avatar\\\/9489a485c464fd611d33825daae651d13db70c4e74c65c94937a15a9d4c3ee14?s=96&d=mm&r=g69fea3cce3645dfa2166e7293e22955e\",\"url\":\"https:\\\/\\\/secure.gravatar.com\\\/avatar\\\/9489a485c464fd611d33825daae651d13db70c4e74c65c94937a15a9d4c3ee14?s=96&d=mm&r=g\",\"contentUrl\":\"https:\\\/\\\/secure.gravatar.com\\\/avatar\\\/9489a485c464fd611d33825daae651d13db70c4e74c65c94937a15a9d4c3ee14?s=96&d=mm&r=g\",\"caption\":\"Redacci\u00f3\"},\"sameAs\":[\"http:\\\/\\\/gastronomicament.cat\"],\"url\":\"https:\\\/\\\/gastronomicament.cat\\\/en\\\/author\\\/admin\"}]}<\/script>\n<!-- \/ Yoast SEO plugin. -->","yoast_head_json":{"title":"Quatre peixos, quatre illes: proposta gastron\u00f2mica per al Dia de les Illes Balears - Gastron\u00f2micament","description":"Quatre peixos, quatre illes: proposta gastron\u00f2mica per al Dia de les Illes Balears Actualitat, Fires i rutes En motiu del Dia de les Illes Balears, l'empresa Tres Serveis Culturals i el blog Ajonegro ha organitzat la jornada gastron\u00f2mica\u00a0Quatre peixos, quatre Illes","robots":{"index":"index","follow":"follow","max-snippet":"max-snippet:-1","max-image-preview":"max-image-preview:large","max-video-preview":"max-video-preview:-1"},"canonical":"https:\/\/gastronomicament.cat\/en\/quatre-peixos-quatre-illes-proposta-gastronomica-per-al-dia-de-les-illes-balears","og_locale":"en_US","og_type":"article","og_title":"Quatre peixos, quatre illes: proposta gastron\u00f2mica per al Dia de les Illes Balears - Gastron\u00f2micament","og_description":"Quatre peixos, quatre illes: proposta gastron\u00f2mica per al Dia de les Illes Balears Actualitat, Fires i rutes En motiu del Dia de les Illes Balears, l'empresa Tres Serveis Culturals i el blog Ajonegro ha organitzat la jornada gastron\u00f2mica\u00a0Quatre peixos, quatre Illes","og_url":"https:\/\/gastronomicament.cat\/en\/quatre-peixos-quatre-illes-proposta-gastronomica-per-al-dia-de-les-illes-balears","og_site_name":"Gastron\u00f2micament","article_published_time":"2020-02-26T15:14:08+00:00","og_image":[{"width":1402,"height":671,"url":"https:\/\/gastronomicament.cat\/wp-content\/uploads\/2020\/02\/Quatre-Illes-Quatre-Peixos-Dia-Illes-Balears-2020.jpg","type":"image\/jpeg"}],"author":"Redacci\u00f3","twitter_card":"summary_large_image","twitter_creator":"@gastronomicamen","twitter_site":"@gastronomicamen","twitter_misc":{"Written by":"Redacci\u00f3","Est. reading time":"1 minute"},"schema":{"@context":"https:\/\/schema.org","@graph":[{"@type":"Article","@id":"https:\/\/gastronomicament.cat\/en\/quatre-peixos-quatre-illes-proposta-gastronomica-per-al-dia-de-les-illes-balears#article","isPartOf":{"@id":"https:\/\/gastronomicament.cat\/en\/quatre-peixos-quatre-illes-proposta-gastronomica-per-al-dia-de-les-illes-balears"},"author":{"name":"Redacci\u00f3","@id":"https:\/\/gastronomicament.cat\/en\/#\/schema\/person\/a7c85c537a1ed62799a5b8e0f686a37f"},"headline":"Quatre peixos, quatre illes: proposta gastron\u00f2mica per al Dia de les Illes Balears","datePublished":"2020-02-26T15:14:08+00:00","mainEntityOfPage":{"@id":"https:\/\/gastronomicament.cat\/en\/quatre-peixos-quatre-illes-proposta-gastronomica-per-al-dia-de-les-illes-balears"},"wordCount":176,"commentCount":0,"publisher":{"@id":"https:\/\/gastronomicament.cat\/en\/#organization"},"image":{"@id":"https:\/\/gastronomicament.cat\/en\/quatre-peixos-quatre-illes-proposta-gastronomica-per-al-dia-de-les-illes-balears#primaryimage"},"thumbnailUrl":"https:\/\/gastronomicament.cat\/wp-content\/uploads\/2020\/02\/Quatre-Illes-Quatre-Peixos-Dia-Illes-Balears-2020.jpg","articleSection":["Actualitat","Fires i rutes"],"inLanguage":"en-US","potentialAction":[{"@type":"CommentAction","name":"Comment","target":["https:\/\/gastronomicament.cat\/en\/quatre-peixos-quatre-illes-proposta-gastronomica-per-al-dia-de-les-illes-balears#respond"]}]},{"@type":"WebPage","@id":"https:\/\/gastronomicament.cat\/en\/quatre-peixos-quatre-illes-proposta-gastronomica-per-al-dia-de-les-illes-balears","url":"https:\/\/gastronomicament.cat\/en\/quatre-peixos-quatre-illes-proposta-gastronomica-per-al-dia-de-les-illes-balears","name":"Quatre peixos, quatre illes: proposta gastron\u00f2mica per al Dia de les Illes Balears - Gastron\u00f2micament","isPartOf":{"@id":"https:\/\/gastronomicament.cat\/en\/#website"},"primaryImageOfPage":{"@id":"https:\/\/gastronomicament.cat\/en\/quatre-peixos-quatre-illes-proposta-gastronomica-per-al-dia-de-les-illes-balears#primaryimage"},"image":{"@id":"https:\/\/gastronomicament.cat\/en\/quatre-peixos-quatre-illes-proposta-gastronomica-per-al-dia-de-les-illes-balears#primaryimage"},"thumbnailUrl":"https:\/\/gastronomicament.cat\/wp-content\/uploads\/2020\/02\/Quatre-Illes-Quatre-Peixos-Dia-Illes-Balears-2020.jpg","datePublished":"2020-02-26T15:14:08+00:00","description":"Quatre peixos, quatre illes: proposta gastron\u00f2mica per al Dia de les Illes Balears Actualitat, Fires i rutes En motiu del Dia de les Illes Balears, l'empresa Tres Serveis Culturals i el blog Ajonegro ha organitzat la jornada gastron\u00f2mica\u00a0Quatre peixos, quatre Illes","inLanguage":"en-US","potentialAction":[{"@type":"ReadAction","target":["https:\/\/gastronomicament.cat\/en\/quatre-peixos-quatre-illes-proposta-gastronomica-per-al-dia-de-les-illes-balears"]}]},{"@type":"ImageObject","inLanguage":"en-US","@id":"https:\/\/gastronomicament.cat\/en\/quatre-peixos-quatre-illes-proposta-gastronomica-per-al-dia-de-les-illes-balears#primaryimage","url":"https:\/\/gastronomicament.cat\/wp-content\/uploads\/2020\/02\/Quatre-Illes-Quatre-Peixos-Dia-Illes-Balears-2020.jpg","contentUrl":"https:\/\/gastronomicament.cat\/wp-content\/uploads\/2020\/02\/Quatre-Illes-Quatre-Peixos-Dia-Illes-Balears-2020.jpg","width":1402,"height":671},{"@type":"WebSite","@id":"https:\/\/gastronomicament.cat\/en\/#website","url":"https:\/\/gastronomicament.cat\/en\/","name":"Gastron\u00f2micament","description":"Portal de restaurants, receptes i actualitat gastron\u00f2mica","publisher":{"@id":"https:\/\/gastronomicament.cat\/en\/#organization"},"potentialAction":[{"@type":"SearchAction","target":{"@type":"EntryPoint","urlTemplate":"https:\/\/gastronomicament.cat\/en\/?s={search_term_string}"},"query-input":{"@type":"PropertyValueSpecification","valueRequired":true,"valueName":"search_term_string"}}],"inLanguage":"en-US"},{"@type":"Organization","@id":"https:\/\/gastronomicament.cat\/en\/#organization","name":"Gastron\u00f2micament","url":"https:\/\/gastronomicament.cat\/en\/","logo":{"@type":"ImageObject","inLanguage":"en-US","@id":"https:\/\/gastronomicament.cat\/en\/#\/schema\/logo\/image\/","url":"https:\/\/gastronomicament.cat\/wp-content\/uploads\/2016\/09\/header-logo.jpg","contentUrl":"https:\/\/gastronomicament.cat\/wp-content\/uploads\/2016\/09\/header-logo.jpg","width":277,"height":39,"caption":"Gastron\u00f2micament"},"image":{"@id":"https:\/\/gastronomicament.cat\/en\/#\/schema\/logo\/image\/"},"sameAs":["https:\/\/x.com\/gastronomicamen"]},{"@type":"Person","@id":"https:\/\/gastronomicament.cat\/en\/#\/schema\/person\/a7c85c537a1ed62799a5b8e0f686a37f","name":"Redacci\u00f3","image":{"@type":"ImageObject","inLanguage":"en-US","@id":"https:\/\/secure.gravatar.com\/avatar\/9489a485c464fd611d33825daae651d13db70c4e74c65c94937a15a9d4c3ee14?s=96&d=mm&r=g69fea3cce3645dfa2166e7293e22955e","url":"https:\/\/secure.gravatar.com\/avatar\/9489a485c464fd611d33825daae651d13db70c4e74c65c94937a15a9d4c3ee14?s=96&d=mm&r=g","contentUrl":"https:\/\/secure.gravatar.com\/avatar\/9489a485c464fd611d33825daae651d13db70c4e74c65c94937a15a9d4c3ee14?s=96&d=mm&r=g","caption":"Redacci\u00f3"},"sameAs":["http:\/\/gastronomicament.cat"],"url":"https:\/\/gastronomicament.cat\/en\/author\/admin"}]}},"_links":{"self":[{"href":"https:\/\/gastronomicament.cat\/en\/wp-json\/wp\/v2\/posts\/61546","targetHints":{"allow":["GET"]}}],"collection":[{"href":"https:\/\/gastronomicament.cat\/en\/wp-json\/wp\/v2\/posts"}],"about":[{"href":"https:\/\/gastronomicament.cat\/en\/wp-json\/wp\/v2\/types\/post"}],"author":[{"embeddable":true,"href":"https:\/\/gastronomicament.cat\/en\/wp-json\/wp\/v2\/users\/1"}],"replies":[{"embeddable":true,"href":"https:\/\/gastronomicament.cat\/en\/wp-json\/wp\/v2\/comments?post=61546"}],"version-history":[{"count":0,"href":"https:\/\/gastronomicament.cat\/en\/wp-json\/wp\/v2\/posts\/61546\/revisions"}],"wp:featuredmedia":[{"embeddable":true,"href":"https:\/\/gastronomicament.cat\/en\/wp-json\/wp\/v2\/media\/61547"}],"wp:attachment":[{"href":"https:\/\/gastronomicament.cat\/en\/wp-json\/wp\/v2\/media?parent=61546"}],"wp:term":[{"taxonomy":"category","embeddable":true,"href":"https:\/\/gastronomicament.cat\/en\/wp-json\/wp\/v2\/categories?post=61546"},{"taxonomy":"post_tag","embeddable":true,"href":"https:\/\/gastronomicament.cat\/en\/wp-json\/wp\/v2\/tags?post=61546"},{"taxonomy":"author","embeddable":true,"href":"https:\/\/gastronomicament.cat\/en\/wp-json\/wp\/v2\/coauthors?post=61546"}],"curies":[{"name":"wp","href":"https:\/\/api.w.org\/{rel}","templated":true}]}}