{"id":61587,"date":"2020-02-26T09:24:35","date_gmt":"2020-02-26T08:24:35","guid":{"rendered":"https:\/\/gastronomicament.cat\/lliurament-dels-premis-gastronomics-2019-de-mallorca"},"modified":"2020-02-26T09:24:35","modified_gmt":"2020-02-26T08:24:35","slug":"lliurament-dels-premis-gastronomics-2019-de-mallorca","status":"publish","type":"post","link":"https:\/\/gastronomicament.cat\/en\/lliurament-dels-premis-gastronomics-2019-de-mallorca","title":{"rendered":"Lliurament dels Premis Gastron\u00f2mics 2019 de Mallorca"},"content":{"rendered":"<p>L&#8217;Associaci\u00f3 de Periodistes i Escriptors Gastron\u00f2mics de les Illes Balears ha lliurat els Premis Gastron\u00f2mics 2019 de Mallorca en una gala celebrada a l&#8217;IES Guillem Colom Casasnoves de S\u00f3ller.<\/p>\n<p>L&#8217;acte, que arriba a la vuitena edici\u00f3, t\u00e9 com a finalitat ressaltar la feina que es fa a l&#8217;illa en el sector. Despr\u00e9s del lliurament, els alumnes els alumnes del cicle formatiu de grau mitj\u00e0 de Cuina i Gastronomia i de formaci\u00f3 professional b\u00e0sica de Cuina i Restauraci\u00f3 d&#8217;aquest centre p\u00fablic han servit i cuinat un men\u00fa al\u00a0 Restaurant Pedag\u00f2gic Ben Cuinat, situal en el mateix institut.<\/p>\n<p>&nbsp;<\/p>\n<h4><strong>PREMIS GASTRON\u00d2MICS 2019 MALLORCA<\/strong><\/h4>\n<ul>\n<li><a href=\"#xef\"><strong>Xef de l\u2019any 2019: Irene Mart\u00ednez <\/strong><\/a><\/li>\n<li><strong><a href=\"#restaurant\">Restaurant Revelaci\u00f3 2019:\u00a0 ex aequo a Voro i Cor Barra i Taula<\/a> <\/strong><\/li>\n<li><a href=\"#pastisser\"><strong>Reboster\/Pastisser de l\u2019any 2019: Sela Prego (Voro)\u00a0<\/strong><\/a><\/li>\n<li><a href=\"#sommelier\"><strong>Sommelier \/Cap de Sala 2019: Gabriel Lucas Dimmok<\/strong><\/a><\/li>\n<li><strong><a href=\"#trajectoria\">Traject\u00f2ria Professional: Pura Louzao<\/a> <\/strong><\/li>\n<li><a href=\"#promocio\"><strong>Promoci\u00f3 del Producte Local: DO Pla i Llevant<\/strong><\/a><\/li>\n<li><strong><a href=\"#bar\">Millor Bar\/Gastrobar: La Barra de Miceli<\/a> <\/strong><\/li>\n<li><a href=\"#cuinalocal\"><strong>Millor restaurant de cuina local. Premi Caty Juan de Corral: Los Patos (Leonor Barcel\u00f3)\u00a0<\/strong><\/a><\/li>\n<\/ul>\n<p><a name=\"xef\"><\/a><br \/>\n<strong>Xef de l\u2019any 2019: Irene Mart\u00ednez <\/strong><\/p>\n<p>Aquest premi \u00e9s un reconeixement als segons de cuina, una figura que situa a aquests cuiners i cuineres, sovint, a l&#8217;ombra dels grans i les grans xefs. Una feina silenciosa, fora dels focus, per\u00f2 sense la qual no correria l&#8217;engranatge de la cuina. Irene Mart\u00ednez L\u00f3pez (Palma, 1987) ha descobert la cuina tradicional, la d&#8217;avantguarda i l&#8217;asi\u00e0tica de la m\u00e0 de grans referents. Les primeres passes les fa amb Margalida Alemany despr\u00e9s de formar-se el 2006 a Alcari Escola de Cuina. Treballar amb la que fou directora de l&#8217;Escola de Cuina de Can T\u00e0pera i una de les grans recuperadores de la cuina tradicional mallorquina, suposa un aterratge s\u00f2lid en la base culin\u00e0ria de l&#8217;illa.<\/p>\n<p>Aquests primers anys s\u00f3n els de confirmaci\u00f3 del que sempre va sospitar: que volia ser cuinera. I per aix\u00f2 tenia clar que s&#8217;havia de formar. Estalvia per ingressar a l&#8217;Escola d&#8217;Hosteleria, d&#8217;on en surt despr\u00e9s de tres anys amb els fonaments posats. Les primeres passes a l&#8217;alta cuina s\u00f3n als restaurants de dos hotels de de la cadena Barcel\u00f3: La Bobadilla (Loja, Granada) i Pueblo Park (Cala Vinyes, Mallorca), despr\u00e9s dels quals ingressa com a segona de cuina a Arume. Durant els tres anys i mig que passa amb Tomeu Mart\u00ed descobreix la passi\u00f3 per la cuina i concretament per per la delicada cuina japonesa, una passi\u00f3 culin\u00e0ria que no l&#8217;abandonaria mai i que -despr\u00e9s d&#8217;un par\u00e8ntesi al DiverXO i a l&#8217;StreetXO de David Mu\u00f1oz, un contacte amb la disciplina- la duran a fer una estada al Jap\u00f3 focalitzada en el sushi: un ritual exigent i amb horaris no aptes per a les comoditats, reservat als homes i que, per a una cuinera jove, fou inicialment accidentada per\u00f2, a resultes, fruct\u00edfera.<\/p>\n<p>En tornar a Mallorca, una amiga li va suggerir que deman\u00e0s feina a Santi Taura. Li va semblar impossible: no imaginava que el reconegut cuiner de Lloseta cerc\u00e0s alg\u00fa com ella i desconeixia que havia obert el seu projecte m\u00e9s personal: Dins. Un projecte que l&#8217;enamor\u00e0 i per al qual, potser per aix\u00f2, Taura li ofer\u00ed tot d&#8217;una ser-ne la segona de cuina. Un projecte on encara segueix. Per ella, haver estat la segona de Mart\u00ed i Taura \u00e9s com \u201cdefensar un escut\u201d, i com \u201ccompartir la filosofia dels seus restaurants\u201d. Tres anys despr\u00e9s d&#8217;aquell 4 de gener de 2017 en qu\u00e8 va entrar a Dins, una data que du gravada a la mem\u00f2ria, Irene L\u00f3pez s&#8217;ha convertit en la seva cap de cuina.<br \/>\n<a name=\"restaurant\"><\/a><\/p>\n<p><strong>Restaurant Revelaci\u00f3 2019: ex aequo a Voro i a Cor<\/strong><\/p>\n<p><strong>Voro (Capdepera)<\/strong><\/p>\n<p>&#8220;Un viatge, una actitud, un univers que traspassa fronteres i horitzons sense deixar de mirar cap al Mediterrani. \u00c9s naturalitat, provocaci\u00f3 i sofisticaci\u00f3. Una cuina lliure, amb \u00e0nima i sense lligams. Una saborosa i irreprotxable proposta gastron\u00f2mica que no oblida or\u00edgens ni geografies i que, com b\u00e9 expressa la seva etimologia, convida a devorar i consumir d&#8217;una manera vora\u00e7&#8221;. Amb aquestes paraules, el xef \u00c1lvaro Salazar descriu Voro seva proposta gastron\u00f2mica a Park Haytt Mallorca (Canyamel).<\/p>\n<p>Sens dubte \u00e9s un concepte molt vinculat a la filosofia de treball del jove cuiner nascut a Linares, prioritzar sobretot el gust i les ganes de continuar provant despr\u00e9s de cada mos. Voro va obrir les portes al mar\u00e7 de 2019 amb el mateix equip que va acompanyar \u00c1lvaro Salazar al restaurant Argos de Port de Pollen\u00e7a: la cordobesa Maria Cano, segona de cuina, la catalana Sela Priego, rebostera, i Mario Wolgast. &#8220;Un canvi atrevit i a l&#8217;al\u00e7ada de les nostres expectatives, ja havia tocat sostre a Argos&#8221;, va afirmar en el seu moment el cuiner. Tot just vuit mesos despr\u00e9s Voro va rebre una estrella Michelin. Res de nou per al de Ja\u00e9n, que ja va obtenir-ne una l\u2019any 2016 durant la seva reeixida etapa a Argos. Tamb\u00e9 va guanyar el concurs Cuiner de l&#8217;Any 2018 a la Fira Aliment\u00e0ria i va rebre, de mans de l\u2019Associaci\u00f3 de Periodistes i Escriptors Gastron\u00f2mics de les Balears, el Premi Cuiner de l&#8217;Any 2017. En els seus dos men\u00fas Voro i Devoro, \u00c1lvaro Salazar i el seu equip conviden a gaudir d&#8217;una cuina molt personal i acurada.<\/p>\n<p>&nbsp;<\/p>\n<p><strong>Cor, Barra i Taula (Palma)<\/strong><\/p>\n<p>El mes d\u2019agost de 2019 obr\u00ed les seves portes Cor, Barra i Taula, un local que representa el projecte m\u00e9s obert d\u2019un dels xefs m\u00e9s inquiets que ha donat aquesta illa, Santi Taura. Obert perqu\u00e8 amb aquest projecte, Santi Taura assoleix la voluntat d\u2019oferir la seva cuina, arrelada al producte local i a la tradici\u00f3, a un p\u00fablic m\u00e9s ampli, en un format informal i assequible.<\/p>\n<p>Els seus berenars de forqueta es poden assaborir en aquest local situat al costat del Mercat de l\u2019Olivar de dilluns a dissabte de les 10 del mat\u00ed fins a les onze de la nit. El p\u00fablic pot gaudir- ne a qualsevol hora, tant si es vol gastar 6 euros com 40, tant si disposa nom\u00e9s d\u2019un moment per menjar b\u00e9 i r\u00e0pid a la barra durant la jornada laboral, com si t\u00e9 el privilegi de passar-hi unes hores envoltat d\u2019una taulada d\u2019amics.<\/p>\n<p>All\u00e0 hi podreu assaborir des d\u2019una <em>gilda <\/em>a un variat, aquesta mescladissa de sabors tan nostra, on cada ingredient s\u2019ha cuinat lentament als fogons de la casa, des de les pilotes casolanes als sofrits i els brous. \u00c9s la cuina de Santi Taura, la mateixa que durant anys va convertir en lloc de culte el seu antic restaurant de Lloseta, per\u00f2 servida amb diferents receptes i formats. A Cor, Barra i Taula, el xef de Lloseta ha confiat en un equip s\u00f2lid, encap\u00e7alat per Pau Barcel\u00f3 com a director, Vanessa Gonz\u00e1lez com a cap de sala i J\u00falia Castellano com a cap de cuina, i l\u2019\u00e8xit els ha acompanyat des del primer dia, donant servei a entre 300 i 500 persones en un constant remuntar.<br \/>\n<a name=\"pastisser\"><\/a><\/p>\n<p><strong>Reboster\/Pastisser de l\u2019any 2019: Sela Prego (Voro, Capdepera)\u00a0\u00a0<\/strong><\/p>\n<p>Amb nom\u00e9s set anys, Sela Priego ja jugava a fer figuretes amb un tros de pasta de pa a l&#8217;obrador del Forn de Pa Gelida, el forn dels seus pares a Barcelona. Als 14 anys va convertir aquell joc en la seva professi\u00f3. Despr\u00e9s compaginar els estudis de pastisseria amb la feina, a la pastisseria Foix de Sarri\u00e0, va tornar al negoci familiar, per\u00f2 no per molt de temps. Les ganes d&#8217;aprendre la duen a experimentar amb la pastisseria i el m\u00f3n dol\u00e7 en restaurants. Primer a diversos hotels de 5 estrelles de Mallorca, despr\u00e9s al triestrellat Celler de Can Roca, on en va formar part de la plantilla, aconseguint ser cap de pastisseria durant un any. Despr\u00e9s d&#8217;aquesta experi\u00e8ncia decideix tornar a Mallorca i coneix \u00c1lvaro Salazar amb qui treballa en diversos projectes gastron\u00f2mics, per\u00f2 la seva passi\u00f3 pel pa, per la farina la fan tornar a l&#8217;obrador familiar. L\u2019any 2017 aquesta inquieta dona torna a Mallorca per treballar de nou amb \u00c1lvaro, i s\u2019incorpora al restaurant Argos, amb una estrella Michelin, ubicat al Port de Pollen\u00e7a. Sela es fa c\u00e0rrec de la pastisseria i a poc a poc implementa maridatges de pa amb Salazar, i hi aporta tota la seva experi\u00e8ncia,\u00a0 donant un valor afegit a l&#8217;oferta gastron\u00f2mica del restaurant. L\u2019any 2019 es trasllada juntament amb l&#8217;equip d&#8217;Argos a la nova localitzaci\u00f3, Voro, situat a Park Hyatt Mallorca, que com ja hem comentat abans va rebre una estrella Michelin tot just vuit mesos despr\u00e9s de l\u2019obertura. Amb 25 anys d&#8217;ofici, Sela Priego afirma que ha tingut molt\u00edssima sort de poder exercir en all\u00f2 que li agrada, li apassiona treballar amb les mans, la xocolata, la rebosteria art\u00edstica, saber que el pa \u00e9s viu&#8230;<br \/>\n<a name=\"sommelier\"><\/a><\/p>\n<p><strong>Sommelier \/Cap de Sala 2019: Gabriel Lucas Dimmok<\/strong><\/p>\n<p>Explica Gabriel Lucas que el m\u00f3n del vi \u00e9s el m\u00f3n de les segones oportunitats. Comenta que quan t\u2019hi endinses, t\u2019adones que moltes persones que hi estan vinculades anteriorment han estat banquers, metges, agents de borsa, empresaris i, fins i tot, auxiliars de vol. Aquests dos darrers casos s\u00f3n els seus. L\u2019any 2008 era un feli\u00e7 i jove auxiliar de vol que es va topar amb acomiadament per tancament de la companyia on treballava, a causa d\u2019un tr\u00e0gic accident. Mig any m\u00e9s tard, es va aventurar en el m\u00f3n de la restauraci\u00f3 i, amb de molta de feina i dos negocis, l\u2019any 2014, despr\u00e9s d\u2019haver passat la crisi, li toca reinventar-se.<\/p>\n<p>L\u2019inici en aquest m\u00f3n del vi \u00e9s gr\u00e0cies a qui ara \u00e9s la seva esposa i a un amic que descansa en pau. No va ser senzill: cansat i sense un euro, es va apuntar a la universiat per estudiar sommelieria a Barcelona. Hi va fer classes cada dilluns, durant dos anys, mentre de dimarts a diumenge -s\u00ed, diumenge, tamb\u00e9- fa feina sense descans.<\/p>\n<p>\u201cTothom que vol assolir una fita, s\u2019hi ha d\u2019esfor\u00e7ar de valent\u201d, remarca Gabriel. I gr\u00e0cies a aquest car\u00e0cter tena\u00e7, sacrificat i constant ha estat considerat entre els 10 millors sommeliers d\u2019Espanya els anys 2018 i 2019, a m\u00e9s de ser proclamat com a millor sommelier de les Illes Balears en aquests mateixos anys. Uns m\u00e8rits i guardons que, segur, que continuar\u00e0 sumant.<br \/>\n<a name=\"trajectoria\"><\/a><\/p>\n<p><strong>Traject\u00f2ria Professional: Pura Louzao (propiet\u00e0ria del restaurant Pura Louzao, Palma)<\/strong><\/p>\n<p>Que Pura Louzau \u00e9s tota una instituci\u00f3 de la cuina gallega a Mallorca \u00e9s un fet que no es pot discutir: Va obrir les portes fa 28 anys i aqu\u00ed continua&#8230; fins i tot millor que llavors, i aix\u00f2 t\u00e9 molt de m\u00e8rit.<\/p>\n<p>Ara b\u00e9, aix\u00f2 no \u00e9s gens estrany si coneixem molt de prop la traject\u00f2ria d&#8217;aquesta casa. Primer com a parella, Pura i el seu marit -traspassat fa molt pocs anys- Pepe Igua\u00edn, un home sincer, de soca-rel, que des del principi varen saber donar amb la clau per alimentar l&#8217;\u00e0nima i la l\u00edrica de la cuina de Gal\u00edcia. I \u00e9s que per menjar gallec, i aix\u00f2 sempre ho han sabut Pura i Pepe, la primera, i podr\u00edem dir l\u2019\u00fanica regla, \u00e9s la qualitat de la mat\u00e8ria primera; despr\u00e9s v\u00e9nen la t\u00e8cnica i el punt de cocci\u00f3.<\/p>\n<p>Per aix\u00f2 en aquesta casa, des que va obrir les portes, ha comptat amb prove\u00efdors exclusius, locals i d&#8217;origen. &#8220;La clau -deia Pepe- es troba en cercar, seleccionar i, per descomptat, la inquietud desbordant de Pura a la cuina&#8221;. En poques paraules, un restaurant per als que aprecien els valors de sempre, en cuina i sala.<br \/>\n<a name=\"promocio\"><\/a><\/p>\n<p>&nbsp;<\/p>\n<p><strong>Promoci\u00f3 del Producte Local: DO Pla i Llevant<\/strong><\/p>\n<p>El Consell Regulador de la Denominaci\u00f3 d&#8217;Origen Pla i Llevant va celebrar el 2019 el 20\u00e8 aniversari. Dues d\u00e8cades en qu\u00e8 l&#8217;evoluci\u00f3 del m\u00f3n del vi a Mallorca han viscut una transformaci\u00f3 mai vista, tant en quantitat com qualitat. La DO va ser constitu\u00efda al novembre de l&#8217;any 1999, establint la seu social al Mol\u00ed de n&#8217;Amengual, a Porreres. Un total de 8 municipis del Pla i Llevant de Mallorca conformen aquesta denominaci\u00f3, integrada actualment per 14 cellers: Can Majoral (Algaida); Can Coleto, Miquel Oliver (Petra), Pere Seda, Toni Gelabert, Miquel Gelabert (Manacor), Es Fangar, Armero i Adrover, Vidauba (Felanitx); Butxet (Muro), Bordoy, Vi Rei (Llucmajor); Es Gallicant (Campos) i Cas Beato (Capdepera), amb un total de 600 hect\u00e0rees de vinya inscrites i 60 viticultors.<\/p>\n<p>La funci\u00f3 de el Consell Regulador \u00e9s controlar el compliment de la normativa, com tamb\u00e9 la promoci\u00f3 dels productes elaborats sota el segell de la DO Pla i Llevant. Entre les seves nombroses activitats destaquen l\u2019assist\u00e8ncia a congressos i fires, com Madrid Fusi\u00f3n o Sal\u00f3 de Gourmets, la realitzaci\u00f3 de nombrosos cursos de tast a diferents pobles de l&#8217;illa o la col\u00b7laboraci\u00f3 especial amb l&#8217;IES Felanitx per a la creaci\u00f3 i seguiment dels estudis de tercer cicle de Formaci\u00f3 Professional Dual sobre Vitivinicultura. Al llarg d&#8217;aquests anys, han presidit la DO Jaume Mesquida, Arnau Galm\u00e9s i Jaume Grimalt. Actualment exerceix aquest c\u00e0rrec Antoni Benn\u00e0ssar. En l&#8217;actualitat, la seu est\u00e0 ubicada a l&#8217;antic edifici de l&#8217;Estaci\u00f3 Enol\u00f2gica de Felanitx, edifici singular que tutela la mem\u00f2ria del vi a la comarca. D&#8217;entre les varietats de ra\u00efm aut\u00f2ctones m\u00e9s representatives d&#8217;aquesta DO, cal destacar la Callet i la Gir\u00f3 Ros.<br \/>\n<a name=\"bar\"><\/a><\/p>\n<p>&nbsp;<\/p>\n<p><strong>Millor Bar\/Gastrobar: La Barra de Miceli (Inca)\u00a0\u00a0<\/strong><\/p>\n<p>La Barra de Miceli es va obrir el mes de desembre de 2018 i \u00e9s la manera que t\u00e9 Margalida Coll de retornar al Mercat d\u2019Inca tot all\u00f2 que li ha donat: el bon producte. D\u2019aquesta manera ret un homenatge constant a aquelles persones que tenen vocaci\u00f3 de servir el millor aliment: Mateu, Conxi, Cristina; Andrea, Sebasti\u00e0, Xisca i Pep Toni; placers que serveixen -dia a dia- el millor producte de temporada amb amabilitat i complicitat.<\/p>\n<p>Coll transmet una bonhomia que s\u2019encomana. Vesteix d\u2019una senzillesa que enganya -perqu\u00e8 cada una de les seves curolles impliquen una gran implicaci\u00f3 i treball- la gran feina que ha fet amb el projecte de cuina d\u2019Amadip-Esment, i amb els restaurants Miceli (Selva) i Arrels (Calvi\u00e0). El mateix passa amb La Barra de Miceli, un petit mostrador de tot all\u00f2 que es pot fer amb la compra del mercat.\u00a0 Gr\u00e0cies al seu equip, aquest espai ha contribu\u00eft a dinamitzar el mercat i, tamb\u00e9, \u00e9s una mostra d\u2019all\u00f2 que tothom hauria de fer per donar suport al producte local en tots els sentits perqu\u00e8 a part de comprar als prove\u00efdors del mercat, tamb\u00e9 ha recorregut a negocis mallorquins per fer aquest gastrobar, com b\u00e9 demostra la barra, creada amb la t\u00e8cnica antiga d&#8217;aig\u00fces per la f\u00e0brica de rajoles Huguet.<\/p>\n<p>Coll afirma amb ra\u00f3 que \u201cno hi ha bona cuina si aquesta no neix del millor producte, del millor consell i de les ganes, l\u2019atenci\u00f3 i el\u00a0 respecte que s\u2019ha de tenir a cada recepta\u201d. Una premissa que demostra amb cada un dels seus projectes i que fa de la seva empremta un cam\u00ed a seguir pels bons restauradors.<br \/>\n<a name=\"cuinalocal\"><\/a><\/p>\n<p>&nbsp;<\/p>\n<p><strong>Premi Caty Juan de Corral &#8211; Millor restaurant de cuina local: Los Patos (Alc\u00fadia)\u00a0<\/strong><\/p>\n<p>Leonor Barcel\u00f3 \u00e9s una d&#8217;aquelles persones a les quals s&#8217;arriba a admirar i, fins i tot, a envejar, perqu\u00e8 hi ha ocasions, excepcionals, en les quals l&#8217;enveja \u00e9s sana, com n\u2019\u00e9s el cas, per la seva senzillesa, la seva sobrietat, l&#8217;estil de vida, i la seva sorprenent intel\u00b7lig\u00e8ncia davant dels fogons, com aix\u00ed ho ha demostrat al llarg d&#8217;aquests 44 anys; des que el 12 de setembre de 1976, al costat del seu marit, Gabriel Font, i dels seus fills Jaume, Gabriel i Kika, varen obrir les portes del restaurant Los Patos, a la seva finca de ses Eres de l\u2019Albufera, a Alc\u00fadia.<\/p>\n<p>Aquesta \u00e9s una cuina que est\u00e0 destinada als que volen menjar estupendament el de sempre, amb idiosincr\u00e0sia plena mallorquina i de veritat. \u00c9s a dir, naturalitat, autenticitat, amor a la terra i, per si aix\u00f2 no fos suficient, l&#8217;establiment ajuda a evadir-se de la ciutat assaborint tranquil\u00b7litat.<\/p>\n<p>Actualment, el cuiner Jos\u00e9 Mag\u00e1n, continua la l\u00ednia que li marc Leonor Barcel\u00f3, oferint la mateixa cuina tradicional de l&#8217;illa; aix\u00f2 s\u00ed, aportant-hi alguns punts de la seva pr\u00f2pia collita, alleugerint les coccions, ara tan de moda, sense perdre la identitat de sempre. Excel\u00b7lent<\/p>\n","protected":false},"excerpt":{"rendered":"<p>L&#8217;Associaci\u00f3 de Periodistes i Escriptors Gastron\u00f2mics de les Illes Balears ha lliurat els Premis Gastron\u00f2mics 2019&hellip;<\/p>\n","protected":false},"author":1,"featured_media":61588,"comment_status":"open","ping_status":"closed","sticky":false,"template":"","format":"gallery","meta":{"_acf_changed":false,"_swt_meta_header_display":false,"_swt_meta_footer_display":false,"_swt_meta_site_title_display":false,"_swt_meta_sticky_header":false,"_swt_meta_transparent_header":false,"footnotes":""},"categories":[1046,1479],"tags":[],"coauthors":[],"class_list":["post-61587","post","type-post","status-publish","format-gallery","has-post-thumbnail","hentry","category-actualitat-es-en","category-concursos-i-premis-en","post_format-post-format-gallery"],"acf":{"gallery":null,"home_date":{"home_begin_date":null,"home_end_date":null}},"yoast_head":"<!-- This site is optimized with the Yoast SEO plugin v27.4 - https:\/\/yoast.com\/product\/yoast-seo-wordpress\/ -->\n<title>Lliurament dels Premis Gastron\u00f2mics 2019 de Mallorca - Gastron\u00f2micament<\/title>\n<meta name=\"description\" content=\"Lliurament dels Premis Gastron\u00f2mics 2019 de Mallorca Actualitat, Concursos i premis L&#039;Associaci\u00f3 de Periodistes i Escriptors Gastron\u00f2mics de les Illes Balears ha lliurat els Premis Gastron\u00f2mics 2019 de Mallorca en una gala celebrada a l&#039;IES Guillem Colom Casasnoves de S\u00f3ller\" \/>\n<meta name=\"robots\" content=\"index, follow, max-snippet:-1, max-image-preview:large, max-video-preview:-1\" \/>\n<link rel=\"canonical\" href=\"https:\/\/gastronomicament.cat\/en\/lliurament-dels-premis-gastronomics-2019-de-mallorca\" \/>\n<meta property=\"og:locale\" content=\"en_US\" \/>\n<meta property=\"og:type\" content=\"article\" \/>\n<meta property=\"og:title\" content=\"Lliurament dels Premis Gastron\u00f2mics 2019 de Mallorca - Gastron\u00f2micament\" \/>\n<meta property=\"og:description\" content=\"Lliurament dels Premis Gastron\u00f2mics 2019 de Mallorca Actualitat, Concursos i premis L&#039;Associaci\u00f3 de Periodistes i Escriptors Gastron\u00f2mics de les Illes Balears ha lliurat els Premis Gastron\u00f2mics 2019 de Mallorca en una gala celebrada a l&#039;IES Guillem Colom Casasnoves de S\u00f3ller\" \/>\n<meta property=\"og:url\" content=\"https:\/\/gastronomicament.cat\/en\/lliurament-dels-premis-gastronomics-2019-de-mallorca\" \/>\n<meta property=\"og:site_name\" content=\"Gastron\u00f2micament\" \/>\n<meta property=\"article:published_time\" content=\"2020-02-26T08:24:35+00:00\" \/>\n<meta property=\"og:image\" content=\"https:\/\/gastronomicament.cat\/wp-content\/uploads\/2020\/02\/Premis-Gastronomics-2019-de-Mallorca-APEGIB.jpg\" \/>\n\t<meta property=\"og:image:width\" content=\"1200\" \/>\n\t<meta property=\"og:image:height\" content=\"900\" \/>\n\t<meta property=\"og:image:type\" content=\"image\/jpeg\" \/>\n<meta name=\"author\" content=\"Redacci\u00f3\" \/>\n<meta name=\"twitter:card\" content=\"summary_large_image\" \/>\n<meta name=\"twitter:creator\" content=\"@gastronomicamen\" \/>\n<meta name=\"twitter:site\" content=\"@gastronomicamen\" \/>\n<meta name=\"twitter:label1\" content=\"Written by\" \/>\n\t<meta name=\"twitter:data1\" content=\"Redacci\u00f3\" \/>\n\t<meta name=\"twitter:label2\" content=\"Est. reading time\" \/>\n\t<meta name=\"twitter:data2\" content=\"14 minutes\" \/>\n<script type=\"application\/ld+json\" class=\"yoast-schema-graph\">{\"@context\":\"https:\\\/\\\/schema.org\",\"@graph\":[{\"@type\":\"Article\",\"@id\":\"https:\\\/\\\/gastronomicament.cat\\\/en\\\/lliurament-dels-premis-gastronomics-2019-de-mallorca#article\",\"isPartOf\":{\"@id\":\"https:\\\/\\\/gastronomicament.cat\\\/en\\\/lliurament-dels-premis-gastronomics-2019-de-mallorca\"},\"author\":{\"name\":\"Redacci\u00f3\",\"@id\":\"https:\\\/\\\/gastronomicament.cat\\\/en\\\/#\\\/schema\\\/person\\\/a7c85c537a1ed62799a5b8e0f686a37f\"},\"headline\":\"Lliurament dels Premis Gastron\u00f2mics 2019 de Mallorca\",\"datePublished\":\"2020-02-26T08:24:35+00:00\",\"mainEntityOfPage\":{\"@id\":\"https:\\\/\\\/gastronomicament.cat\\\/en\\\/lliurament-dels-premis-gastronomics-2019-de-mallorca\"},\"wordCount\":2783,\"commentCount\":0,\"publisher\":{\"@id\":\"https:\\\/\\\/gastronomicament.cat\\\/en\\\/#organization\"},\"image\":{\"@id\":\"https:\\\/\\\/gastronomicament.cat\\\/en\\\/lliurament-dels-premis-gastronomics-2019-de-mallorca#primaryimage\"},\"thumbnailUrl\":\"https:\\\/\\\/gastronomicament.cat\\\/wp-content\\\/uploads\\\/2020\\\/02\\\/Premis-Gastronomics-2019-de-Mallorca-APEGIB.jpg\",\"articleSection\":[\"Actualitat\",\"Concursos i premis\"],\"inLanguage\":\"en-US\",\"potentialAction\":[{\"@type\":\"CommentAction\",\"name\":\"Comment\",\"target\":[\"https:\\\/\\\/gastronomicament.cat\\\/en\\\/lliurament-dels-premis-gastronomics-2019-de-mallorca#respond\"]}]},{\"@type\":\"WebPage\",\"@id\":\"https:\\\/\\\/gastronomicament.cat\\\/en\\\/lliurament-dels-premis-gastronomics-2019-de-mallorca\",\"url\":\"https:\\\/\\\/gastronomicament.cat\\\/en\\\/lliurament-dels-premis-gastronomics-2019-de-mallorca\",\"name\":\"Lliurament dels Premis Gastron\u00f2mics 2019 de Mallorca - Gastron\u00f2micament\",\"isPartOf\":{\"@id\":\"https:\\\/\\\/gastronomicament.cat\\\/en\\\/#website\"},\"primaryImageOfPage\":{\"@id\":\"https:\\\/\\\/gastronomicament.cat\\\/en\\\/lliurament-dels-premis-gastronomics-2019-de-mallorca#primaryimage\"},\"image\":{\"@id\":\"https:\\\/\\\/gastronomicament.cat\\\/en\\\/lliurament-dels-premis-gastronomics-2019-de-mallorca#primaryimage\"},\"thumbnailUrl\":\"https:\\\/\\\/gastronomicament.cat\\\/wp-content\\\/uploads\\\/2020\\\/02\\\/Premis-Gastronomics-2019-de-Mallorca-APEGIB.jpg\",\"datePublished\":\"2020-02-26T08:24:35+00:00\",\"description\":\"Lliurament dels Premis Gastron\u00f2mics 2019 de Mallorca Actualitat, Concursos i premis L'Associaci\u00f3 de Periodistes i Escriptors Gastron\u00f2mics de les Illes Balears ha lliurat els Premis Gastron\u00f2mics 2019 de Mallorca en una gala celebrada a l'IES Guillem Colom Casasnoves de S\u00f3ller\",\"inLanguage\":\"en-US\",\"potentialAction\":[{\"@type\":\"ReadAction\",\"target\":[\"https:\\\/\\\/gastronomicament.cat\\\/en\\\/lliurament-dels-premis-gastronomics-2019-de-mallorca\"]}]},{\"@type\":\"ImageObject\",\"inLanguage\":\"en-US\",\"@id\":\"https:\\\/\\\/gastronomicament.cat\\\/en\\\/lliurament-dels-premis-gastronomics-2019-de-mallorca#primaryimage\",\"url\":\"https:\\\/\\\/gastronomicament.cat\\\/wp-content\\\/uploads\\\/2020\\\/02\\\/Premis-Gastronomics-2019-de-Mallorca-APEGIB.jpg\",\"contentUrl\":\"https:\\\/\\\/gastronomicament.cat\\\/wp-content\\\/uploads\\\/2020\\\/02\\\/Premis-Gastronomics-2019-de-Mallorca-APEGIB.jpg\",\"width\":1200,\"height\":900},{\"@type\":\"WebSite\",\"@id\":\"https:\\\/\\\/gastronomicament.cat\\\/en\\\/#website\",\"url\":\"https:\\\/\\\/gastronomicament.cat\\\/en\\\/\",\"name\":\"Gastron\u00f2micament\",\"description\":\"Portal de restaurants, receptes i actualitat gastron\u00f2mica\",\"publisher\":{\"@id\":\"https:\\\/\\\/gastronomicament.cat\\\/en\\\/#organization\"},\"potentialAction\":[{\"@type\":\"SearchAction\",\"target\":{\"@type\":\"EntryPoint\",\"urlTemplate\":\"https:\\\/\\\/gastronomicament.cat\\\/en\\\/?s={search_term_string}\"},\"query-input\":{\"@type\":\"PropertyValueSpecification\",\"valueRequired\":true,\"valueName\":\"search_term_string\"}}],\"inLanguage\":\"en-US\"},{\"@type\":\"Organization\",\"@id\":\"https:\\\/\\\/gastronomicament.cat\\\/en\\\/#organization\",\"name\":\"Gastron\u00f2micament\",\"url\":\"https:\\\/\\\/gastronomicament.cat\\\/en\\\/\",\"logo\":{\"@type\":\"ImageObject\",\"inLanguage\":\"en-US\",\"@id\":\"https:\\\/\\\/gastronomicament.cat\\\/en\\\/#\\\/schema\\\/logo\\\/image\\\/\",\"url\":\"https:\\\/\\\/gastronomicament.cat\\\/wp-content\\\/uploads\\\/2016\\\/09\\\/header-logo.jpg\",\"contentUrl\":\"https:\\\/\\\/gastronomicament.cat\\\/wp-content\\\/uploads\\\/2016\\\/09\\\/header-logo.jpg\",\"width\":277,\"height\":39,\"caption\":\"Gastron\u00f2micament\"},\"image\":{\"@id\":\"https:\\\/\\\/gastronomicament.cat\\\/en\\\/#\\\/schema\\\/logo\\\/image\\\/\"},\"sameAs\":[\"https:\\\/\\\/x.com\\\/gastronomicamen\"]},{\"@type\":\"Person\",\"@id\":\"https:\\\/\\\/gastronomicament.cat\\\/en\\\/#\\\/schema\\\/person\\\/a7c85c537a1ed62799a5b8e0f686a37f\",\"name\":\"Redacci\u00f3\",\"image\":{\"@type\":\"ImageObject\",\"inLanguage\":\"en-US\",\"@id\":\"https:\\\/\\\/secure.gravatar.com\\\/avatar\\\/9489a485c464fd611d33825daae651d13db70c4e74c65c94937a15a9d4c3ee14?s=96&d=mm&r=g69fea3cce3645dfa2166e7293e22955e\",\"url\":\"https:\\\/\\\/secure.gravatar.com\\\/avatar\\\/9489a485c464fd611d33825daae651d13db70c4e74c65c94937a15a9d4c3ee14?s=96&d=mm&r=g\",\"contentUrl\":\"https:\\\/\\\/secure.gravatar.com\\\/avatar\\\/9489a485c464fd611d33825daae651d13db70c4e74c65c94937a15a9d4c3ee14?s=96&d=mm&r=g\",\"caption\":\"Redacci\u00f3\"},\"sameAs\":[\"http:\\\/\\\/gastronomicament.cat\"],\"url\":\"https:\\\/\\\/gastronomicament.cat\\\/en\\\/author\\\/admin\"}]}<\/script>\n<!-- \/ Yoast SEO plugin. -->","yoast_head_json":{"title":"Lliurament dels Premis Gastron\u00f2mics 2019 de Mallorca - Gastron\u00f2micament","description":"Lliurament dels Premis Gastron\u00f2mics 2019 de Mallorca Actualitat, Concursos i premis L'Associaci\u00f3 de Periodistes i Escriptors Gastron\u00f2mics de les Illes Balears ha lliurat els Premis Gastron\u00f2mics 2019 de Mallorca en una gala celebrada a l'IES Guillem Colom Casasnoves de S\u00f3ller","robots":{"index":"index","follow":"follow","max-snippet":"max-snippet:-1","max-image-preview":"max-image-preview:large","max-video-preview":"max-video-preview:-1"},"canonical":"https:\/\/gastronomicament.cat\/en\/lliurament-dels-premis-gastronomics-2019-de-mallorca","og_locale":"en_US","og_type":"article","og_title":"Lliurament dels Premis Gastron\u00f2mics 2019 de Mallorca - Gastron\u00f2micament","og_description":"Lliurament dels Premis Gastron\u00f2mics 2019 de Mallorca Actualitat, Concursos i premis L'Associaci\u00f3 de Periodistes i Escriptors Gastron\u00f2mics de les Illes Balears ha lliurat els Premis Gastron\u00f2mics 2019 de Mallorca en una gala celebrada a l'IES Guillem Colom Casasnoves de S\u00f3ller","og_url":"https:\/\/gastronomicament.cat\/en\/lliurament-dels-premis-gastronomics-2019-de-mallorca","og_site_name":"Gastron\u00f2micament","article_published_time":"2020-02-26T08:24:35+00:00","og_image":[{"width":1200,"height":900,"url":"https:\/\/gastronomicament.cat\/wp-content\/uploads\/2020\/02\/Premis-Gastronomics-2019-de-Mallorca-APEGIB.jpg","type":"image\/jpeg"}],"author":"Redacci\u00f3","twitter_card":"summary_large_image","twitter_creator":"@gastronomicamen","twitter_site":"@gastronomicamen","twitter_misc":{"Written by":"Redacci\u00f3","Est. reading time":"14 minutes"},"schema":{"@context":"https:\/\/schema.org","@graph":[{"@type":"Article","@id":"https:\/\/gastronomicament.cat\/en\/lliurament-dels-premis-gastronomics-2019-de-mallorca#article","isPartOf":{"@id":"https:\/\/gastronomicament.cat\/en\/lliurament-dels-premis-gastronomics-2019-de-mallorca"},"author":{"name":"Redacci\u00f3","@id":"https:\/\/gastronomicament.cat\/en\/#\/schema\/person\/a7c85c537a1ed62799a5b8e0f686a37f"},"headline":"Lliurament dels Premis Gastron\u00f2mics 2019 de Mallorca","datePublished":"2020-02-26T08:24:35+00:00","mainEntityOfPage":{"@id":"https:\/\/gastronomicament.cat\/en\/lliurament-dels-premis-gastronomics-2019-de-mallorca"},"wordCount":2783,"commentCount":0,"publisher":{"@id":"https:\/\/gastronomicament.cat\/en\/#organization"},"image":{"@id":"https:\/\/gastronomicament.cat\/en\/lliurament-dels-premis-gastronomics-2019-de-mallorca#primaryimage"},"thumbnailUrl":"https:\/\/gastronomicament.cat\/wp-content\/uploads\/2020\/02\/Premis-Gastronomics-2019-de-Mallorca-APEGIB.jpg","articleSection":["Actualitat","Concursos i premis"],"inLanguage":"en-US","potentialAction":[{"@type":"CommentAction","name":"Comment","target":["https:\/\/gastronomicament.cat\/en\/lliurament-dels-premis-gastronomics-2019-de-mallorca#respond"]}]},{"@type":"WebPage","@id":"https:\/\/gastronomicament.cat\/en\/lliurament-dels-premis-gastronomics-2019-de-mallorca","url":"https:\/\/gastronomicament.cat\/en\/lliurament-dels-premis-gastronomics-2019-de-mallorca","name":"Lliurament dels Premis Gastron\u00f2mics 2019 de Mallorca - Gastron\u00f2micament","isPartOf":{"@id":"https:\/\/gastronomicament.cat\/en\/#website"},"primaryImageOfPage":{"@id":"https:\/\/gastronomicament.cat\/en\/lliurament-dels-premis-gastronomics-2019-de-mallorca#primaryimage"},"image":{"@id":"https:\/\/gastronomicament.cat\/en\/lliurament-dels-premis-gastronomics-2019-de-mallorca#primaryimage"},"thumbnailUrl":"https:\/\/gastronomicament.cat\/wp-content\/uploads\/2020\/02\/Premis-Gastronomics-2019-de-Mallorca-APEGIB.jpg","datePublished":"2020-02-26T08:24:35+00:00","description":"Lliurament dels Premis Gastron\u00f2mics 2019 de Mallorca Actualitat, Concursos i premis L'Associaci\u00f3 de Periodistes i Escriptors Gastron\u00f2mics de les Illes Balears ha lliurat els Premis Gastron\u00f2mics 2019 de Mallorca en una gala celebrada a l'IES Guillem Colom Casasnoves de S\u00f3ller","inLanguage":"en-US","potentialAction":[{"@type":"ReadAction","target":["https:\/\/gastronomicament.cat\/en\/lliurament-dels-premis-gastronomics-2019-de-mallorca"]}]},{"@type":"ImageObject","inLanguage":"en-US","@id":"https:\/\/gastronomicament.cat\/en\/lliurament-dels-premis-gastronomics-2019-de-mallorca#primaryimage","url":"https:\/\/gastronomicament.cat\/wp-content\/uploads\/2020\/02\/Premis-Gastronomics-2019-de-Mallorca-APEGIB.jpg","contentUrl":"https:\/\/gastronomicament.cat\/wp-content\/uploads\/2020\/02\/Premis-Gastronomics-2019-de-Mallorca-APEGIB.jpg","width":1200,"height":900},{"@type":"WebSite","@id":"https:\/\/gastronomicament.cat\/en\/#website","url":"https:\/\/gastronomicament.cat\/en\/","name":"Gastron\u00f2micament","description":"Portal de restaurants, receptes i actualitat gastron\u00f2mica","publisher":{"@id":"https:\/\/gastronomicament.cat\/en\/#organization"},"potentialAction":[{"@type":"SearchAction","target":{"@type":"EntryPoint","urlTemplate":"https:\/\/gastronomicament.cat\/en\/?s={search_term_string}"},"query-input":{"@type":"PropertyValueSpecification","valueRequired":true,"valueName":"search_term_string"}}],"inLanguage":"en-US"},{"@type":"Organization","@id":"https:\/\/gastronomicament.cat\/en\/#organization","name":"Gastron\u00f2micament","url":"https:\/\/gastronomicament.cat\/en\/","logo":{"@type":"ImageObject","inLanguage":"en-US","@id":"https:\/\/gastronomicament.cat\/en\/#\/schema\/logo\/image\/","url":"https:\/\/gastronomicament.cat\/wp-content\/uploads\/2016\/09\/header-logo.jpg","contentUrl":"https:\/\/gastronomicament.cat\/wp-content\/uploads\/2016\/09\/header-logo.jpg","width":277,"height":39,"caption":"Gastron\u00f2micament"},"image":{"@id":"https:\/\/gastronomicament.cat\/en\/#\/schema\/logo\/image\/"},"sameAs":["https:\/\/x.com\/gastronomicamen"]},{"@type":"Person","@id":"https:\/\/gastronomicament.cat\/en\/#\/schema\/person\/a7c85c537a1ed62799a5b8e0f686a37f","name":"Redacci\u00f3","image":{"@type":"ImageObject","inLanguage":"en-US","@id":"https:\/\/secure.gravatar.com\/avatar\/9489a485c464fd611d33825daae651d13db70c4e74c65c94937a15a9d4c3ee14?s=96&d=mm&r=g69fea3cce3645dfa2166e7293e22955e","url":"https:\/\/secure.gravatar.com\/avatar\/9489a485c464fd611d33825daae651d13db70c4e74c65c94937a15a9d4c3ee14?s=96&d=mm&r=g","contentUrl":"https:\/\/secure.gravatar.com\/avatar\/9489a485c464fd611d33825daae651d13db70c4e74c65c94937a15a9d4c3ee14?s=96&d=mm&r=g","caption":"Redacci\u00f3"},"sameAs":["http:\/\/gastronomicament.cat"],"url":"https:\/\/gastronomicament.cat\/en\/author\/admin"}]}},"_links":{"self":[{"href":"https:\/\/gastronomicament.cat\/en\/wp-json\/wp\/v2\/posts\/61587","targetHints":{"allow":["GET"]}}],"collection":[{"href":"https:\/\/gastronomicament.cat\/en\/wp-json\/wp\/v2\/posts"}],"about":[{"href":"https:\/\/gastronomicament.cat\/en\/wp-json\/wp\/v2\/types\/post"}],"author":[{"embeddable":true,"href":"https:\/\/gastronomicament.cat\/en\/wp-json\/wp\/v2\/users\/1"}],"replies":[{"embeddable":true,"href":"https:\/\/gastronomicament.cat\/en\/wp-json\/wp\/v2\/comments?post=61587"}],"version-history":[{"count":0,"href":"https:\/\/gastronomicament.cat\/en\/wp-json\/wp\/v2\/posts\/61587\/revisions"}],"wp:featuredmedia":[{"embeddable":true,"href":"https:\/\/gastronomicament.cat\/en\/wp-json\/wp\/v2\/media\/61588"}],"wp:attachment":[{"href":"https:\/\/gastronomicament.cat\/en\/wp-json\/wp\/v2\/media?parent=61587"}],"wp:term":[{"taxonomy":"category","embeddable":true,"href":"https:\/\/gastronomicament.cat\/en\/wp-json\/wp\/v2\/categories?post=61587"},{"taxonomy":"post_tag","embeddable":true,"href":"https:\/\/gastronomicament.cat\/en\/wp-json\/wp\/v2\/tags?post=61587"},{"taxonomy":"author","embeddable":true,"href":"https:\/\/gastronomicament.cat\/en\/wp-json\/wp\/v2\/coauthors?post=61587"}],"curies":[{"name":"wp","href":"https:\/\/api.w.org\/{rel}","templated":true}]}}