{"id":62448,"date":"2019-11-21T09:09:19","date_gmt":"2019-11-21T08:09:19","guid":{"rendered":"https:\/\/gastronomicament.cat\/el-restaurant-voro-de-mallorca-i-el-restaurant-es-tragon-deivissa-estrenen-estrella-michelin"},"modified":"2019-11-21T09:09:19","modified_gmt":"2019-11-21T08:09:19","slug":"el-restaurant-voro-de-mallorca-i-el-restaurant-es-tragon-deivissa-estrenen-estrella-michelin","status":"publish","type":"post","link":"https:\/\/gastronomicament.cat\/en\/el-restaurant-voro-de-mallorca-i-el-restaurant-es-tragon-deivissa-estrenen-estrella-michelin","title":{"rendered":"El restaurant Voro de Mallorca i el restaurant Es Trag\u00f3n d&#8217;Eivissa estrenen estrella Michelin"},"content":{"rendered":"<p>El Teatro Lope de Vega de Sevilla ha estat l&#8217;escenari que la\u00a0<strong>Guia Michelin\u00a0<\/strong>ha triat per anunciar els restaurants amb estrella Michelin d&#8217;Espanya i Portugal.<\/p>\n<p>La cita s&#8217;ha celebrat el vespre del 20 de novembre i ha tengut 2 sorpreses en \u00e0mbit balear i piti\u00fas. D&#8217;una banda, el\u00a0<strong>restaurant Voro de Canyamel<\/strong>, al municipi de Son Servera, que s&#8217;afegeix al palmar\u00e8s de\u00a0<strong>restaurants de Mallorca amb estrella Michelin<\/strong>. La llista l&#8217;encap\u00e7ala el restaurant\u00a0<strong>Zaranda<\/strong>\u00a0de Fernando P. Arellano d&#8217;es Capdell\u00e0 (Calvi\u00e0), amb 2 estrelles Michelin. Amb una estrella es troben els restaurants\u00a0<strong>Maca de Castro<\/strong>\u00a0(Alc\u00fadia),\u00a0<strong>Andreu Genestra\u00a0<\/strong>(Capdepera),\u00a0<strong>Es Fum\u00a0<\/strong>(Calvi\u00e0),\u00a0<strong>Adri\u00e1n Quetglas\u00a0<\/strong>(Palma),\u00a0<strong>Marc Fosch<\/strong>\u00a0(Palma) i\u00a0<strong>Es Rac\u00f3 des Teix<\/strong>\u00a0(Dei\u00e0).<\/p>\n<p>L&#8217;altra sorpresa s&#8217;ha donat a\u00a0<strong>Eivissa<\/strong>, ja que ha rebut una estrella Michelin el\u00a0<strong>restaurant Es Trag\u00f3n de Sant Anton<\/strong>i. Malauradament, <strong>Menorca<\/strong>\u00a0continua sense tenir cap restaurant amb estrella Michelin.<\/p>\n<p>Tot i aix\u00f2, cal dir que al capdavant del\u00a0<strong>restaurant Voro<\/strong>\u00a0s&#8217;hi troba\u00a0<strong>\u00c1lvaro Salazar<\/strong>, que va guanyar l&#8217;estrella Michelin amb el restaurant Argos del Port de Pollen\u00e7a ja desaparegut. Aquest cuiner andal\u00fas va comen\u00e7ar el mes de mar\u00e7 de 2019 una nova etapa amb tot el seu equip (<strong>Mario Wolgast<\/strong>,\u00a0<strong>Maria Cano<\/strong>\u00a0i\u00a0<strong>Sela Priego<\/strong>) a l&#8217;hotel Park Hyatt Mallorca, on ha seguit un estil molt semblant al d&#8217;Argos sense deixar d&#8217;evolucionar i de donar import\u00e0ncia al producte.<\/p>\n<p>El\u00a0<strong>restaurant Es Trag\u00f3n<\/strong>\u00a0de Sant Antoni\u00a0es troba en la carretera que uneix Cala Gracioneta i Cap Negret i\u00a0est\u00e0 encap\u00e7alat pel cuiner madrileny\u00a0<strong>\u00c1lvaro Sanz Clavijo<\/strong>. Aqu\u00ed fa equip amb l&#8217;empresari hoteler\u00a0<strong>Antoni Gallart.<\/strong>\u00a0Hi ofereixen una cuina que defineixen com a tradicional i canalla.<\/p>\n<p>D&#8217;aquesta manera, les Illes Balears poden presumir de tenir 10 estrelles Michelin, 9 a Mallorca, repartides entre 8 restaurants i una a Eivissa.<\/p>\n<h4><strong>Estrella Michelin a Mallorca i a Eivissa:<\/strong><\/h4>\n<p><strong>Amb 2 estrelles Michelin:<\/strong><\/p>\n<ul>\n<li>Restaurant\u00a0<strong>Zaranda\u00a0<\/strong>d\u2019es Capdell\u00e0 (Calvi\u00e0), amb dues estrelles. Cuiner: Fernando P\u00e9rez Arellano<\/li>\n<\/ul>\n<p><strong>Amb 1 estrella Michelin:<\/strong><\/p>\n<ul>\n<li>Restaurant\u00a0<strong>Adri\u00e1n Quetglas\u00a0<\/strong>de Palma, amb una estrella. Cuiner: Adrian Quetglas<\/li>\n<li>Restaurant\u00a0<strong>Andreu Genestra\u00a0<\/strong>de Capdepera, amb una estrella. Cuiner: Andreu Genestra<\/li>\n<li>Restaurant\u00a0<strong>MarcFosh\u00a0<\/strong>de Palma, amb una estrella. Cuiner: Marc Fosh (abans Simply Fosh)<\/li>\n<li>Restaurant\u00a0<strong>Maca de Castro\u00a0<\/strong>del Port d\u2019Alc\u00fadia, amb una estrella. Cuinera: Macarena de Castro<\/li>\n<li>Restaurant\u00a0<strong>Es Fum\u00a0<\/strong>de Palmanova (Calvi\u00e0), amb una estrella. Cuiner: Rafael S\u00e1nchez<\/li>\n<li>Restaurant\u00a0<strong>Es Rac\u00f3 d\u2019es Teix\u00a0<\/strong>de Dei\u00e0, amb una estrella. Cuiner: Joseph Sauerschell<\/li>\n<li>Restaurant\u00a0<strong>Es Trag\u00f3n<\/strong>de Sant Antoni de Portmany. Cuiner: \u00c1lvaro Sanz<\/li>\n<li>Restaurant\u00a0<strong>Voro\u00a0<\/strong>de Canyamel (Capdepera), amb una estrella. Cuiner: \u00c1lvaro Salazar<\/li>\n<\/ul>\n","protected":false},"excerpt":{"rendered":"<p>El Teatro Lope de Vega de Sevilla ha estat l&#8217;escenari que la\u00a0Guia Michelin\u00a0ha triat per anunciar&hellip;<\/p>\n","protected":false},"author":1,"featured_media":62449,"comment_status":"open","ping_status":"closed","sticky":false,"template":"","format":"gallery","meta":{"_acf_changed":false,"_swt_meta_header_display":false,"_swt_meta_footer_display":false,"_swt_meta_site_title_display":false,"_swt_meta_sticky_header":false,"_swt_meta_transparent_header":false,"footnotes":""},"categories":[1046,1479],"tags":[],"coauthors":[],"class_list":["post-62448","post","type-post","status-publish","format-gallery","has-post-thumbnail","hentry","category-actualitat-es-en","category-concursos-i-premis-en","post_format-post-format-gallery"],"acf":{"gallery":null,"home_date":{"home_begin_date":null,"home_end_date":null}},"yoast_head":"<!-- This site is optimized with the Yoast SEO plugin v27.4 - https:\/\/yoast.com\/product\/yoast-seo-wordpress\/ -->\n<title>El restaurant Voro de Mallorca i el restaurant Es Trag\u00f3n d&#039;Eivissa estrenen estrella Michelin - Gastron\u00f2micament<\/title>\n<meta name=\"description\" content=\"El restaurant Voro de Mallorca i el restaurant Es Trag\u00f3n d&#039;Eivissa estrenen estrella Michelin Actualitat, Concursos i premis El Teatro Lope de Vega de Sevilla ha estat l&#039;escenari que la\u00a0Guia Michelin\u00a0ha triat per anunciar els restaurants amb estrella Michelin d&#039;Espanya i Portugal\" \/>\n<meta name=\"robots\" content=\"index, follow, max-snippet:-1, max-image-preview:large, max-video-preview:-1\" \/>\n<link rel=\"canonical\" href=\"https:\/\/gastronomicament.cat\/en\/el-restaurant-voro-de-mallorca-i-el-restaurant-es-tragon-deivissa-estrenen-estrella-michelin\" \/>\n<meta property=\"og:locale\" content=\"en_US\" \/>\n<meta property=\"og:type\" content=\"article\" \/>\n<meta property=\"og:title\" content=\"El restaurant Voro de Mallorca i el restaurant Es Trag\u00f3n d&#039;Eivissa estrenen estrella Michelin - Gastron\u00f2micament\" \/>\n<meta property=\"og:description\" content=\"El restaurant Voro de Mallorca i el restaurant Es Trag\u00f3n d&#039;Eivissa estrenen estrella Michelin Actualitat, Concursos i premis El Teatro Lope de Vega de Sevilla ha estat l&#039;escenari que la\u00a0Guia Michelin\u00a0ha triat per anunciar els restaurants amb estrella Michelin d&#039;Espanya i Portugal\" \/>\n<meta property=\"og:url\" content=\"https:\/\/gastronomicament.cat\/en\/el-restaurant-voro-de-mallorca-i-el-restaurant-es-tragon-deivissa-estrenen-estrella-michelin\" \/>\n<meta property=\"og:site_name\" content=\"Gastron\u00f2micament\" \/>\n<meta property=\"article:published_time\" content=\"2019-11-21T08:09:19+00:00\" \/>\n<meta property=\"og:image\" content=\"https:\/\/gastronomicament.cat\/wp-content\/uploads\/2019\/11\/Restaurant-Es-Tragon-Eivissa-Sant-Antoni-de-Portmany.jpg\" \/>\n\t<meta property=\"og:image:width\" content=\"1614\" \/>\n\t<meta property=\"og:image:height\" content=\"1080\" \/>\n\t<meta property=\"og:image:type\" content=\"image\/jpeg\" \/>\n<meta name=\"author\" content=\"Redacci\u00f3\" \/>\n<meta name=\"twitter:card\" content=\"summary_large_image\" \/>\n<meta name=\"twitter:creator\" content=\"@gastronomicamen\" \/>\n<meta name=\"twitter:site\" content=\"@gastronomicamen\" \/>\n<meta name=\"twitter:label1\" content=\"Written by\" \/>\n\t<meta name=\"twitter:data1\" content=\"Redacci\u00f3\" \/>\n\t<meta name=\"twitter:label2\" content=\"Est. reading time\" \/>\n\t<meta name=\"twitter:data2\" content=\"2 minutes\" \/>\n<script type=\"application\/ld+json\" class=\"yoast-schema-graph\">{\"@context\":\"https:\\\/\\\/schema.org\",\"@graph\":[{\"@type\":\"Article\",\"@id\":\"https:\\\/\\\/gastronomicament.cat\\\/en\\\/el-restaurant-voro-de-mallorca-i-el-restaurant-es-tragon-deivissa-estrenen-estrella-michelin#article\",\"isPartOf\":{\"@id\":\"https:\\\/\\\/gastronomicament.cat\\\/en\\\/el-restaurant-voro-de-mallorca-i-el-restaurant-es-tragon-deivissa-estrenen-estrella-michelin\"},\"author\":{\"name\":\"Redacci\u00f3\",\"@id\":\"https:\\\/\\\/gastronomicament.cat\\\/en\\\/#\\\/schema\\\/person\\\/a7c85c537a1ed62799a5b8e0f686a37f\"},\"headline\":\"El restaurant Voro de Mallorca i el restaurant Es Trag\u00f3n d&#8217;Eivissa estrenen estrella Michelin\",\"datePublished\":\"2019-11-21T08:09:19+00:00\",\"mainEntityOfPage\":{\"@id\":\"https:\\\/\\\/gastronomicament.cat\\\/en\\\/el-restaurant-voro-de-mallorca-i-el-restaurant-es-tragon-deivissa-estrenen-estrella-michelin\"},\"wordCount\":442,\"commentCount\":0,\"publisher\":{\"@id\":\"https:\\\/\\\/gastronomicament.cat\\\/en\\\/#organization\"},\"image\":{\"@id\":\"https:\\\/\\\/gastronomicament.cat\\\/en\\\/el-restaurant-voro-de-mallorca-i-el-restaurant-es-tragon-deivissa-estrenen-estrella-michelin#primaryimage\"},\"thumbnailUrl\":\"https:\\\/\\\/gastronomicament.cat\\\/wp-content\\\/uploads\\\/2019\\\/11\\\/Restaurant-Es-Tragon-Eivissa-Sant-Antoni-de-Portmany.jpg\",\"articleSection\":[\"Actualitat\",\"Concursos i premis\"],\"inLanguage\":\"en-US\",\"potentialAction\":[{\"@type\":\"CommentAction\",\"name\":\"Comment\",\"target\":[\"https:\\\/\\\/gastronomicament.cat\\\/en\\\/el-restaurant-voro-de-mallorca-i-el-restaurant-es-tragon-deivissa-estrenen-estrella-michelin#respond\"]}]},{\"@type\":\"WebPage\",\"@id\":\"https:\\\/\\\/gastronomicament.cat\\\/en\\\/el-restaurant-voro-de-mallorca-i-el-restaurant-es-tragon-deivissa-estrenen-estrella-michelin\",\"url\":\"https:\\\/\\\/gastronomicament.cat\\\/en\\\/el-restaurant-voro-de-mallorca-i-el-restaurant-es-tragon-deivissa-estrenen-estrella-michelin\",\"name\":\"El restaurant Voro de Mallorca i el restaurant Es Trag\u00f3n d'Eivissa estrenen estrella Michelin - Gastron\u00f2micament\",\"isPartOf\":{\"@id\":\"https:\\\/\\\/gastronomicament.cat\\\/en\\\/#website\"},\"primaryImageOfPage\":{\"@id\":\"https:\\\/\\\/gastronomicament.cat\\\/en\\\/el-restaurant-voro-de-mallorca-i-el-restaurant-es-tragon-deivissa-estrenen-estrella-michelin#primaryimage\"},\"image\":{\"@id\":\"https:\\\/\\\/gastronomicament.cat\\\/en\\\/el-restaurant-voro-de-mallorca-i-el-restaurant-es-tragon-deivissa-estrenen-estrella-michelin#primaryimage\"},\"thumbnailUrl\":\"https:\\\/\\\/gastronomicament.cat\\\/wp-content\\\/uploads\\\/2019\\\/11\\\/Restaurant-Es-Tragon-Eivissa-Sant-Antoni-de-Portmany.jpg\",\"datePublished\":\"2019-11-21T08:09:19+00:00\",\"description\":\"El restaurant Voro de Mallorca i el restaurant Es Trag\u00f3n d'Eivissa estrenen estrella Michelin Actualitat, Concursos i premis El Teatro Lope de Vega de Sevilla ha estat l'escenari que la\u00a0Guia Michelin\u00a0ha triat per anunciar els restaurants amb estrella Michelin d'Espanya i Portugal\",\"inLanguage\":\"en-US\",\"potentialAction\":[{\"@type\":\"ReadAction\",\"target\":[\"https:\\\/\\\/gastronomicament.cat\\\/en\\\/el-restaurant-voro-de-mallorca-i-el-restaurant-es-tragon-deivissa-estrenen-estrella-michelin\"]}]},{\"@type\":\"ImageObject\",\"inLanguage\":\"en-US\",\"@id\":\"https:\\\/\\\/gastronomicament.cat\\\/en\\\/el-restaurant-voro-de-mallorca-i-el-restaurant-es-tragon-deivissa-estrenen-estrella-michelin#primaryimage\",\"url\":\"https:\\\/\\\/gastronomicament.cat\\\/wp-content\\\/uploads\\\/2019\\\/11\\\/Restaurant-Es-Tragon-Eivissa-Sant-Antoni-de-Portmany.jpg\",\"contentUrl\":\"https:\\\/\\\/gastronomicament.cat\\\/wp-content\\\/uploads\\\/2019\\\/11\\\/Restaurant-Es-Tragon-Eivissa-Sant-Antoni-de-Portmany.jpg\",\"width\":1614,\"height\":1080},{\"@type\":\"WebSite\",\"@id\":\"https:\\\/\\\/gastronomicament.cat\\\/en\\\/#website\",\"url\":\"https:\\\/\\\/gastronomicament.cat\\\/en\\\/\",\"name\":\"Gastron\u00f2micament\",\"description\":\"Portal de restaurants, receptes i actualitat gastron\u00f2mica\",\"publisher\":{\"@id\":\"https:\\\/\\\/gastronomicament.cat\\\/en\\\/#organization\"},\"potentialAction\":[{\"@type\":\"SearchAction\",\"target\":{\"@type\":\"EntryPoint\",\"urlTemplate\":\"https:\\\/\\\/gastronomicament.cat\\\/en\\\/?s={search_term_string}\"},\"query-input\":{\"@type\":\"PropertyValueSpecification\",\"valueRequired\":true,\"valueName\":\"search_term_string\"}}],\"inLanguage\":\"en-US\"},{\"@type\":\"Organization\",\"@id\":\"https:\\\/\\\/gastronomicament.cat\\\/en\\\/#organization\",\"name\":\"Gastron\u00f2micament\",\"url\":\"https:\\\/\\\/gastronomicament.cat\\\/en\\\/\",\"logo\":{\"@type\":\"ImageObject\",\"inLanguage\":\"en-US\",\"@id\":\"https:\\\/\\\/gastronomicament.cat\\\/en\\\/#\\\/schema\\\/logo\\\/image\\\/\",\"url\":\"https:\\\/\\\/gastronomicament.cat\\\/wp-content\\\/uploads\\\/2016\\\/09\\\/header-logo.jpg\",\"contentUrl\":\"https:\\\/\\\/gastronomicament.cat\\\/wp-content\\\/uploads\\\/2016\\\/09\\\/header-logo.jpg\",\"width\":277,\"height\":39,\"caption\":\"Gastron\u00f2micament\"},\"image\":{\"@id\":\"https:\\\/\\\/gastronomicament.cat\\\/en\\\/#\\\/schema\\\/logo\\\/image\\\/\"},\"sameAs\":[\"https:\\\/\\\/x.com\\\/gastronomicamen\"]},{\"@type\":\"Person\",\"@id\":\"https:\\\/\\\/gastronomicament.cat\\\/en\\\/#\\\/schema\\\/person\\\/a7c85c537a1ed62799a5b8e0f686a37f\",\"name\":\"Redacci\u00f3\",\"image\":{\"@type\":\"ImageObject\",\"inLanguage\":\"en-US\",\"@id\":\"https:\\\/\\\/secure.gravatar.com\\\/avatar\\\/9489a485c464fd611d33825daae651d13db70c4e74c65c94937a15a9d4c3ee14?s=96&d=mm&r=g69fea3cce3645dfa2166e7293e22955e\",\"url\":\"https:\\\/\\\/secure.gravatar.com\\\/avatar\\\/9489a485c464fd611d33825daae651d13db70c4e74c65c94937a15a9d4c3ee14?s=96&d=mm&r=g\",\"contentUrl\":\"https:\\\/\\\/secure.gravatar.com\\\/avatar\\\/9489a485c464fd611d33825daae651d13db70c4e74c65c94937a15a9d4c3ee14?s=96&d=mm&r=g\",\"caption\":\"Redacci\u00f3\"},\"sameAs\":[\"http:\\\/\\\/gastronomicament.cat\"],\"url\":\"https:\\\/\\\/gastronomicament.cat\\\/en\\\/author\\\/admin\"}]}<\/script>\n<!-- \/ Yoast SEO plugin. -->","yoast_head_json":{"title":"El restaurant Voro de Mallorca i el restaurant Es Trag\u00f3n d'Eivissa estrenen estrella Michelin - Gastron\u00f2micament","description":"El restaurant Voro de Mallorca i el restaurant Es Trag\u00f3n d'Eivissa estrenen estrella Michelin Actualitat, Concursos i premis El Teatro Lope de Vega de Sevilla ha estat l'escenari que la\u00a0Guia Michelin\u00a0ha triat per anunciar els restaurants amb estrella Michelin d'Espanya i Portugal","robots":{"index":"index","follow":"follow","max-snippet":"max-snippet:-1","max-image-preview":"max-image-preview:large","max-video-preview":"max-video-preview:-1"},"canonical":"https:\/\/gastronomicament.cat\/en\/el-restaurant-voro-de-mallorca-i-el-restaurant-es-tragon-deivissa-estrenen-estrella-michelin","og_locale":"en_US","og_type":"article","og_title":"El restaurant Voro de Mallorca i el restaurant Es Trag\u00f3n d'Eivissa estrenen estrella Michelin - Gastron\u00f2micament","og_description":"El restaurant Voro de Mallorca i el restaurant Es Trag\u00f3n d'Eivissa estrenen estrella Michelin Actualitat, Concursos i premis El Teatro Lope de Vega de Sevilla ha estat l'escenari que la\u00a0Guia Michelin\u00a0ha triat per anunciar els restaurants amb estrella Michelin d'Espanya i Portugal","og_url":"https:\/\/gastronomicament.cat\/en\/el-restaurant-voro-de-mallorca-i-el-restaurant-es-tragon-deivissa-estrenen-estrella-michelin","og_site_name":"Gastron\u00f2micament","article_published_time":"2019-11-21T08:09:19+00:00","og_image":[{"width":1614,"height":1080,"url":"https:\/\/gastronomicament.cat\/wp-content\/uploads\/2019\/11\/Restaurant-Es-Tragon-Eivissa-Sant-Antoni-de-Portmany.jpg","type":"image\/jpeg"}],"author":"Redacci\u00f3","twitter_card":"summary_large_image","twitter_creator":"@gastronomicamen","twitter_site":"@gastronomicamen","twitter_misc":{"Written by":"Redacci\u00f3","Est. reading time":"2 minutes"},"schema":{"@context":"https:\/\/schema.org","@graph":[{"@type":"Article","@id":"https:\/\/gastronomicament.cat\/en\/el-restaurant-voro-de-mallorca-i-el-restaurant-es-tragon-deivissa-estrenen-estrella-michelin#article","isPartOf":{"@id":"https:\/\/gastronomicament.cat\/en\/el-restaurant-voro-de-mallorca-i-el-restaurant-es-tragon-deivissa-estrenen-estrella-michelin"},"author":{"name":"Redacci\u00f3","@id":"https:\/\/gastronomicament.cat\/en\/#\/schema\/person\/a7c85c537a1ed62799a5b8e0f686a37f"},"headline":"El restaurant Voro de Mallorca i el restaurant Es Trag\u00f3n d&#8217;Eivissa estrenen estrella Michelin","datePublished":"2019-11-21T08:09:19+00:00","mainEntityOfPage":{"@id":"https:\/\/gastronomicament.cat\/en\/el-restaurant-voro-de-mallorca-i-el-restaurant-es-tragon-deivissa-estrenen-estrella-michelin"},"wordCount":442,"commentCount":0,"publisher":{"@id":"https:\/\/gastronomicament.cat\/en\/#organization"},"image":{"@id":"https:\/\/gastronomicament.cat\/en\/el-restaurant-voro-de-mallorca-i-el-restaurant-es-tragon-deivissa-estrenen-estrella-michelin#primaryimage"},"thumbnailUrl":"https:\/\/gastronomicament.cat\/wp-content\/uploads\/2019\/11\/Restaurant-Es-Tragon-Eivissa-Sant-Antoni-de-Portmany.jpg","articleSection":["Actualitat","Concursos i premis"],"inLanguage":"en-US","potentialAction":[{"@type":"CommentAction","name":"Comment","target":["https:\/\/gastronomicament.cat\/en\/el-restaurant-voro-de-mallorca-i-el-restaurant-es-tragon-deivissa-estrenen-estrella-michelin#respond"]}]},{"@type":"WebPage","@id":"https:\/\/gastronomicament.cat\/en\/el-restaurant-voro-de-mallorca-i-el-restaurant-es-tragon-deivissa-estrenen-estrella-michelin","url":"https:\/\/gastronomicament.cat\/en\/el-restaurant-voro-de-mallorca-i-el-restaurant-es-tragon-deivissa-estrenen-estrella-michelin","name":"El restaurant Voro de Mallorca i el restaurant Es Trag\u00f3n d'Eivissa estrenen estrella Michelin - Gastron\u00f2micament","isPartOf":{"@id":"https:\/\/gastronomicament.cat\/en\/#website"},"primaryImageOfPage":{"@id":"https:\/\/gastronomicament.cat\/en\/el-restaurant-voro-de-mallorca-i-el-restaurant-es-tragon-deivissa-estrenen-estrella-michelin#primaryimage"},"image":{"@id":"https:\/\/gastronomicament.cat\/en\/el-restaurant-voro-de-mallorca-i-el-restaurant-es-tragon-deivissa-estrenen-estrella-michelin#primaryimage"},"thumbnailUrl":"https:\/\/gastronomicament.cat\/wp-content\/uploads\/2019\/11\/Restaurant-Es-Tragon-Eivissa-Sant-Antoni-de-Portmany.jpg","datePublished":"2019-11-21T08:09:19+00:00","description":"El restaurant Voro de Mallorca i el restaurant Es Trag\u00f3n d'Eivissa estrenen estrella Michelin Actualitat, Concursos i premis El Teatro Lope de Vega de Sevilla ha estat l'escenari que la\u00a0Guia Michelin\u00a0ha triat per anunciar els restaurants amb estrella Michelin d'Espanya i Portugal","inLanguage":"en-US","potentialAction":[{"@type":"ReadAction","target":["https:\/\/gastronomicament.cat\/en\/el-restaurant-voro-de-mallorca-i-el-restaurant-es-tragon-deivissa-estrenen-estrella-michelin"]}]},{"@type":"ImageObject","inLanguage":"en-US","@id":"https:\/\/gastronomicament.cat\/en\/el-restaurant-voro-de-mallorca-i-el-restaurant-es-tragon-deivissa-estrenen-estrella-michelin#primaryimage","url":"https:\/\/gastronomicament.cat\/wp-content\/uploads\/2019\/11\/Restaurant-Es-Tragon-Eivissa-Sant-Antoni-de-Portmany.jpg","contentUrl":"https:\/\/gastronomicament.cat\/wp-content\/uploads\/2019\/11\/Restaurant-Es-Tragon-Eivissa-Sant-Antoni-de-Portmany.jpg","width":1614,"height":1080},{"@type":"WebSite","@id":"https:\/\/gastronomicament.cat\/en\/#website","url":"https:\/\/gastronomicament.cat\/en\/","name":"Gastron\u00f2micament","description":"Portal de restaurants, receptes i actualitat gastron\u00f2mica","publisher":{"@id":"https:\/\/gastronomicament.cat\/en\/#organization"},"potentialAction":[{"@type":"SearchAction","target":{"@type":"EntryPoint","urlTemplate":"https:\/\/gastronomicament.cat\/en\/?s={search_term_string}"},"query-input":{"@type":"PropertyValueSpecification","valueRequired":true,"valueName":"search_term_string"}}],"inLanguage":"en-US"},{"@type":"Organization","@id":"https:\/\/gastronomicament.cat\/en\/#organization","name":"Gastron\u00f2micament","url":"https:\/\/gastronomicament.cat\/en\/","logo":{"@type":"ImageObject","inLanguage":"en-US","@id":"https:\/\/gastronomicament.cat\/en\/#\/schema\/logo\/image\/","url":"https:\/\/gastronomicament.cat\/wp-content\/uploads\/2016\/09\/header-logo.jpg","contentUrl":"https:\/\/gastronomicament.cat\/wp-content\/uploads\/2016\/09\/header-logo.jpg","width":277,"height":39,"caption":"Gastron\u00f2micament"},"image":{"@id":"https:\/\/gastronomicament.cat\/en\/#\/schema\/logo\/image\/"},"sameAs":["https:\/\/x.com\/gastronomicamen"]},{"@type":"Person","@id":"https:\/\/gastronomicament.cat\/en\/#\/schema\/person\/a7c85c537a1ed62799a5b8e0f686a37f","name":"Redacci\u00f3","image":{"@type":"ImageObject","inLanguage":"en-US","@id":"https:\/\/secure.gravatar.com\/avatar\/9489a485c464fd611d33825daae651d13db70c4e74c65c94937a15a9d4c3ee14?s=96&d=mm&r=g69fea3cce3645dfa2166e7293e22955e","url":"https:\/\/secure.gravatar.com\/avatar\/9489a485c464fd611d33825daae651d13db70c4e74c65c94937a15a9d4c3ee14?s=96&d=mm&r=g","contentUrl":"https:\/\/secure.gravatar.com\/avatar\/9489a485c464fd611d33825daae651d13db70c4e74c65c94937a15a9d4c3ee14?s=96&d=mm&r=g","caption":"Redacci\u00f3"},"sameAs":["http:\/\/gastronomicament.cat"],"url":"https:\/\/gastronomicament.cat\/en\/author\/admin"}]}},"_links":{"self":[{"href":"https:\/\/gastronomicament.cat\/en\/wp-json\/wp\/v2\/posts\/62448","targetHints":{"allow":["GET"]}}],"collection":[{"href":"https:\/\/gastronomicament.cat\/en\/wp-json\/wp\/v2\/posts"}],"about":[{"href":"https:\/\/gastronomicament.cat\/en\/wp-json\/wp\/v2\/types\/post"}],"author":[{"embeddable":true,"href":"https:\/\/gastronomicament.cat\/en\/wp-json\/wp\/v2\/users\/1"}],"replies":[{"embeddable":true,"href":"https:\/\/gastronomicament.cat\/en\/wp-json\/wp\/v2\/comments?post=62448"}],"version-history":[{"count":0,"href":"https:\/\/gastronomicament.cat\/en\/wp-json\/wp\/v2\/posts\/62448\/revisions"}],"wp:featuredmedia":[{"embeddable":true,"href":"https:\/\/gastronomicament.cat\/en\/wp-json\/wp\/v2\/media\/62449"}],"wp:attachment":[{"href":"https:\/\/gastronomicament.cat\/en\/wp-json\/wp\/v2\/media?parent=62448"}],"wp:term":[{"taxonomy":"category","embeddable":true,"href":"https:\/\/gastronomicament.cat\/en\/wp-json\/wp\/v2\/categories?post=62448"},{"taxonomy":"post_tag","embeddable":true,"href":"https:\/\/gastronomicament.cat\/en\/wp-json\/wp\/v2\/tags?post=62448"},{"taxonomy":"author","embeddable":true,"href":"https:\/\/gastronomicament.cat\/en\/wp-json\/wp\/v2\/coauthors?post=62448"}],"curies":[{"name":"wp","href":"https:\/\/api.w.org\/{rel}","templated":true}]}}