{"id":63597,"date":"2019-06-19T12:44:47","date_gmt":"2019-06-19T10:44:47","guid":{"rendered":"https:\/\/gastronomicament.cat\/llubi-va-de-tapes-amb-taperes"},"modified":"2019-06-19T12:44:47","modified_gmt":"2019-06-19T10:44:47","slug":"llubi-va-de-tapes-amb-taperes","status":"publish","type":"post","link":"https:\/\/gastronomicament.cat\/en\/llubi-va-de-tapes-amb-taperes","title":{"rendered":"[:es]Llub\u00ed va de Tapes amb T\u00e0peres [:]"},"content":{"rendered":"<p>L&#8217;Ajuntament de\u00a0<strong>Llub\u00ed\u00a0<\/strong>celebra d&#8217;una manera ben saborosa el que antigament es coneixia com la Fira de la T\u00e0pera.<\/p>\n<p>Des de fa 4 anys, v\u00e0ren fer una volta al concepte i l&#8217;han convertida en una\u00a0<strong>ruta de tape<\/strong>s en qu\u00e8 l&#8217;ingredient principal que no hi pot faltar \u00e9s la\u00a0<strong>t\u00e0pera<\/strong>. El motiu \u00e9s la tradici\u00f3 que encara es viu a Llub\u00ed per cultivar aquest aliment.<\/p>\n<p>La cita tendr\u00e0 lloc el<strong>\u00a0dissabte 22 de juliol, a partir de les 20 hores<\/strong>\u00a0i hi participen\u00a0<strong>7 restaurants i 2 forns<\/strong>, a m\u00e9s de la col\u00b7laboraci\u00f3 de Conserves Rossell\u00f3, Sa Llubinera i Glosa Marina.<\/p>\n<p>Com a atracci\u00f3, tamb\u00e9 hi haur\u00e0 un<strong>\u00a0tren que recorrer\u00e0 tots els establiments participants<\/strong>.<\/p>\n","protected":false},"excerpt":{"rendered":"<p>[:es]L&#8217;Ajuntament de\u00a0Llub\u00ed\u00a0celebra d&#8217;una manera ben saborosa el que antigament es coneixia com la Fira de la&hellip;<\/p>\n","protected":false},"author":1,"featured_media":63598,"comment_status":"open","ping_status":"closed","sticky":false,"template":"","format":"standard","meta":{"_acf_changed":false,"_swt_meta_header_display":false,"_swt_meta_footer_display":false,"_swt_meta_site_title_display":false,"_swt_meta_sticky_header":false,"_swt_meta_transparent_header":false,"footnotes":""},"categories":[1046,1471],"tags":[],"coauthors":[],"class_list":["post-63597","post","type-post","status-publish","format-standard","has-post-thumbnail","hentry","category-actualitat-es-en","category-fires-i-rutes-en"],"acf":{"gallery":null,"home_date":{"home_begin_date":null,"home_end_date":null}},"yoast_head":"<!-- This site is optimized with the Yoast SEO plugin v27.4 - https:\/\/yoast.com\/product\/yoast-seo-wordpress\/ -->\n<title>[:es]Llub\u00ed va de Tapes amb T\u00e0peres [:] - Gastron\u00f2micament<\/title>\n<meta name=\"description\" content=\"[:es]Llub\u00ed va de Tapes amb T\u00e0peres [:] Actualitat, Fires i rutes L&#039;Ajuntament de\u00a0Llub\u00ed\u00a0celebra d&#039;una manera ben saborosa el que antigament es coneixia com la Fira de la T\u00e0pera.\u00a0\" \/>\n<meta name=\"robots\" content=\"index, follow, max-snippet:-1, max-image-preview:large, max-video-preview:-1\" \/>\n<link rel=\"canonical\" href=\"https:\/\/gastronomicament.cat\/en\/llubi-va-de-tapes-amb-taperes\" \/>\n<meta property=\"og:locale\" content=\"en_US\" \/>\n<meta property=\"og:type\" content=\"article\" \/>\n<meta property=\"og:title\" content=\"[:es]Llub\u00ed va de Tapes amb T\u00e0peres [:] - Gastron\u00f2micament\" \/>\n<meta property=\"og:description\" content=\"[:es]Llub\u00ed va de Tapes amb T\u00e0peres [:] Actualitat, Fires i rutes L&#039;Ajuntament de\u00a0Llub\u00ed\u00a0celebra d&#039;una manera ben saborosa el que antigament es coneixia com la Fira de la T\u00e0pera.\u00a0\" \/>\n<meta property=\"og:url\" content=\"https:\/\/gastronomicament.cat\/en\/llubi-va-de-tapes-amb-taperes\" \/>\n<meta property=\"og:site_name\" content=\"Gastron\u00f2micament\" \/>\n<meta property=\"article:published_time\" content=\"2019-06-19T10:44:47+00:00\" \/>\n<meta property=\"og:image\" content=\"https:\/\/gastronomicament.cat\/wp-content\/uploads\/2019\/06\/Llubi-va-de-Tapes-amb-Taperes-2019.jpg\" \/>\n\t<meta property=\"og:image:width\" content=\"802\" \/>\n\t<meta property=\"og:image:height\" content=\"480\" \/>\n\t<meta property=\"og:image:type\" content=\"image\/jpeg\" \/>\n<meta name=\"author\" content=\"Redacci\u00f3\" \/>\n<meta name=\"twitter:card\" content=\"summary_large_image\" \/>\n<meta name=\"twitter:creator\" content=\"@gastronomicamen\" \/>\n<meta name=\"twitter:site\" content=\"@gastronomicamen\" \/>\n<meta name=\"twitter:label1\" content=\"Written by\" \/>\n\t<meta name=\"twitter:data1\" content=\"Redacci\u00f3\" \/>\n\t<meta name=\"twitter:label2\" content=\"Est. reading time\" \/>\n\t<meta name=\"twitter:data2\" content=\"1 minute\" \/>\n<script type=\"application\/ld+json\" class=\"yoast-schema-graph\">{\"@context\":\"https:\\\/\\\/schema.org\",\"@graph\":[{\"@type\":\"Article\",\"@id\":\"https:\\\/\\\/gastronomicament.cat\\\/en\\\/llubi-va-de-tapes-amb-taperes#article\",\"isPartOf\":{\"@id\":\"https:\\\/\\\/gastronomicament.cat\\\/en\\\/llubi-va-de-tapes-amb-taperes\"},\"author\":{\"name\":\"Redacci\u00f3\",\"@id\":\"https:\\\/\\\/gastronomicament.cat\\\/en\\\/#\\\/schema\\\/person\\\/a7c85c537a1ed62799a5b8e0f686a37f\"},\"headline\":\"[:es]Llub\u00ed va de Tapes amb T\u00e0peres [:]\",\"datePublished\":\"2019-06-19T10:44:47+00:00\",\"mainEntityOfPage\":{\"@id\":\"https:\\\/\\\/gastronomicament.cat\\\/en\\\/llubi-va-de-tapes-amb-taperes\"},\"wordCount\":123,\"commentCount\":0,\"publisher\":{\"@id\":\"https:\\\/\\\/gastronomicament.cat\\\/en\\\/#organization\"},\"image\":{\"@id\":\"https:\\\/\\\/gastronomicament.cat\\\/en\\\/llubi-va-de-tapes-amb-taperes#primaryimage\"},\"thumbnailUrl\":\"https:\\\/\\\/gastronomicament.cat\\\/wp-content\\\/uploads\\\/2019\\\/06\\\/Llubi-va-de-Tapes-amb-Taperes-2019.jpg\",\"articleSection\":[\"Actualitat\",\"Fires i rutes\"],\"inLanguage\":\"en-US\",\"potentialAction\":[{\"@type\":\"CommentAction\",\"name\":\"Comment\",\"target\":[\"https:\\\/\\\/gastronomicament.cat\\\/en\\\/llubi-va-de-tapes-amb-taperes#respond\"]}]},{\"@type\":\"WebPage\",\"@id\":\"https:\\\/\\\/gastronomicament.cat\\\/en\\\/llubi-va-de-tapes-amb-taperes\",\"url\":\"https:\\\/\\\/gastronomicament.cat\\\/en\\\/llubi-va-de-tapes-amb-taperes\",\"name\":\"[:es]Llub\u00ed va de Tapes amb T\u00e0peres [:] - Gastron\u00f2micament\",\"isPartOf\":{\"@id\":\"https:\\\/\\\/gastronomicament.cat\\\/en\\\/#website\"},\"primaryImageOfPage\":{\"@id\":\"https:\\\/\\\/gastronomicament.cat\\\/en\\\/llubi-va-de-tapes-amb-taperes#primaryimage\"},\"image\":{\"@id\":\"https:\\\/\\\/gastronomicament.cat\\\/en\\\/llubi-va-de-tapes-amb-taperes#primaryimage\"},\"thumbnailUrl\":\"https:\\\/\\\/gastronomicament.cat\\\/wp-content\\\/uploads\\\/2019\\\/06\\\/Llubi-va-de-Tapes-amb-Taperes-2019.jpg\",\"datePublished\":\"2019-06-19T10:44:47+00:00\",\"description\":\"[:es]Llub\u00ed va de Tapes amb T\u00e0peres [:] Actualitat, Fires i rutes L'Ajuntament de\u00a0Llub\u00ed\u00a0celebra d'una manera ben saborosa el que antigament es coneixia com la Fira de la T\u00e0pera.\u00a0\",\"inLanguage\":\"en-US\",\"potentialAction\":[{\"@type\":\"ReadAction\",\"target\":[\"https:\\\/\\\/gastronomicament.cat\\\/en\\\/llubi-va-de-tapes-amb-taperes\"]}]},{\"@type\":\"ImageObject\",\"inLanguage\":\"en-US\",\"@id\":\"https:\\\/\\\/gastronomicament.cat\\\/en\\\/llubi-va-de-tapes-amb-taperes#primaryimage\",\"url\":\"https:\\\/\\\/gastronomicament.cat\\\/wp-content\\\/uploads\\\/2019\\\/06\\\/Llubi-va-de-Tapes-amb-Taperes-2019.jpg\",\"contentUrl\":\"https:\\\/\\\/gastronomicament.cat\\\/wp-content\\\/uploads\\\/2019\\\/06\\\/Llubi-va-de-Tapes-amb-Taperes-2019.jpg\",\"width\":802,\"height\":480},{\"@type\":\"WebSite\",\"@id\":\"https:\\\/\\\/gastronomicament.cat\\\/en\\\/#website\",\"url\":\"https:\\\/\\\/gastronomicament.cat\\\/en\\\/\",\"name\":\"Gastron\u00f2micament\",\"description\":\"Portal de restaurants, receptes i actualitat gastron\u00f2mica\",\"publisher\":{\"@id\":\"https:\\\/\\\/gastronomicament.cat\\\/en\\\/#organization\"},\"potentialAction\":[{\"@type\":\"SearchAction\",\"target\":{\"@type\":\"EntryPoint\",\"urlTemplate\":\"https:\\\/\\\/gastronomicament.cat\\\/en\\\/?s={search_term_string}\"},\"query-input\":{\"@type\":\"PropertyValueSpecification\",\"valueRequired\":true,\"valueName\":\"search_term_string\"}}],\"inLanguage\":\"en-US\"},{\"@type\":\"Organization\",\"@id\":\"https:\\\/\\\/gastronomicament.cat\\\/en\\\/#organization\",\"name\":\"Gastron\u00f2micament\",\"url\":\"https:\\\/\\\/gastronomicament.cat\\\/en\\\/\",\"logo\":{\"@type\":\"ImageObject\",\"inLanguage\":\"en-US\",\"@id\":\"https:\\\/\\\/gastronomicament.cat\\\/en\\\/#\\\/schema\\\/logo\\\/image\\\/\",\"url\":\"https:\\\/\\\/gastronomicament.cat\\\/wp-content\\\/uploads\\\/2016\\\/09\\\/header-logo.jpg\",\"contentUrl\":\"https:\\\/\\\/gastronomicament.cat\\\/wp-content\\\/uploads\\\/2016\\\/09\\\/header-logo.jpg\",\"width\":277,\"height\":39,\"caption\":\"Gastron\u00f2micament\"},\"image\":{\"@id\":\"https:\\\/\\\/gastronomicament.cat\\\/en\\\/#\\\/schema\\\/logo\\\/image\\\/\"},\"sameAs\":[\"https:\\\/\\\/x.com\\\/gastronomicamen\"]},{\"@type\":\"Person\",\"@id\":\"https:\\\/\\\/gastronomicament.cat\\\/en\\\/#\\\/schema\\\/person\\\/a7c85c537a1ed62799a5b8e0f686a37f\",\"name\":\"Redacci\u00f3\",\"image\":{\"@type\":\"ImageObject\",\"inLanguage\":\"en-US\",\"@id\":\"https:\\\/\\\/secure.gravatar.com\\\/avatar\\\/9489a485c464fd611d33825daae651d13db70c4e74c65c94937a15a9d4c3ee14?s=96&d=mm&r=g69fea3cce3645dfa2166e7293e22955e\",\"url\":\"https:\\\/\\\/secure.gravatar.com\\\/avatar\\\/9489a485c464fd611d33825daae651d13db70c4e74c65c94937a15a9d4c3ee14?s=96&d=mm&r=g\",\"contentUrl\":\"https:\\\/\\\/secure.gravatar.com\\\/avatar\\\/9489a485c464fd611d33825daae651d13db70c4e74c65c94937a15a9d4c3ee14?s=96&d=mm&r=g\",\"caption\":\"Redacci\u00f3\"},\"sameAs\":[\"http:\\\/\\\/gastronomicament.cat\"],\"url\":\"https:\\\/\\\/gastronomicament.cat\\\/en\\\/author\\\/admin\"}]}<\/script>\n<!-- \/ Yoast SEO plugin. -->","yoast_head_json":{"title":"[:es]Llub\u00ed va de Tapes amb T\u00e0peres [:] - Gastron\u00f2micament","description":"[:es]Llub\u00ed va de Tapes amb T\u00e0peres [:] Actualitat, Fires i rutes L'Ajuntament de\u00a0Llub\u00ed\u00a0celebra d'una manera ben saborosa el que antigament es coneixia com la Fira de la T\u00e0pera.\u00a0","robots":{"index":"index","follow":"follow","max-snippet":"max-snippet:-1","max-image-preview":"max-image-preview:large","max-video-preview":"max-video-preview:-1"},"canonical":"https:\/\/gastronomicament.cat\/en\/llubi-va-de-tapes-amb-taperes","og_locale":"en_US","og_type":"article","og_title":"[:es]Llub\u00ed va de Tapes amb T\u00e0peres [:] - Gastron\u00f2micament","og_description":"[:es]Llub\u00ed va de Tapes amb T\u00e0peres [:] Actualitat, Fires i rutes L'Ajuntament de\u00a0Llub\u00ed\u00a0celebra d'una manera ben saborosa el que antigament es coneixia com la Fira de la T\u00e0pera.\u00a0","og_url":"https:\/\/gastronomicament.cat\/en\/llubi-va-de-tapes-amb-taperes","og_site_name":"Gastron\u00f2micament","article_published_time":"2019-06-19T10:44:47+00:00","og_image":[{"width":802,"height":480,"url":"https:\/\/gastronomicament.cat\/wp-content\/uploads\/2019\/06\/Llubi-va-de-Tapes-amb-Taperes-2019.jpg","type":"image\/jpeg"}],"author":"Redacci\u00f3","twitter_card":"summary_large_image","twitter_creator":"@gastronomicamen","twitter_site":"@gastronomicamen","twitter_misc":{"Written by":"Redacci\u00f3","Est. reading time":"1 minute"},"schema":{"@context":"https:\/\/schema.org","@graph":[{"@type":"Article","@id":"https:\/\/gastronomicament.cat\/en\/llubi-va-de-tapes-amb-taperes#article","isPartOf":{"@id":"https:\/\/gastronomicament.cat\/en\/llubi-va-de-tapes-amb-taperes"},"author":{"name":"Redacci\u00f3","@id":"https:\/\/gastronomicament.cat\/en\/#\/schema\/person\/a7c85c537a1ed62799a5b8e0f686a37f"},"headline":"[:es]Llub\u00ed va de Tapes amb T\u00e0peres [:]","datePublished":"2019-06-19T10:44:47+00:00","mainEntityOfPage":{"@id":"https:\/\/gastronomicament.cat\/en\/llubi-va-de-tapes-amb-taperes"},"wordCount":123,"commentCount":0,"publisher":{"@id":"https:\/\/gastronomicament.cat\/en\/#organization"},"image":{"@id":"https:\/\/gastronomicament.cat\/en\/llubi-va-de-tapes-amb-taperes#primaryimage"},"thumbnailUrl":"https:\/\/gastronomicament.cat\/wp-content\/uploads\/2019\/06\/Llubi-va-de-Tapes-amb-Taperes-2019.jpg","articleSection":["Actualitat","Fires i rutes"],"inLanguage":"en-US","potentialAction":[{"@type":"CommentAction","name":"Comment","target":["https:\/\/gastronomicament.cat\/en\/llubi-va-de-tapes-amb-taperes#respond"]}]},{"@type":"WebPage","@id":"https:\/\/gastronomicament.cat\/en\/llubi-va-de-tapes-amb-taperes","url":"https:\/\/gastronomicament.cat\/en\/llubi-va-de-tapes-amb-taperes","name":"[:es]Llub\u00ed va de Tapes amb T\u00e0peres [:] - Gastron\u00f2micament","isPartOf":{"@id":"https:\/\/gastronomicament.cat\/en\/#website"},"primaryImageOfPage":{"@id":"https:\/\/gastronomicament.cat\/en\/llubi-va-de-tapes-amb-taperes#primaryimage"},"image":{"@id":"https:\/\/gastronomicament.cat\/en\/llubi-va-de-tapes-amb-taperes#primaryimage"},"thumbnailUrl":"https:\/\/gastronomicament.cat\/wp-content\/uploads\/2019\/06\/Llubi-va-de-Tapes-amb-Taperes-2019.jpg","datePublished":"2019-06-19T10:44:47+00:00","description":"[:es]Llub\u00ed va de Tapes amb T\u00e0peres [:] Actualitat, Fires i rutes L'Ajuntament de\u00a0Llub\u00ed\u00a0celebra d'una manera ben saborosa el que antigament es coneixia com la Fira de la T\u00e0pera.\u00a0","inLanguage":"en-US","potentialAction":[{"@type":"ReadAction","target":["https:\/\/gastronomicament.cat\/en\/llubi-va-de-tapes-amb-taperes"]}]},{"@type":"ImageObject","inLanguage":"en-US","@id":"https:\/\/gastronomicament.cat\/en\/llubi-va-de-tapes-amb-taperes#primaryimage","url":"https:\/\/gastronomicament.cat\/wp-content\/uploads\/2019\/06\/Llubi-va-de-Tapes-amb-Taperes-2019.jpg","contentUrl":"https:\/\/gastronomicament.cat\/wp-content\/uploads\/2019\/06\/Llubi-va-de-Tapes-amb-Taperes-2019.jpg","width":802,"height":480},{"@type":"WebSite","@id":"https:\/\/gastronomicament.cat\/en\/#website","url":"https:\/\/gastronomicament.cat\/en\/","name":"Gastron\u00f2micament","description":"Portal de restaurants, receptes i actualitat gastron\u00f2mica","publisher":{"@id":"https:\/\/gastronomicament.cat\/en\/#organization"},"potentialAction":[{"@type":"SearchAction","target":{"@type":"EntryPoint","urlTemplate":"https:\/\/gastronomicament.cat\/en\/?s={search_term_string}"},"query-input":{"@type":"PropertyValueSpecification","valueRequired":true,"valueName":"search_term_string"}}],"inLanguage":"en-US"},{"@type":"Organization","@id":"https:\/\/gastronomicament.cat\/en\/#organization","name":"Gastron\u00f2micament","url":"https:\/\/gastronomicament.cat\/en\/","logo":{"@type":"ImageObject","inLanguage":"en-US","@id":"https:\/\/gastronomicament.cat\/en\/#\/schema\/logo\/image\/","url":"https:\/\/gastronomicament.cat\/wp-content\/uploads\/2016\/09\/header-logo.jpg","contentUrl":"https:\/\/gastronomicament.cat\/wp-content\/uploads\/2016\/09\/header-logo.jpg","width":277,"height":39,"caption":"Gastron\u00f2micament"},"image":{"@id":"https:\/\/gastronomicament.cat\/en\/#\/schema\/logo\/image\/"},"sameAs":["https:\/\/x.com\/gastronomicamen"]},{"@type":"Person","@id":"https:\/\/gastronomicament.cat\/en\/#\/schema\/person\/a7c85c537a1ed62799a5b8e0f686a37f","name":"Redacci\u00f3","image":{"@type":"ImageObject","inLanguage":"en-US","@id":"https:\/\/secure.gravatar.com\/avatar\/9489a485c464fd611d33825daae651d13db70c4e74c65c94937a15a9d4c3ee14?s=96&d=mm&r=g69fea3cce3645dfa2166e7293e22955e","url":"https:\/\/secure.gravatar.com\/avatar\/9489a485c464fd611d33825daae651d13db70c4e74c65c94937a15a9d4c3ee14?s=96&d=mm&r=g","contentUrl":"https:\/\/secure.gravatar.com\/avatar\/9489a485c464fd611d33825daae651d13db70c4e74c65c94937a15a9d4c3ee14?s=96&d=mm&r=g","caption":"Redacci\u00f3"},"sameAs":["http:\/\/gastronomicament.cat"],"url":"https:\/\/gastronomicament.cat\/en\/author\/admin"}]}},"_links":{"self":[{"href":"https:\/\/gastronomicament.cat\/en\/wp-json\/wp\/v2\/posts\/63597","targetHints":{"allow":["GET"]}}],"collection":[{"href":"https:\/\/gastronomicament.cat\/en\/wp-json\/wp\/v2\/posts"}],"about":[{"href":"https:\/\/gastronomicament.cat\/en\/wp-json\/wp\/v2\/types\/post"}],"author":[{"embeddable":true,"href":"https:\/\/gastronomicament.cat\/en\/wp-json\/wp\/v2\/users\/1"}],"replies":[{"embeddable":true,"href":"https:\/\/gastronomicament.cat\/en\/wp-json\/wp\/v2\/comments?post=63597"}],"version-history":[{"count":0,"href":"https:\/\/gastronomicament.cat\/en\/wp-json\/wp\/v2\/posts\/63597\/revisions"}],"wp:featuredmedia":[{"embeddable":true,"href":"https:\/\/gastronomicament.cat\/en\/wp-json\/wp\/v2\/media\/63598"}],"wp:attachment":[{"href":"https:\/\/gastronomicament.cat\/en\/wp-json\/wp\/v2\/media?parent=63597"}],"wp:term":[{"taxonomy":"category","embeddable":true,"href":"https:\/\/gastronomicament.cat\/en\/wp-json\/wp\/v2\/categories?post=63597"},{"taxonomy":"post_tag","embeddable":true,"href":"https:\/\/gastronomicament.cat\/en\/wp-json\/wp\/v2\/tags?post=63597"},{"taxonomy":"author","embeddable":true,"href":"https:\/\/gastronomicament.cat\/en\/wp-json\/wp\/v2\/coauthors?post=63597"}],"curies":[{"name":"wp","href":"https:\/\/api.w.org\/{rel}","templated":true}]}}