{"id":64415,"date":"2019-05-09T10:25:35","date_gmt":"2019-05-09T08:25:35","guid":{"rendered":"https:\/\/gastronomicament.cat\/labella-mallorquina-protagonitza-la-fira-ramadera-de-son-carrio"},"modified":"2022-04-09T09:55:42","modified_gmt":"2022-04-09T07:55:42","slug":"labella-mallorquina-protagonitza-la-fira-ramadera-de-son-carrio","status":"publish","type":"post","link":"https:\/\/gastronomicament.cat\/en\/labella-mallorquina-protagonitza-la-fira-ramadera-de-son-carrio","title":{"rendered":"L&#8217;abella mallorquina protagonitza la Fira Ramadera de Son Carri\u00f3"},"content":{"rendered":"<p>Com cada any, Son Carri\u00f3 celebra una de les fires de refer\u00e8ncia de la primavera mallorquina. La\u00a0<strong>Fira Ramadera de Son Carri\u00f3<\/strong>\u00a0se celebra aquest\u00a0<strong>diumenge 12 de maig<\/strong>, i a m\u00e9s de les paradetes d&#8217;artesania, de productes agr\u00edcoles i ramaders, l&#8217;<strong>abella mallorquina en ser\u00e0 el protagonista<\/strong>.<\/p>\n<p>Per aix\u00f2, l&#8217;<strong>Ajuntament de Sant Lloren\u00e7<\/strong>\u00a0ha preparat una exposici\u00f3 per donar a con\u00e8ixer aquest animal i els productes que se&#8217;n deriven. De fet, les abelles s\u00f3n el grup m\u00e9s important de pol\u00b7linitzadors, essencials per a la reproducci\u00f3 i persist\u00e8ncia de moltes plantes silvestres i cultivades. A l&#8217;exposici\u00f3, s&#8217;hi podran con\u00e8ixer els perills que corren, amb insecticides, canvi clim\u00e0tic, etc; a m\u00e9s de donar a con\u00e8ixer de ben a prop la feina dels apicultors que s&#8217;encarreguen de cuidar-les i d&#8217;extreure&#8217;n la mel.<\/p>\n<p>Despr\u00e9s de 23 anys de la primera edici\u00f3, la Fira de Son Carri\u00f3 continua amb l&#8217;objectiu de promocionar el producte balear. D&#8217;aquesta manera ha esdevingut un espai de refer\u00e8ncia, de trobada i de foment de productes aut\u00f2ctons.<\/p>\n<p><strong>Concurs morfol\u00f2gic de l&#8217;ovella de ra\u00e7a mallorquina<\/strong><\/p>\n<p>Tot i aix\u00f2, la fira t\u00e9 un car\u00e0cter ramader, per aquest motiu, els animals sempre hi s\u00f3n presents, sobretot les races aut\u00f2ctones. De fet, s\u00f3n un atractiu de la fira, concretaments als voltants del centre cultural de Ca n\u2019Apol\u00b7l\u00f2nia on sempre hi ha pres\u00e8ncia i varietat d\u2019animals com els cans de bestiar, raters, eivissencs, porcs, gallines i coloms&#8230; Per\u00f2, sobretot els darrers anys s\u2019ha fet una aposta important per l\u2019ovella de ra\u00e7a mallorquina. El diumenge de la fira, s&#8217;hi celebra el tradicional concurs morfol\u00f2gic de l\u2019ovella de ra\u00e7a mallorquina, en el qual hi participen m\u00e9s de 32 corrals de diferents finques de Mallorca, amb aquest concurs el que s\u2019intenta \u00e9s donar suport a l\u2019Associaci\u00f3 de l\u2019Ovella de Ra\u00e7a Mallorquina, que \u00e9s la que l\u2018organitza, tant en la cria com en la producci\u00f3 i comercialitzaci\u00f3 del me mallorqu\u00ed.<\/p>\n","protected":false},"excerpt":{"rendered":"<p>Com cada any, Son Carri\u00f3 celebra una de les fires de refer\u00e8ncia de la primavera mallorquina.&hellip;<\/p>\n","protected":false},"author":1,"featured_media":64416,"comment_status":"open","ping_status":"closed","sticky":false,"template":"","format":"gallery","meta":{"_acf_changed":false,"_swt_meta_header_display":false,"_swt_meta_footer_display":false,"_swt_meta_site_title_display":false,"_swt_meta_sticky_header":false,"_swt_meta_transparent_header":false,"footnotes":""},"categories":[1046,1471],"tags":[],"coauthors":[],"class_list":["post-64415","post","type-post","status-publish","format-gallery","has-post-thumbnail","hentry","category-actualitat-es-en","category-fires-i-rutes-en","post_format-post-format-gallery"],"acf":{"gallery":null,"home_date":{"home_begin_date":null,"home_end_date":null}},"yoast_head":"<!-- This site is optimized with the Yoast SEO plugin v27.4 - https:\/\/yoast.com\/product\/yoast-seo-wordpress\/ -->\n<title>L&#039;abella mallorquina protagonitza la Fira Ramadera de Son Carri\u00f3 - Gastron\u00f2micament<\/title>\n<meta name=\"description\" content=\"L&#039;abella mallorquina protagonitza la Fira Ramadera de Son Carri\u00f3 Actualitat, Fires i rutes Com cada any, Son Carri\u00f3 celebra una de les fires de refer\u00e8ncia de la primavera mallorquina. La\u00a0Fira Ramadera de Son Carri\u00f3\u00a0se celebra aquest\u00a0diumenge 12 de maig\" \/>\n<meta name=\"robots\" content=\"index, follow, max-snippet:-1, max-image-preview:large, max-video-preview:-1\" \/>\n<link rel=\"canonical\" href=\"https:\/\/gastronomicament.cat\/en\/labella-mallorquina-protagonitza-la-fira-ramadera-de-son-carrio\" \/>\n<meta property=\"og:locale\" content=\"en_US\" \/>\n<meta property=\"og:type\" content=\"article\" \/>\n<meta property=\"og:title\" content=\"L&#039;abella mallorquina protagonitza la Fira Ramadera de Son Carri\u00f3 - Gastron\u00f2micament\" \/>\n<meta property=\"og:description\" content=\"L&#039;abella mallorquina protagonitza la Fira Ramadera de Son Carri\u00f3 Actualitat, Fires i rutes Com cada any, Son Carri\u00f3 celebra una de les fires de refer\u00e8ncia de la primavera mallorquina. La\u00a0Fira Ramadera de Son Carri\u00f3\u00a0se celebra aquest\u00a0diumenge 12 de maig\" \/>\n<meta property=\"og:url\" content=\"https:\/\/gastronomicament.cat\/en\/labella-mallorquina-protagonitza-la-fira-ramadera-de-son-carrio\" \/>\n<meta property=\"og:site_name\" content=\"Gastron\u00f2micament\" \/>\n<meta property=\"article:published_time\" content=\"2019-05-09T08:25:35+00:00\" \/>\n<meta property=\"article:modified_time\" content=\"2022-04-09T07:55:42+00:00\" \/>\n<meta property=\"og:image\" content=\"https:\/\/gastronomicament.cat\/wp-content\/uploads\/2019\/05\/Fira-Son-Carrio-2019.jpg\" \/>\n\t<meta property=\"og:image:width\" content=\"961\" \/>\n\t<meta property=\"og:image:height\" content=\"475\" \/>\n\t<meta property=\"og:image:type\" content=\"image\/jpeg\" \/>\n<meta name=\"author\" content=\"Redacci\u00f3\" \/>\n<meta name=\"twitter:card\" content=\"summary_large_image\" \/>\n<meta name=\"twitter:creator\" content=\"@gastronomicamen\" \/>\n<meta name=\"twitter:site\" content=\"@gastronomicamen\" \/>\n<meta name=\"twitter:label1\" content=\"Written by\" \/>\n\t<meta name=\"twitter:data1\" content=\"Redacci\u00f3\" \/>\n\t<meta name=\"twitter:label2\" content=\"Est. reading time\" \/>\n\t<meta name=\"twitter:data2\" content=\"2 minutes\" \/>\n<script type=\"application\/ld+json\" class=\"yoast-schema-graph\">{\"@context\":\"https:\\\/\\\/schema.org\",\"@graph\":[{\"@type\":\"Article\",\"@id\":\"https:\\\/\\\/gastronomicament.cat\\\/en\\\/labella-mallorquina-protagonitza-la-fira-ramadera-de-son-carrio#article\",\"isPartOf\":{\"@id\":\"https:\\\/\\\/gastronomicament.cat\\\/en\\\/labella-mallorquina-protagonitza-la-fira-ramadera-de-son-carrio\"},\"author\":{\"name\":\"Redacci\u00f3\",\"@id\":\"https:\\\/\\\/gastronomicament.cat\\\/en\\\/#\\\/schema\\\/person\\\/a7c85c537a1ed62799a5b8e0f686a37f\"},\"headline\":\"L&#8217;abella mallorquina protagonitza la Fira Ramadera de Son Carri\u00f3\",\"datePublished\":\"2019-05-09T08:25:35+00:00\",\"dateModified\":\"2022-04-09T07:55:42+00:00\",\"mainEntityOfPage\":{\"@id\":\"https:\\\/\\\/gastronomicament.cat\\\/en\\\/labella-mallorquina-protagonitza-la-fira-ramadera-de-son-carrio\"},\"wordCount\":354,\"commentCount\":0,\"publisher\":{\"@id\":\"https:\\\/\\\/gastronomicament.cat\\\/en\\\/#organization\"},\"image\":{\"@id\":\"https:\\\/\\\/gastronomicament.cat\\\/en\\\/labella-mallorquina-protagonitza-la-fira-ramadera-de-son-carrio#primaryimage\"},\"thumbnailUrl\":\"https:\\\/\\\/gastronomicament.cat\\\/wp-content\\\/uploads\\\/2019\\\/05\\\/Fira-Son-Carrio-2019.jpg\",\"articleSection\":[\"Actualitat\",\"Fires i rutes\"],\"inLanguage\":\"en-US\",\"potentialAction\":[{\"@type\":\"CommentAction\",\"name\":\"Comment\",\"target\":[\"https:\\\/\\\/gastronomicament.cat\\\/en\\\/labella-mallorquina-protagonitza-la-fira-ramadera-de-son-carrio#respond\"]}]},{\"@type\":\"WebPage\",\"@id\":\"https:\\\/\\\/gastronomicament.cat\\\/en\\\/labella-mallorquina-protagonitza-la-fira-ramadera-de-son-carrio\",\"url\":\"https:\\\/\\\/gastronomicament.cat\\\/en\\\/labella-mallorquina-protagonitza-la-fira-ramadera-de-son-carrio\",\"name\":\"L'abella mallorquina protagonitza la Fira Ramadera de Son Carri\u00f3 - Gastron\u00f2micament\",\"isPartOf\":{\"@id\":\"https:\\\/\\\/gastronomicament.cat\\\/en\\\/#website\"},\"primaryImageOfPage\":{\"@id\":\"https:\\\/\\\/gastronomicament.cat\\\/en\\\/labella-mallorquina-protagonitza-la-fira-ramadera-de-son-carrio#primaryimage\"},\"image\":{\"@id\":\"https:\\\/\\\/gastronomicament.cat\\\/en\\\/labella-mallorquina-protagonitza-la-fira-ramadera-de-son-carrio#primaryimage\"},\"thumbnailUrl\":\"https:\\\/\\\/gastronomicament.cat\\\/wp-content\\\/uploads\\\/2019\\\/05\\\/Fira-Son-Carrio-2019.jpg\",\"datePublished\":\"2019-05-09T08:25:35+00:00\",\"dateModified\":\"2022-04-09T07:55:42+00:00\",\"description\":\"L'abella mallorquina protagonitza la Fira Ramadera de Son Carri\u00f3 Actualitat, Fires i rutes Com cada any, Son Carri\u00f3 celebra una de les fires de refer\u00e8ncia de la primavera mallorquina. La\u00a0Fira Ramadera de Son Carri\u00f3\u00a0se celebra aquest\u00a0diumenge 12 de maig\",\"inLanguage\":\"en-US\",\"potentialAction\":[{\"@type\":\"ReadAction\",\"target\":[\"https:\\\/\\\/gastronomicament.cat\\\/en\\\/labella-mallorquina-protagonitza-la-fira-ramadera-de-son-carrio\"]}]},{\"@type\":\"ImageObject\",\"inLanguage\":\"en-US\",\"@id\":\"https:\\\/\\\/gastronomicament.cat\\\/en\\\/labella-mallorquina-protagonitza-la-fira-ramadera-de-son-carrio#primaryimage\",\"url\":\"https:\\\/\\\/gastronomicament.cat\\\/wp-content\\\/uploads\\\/2019\\\/05\\\/Fira-Son-Carrio-2019.jpg\",\"contentUrl\":\"https:\\\/\\\/gastronomicament.cat\\\/wp-content\\\/uploads\\\/2019\\\/05\\\/Fira-Son-Carrio-2019.jpg\",\"width\":961,\"height\":475},{\"@type\":\"WebSite\",\"@id\":\"https:\\\/\\\/gastronomicament.cat\\\/en\\\/#website\",\"url\":\"https:\\\/\\\/gastronomicament.cat\\\/en\\\/\",\"name\":\"Gastron\u00f2micament\",\"description\":\"Portal de restaurants, receptes i actualitat gastron\u00f2mica\",\"publisher\":{\"@id\":\"https:\\\/\\\/gastronomicament.cat\\\/en\\\/#organization\"},\"potentialAction\":[{\"@type\":\"SearchAction\",\"target\":{\"@type\":\"EntryPoint\",\"urlTemplate\":\"https:\\\/\\\/gastronomicament.cat\\\/en\\\/?s={search_term_string}\"},\"query-input\":{\"@type\":\"PropertyValueSpecification\",\"valueRequired\":true,\"valueName\":\"search_term_string\"}}],\"inLanguage\":\"en-US\"},{\"@type\":\"Organization\",\"@id\":\"https:\\\/\\\/gastronomicament.cat\\\/en\\\/#organization\",\"name\":\"Gastron\u00f2micament\",\"url\":\"https:\\\/\\\/gastronomicament.cat\\\/en\\\/\",\"logo\":{\"@type\":\"ImageObject\",\"inLanguage\":\"en-US\",\"@id\":\"https:\\\/\\\/gastronomicament.cat\\\/en\\\/#\\\/schema\\\/logo\\\/image\\\/\",\"url\":\"https:\\\/\\\/gastronomicament.cat\\\/wp-content\\\/uploads\\\/2016\\\/09\\\/header-logo.jpg\",\"contentUrl\":\"https:\\\/\\\/gastronomicament.cat\\\/wp-content\\\/uploads\\\/2016\\\/09\\\/header-logo.jpg\",\"width\":277,\"height\":39,\"caption\":\"Gastron\u00f2micament\"},\"image\":{\"@id\":\"https:\\\/\\\/gastronomicament.cat\\\/en\\\/#\\\/schema\\\/logo\\\/image\\\/\"},\"sameAs\":[\"https:\\\/\\\/x.com\\\/gastronomicamen\"]},{\"@type\":\"Person\",\"@id\":\"https:\\\/\\\/gastronomicament.cat\\\/en\\\/#\\\/schema\\\/person\\\/a7c85c537a1ed62799a5b8e0f686a37f\",\"name\":\"Redacci\u00f3\",\"image\":{\"@type\":\"ImageObject\",\"inLanguage\":\"en-US\",\"@id\":\"https:\\\/\\\/secure.gravatar.com\\\/avatar\\\/9489a485c464fd611d33825daae651d13db70c4e74c65c94937a15a9d4c3ee14?s=96&d=mm&r=g69fea3cce3645dfa2166e7293e22955e\",\"url\":\"https:\\\/\\\/secure.gravatar.com\\\/avatar\\\/9489a485c464fd611d33825daae651d13db70c4e74c65c94937a15a9d4c3ee14?s=96&d=mm&r=g\",\"contentUrl\":\"https:\\\/\\\/secure.gravatar.com\\\/avatar\\\/9489a485c464fd611d33825daae651d13db70c4e74c65c94937a15a9d4c3ee14?s=96&d=mm&r=g\",\"caption\":\"Redacci\u00f3\"},\"sameAs\":[\"http:\\\/\\\/gastronomicament.cat\"],\"url\":\"https:\\\/\\\/gastronomicament.cat\\\/en\\\/author\\\/admin\"}]}<\/script>\n<!-- \/ Yoast SEO plugin. -->","yoast_head_json":{"title":"L'abella mallorquina protagonitza la Fira Ramadera de Son Carri\u00f3 - Gastron\u00f2micament","description":"L'abella mallorquina protagonitza la Fira Ramadera de Son Carri\u00f3 Actualitat, Fires i rutes Com cada any, Son Carri\u00f3 celebra una de les fires de refer\u00e8ncia de la primavera mallorquina. La\u00a0Fira Ramadera de Son Carri\u00f3\u00a0se celebra aquest\u00a0diumenge 12 de maig","robots":{"index":"index","follow":"follow","max-snippet":"max-snippet:-1","max-image-preview":"max-image-preview:large","max-video-preview":"max-video-preview:-1"},"canonical":"https:\/\/gastronomicament.cat\/en\/labella-mallorquina-protagonitza-la-fira-ramadera-de-son-carrio","og_locale":"en_US","og_type":"article","og_title":"L'abella mallorquina protagonitza la Fira Ramadera de Son Carri\u00f3 - Gastron\u00f2micament","og_description":"L'abella mallorquina protagonitza la Fira Ramadera de Son Carri\u00f3 Actualitat, Fires i rutes Com cada any, Son Carri\u00f3 celebra una de les fires de refer\u00e8ncia de la primavera mallorquina. La\u00a0Fira Ramadera de Son Carri\u00f3\u00a0se celebra aquest\u00a0diumenge 12 de maig","og_url":"https:\/\/gastronomicament.cat\/en\/labella-mallorquina-protagonitza-la-fira-ramadera-de-son-carrio","og_site_name":"Gastron\u00f2micament","article_published_time":"2019-05-09T08:25:35+00:00","article_modified_time":"2022-04-09T07:55:42+00:00","og_image":[{"width":961,"height":475,"url":"https:\/\/gastronomicament.cat\/wp-content\/uploads\/2019\/05\/Fira-Son-Carrio-2019.jpg","type":"image\/jpeg"}],"author":"Redacci\u00f3","twitter_card":"summary_large_image","twitter_creator":"@gastronomicamen","twitter_site":"@gastronomicamen","twitter_misc":{"Written by":"Redacci\u00f3","Est. reading time":"2 minutes"},"schema":{"@context":"https:\/\/schema.org","@graph":[{"@type":"Article","@id":"https:\/\/gastronomicament.cat\/en\/labella-mallorquina-protagonitza-la-fira-ramadera-de-son-carrio#article","isPartOf":{"@id":"https:\/\/gastronomicament.cat\/en\/labella-mallorquina-protagonitza-la-fira-ramadera-de-son-carrio"},"author":{"name":"Redacci\u00f3","@id":"https:\/\/gastronomicament.cat\/en\/#\/schema\/person\/a7c85c537a1ed62799a5b8e0f686a37f"},"headline":"L&#8217;abella mallorquina protagonitza la Fira Ramadera de Son Carri\u00f3","datePublished":"2019-05-09T08:25:35+00:00","dateModified":"2022-04-09T07:55:42+00:00","mainEntityOfPage":{"@id":"https:\/\/gastronomicament.cat\/en\/labella-mallorquina-protagonitza-la-fira-ramadera-de-son-carrio"},"wordCount":354,"commentCount":0,"publisher":{"@id":"https:\/\/gastronomicament.cat\/en\/#organization"},"image":{"@id":"https:\/\/gastronomicament.cat\/en\/labella-mallorquina-protagonitza-la-fira-ramadera-de-son-carrio#primaryimage"},"thumbnailUrl":"https:\/\/gastronomicament.cat\/wp-content\/uploads\/2019\/05\/Fira-Son-Carrio-2019.jpg","articleSection":["Actualitat","Fires i rutes"],"inLanguage":"en-US","potentialAction":[{"@type":"CommentAction","name":"Comment","target":["https:\/\/gastronomicament.cat\/en\/labella-mallorquina-protagonitza-la-fira-ramadera-de-son-carrio#respond"]}]},{"@type":"WebPage","@id":"https:\/\/gastronomicament.cat\/en\/labella-mallorquina-protagonitza-la-fira-ramadera-de-son-carrio","url":"https:\/\/gastronomicament.cat\/en\/labella-mallorquina-protagonitza-la-fira-ramadera-de-son-carrio","name":"L'abella mallorquina protagonitza la Fira Ramadera de Son Carri\u00f3 - Gastron\u00f2micament","isPartOf":{"@id":"https:\/\/gastronomicament.cat\/en\/#website"},"primaryImageOfPage":{"@id":"https:\/\/gastronomicament.cat\/en\/labella-mallorquina-protagonitza-la-fira-ramadera-de-son-carrio#primaryimage"},"image":{"@id":"https:\/\/gastronomicament.cat\/en\/labella-mallorquina-protagonitza-la-fira-ramadera-de-son-carrio#primaryimage"},"thumbnailUrl":"https:\/\/gastronomicament.cat\/wp-content\/uploads\/2019\/05\/Fira-Son-Carrio-2019.jpg","datePublished":"2019-05-09T08:25:35+00:00","dateModified":"2022-04-09T07:55:42+00:00","description":"L'abella mallorquina protagonitza la Fira Ramadera de Son Carri\u00f3 Actualitat, Fires i rutes Com cada any, Son Carri\u00f3 celebra una de les fires de refer\u00e8ncia de la primavera mallorquina. La\u00a0Fira Ramadera de Son Carri\u00f3\u00a0se celebra aquest\u00a0diumenge 12 de maig","inLanguage":"en-US","potentialAction":[{"@type":"ReadAction","target":["https:\/\/gastronomicament.cat\/en\/labella-mallorquina-protagonitza-la-fira-ramadera-de-son-carrio"]}]},{"@type":"ImageObject","inLanguage":"en-US","@id":"https:\/\/gastronomicament.cat\/en\/labella-mallorquina-protagonitza-la-fira-ramadera-de-son-carrio#primaryimage","url":"https:\/\/gastronomicament.cat\/wp-content\/uploads\/2019\/05\/Fira-Son-Carrio-2019.jpg","contentUrl":"https:\/\/gastronomicament.cat\/wp-content\/uploads\/2019\/05\/Fira-Son-Carrio-2019.jpg","width":961,"height":475},{"@type":"WebSite","@id":"https:\/\/gastronomicament.cat\/en\/#website","url":"https:\/\/gastronomicament.cat\/en\/","name":"Gastron\u00f2micament","description":"Portal de restaurants, receptes i actualitat gastron\u00f2mica","publisher":{"@id":"https:\/\/gastronomicament.cat\/en\/#organization"},"potentialAction":[{"@type":"SearchAction","target":{"@type":"EntryPoint","urlTemplate":"https:\/\/gastronomicament.cat\/en\/?s={search_term_string}"},"query-input":{"@type":"PropertyValueSpecification","valueRequired":true,"valueName":"search_term_string"}}],"inLanguage":"en-US"},{"@type":"Organization","@id":"https:\/\/gastronomicament.cat\/en\/#organization","name":"Gastron\u00f2micament","url":"https:\/\/gastronomicament.cat\/en\/","logo":{"@type":"ImageObject","inLanguage":"en-US","@id":"https:\/\/gastronomicament.cat\/en\/#\/schema\/logo\/image\/","url":"https:\/\/gastronomicament.cat\/wp-content\/uploads\/2016\/09\/header-logo.jpg","contentUrl":"https:\/\/gastronomicament.cat\/wp-content\/uploads\/2016\/09\/header-logo.jpg","width":277,"height":39,"caption":"Gastron\u00f2micament"},"image":{"@id":"https:\/\/gastronomicament.cat\/en\/#\/schema\/logo\/image\/"},"sameAs":["https:\/\/x.com\/gastronomicamen"]},{"@type":"Person","@id":"https:\/\/gastronomicament.cat\/en\/#\/schema\/person\/a7c85c537a1ed62799a5b8e0f686a37f","name":"Redacci\u00f3","image":{"@type":"ImageObject","inLanguage":"en-US","@id":"https:\/\/secure.gravatar.com\/avatar\/9489a485c464fd611d33825daae651d13db70c4e74c65c94937a15a9d4c3ee14?s=96&d=mm&r=g69fea3cce3645dfa2166e7293e22955e","url":"https:\/\/secure.gravatar.com\/avatar\/9489a485c464fd611d33825daae651d13db70c4e74c65c94937a15a9d4c3ee14?s=96&d=mm&r=g","contentUrl":"https:\/\/secure.gravatar.com\/avatar\/9489a485c464fd611d33825daae651d13db70c4e74c65c94937a15a9d4c3ee14?s=96&d=mm&r=g","caption":"Redacci\u00f3"},"sameAs":["http:\/\/gastronomicament.cat"],"url":"https:\/\/gastronomicament.cat\/en\/author\/admin"}]}},"_links":{"self":[{"href":"https:\/\/gastronomicament.cat\/en\/wp-json\/wp\/v2\/posts\/64415","targetHints":{"allow":["GET"]}}],"collection":[{"href":"https:\/\/gastronomicament.cat\/en\/wp-json\/wp\/v2\/posts"}],"about":[{"href":"https:\/\/gastronomicament.cat\/en\/wp-json\/wp\/v2\/types\/post"}],"author":[{"embeddable":true,"href":"https:\/\/gastronomicament.cat\/en\/wp-json\/wp\/v2\/users\/1"}],"replies":[{"embeddable":true,"href":"https:\/\/gastronomicament.cat\/en\/wp-json\/wp\/v2\/comments?post=64415"}],"version-history":[{"count":0,"href":"https:\/\/gastronomicament.cat\/en\/wp-json\/wp\/v2\/posts\/64415\/revisions"}],"wp:featuredmedia":[{"embeddable":true,"href":"https:\/\/gastronomicament.cat\/en\/wp-json\/wp\/v2\/media\/64416"}],"wp:attachment":[{"href":"https:\/\/gastronomicament.cat\/en\/wp-json\/wp\/v2\/media?parent=64415"}],"wp:term":[{"taxonomy":"category","embeddable":true,"href":"https:\/\/gastronomicament.cat\/en\/wp-json\/wp\/v2\/categories?post=64415"},{"taxonomy":"post_tag","embeddable":true,"href":"https:\/\/gastronomicament.cat\/en\/wp-json\/wp\/v2\/tags?post=64415"},{"taxonomy":"author","embeddable":true,"href":"https:\/\/gastronomicament.cat\/en\/wp-json\/wp\/v2\/coauthors?post=64415"}],"curies":[{"name":"wp","href":"https:\/\/api.w.org\/{rel}","templated":true}]}}