{"id":64530,"date":"2019-04-30T13:47:23","date_gmt":"2019-04-30T11:47:23","guid":{"rendered":"https:\/\/gastronomicament.cat\/pecat-2015-magnum-cava-pere-ventura-gran-vintage-2014-voche-graciano-2014"},"modified":"2019-04-30T13:47:23","modified_gmt":"2019-04-30T11:47:23","slug":"pecat-2015-magnum-cava-pere-ventura-gran-vintage-2014-voche-graciano-2014","status":"publish","type":"post","link":"https:\/\/gastronomicament.cat\/en\/pecat-2015-magnum-cava-pere-ventura-gran-vintage-2014-voche-graciano-2014","title":{"rendered":"Pecat 2015 Magnum &#8211; Cava Pere Ventura Gran Vintage 2014 &#8211; Voch\u00e9 Graciano 2014"},"content":{"rendered":"<h4><strong>Pecat 2015 Magnum<\/strong><\/h4>\n<p><a href=\"https:\/\/gastronomicament.cat\/wp-content\/uploads\/2019\/04\/Magnum-Pecat-2015-Vi-de-la-Terra.jpg\"><img decoding=\"async\" class=\"alignleft wp-image-24101 size-medium\" src=\"https:\/\/gastronomicament.cat\/wp-content\/uploads\/2019\/04\/Magnum-Pecat-2015-Vi-de-la-Terra-300x300.jpg\" alt=\"\" width=\"300\" height=\"300\" srcset=\"https:\/\/gastronomicament.cat\/wp-content\/uploads\/2019\/04\/Magnum-Pecat-2015-Vi-de-la-Terra-300x300.jpg 300w, https:\/\/gastronomicament.cat\/wp-content\/uploads\/2019\/04\/Magnum-Pecat-2015-Vi-de-la-Terra-150x150.jpg 150w, https:\/\/gastronomicament.cat\/wp-content\/uploads\/2019\/04\/Magnum-Pecat-2015-Vi-de-la-Terra-768x768.jpg 768w, https:\/\/gastronomicament.cat\/wp-content\/uploads\/2019\/04\/Magnum-Pecat-2015-Vi-de-la-Terra-50x50.jpg 50w, https:\/\/gastronomicament.cat\/wp-content\/uploads\/2019\/04\/Magnum-Pecat-2015-Vi-de-la-Terra-650x650.jpg 650w, https:\/\/gastronomicament.cat\/wp-content\/uploads\/2019\/04\/Magnum-Pecat-2015-Vi-de-la-Terra-60x60.jpg 60w, https:\/\/gastronomicament.cat\/wp-content\/uploads\/2019\/04\/Magnum-Pecat-2015-Vi-de-la-Terra.jpg 773w\" sizes=\"(max-width: 300px) 100vw, 300px\" \/><\/a>El petit celler familiar Canyelles i Batle presenta l&#8217;anyada del 2015 del seu \u00fanic vi, Pecat. Est\u00e0 emmarcat en la indicaci\u00f3 geogr\u00e0fica Vi de la Terra Mallorca, a partir de les varietats Merlot, Sir\u00e0 i Cabernet Sauvignon, que es cultiven a la finca de Son Sim\u00f3 Vell, al municipi d&#8217;Alc\u00fadia. \u00c9s un vi amb cos, de color vermell intens, d&#8217;agradable i llarg final. El m\u00e0gnum est\u00e0 decorat amb una etiqueta de l&#8217;artista giron\u00ed, afincat a Mallorca, Pep Sirvent. Veremat i seleccionat a m\u00e0, Pecat t\u00e9 una crian\u00e7a en botes noves de roure franc\u00e8s Cad\u00fas de 18 mesos, sense premsats ni filtrats i reposa 18 mesos m\u00e9s en botella. Preu: 24 euros<\/p>\n<p>&nbsp;<\/p>\n<p>&nbsp;<\/p>\n<p>&nbsp;<\/p>\n<p>&nbsp;<\/p>\n<h4>Cava Pere Ventura Gran Vintage 2014<\/h4>\n<p><a href=\"https:\/\/gastronomicament.cat\/wp-content\/uploads\/2019\/04\/Cava-Pere-Ventura-Gran-Vintage-2014.jpg\"><img decoding=\"async\" class=\"alignleft wp-image-24102 size-medium\" src=\"https:\/\/gastronomicament.cat\/wp-content\/uploads\/2019\/04\/Cava-Pere-Ventura-Gran-Vintage-2014-300x300.jpg\" alt=\"\" width=\"300\" height=\"300\" srcset=\"https:\/\/gastronomicament.cat\/wp-content\/uploads\/2019\/04\/Cava-Pere-Ventura-Gran-Vintage-2014-300x300.jpg 300w, https:\/\/gastronomicament.cat\/wp-content\/uploads\/2019\/04\/Cava-Pere-Ventura-Gran-Vintage-2014-150x150.jpg 150w, https:\/\/gastronomicament.cat\/wp-content\/uploads\/2019\/04\/Cava-Pere-Ventura-Gran-Vintage-2014-50x50.jpg 50w, https:\/\/gastronomicament.cat\/wp-content\/uploads\/2019\/04\/Cava-Pere-Ventura-Gran-Vintage-2014-650x650.jpg 650w, https:\/\/gastronomicament.cat\/wp-content\/uploads\/2019\/04\/Cava-Pere-Ventura-Gran-Vintage-2014-60x60.jpg 60w, https:\/\/gastronomicament.cat\/wp-content\/uploads\/2019\/04\/Cava-Pere-Ventura-Gran-Vintage-2014.jpg 671w\" sizes=\"(max-width: 300px) 100vw, 300px\" \/><\/a><\/p>\n<p>Vi escum\u00f3s per fermentaci\u00f3 espont\u00e0nia del celler Pere Ventura, amb una crian\u00e7a m\u00ednima de 42 mesos. \u00c9s un vi molt gastron\u00f2mic, amb personalitat elaborat amb un cupatge de\u00a0Macabeu i Xarel\u00b7lo de cinc parcel\u00b7les de vinyes velles que integren el Paratge Qualificat Can Bas. Destaca per uns color daurat intens, aroma afruitat i records d&#8217;ametlla fresca i nous. De bombolla\u00a0fina bombona, a la boca\u00a0\u00e9s fresc, net, equilibrat\u00a0 i gener\u00f3s amb sensacions de fruita fresca. Preu: 52,9 euros.<\/p>\n<p>&nbsp;<\/p>\n<p>&nbsp;<\/p>\n<p>&nbsp;<\/p>\n<p>&nbsp;<\/p>\n<h4>Voch\u00e9. Graciano Selecci\u00f3n 2014<\/h4>\n<p><a href=\"https:\/\/gastronomicament.cat\/wp-content\/uploads\/2019\/04\/Voch\u00e9-Graciano-Selecci\u00f3n-2014.jpg\"><img decoding=\"async\" class=\"alignleft wp-image-24103 size-medium\" src=\"https:\/\/gastronomicament.cat\/wp-content\/uploads\/2019\/04\/Voch\u00e9-Graciano-Selecci\u00f3n-2014-300x300.jpg\" alt=\"\" width=\"300\" height=\"300\" srcset=\"https:\/\/gastronomicament.cat\/wp-content\/uploads\/2019\/04\/Voch\u00e9-Graciano-Selecci\u00f3n-2014-300x300.jpg 300w, https:\/\/gastronomicament.cat\/wp-content\/uploads\/2019\/04\/Voch\u00e9-Graciano-Selecci\u00f3n-2014-150x150.jpg 150w, https:\/\/gastronomicament.cat\/wp-content\/uploads\/2019\/04\/Voch\u00e9-Graciano-Selecci\u00f3n-2014-50x50.jpg 50w, https:\/\/gastronomicament.cat\/wp-content\/uploads\/2019\/04\/Voch\u00e9-Graciano-Selecci\u00f3n-2014-60x60.jpg 60w, https:\/\/gastronomicament.cat\/wp-content\/uploads\/2019\/04\/Voch\u00e9-Graciano-Selecci\u00f3n-2014.jpg 455w\" sizes=\"(max-width: 300px) 100vw, 300px\" \/><\/a><\/p>\n<p>Vi particular i sorprenent, 100% monovarietal de Graciano. Aquest vi de la Denominaci\u00f3 d&#8217;Origen Qualificada Rioja est\u00e0 elaborat pel celler Bodegas Manzanos. Reposa 12 mesos en barriques de roure franc\u00e8s i roman\u00e8s i continua envellint 6 mesos m\u00e9s en botella abans de sortir al mercat. El resultat \u00e9s un vi particular, amb un vermell rub\u00ed d&#8217;alta intensitat, net i brillant. \u00c9s explosiu al nas, amb records de panses i d\u00e0til, i en boca \u00e9s estructurat, amb una complexa retronasal de fruites negres i esp\u00e8cies.\u00a0 Preu: 19,8 euros.<\/p>\n<p>&nbsp;<\/p>\n","protected":false},"excerpt":{"rendered":"<p>Vin\u00edcola, la secci\u00f3 de vins i licors de Gastron\u00f2micament us ofereix una tria seleccionada de les&hellip;<\/p>\n","protected":false},"author":1,"featured_media":64531,"comment_status":"open","ping_status":"closed","sticky":false,"template":"","format":"standard","meta":{"_acf_changed":false,"_swt_meta_header_display":false,"_swt_meta_footer_display":false,"_swt_meta_site_title_display":false,"_swt_meta_sticky_header":false,"_swt_meta_transparent_header":false,"footnotes":""},"categories":[1046,1512],"tags":[],"coauthors":[],"class_list":["post-64530","post","type-post","status-publish","format-standard","has-post-thumbnail","hentry","category-actualitat-es-en","category-vinicola-actualitat-en"],"acf":{"gallery":null,"home_date":{"home_begin_date":null,"home_end_date":null}},"yoast_head":"<!-- This site is optimized with the Yoast SEO plugin v27.4 - https:\/\/yoast.com\/product\/yoast-seo-wordpress\/ -->\n<title>Pecat 2015 Magnum - Cava Pere Ventura Gran Vintage 2014 - Voch\u00e9 Graciano 2014 - Gastron\u00f2micament<\/title>\n<meta name=\"description\" content=\"Pecat 2015 Magnum - Cava Pere Ventura Gran Vintage 2014 - Voch\u00e9 Graciano 2014 Actualitat, Vin\u00edcola Vin\u00edcola, la secci\u00f3 de vins i licors de Gastron\u00f2micament us ofereix una tria seleccionada de les novetats i propostes m\u00e9s destacades de l&#039;actualitat.\" \/>\n<meta name=\"robots\" content=\"index, follow, max-snippet:-1, max-image-preview:large, max-video-preview:-1\" \/>\n<link rel=\"canonical\" href=\"https:\/\/gastronomicament.cat\/en\/pecat-2015-magnum-cava-pere-ventura-gran-vintage-2014-voche-graciano-2014\" \/>\n<meta property=\"og:locale\" content=\"en_US\" \/>\n<meta property=\"og:type\" content=\"article\" \/>\n<meta property=\"og:title\" content=\"Pecat 2015 Magnum - Cava Pere Ventura Gran Vintage 2014 - Voch\u00e9 Graciano 2014 - Gastron\u00f2micament\" \/>\n<meta property=\"og:description\" content=\"Pecat 2015 Magnum - Cava Pere Ventura Gran Vintage 2014 - Voch\u00e9 Graciano 2014 Actualitat, Vin\u00edcola Vin\u00edcola, la secci\u00f3 de vins i licors de Gastron\u00f2micament us ofereix una tria seleccionada de les novetats i propostes m\u00e9s destacades de l&#039;actualitat.\" \/>\n<meta property=\"og:url\" content=\"https:\/\/gastronomicament.cat\/en\/pecat-2015-magnum-cava-pere-ventura-gran-vintage-2014-voche-graciano-2014\" \/>\n<meta property=\"og:site_name\" content=\"Gastron\u00f2micament\" \/>\n<meta property=\"article:published_time\" content=\"2019-04-30T11:47:23+00:00\" \/>\n<meta property=\"og:image\" content=\"https:\/\/gastronomicament.cat\/wp-content\/uploads\/2019\/04\/vinicola-abril-2019.jpg\" \/>\n\t<meta property=\"og:image:width\" content=\"850\" \/>\n\t<meta property=\"og:image:height\" content=\"400\" \/>\n\t<meta property=\"og:image:type\" content=\"image\/jpeg\" \/>\n<meta name=\"author\" content=\"Redacci\u00f3\" \/>\n<meta name=\"twitter:card\" content=\"summary_large_image\" \/>\n<meta name=\"twitter:creator\" content=\"@gastronomicamen\" \/>\n<meta name=\"twitter:site\" content=\"@gastronomicamen\" \/>\n<meta name=\"twitter:label1\" content=\"Written by\" \/>\n\t<meta name=\"twitter:data1\" content=\"Redacci\u00f3\" \/>\n\t<meta name=\"twitter:label2\" content=\"Est. reading time\" \/>\n\t<meta name=\"twitter:data2\" content=\"2 minutes\" \/>\n<script type=\"application\/ld+json\" class=\"yoast-schema-graph\">{\"@context\":\"https:\\\/\\\/schema.org\",\"@graph\":[{\"@type\":\"Article\",\"@id\":\"https:\\\/\\\/gastronomicament.cat\\\/en\\\/pecat-2015-magnum-cava-pere-ventura-gran-vintage-2014-voche-graciano-2014#article\",\"isPartOf\":{\"@id\":\"https:\\\/\\\/gastronomicament.cat\\\/en\\\/pecat-2015-magnum-cava-pere-ventura-gran-vintage-2014-voche-graciano-2014\"},\"author\":{\"name\":\"Redacci\u00f3\",\"@id\":\"https:\\\/\\\/gastronomicament.cat\\\/en\\\/#\\\/schema\\\/person\\\/a7c85c537a1ed62799a5b8e0f686a37f\"},\"headline\":\"Pecat 2015 Magnum &#8211; Cava Pere Ventura Gran Vintage 2014 &#8211; Voch\u00e9 Graciano 2014\",\"datePublished\":\"2019-04-30T11:47:23+00:00\",\"mainEntityOfPage\":{\"@id\":\"https:\\\/\\\/gastronomicament.cat\\\/en\\\/pecat-2015-magnum-cava-pere-ventura-gran-vintage-2014-voche-graciano-2014\"},\"wordCount\":318,\"commentCount\":0,\"publisher\":{\"@id\":\"https:\\\/\\\/gastronomicament.cat\\\/en\\\/#organization\"},\"image\":{\"@id\":\"https:\\\/\\\/gastronomicament.cat\\\/en\\\/pecat-2015-magnum-cava-pere-ventura-gran-vintage-2014-voche-graciano-2014#primaryimage\"},\"thumbnailUrl\":\"https:\\\/\\\/gastronomicament.cat\\\/wp-content\\\/uploads\\\/2019\\\/04\\\/vinicola-abril-2019.jpg\",\"articleSection\":[\"Actualitat\",\"Vin\u00edcola\"],\"inLanguage\":\"en-US\",\"potentialAction\":[{\"@type\":\"CommentAction\",\"name\":\"Comment\",\"target\":[\"https:\\\/\\\/gastronomicament.cat\\\/en\\\/pecat-2015-magnum-cava-pere-ventura-gran-vintage-2014-voche-graciano-2014#respond\"]}]},{\"@type\":\"WebPage\",\"@id\":\"https:\\\/\\\/gastronomicament.cat\\\/en\\\/pecat-2015-magnum-cava-pere-ventura-gran-vintage-2014-voche-graciano-2014\",\"url\":\"https:\\\/\\\/gastronomicament.cat\\\/en\\\/pecat-2015-magnum-cava-pere-ventura-gran-vintage-2014-voche-graciano-2014\",\"name\":\"Pecat 2015 Magnum - Cava Pere Ventura Gran Vintage 2014 - Voch\u00e9 Graciano 2014 - Gastron\u00f2micament\",\"isPartOf\":{\"@id\":\"https:\\\/\\\/gastronomicament.cat\\\/en\\\/#website\"},\"primaryImageOfPage\":{\"@id\":\"https:\\\/\\\/gastronomicament.cat\\\/en\\\/pecat-2015-magnum-cava-pere-ventura-gran-vintage-2014-voche-graciano-2014#primaryimage\"},\"image\":{\"@id\":\"https:\\\/\\\/gastronomicament.cat\\\/en\\\/pecat-2015-magnum-cava-pere-ventura-gran-vintage-2014-voche-graciano-2014#primaryimage\"},\"thumbnailUrl\":\"https:\\\/\\\/gastronomicament.cat\\\/wp-content\\\/uploads\\\/2019\\\/04\\\/vinicola-abril-2019.jpg\",\"datePublished\":\"2019-04-30T11:47:23+00:00\",\"description\":\"Pecat 2015 Magnum - Cava Pere Ventura Gran Vintage 2014 - Voch\u00e9 Graciano 2014 Actualitat, Vin\u00edcola Vin\u00edcola, la secci\u00f3 de vins i licors de Gastron\u00f2micament us ofereix una tria seleccionada de les novetats i propostes m\u00e9s destacades de l'actualitat.\",\"inLanguage\":\"en-US\",\"potentialAction\":[{\"@type\":\"ReadAction\",\"target\":[\"https:\\\/\\\/gastronomicament.cat\\\/en\\\/pecat-2015-magnum-cava-pere-ventura-gran-vintage-2014-voche-graciano-2014\"]}]},{\"@type\":\"ImageObject\",\"inLanguage\":\"en-US\",\"@id\":\"https:\\\/\\\/gastronomicament.cat\\\/en\\\/pecat-2015-magnum-cava-pere-ventura-gran-vintage-2014-voche-graciano-2014#primaryimage\",\"url\":\"https:\\\/\\\/gastronomicament.cat\\\/wp-content\\\/uploads\\\/2019\\\/04\\\/vinicola-abril-2019.jpg\",\"contentUrl\":\"https:\\\/\\\/gastronomicament.cat\\\/wp-content\\\/uploads\\\/2019\\\/04\\\/vinicola-abril-2019.jpg\",\"width\":850,\"height\":400},{\"@type\":\"WebSite\",\"@id\":\"https:\\\/\\\/gastronomicament.cat\\\/en\\\/#website\",\"url\":\"https:\\\/\\\/gastronomicament.cat\\\/en\\\/\",\"name\":\"Gastron\u00f2micament\",\"description\":\"Portal de restaurants, receptes i actualitat gastron\u00f2mica\",\"publisher\":{\"@id\":\"https:\\\/\\\/gastronomicament.cat\\\/en\\\/#organization\"},\"potentialAction\":[{\"@type\":\"SearchAction\",\"target\":{\"@type\":\"EntryPoint\",\"urlTemplate\":\"https:\\\/\\\/gastronomicament.cat\\\/en\\\/?s={search_term_string}\"},\"query-input\":{\"@type\":\"PropertyValueSpecification\",\"valueRequired\":true,\"valueName\":\"search_term_string\"}}],\"inLanguage\":\"en-US\"},{\"@type\":\"Organization\",\"@id\":\"https:\\\/\\\/gastronomicament.cat\\\/en\\\/#organization\",\"name\":\"Gastron\u00f2micament\",\"url\":\"https:\\\/\\\/gastronomicament.cat\\\/en\\\/\",\"logo\":{\"@type\":\"ImageObject\",\"inLanguage\":\"en-US\",\"@id\":\"https:\\\/\\\/gastronomicament.cat\\\/en\\\/#\\\/schema\\\/logo\\\/image\\\/\",\"url\":\"https:\\\/\\\/gastronomicament.cat\\\/wp-content\\\/uploads\\\/2016\\\/09\\\/header-logo.jpg\",\"contentUrl\":\"https:\\\/\\\/gastronomicament.cat\\\/wp-content\\\/uploads\\\/2016\\\/09\\\/header-logo.jpg\",\"width\":277,\"height\":39,\"caption\":\"Gastron\u00f2micament\"},\"image\":{\"@id\":\"https:\\\/\\\/gastronomicament.cat\\\/en\\\/#\\\/schema\\\/logo\\\/image\\\/\"},\"sameAs\":[\"https:\\\/\\\/x.com\\\/gastronomicamen\"]},{\"@type\":\"Person\",\"@id\":\"https:\\\/\\\/gastronomicament.cat\\\/en\\\/#\\\/schema\\\/person\\\/a7c85c537a1ed62799a5b8e0f686a37f\",\"name\":\"Redacci\u00f3\",\"image\":{\"@type\":\"ImageObject\",\"inLanguage\":\"en-US\",\"@id\":\"https:\\\/\\\/secure.gravatar.com\\\/avatar\\\/9489a485c464fd611d33825daae651d13db70c4e74c65c94937a15a9d4c3ee14?s=96&d=mm&r=g69fea3cce3645dfa2166e7293e22955e\",\"url\":\"https:\\\/\\\/secure.gravatar.com\\\/avatar\\\/9489a485c464fd611d33825daae651d13db70c4e74c65c94937a15a9d4c3ee14?s=96&d=mm&r=g\",\"contentUrl\":\"https:\\\/\\\/secure.gravatar.com\\\/avatar\\\/9489a485c464fd611d33825daae651d13db70c4e74c65c94937a15a9d4c3ee14?s=96&d=mm&r=g\",\"caption\":\"Redacci\u00f3\"},\"sameAs\":[\"http:\\\/\\\/gastronomicament.cat\"],\"url\":\"https:\\\/\\\/gastronomicament.cat\\\/en\\\/author\\\/admin\"}]}<\/script>\n<!-- \/ Yoast SEO plugin. -->","yoast_head_json":{"title":"Pecat 2015 Magnum - Cava Pere Ventura Gran Vintage 2014 - Voch\u00e9 Graciano 2014 - Gastron\u00f2micament","description":"Pecat 2015 Magnum - Cava Pere Ventura Gran Vintage 2014 - Voch\u00e9 Graciano 2014 Actualitat, Vin\u00edcola Vin\u00edcola, la secci\u00f3 de vins i licors de Gastron\u00f2micament us ofereix una tria seleccionada de les novetats i propostes m\u00e9s destacades de l'actualitat.","robots":{"index":"index","follow":"follow","max-snippet":"max-snippet:-1","max-image-preview":"max-image-preview:large","max-video-preview":"max-video-preview:-1"},"canonical":"https:\/\/gastronomicament.cat\/en\/pecat-2015-magnum-cava-pere-ventura-gran-vintage-2014-voche-graciano-2014","og_locale":"en_US","og_type":"article","og_title":"Pecat 2015 Magnum - Cava Pere Ventura Gran Vintage 2014 - Voch\u00e9 Graciano 2014 - Gastron\u00f2micament","og_description":"Pecat 2015 Magnum - Cava Pere Ventura Gran Vintage 2014 - Voch\u00e9 Graciano 2014 Actualitat, Vin\u00edcola Vin\u00edcola, la secci\u00f3 de vins i licors de Gastron\u00f2micament us ofereix una tria seleccionada de les novetats i propostes m\u00e9s destacades de l'actualitat.","og_url":"https:\/\/gastronomicament.cat\/en\/pecat-2015-magnum-cava-pere-ventura-gran-vintage-2014-voche-graciano-2014","og_site_name":"Gastron\u00f2micament","article_published_time":"2019-04-30T11:47:23+00:00","og_image":[{"width":850,"height":400,"url":"https:\/\/gastronomicament.cat\/wp-content\/uploads\/2019\/04\/vinicola-abril-2019.jpg","type":"image\/jpeg"}],"author":"Redacci\u00f3","twitter_card":"summary_large_image","twitter_creator":"@gastronomicamen","twitter_site":"@gastronomicamen","twitter_misc":{"Written by":"Redacci\u00f3","Est. reading time":"2 minutes"},"schema":{"@context":"https:\/\/schema.org","@graph":[{"@type":"Article","@id":"https:\/\/gastronomicament.cat\/en\/pecat-2015-magnum-cava-pere-ventura-gran-vintage-2014-voche-graciano-2014#article","isPartOf":{"@id":"https:\/\/gastronomicament.cat\/en\/pecat-2015-magnum-cava-pere-ventura-gran-vintage-2014-voche-graciano-2014"},"author":{"name":"Redacci\u00f3","@id":"https:\/\/gastronomicament.cat\/en\/#\/schema\/person\/a7c85c537a1ed62799a5b8e0f686a37f"},"headline":"Pecat 2015 Magnum &#8211; Cava Pere Ventura Gran Vintage 2014 &#8211; Voch\u00e9 Graciano 2014","datePublished":"2019-04-30T11:47:23+00:00","mainEntityOfPage":{"@id":"https:\/\/gastronomicament.cat\/en\/pecat-2015-magnum-cava-pere-ventura-gran-vintage-2014-voche-graciano-2014"},"wordCount":318,"commentCount":0,"publisher":{"@id":"https:\/\/gastronomicament.cat\/en\/#organization"},"image":{"@id":"https:\/\/gastronomicament.cat\/en\/pecat-2015-magnum-cava-pere-ventura-gran-vintage-2014-voche-graciano-2014#primaryimage"},"thumbnailUrl":"https:\/\/gastronomicament.cat\/wp-content\/uploads\/2019\/04\/vinicola-abril-2019.jpg","articleSection":["Actualitat","Vin\u00edcola"],"inLanguage":"en-US","potentialAction":[{"@type":"CommentAction","name":"Comment","target":["https:\/\/gastronomicament.cat\/en\/pecat-2015-magnum-cava-pere-ventura-gran-vintage-2014-voche-graciano-2014#respond"]}]},{"@type":"WebPage","@id":"https:\/\/gastronomicament.cat\/en\/pecat-2015-magnum-cava-pere-ventura-gran-vintage-2014-voche-graciano-2014","url":"https:\/\/gastronomicament.cat\/en\/pecat-2015-magnum-cava-pere-ventura-gran-vintage-2014-voche-graciano-2014","name":"Pecat 2015 Magnum - Cava Pere Ventura Gran Vintage 2014 - Voch\u00e9 Graciano 2014 - Gastron\u00f2micament","isPartOf":{"@id":"https:\/\/gastronomicament.cat\/en\/#website"},"primaryImageOfPage":{"@id":"https:\/\/gastronomicament.cat\/en\/pecat-2015-magnum-cava-pere-ventura-gran-vintage-2014-voche-graciano-2014#primaryimage"},"image":{"@id":"https:\/\/gastronomicament.cat\/en\/pecat-2015-magnum-cava-pere-ventura-gran-vintage-2014-voche-graciano-2014#primaryimage"},"thumbnailUrl":"https:\/\/gastronomicament.cat\/wp-content\/uploads\/2019\/04\/vinicola-abril-2019.jpg","datePublished":"2019-04-30T11:47:23+00:00","description":"Pecat 2015 Magnum - Cava Pere Ventura Gran Vintage 2014 - Voch\u00e9 Graciano 2014 Actualitat, Vin\u00edcola Vin\u00edcola, la secci\u00f3 de vins i licors de Gastron\u00f2micament us ofereix una tria seleccionada de les novetats i propostes m\u00e9s destacades de l'actualitat.","inLanguage":"en-US","potentialAction":[{"@type":"ReadAction","target":["https:\/\/gastronomicament.cat\/en\/pecat-2015-magnum-cava-pere-ventura-gran-vintage-2014-voche-graciano-2014"]}]},{"@type":"ImageObject","inLanguage":"en-US","@id":"https:\/\/gastronomicament.cat\/en\/pecat-2015-magnum-cava-pere-ventura-gran-vintage-2014-voche-graciano-2014#primaryimage","url":"https:\/\/gastronomicament.cat\/wp-content\/uploads\/2019\/04\/vinicola-abril-2019.jpg","contentUrl":"https:\/\/gastronomicament.cat\/wp-content\/uploads\/2019\/04\/vinicola-abril-2019.jpg","width":850,"height":400},{"@type":"WebSite","@id":"https:\/\/gastronomicament.cat\/en\/#website","url":"https:\/\/gastronomicament.cat\/en\/","name":"Gastron\u00f2micament","description":"Portal de restaurants, receptes i actualitat gastron\u00f2mica","publisher":{"@id":"https:\/\/gastronomicament.cat\/en\/#organization"},"potentialAction":[{"@type":"SearchAction","target":{"@type":"EntryPoint","urlTemplate":"https:\/\/gastronomicament.cat\/en\/?s={search_term_string}"},"query-input":{"@type":"PropertyValueSpecification","valueRequired":true,"valueName":"search_term_string"}}],"inLanguage":"en-US"},{"@type":"Organization","@id":"https:\/\/gastronomicament.cat\/en\/#organization","name":"Gastron\u00f2micament","url":"https:\/\/gastronomicament.cat\/en\/","logo":{"@type":"ImageObject","inLanguage":"en-US","@id":"https:\/\/gastronomicament.cat\/en\/#\/schema\/logo\/image\/","url":"https:\/\/gastronomicament.cat\/wp-content\/uploads\/2016\/09\/header-logo.jpg","contentUrl":"https:\/\/gastronomicament.cat\/wp-content\/uploads\/2016\/09\/header-logo.jpg","width":277,"height":39,"caption":"Gastron\u00f2micament"},"image":{"@id":"https:\/\/gastronomicament.cat\/en\/#\/schema\/logo\/image\/"},"sameAs":["https:\/\/x.com\/gastronomicamen"]},{"@type":"Person","@id":"https:\/\/gastronomicament.cat\/en\/#\/schema\/person\/a7c85c537a1ed62799a5b8e0f686a37f","name":"Redacci\u00f3","image":{"@type":"ImageObject","inLanguage":"en-US","@id":"https:\/\/secure.gravatar.com\/avatar\/9489a485c464fd611d33825daae651d13db70c4e74c65c94937a15a9d4c3ee14?s=96&d=mm&r=g69fea3cce3645dfa2166e7293e22955e","url":"https:\/\/secure.gravatar.com\/avatar\/9489a485c464fd611d33825daae651d13db70c4e74c65c94937a15a9d4c3ee14?s=96&d=mm&r=g","contentUrl":"https:\/\/secure.gravatar.com\/avatar\/9489a485c464fd611d33825daae651d13db70c4e74c65c94937a15a9d4c3ee14?s=96&d=mm&r=g","caption":"Redacci\u00f3"},"sameAs":["http:\/\/gastronomicament.cat"],"url":"https:\/\/gastronomicament.cat\/en\/author\/admin"}]}},"_links":{"self":[{"href":"https:\/\/gastronomicament.cat\/en\/wp-json\/wp\/v2\/posts\/64530","targetHints":{"allow":["GET"]}}],"collection":[{"href":"https:\/\/gastronomicament.cat\/en\/wp-json\/wp\/v2\/posts"}],"about":[{"href":"https:\/\/gastronomicament.cat\/en\/wp-json\/wp\/v2\/types\/post"}],"author":[{"embeddable":true,"href":"https:\/\/gastronomicament.cat\/en\/wp-json\/wp\/v2\/users\/1"}],"replies":[{"embeddable":true,"href":"https:\/\/gastronomicament.cat\/en\/wp-json\/wp\/v2\/comments?post=64530"}],"version-history":[{"count":0,"href":"https:\/\/gastronomicament.cat\/en\/wp-json\/wp\/v2\/posts\/64530\/revisions"}],"wp:featuredmedia":[{"embeddable":true,"href":"https:\/\/gastronomicament.cat\/en\/wp-json\/wp\/v2\/media\/64531"}],"wp:attachment":[{"href":"https:\/\/gastronomicament.cat\/en\/wp-json\/wp\/v2\/media?parent=64530"}],"wp:term":[{"taxonomy":"category","embeddable":true,"href":"https:\/\/gastronomicament.cat\/en\/wp-json\/wp\/v2\/categories?post=64530"},{"taxonomy":"post_tag","embeddable":true,"href":"https:\/\/gastronomicament.cat\/en\/wp-json\/wp\/v2\/tags?post=64530"},{"taxonomy":"author","embeddable":true,"href":"https:\/\/gastronomicament.cat\/en\/wp-json\/wp\/v2\/coauthors?post=64530"}],"curies":[{"name":"wp","href":"https:\/\/api.w.org\/{rel}","templated":true}]}}