{"id":65434,"date":"2019-03-28T09:49:58","date_gmt":"2019-03-28T08:49:58","guid":{"rendered":"https:\/\/gastronomicament.cat\/arriba-la-segona-edicio-de-mallorca-degusta"},"modified":"2022-04-09T10:00:00","modified_gmt":"2022-04-09T08:00:00","slug":"arriba-la-segona-edicio-de-mallorca-degusta","status":"publish","type":"post","link":"https:\/\/gastronomicament.cat\/en\/arriba-la-segona-edicio-de-mallorca-degusta","title":{"rendered":"Arriba la segona edici\u00f3 de Mallorca Degusta"},"content":{"rendered":"<p>El Palau de Congressos de Palma acull la segona edici\u00f3 de\u00a0<strong>Mallorca Degusta<\/strong>\u00a0els dies<strong>\u00a029, 30 i 31 de mar\u00e7<\/strong>. El variat continua essent el protagonista en aquesta mostra en qu\u00e8 no hi faltar\u00e0 el vermut, el vi i la cervesa.<\/p>\n<p>Els bars que hi oferiran el variat s\u00f3n el Restaurant\u00a0<strong>Can Arab\u00ed de Binissalem<\/strong>, el C<strong>eller de Can Amer d\u2019Inca<\/strong>, el\u00a0<strong>Bar Mavi de Palma<\/strong>,\u00a0<strong>Can Prim de Santa Eug\u00e8nia<\/strong>,\u00a0<strong>Can Menescal de Llub\u00ed<\/strong>, el restaurant\u00a0<strong>Maria Salinas de Mancor<\/strong>,\u00a0\u00a0<strong>Clandest\u00ed Taller Gastron\u00f2mic de Palma<\/strong>\u00a0i el restaurant\u00a0<strong>Trasluz de Meli\u00e1 Bay<\/strong>, a m\u00e9s de la participaci\u00f3 de Juan Jos\u00e9 Escolano, tallador professional de pernil, els\u00a0<strong>vins\u00a0<\/strong>del celler\u00a0<strong>Maci\u00e0 Batle<\/strong>, el\u00a0<strong>vermut\u00a0<\/strong>de\u00a0<strong>Dos Perellons<\/strong>, la\u00a0<strong>cervesa\u00a0<\/strong>San Miguel i el\u00a0<strong>caf\u00e8\u00a0<\/strong>de Caf\u00e8s Bay. L&#8217;<strong>entrada \u00e9s gratu\u00efta<\/strong>\u00a0i en el mateix recinte es poden comprar els tiquets per gaudir de les degustacions de menjar i de beguda.<\/p>\n<p>A m\u00e9s a m\u00e9s, hi participaran els cuiners seg\u00fcents:<\/p>\n<ul>\n<li><strong>Igor Rodr\u00edguez<\/strong>del restaurant El Txoco de Santa Eul\u00e0lia (divendres, de 19 a 21 h)<\/li>\n<li><strong>Marcos Presedo<\/strong>, del restaurant Karma (dissabte, d&#8217;11 a 13 hores)<\/li>\n<li><strong>Javier Bermudo<\/strong>, xef privat (dissabte de 19 a 22 hores)<\/li>\n<li><strong>Maria Salinas<\/strong>, del restaurant Mar\u00eda Salinas (diumenge, d&#8217;11 a 13 hores)<\/li>\n<li><strong>Pau Navarro i Ariadna Salvador<\/strong>, de Clandest\u00ed (diumenge de 13 a 15 hores)<\/li>\n<\/ul>\n<p>L\u2019<strong>horari de Mallorca Degusta 2019<\/strong>\u00a0\u00e9s:<\/p>\n<ul>\n<li>Divendres dia 29 de mar\u00e7 de 19 h a 23 h<\/li>\n<li>Dissabte dia 30 de mar\u00e7 de 11 h a 23 h<\/li>\n<li>Diumenge dia 31 de mar\u00e7 de 11 h a 18 h<\/li>\n<\/ul>\n<p><strong>Actuacions musicals<\/strong><\/p>\n<p>La cita s&#8217;inaugura el divendres 29 de mar\u00e7 amb l&#8217;<strong>actuaci\u00f3 d&#8217;Agust\u00edn El Casta<\/strong>, a les 19 hores. Mitja hora m\u00e9s tard, hi actuar\u00e0 el\u00a0<strong>monologuista Paco Mart\u00edn i l&#8217;humorista Antonio Oca\u00f1a<\/strong>. El dissabte, 30 de mar\u00e7, les portes s&#8217;obriran a les 11 fins a les 23 hores i, a m\u00e9s dels variats, podreu gaudir-hi de les actuacions del quartet de swing i rock&#8217;n&#8217;roll\u00a0<strong>Swingtonizando<\/strong>, a les 18 h) i del trio de soul i rock\u00a0<strong>The Elektrics<\/strong>. Per acabar, diumenge, l&#8217;horari ser\u00e0 d&#8217;11 a 18 hores i hi haur\u00e0 l&#8217;actuaci\u00f3 de\u00a0<strong>Gin Tonics<\/strong>, una banda especialitzada en versions del pop rock dels 80 i del 90.<\/p>\n<p>A m\u00e9s, dissabte, a les 19 hores, Koldo Royo presentar\u00e0 la<strong>\u00a0nova ginebra de safr\u00e0\u00a0<\/strong>creada per la licorera mallorquina Dos Perellons.<\/p>\n<blockquote class=\"instagram-media\" style=\"background: #FFF; border: 0; border-radius: 3px; box-shadow: 0 0 1px 0 rgba(0,0,0,0.5),0 1px 10px 0 rgba(0,0,0,0.15); margin: 1px; max-width: 540px; min-width: 326px; padding: 0; width: calc(100% - 2px);\" data-instgrm-captioned=\"\" data-instgrm-permalink=\"https:\/\/www.instagram.com\/p\/BgdLPpVBNiP\/?utm_source=ig_embed&amp;utm_medium=loading\" data-instgrm-version=\"12\">\n<div style=\"padding: 16px;\">\n<p>&nbsp;<\/p>\n<div style=\"display: flex; flex-direction: row; align-items: center;\">\n<div style=\"background-color: #f4f4f4; border-radius: 50%; flex-grow: 0; height: 40px; margin-right: 14px; width: 40px;\"><\/div>\n<div style=\"display: flex; flex-direction: column; flex-grow: 1; justify-content: center;\">\n<div style=\"background-color: #f4f4f4; border-radius: 4px; flex-grow: 0; height: 14px; margin-bottom: 6px; width: 100px;\"><\/div>\n<div style=\"background-color: #f4f4f4; border-radius: 4px; flex-grow: 0; height: 14px; width: 60px;\"><\/div>\n<\/div>\n<\/div>\n<div style=\"padding: 19% 0;\"><\/div>\n<div style=\"display: block; height: 50px; margin: 0 auto 12px; width: 50px;\"><\/div>\n<div style=\"padding-top: 8px;\">\n<div style=\"color: #3897f0; font-family: Arial,sans-serif; font-size: 14px; font-style: normal; font-weight: 550; line-height: 18px;\">View this post on Instagram<\/div>\n<\/div>\n<div style=\"padding: 12.5% 0;\"><\/div>\n<div style=\"display: flex; flex-direction: row; margin-bottom: 14px; align-items: center;\">\n<div>\n<div style=\"background-color: #f4f4f4; border-radius: 50%; height: 12.5px; width: 12.5px; transform: translateX(0px) translateY(7px);\"><\/div>\n<div style=\"background-color: #f4f4f4; height: 12.5px; transform: rotate(-45deg) translateX(3px) translateY(1px); width: 12.5px; flex-grow: 0; margin-right: 14px; margin-left: 2px;\"><\/div>\n<div style=\"background-color: #f4f4f4; border-radius: 50%; height: 12.5px; width: 12.5px; transform: translateX(9px) translateY(-18px);\"><\/div>\n<\/div>\n<div style=\"margin-left: 8px;\">\n<div style=\"background-color: #f4f4f4; border-radius: 50%; flex-grow: 0; height: 20px; width: 20px;\"><\/div>\n<div style=\"width: 0; height: 0; border-top: 2px solid transparent; border-left: 6px solid #f4f4f4; border-bottom: 2px solid transparent; transform: translateX(16px) translateY(-4px) rotate(30deg);\"><\/div>\n<\/div>\n<div style=\"margin-left: auto;\">\n<div style=\"width: 0px; border-top: 8px solid #F4F4F4; border-right: 8px solid transparent; transform: translateY(16px);\"><\/div>\n<div style=\"background-color: #f4f4f4; flex-grow: 0; height: 12px; width: 16px; transform: translateY(-4px);\"><\/div>\n<div style=\"width: 0; height: 0; border-top: 8px solid #F4F4F4; border-left: 8px solid transparent; transform: translateY(-4px) translateX(8px);\"><\/div>\n<\/div>\n<\/div>\n<p>&nbsp;<\/p>\n<p style=\"margin: 8px 0 0 0; padding: 0 4px;\"><a style=\"color: #000; font-family: Arial,sans-serif; font-size: 14px; font-style: normal; font-weight: normal; line-height: 17px; text-decoration: none; word-wrap: break-word;\" href=\"https:\/\/www.instagram.com\/p\/BgdLPpVBNiP\/?utm_source=ig_embed&amp;utm_medium=loading\" target=\"_blank\" rel=\"noopener noreferrer\">Mucho #swing en la 1 muestra gastro #SERFOODIE #MallorcaDegusta. #variat y #vermut en el #PalauCongressosPalma #radiomallorca<\/a><\/p>\n<p style=\"color: #c9c8cd; font-family: Arial,sans-serif; font-size: 14px; line-height: 17px; margin-bottom: 0; margin-top: 8px; overflow: hidden; padding: 8px 0 7px; text-align: center; text-overflow: ellipsis; white-space: nowrap;\">A post shared by <a style=\"color: #c9c8cd; font-family: Arial,sans-serif; font-size: 14px; font-style: normal; font-weight: normal; line-height: 17px;\" href=\"https:\/\/www.instagram.com\/sermallorca\/?utm_source=ig_embed&amp;utm_medium=loading\" target=\"_blank\" rel=\"noopener noreferrer\"> Radio Mallorca<\/a> (@sermallorca) on <time style=\"font-family: Arial,sans-serif; font-size: 14px; line-height: 17px;\" datetime=\"2018-03-18T07:20:28+00:00\">Mar 18, 2018 at 12:20am PDT<\/time><\/p>\n<\/div>\n<\/blockquote>\n<p><script async src=\"\/\/www.instagram.com\/embed.js\"><\/script><\/p>\n","protected":false},"excerpt":{"rendered":"<p>El Palau de Congressos de Palma acull la segona edici\u00f3 de\u00a0Mallorca Degusta\u00a0els dies\u00a029, 30 i 31&hellip;<\/p>\n","protected":false},"author":1,"featured_media":64953,"comment_status":"open","ping_status":"closed","sticky":false,"template":"","format":"standard","meta":{"_acf_changed":false,"_swt_meta_header_display":false,"_swt_meta_footer_display":false,"_swt_meta_site_title_display":false,"_swt_meta_sticky_header":false,"_swt_meta_transparent_header":false,"footnotes":""},"categories":[1046,1471],"tags":[],"coauthors":[],"class_list":["post-65434","post","type-post","status-publish","format-standard","has-post-thumbnail","hentry","category-actualitat-es-en","category-fires-i-rutes-en"],"acf":{"gallery":null,"home_date":{"home_begin_date":null,"home_end_date":null}},"yoast_head":"<!-- This site is optimized with the Yoast SEO plugin v27.4 - https:\/\/yoast.com\/product\/yoast-seo-wordpress\/ -->\n<title>Arriba la segona edici\u00f3 de Mallorca Degusta - Gastron\u00f2micament<\/title>\n<meta name=\"description\" content=\"Arriba la segona edici\u00f3 de Mallorca Degusta Actualitat, Fires i rutes El Palau de Congressos de Palma acull la segona edici\u00f3 de\u00a0Mallorca Degusta\u00a0els dies\u00a029, 30 i 31 de mar\u00e7. El variat continua essent el protagonista en aquesta mostra en qu\u00e8 no hi faltar\u00e0 el vermut, el vi i la cervesa\" \/>\n<meta name=\"robots\" content=\"index, follow, max-snippet:-1, max-image-preview:large, max-video-preview:-1\" \/>\n<link rel=\"canonical\" href=\"https:\/\/gastronomicament.cat\/en\/arriba-la-segona-edicio-de-mallorca-degusta\" \/>\n<meta property=\"og:locale\" content=\"en_US\" \/>\n<meta property=\"og:type\" content=\"article\" \/>\n<meta property=\"og:title\" content=\"Arriba la segona edici\u00f3 de Mallorca Degusta - Gastron\u00f2micament\" \/>\n<meta property=\"og:description\" content=\"Arriba la segona edici\u00f3 de Mallorca Degusta Actualitat, Fires i rutes El Palau de Congressos de Palma acull la segona edici\u00f3 de\u00a0Mallorca Degusta\u00a0els dies\u00a029, 30 i 31 de mar\u00e7. El variat continua essent el protagonista en aquesta mostra en qu\u00e8 no hi faltar\u00e0 el vermut, el vi i la cervesa\" \/>\n<meta property=\"og:url\" content=\"https:\/\/gastronomicament.cat\/en\/arriba-la-segona-edicio-de-mallorca-degusta\" \/>\n<meta property=\"og:site_name\" content=\"Gastron\u00f2micament\" \/>\n<meta property=\"article:published_time\" content=\"2019-03-28T08:49:58+00:00\" \/>\n<meta property=\"article:modified_time\" content=\"2022-04-09T08:00:00+00:00\" \/>\n<meta property=\"og:image\" content=\"https:\/\/gastronomicament.cat\/wp-content\/uploads\/2019\/03\/Mallorca-Degusta-2019.jpg\" \/>\n\t<meta property=\"og:image:width\" content=\"1283\" \/>\n\t<meta property=\"og:image:height\" content=\"692\" \/>\n\t<meta property=\"og:image:type\" content=\"image\/jpeg\" \/>\n<meta name=\"author\" content=\"Redacci\u00f3\" \/>\n<meta name=\"twitter:card\" content=\"summary_large_image\" \/>\n<meta name=\"twitter:creator\" content=\"@gastronomicamen\" \/>\n<meta name=\"twitter:site\" content=\"@gastronomicamen\" \/>\n<meta name=\"twitter:label1\" content=\"Written by\" \/>\n\t<meta name=\"twitter:data1\" content=\"Redacci\u00f3\" \/>\n\t<meta name=\"twitter:label2\" content=\"Est. reading time\" \/>\n\t<meta name=\"twitter:data2\" content=\"2 minutes\" \/>\n<script type=\"application\/ld+json\" class=\"yoast-schema-graph\">{\"@context\":\"https:\\\/\\\/schema.org\",\"@graph\":[{\"@type\":\"Article\",\"@id\":\"https:\\\/\\\/gastronomicament.cat\\\/en\\\/arriba-la-segona-edicio-de-mallorca-degusta#article\",\"isPartOf\":{\"@id\":\"https:\\\/\\\/gastronomicament.cat\\\/en\\\/arriba-la-segona-edicio-de-mallorca-degusta\"},\"author\":{\"name\":\"Redacci\u00f3\",\"@id\":\"https:\\\/\\\/gastronomicament.cat\\\/en\\\/#\\\/schema\\\/person\\\/a7c85c537a1ed62799a5b8e0f686a37f\"},\"headline\":\"Arriba la segona edici\u00f3 de Mallorca Degusta\",\"datePublished\":\"2019-03-28T08:49:58+00:00\",\"dateModified\":\"2022-04-09T08:00:00+00:00\",\"mainEntityOfPage\":{\"@id\":\"https:\\\/\\\/gastronomicament.cat\\\/en\\\/arriba-la-segona-edicio-de-mallorca-degusta\"},\"wordCount\":417,\"commentCount\":0,\"publisher\":{\"@id\":\"https:\\\/\\\/gastronomicament.cat\\\/en\\\/#organization\"},\"image\":{\"@id\":\"https:\\\/\\\/gastronomicament.cat\\\/en\\\/arriba-la-segona-edicio-de-mallorca-degusta#primaryimage\"},\"thumbnailUrl\":\"https:\\\/\\\/gastronomicament.cat\\\/wp-content\\\/uploads\\\/2019\\\/03\\\/Mallorca-Degusta-2019.jpg\",\"articleSection\":[\"Actualitat\",\"Fires i rutes\"],\"inLanguage\":\"en-US\",\"potentialAction\":[{\"@type\":\"CommentAction\",\"name\":\"Comment\",\"target\":[\"https:\\\/\\\/gastronomicament.cat\\\/en\\\/arriba-la-segona-edicio-de-mallorca-degusta#respond\"]}]},{\"@type\":\"WebPage\",\"@id\":\"https:\\\/\\\/gastronomicament.cat\\\/en\\\/arriba-la-segona-edicio-de-mallorca-degusta\",\"url\":\"https:\\\/\\\/gastronomicament.cat\\\/en\\\/arriba-la-segona-edicio-de-mallorca-degusta\",\"name\":\"Arriba la segona edici\u00f3 de Mallorca Degusta - Gastron\u00f2micament\",\"isPartOf\":{\"@id\":\"https:\\\/\\\/gastronomicament.cat\\\/en\\\/#website\"},\"primaryImageOfPage\":{\"@id\":\"https:\\\/\\\/gastronomicament.cat\\\/en\\\/arriba-la-segona-edicio-de-mallorca-degusta#primaryimage\"},\"image\":{\"@id\":\"https:\\\/\\\/gastronomicament.cat\\\/en\\\/arriba-la-segona-edicio-de-mallorca-degusta#primaryimage\"},\"thumbnailUrl\":\"https:\\\/\\\/gastronomicament.cat\\\/wp-content\\\/uploads\\\/2019\\\/03\\\/Mallorca-Degusta-2019.jpg\",\"datePublished\":\"2019-03-28T08:49:58+00:00\",\"dateModified\":\"2022-04-09T08:00:00+00:00\",\"description\":\"Arriba la segona edici\u00f3 de Mallorca Degusta Actualitat, Fires i rutes El Palau de Congressos de Palma acull la segona edici\u00f3 de\u00a0Mallorca Degusta\u00a0els dies\u00a029, 30 i 31 de mar\u00e7. El variat continua essent el protagonista en aquesta mostra en qu\u00e8 no hi faltar\u00e0 el vermut, el vi i la cervesa\",\"inLanguage\":\"en-US\",\"potentialAction\":[{\"@type\":\"ReadAction\",\"target\":[\"https:\\\/\\\/gastronomicament.cat\\\/en\\\/arriba-la-segona-edicio-de-mallorca-degusta\"]}]},{\"@type\":\"ImageObject\",\"inLanguage\":\"en-US\",\"@id\":\"https:\\\/\\\/gastronomicament.cat\\\/en\\\/arriba-la-segona-edicio-de-mallorca-degusta#primaryimage\",\"url\":\"https:\\\/\\\/gastronomicament.cat\\\/wp-content\\\/uploads\\\/2019\\\/03\\\/Mallorca-Degusta-2019.jpg\",\"contentUrl\":\"https:\\\/\\\/gastronomicament.cat\\\/wp-content\\\/uploads\\\/2019\\\/03\\\/Mallorca-Degusta-2019.jpg\",\"width\":1283,\"height\":692},{\"@type\":\"WebSite\",\"@id\":\"https:\\\/\\\/gastronomicament.cat\\\/en\\\/#website\",\"url\":\"https:\\\/\\\/gastronomicament.cat\\\/en\\\/\",\"name\":\"Gastron\u00f2micament\",\"description\":\"Portal de restaurants, receptes i actualitat gastron\u00f2mica\",\"publisher\":{\"@id\":\"https:\\\/\\\/gastronomicament.cat\\\/en\\\/#organization\"},\"potentialAction\":[{\"@type\":\"SearchAction\",\"target\":{\"@type\":\"EntryPoint\",\"urlTemplate\":\"https:\\\/\\\/gastronomicament.cat\\\/en\\\/?s={search_term_string}\"},\"query-input\":{\"@type\":\"PropertyValueSpecification\",\"valueRequired\":true,\"valueName\":\"search_term_string\"}}],\"inLanguage\":\"en-US\"},{\"@type\":\"Organization\",\"@id\":\"https:\\\/\\\/gastronomicament.cat\\\/en\\\/#organization\",\"name\":\"Gastron\u00f2micament\",\"url\":\"https:\\\/\\\/gastronomicament.cat\\\/en\\\/\",\"logo\":{\"@type\":\"ImageObject\",\"inLanguage\":\"en-US\",\"@id\":\"https:\\\/\\\/gastronomicament.cat\\\/en\\\/#\\\/schema\\\/logo\\\/image\\\/\",\"url\":\"https:\\\/\\\/gastronomicament.cat\\\/wp-content\\\/uploads\\\/2016\\\/09\\\/header-logo.jpg\",\"contentUrl\":\"https:\\\/\\\/gastronomicament.cat\\\/wp-content\\\/uploads\\\/2016\\\/09\\\/header-logo.jpg\",\"width\":277,\"height\":39,\"caption\":\"Gastron\u00f2micament\"},\"image\":{\"@id\":\"https:\\\/\\\/gastronomicament.cat\\\/en\\\/#\\\/schema\\\/logo\\\/image\\\/\"},\"sameAs\":[\"https:\\\/\\\/x.com\\\/gastronomicamen\"]},{\"@type\":\"Person\",\"@id\":\"https:\\\/\\\/gastronomicament.cat\\\/en\\\/#\\\/schema\\\/person\\\/a7c85c537a1ed62799a5b8e0f686a37f\",\"name\":\"Redacci\u00f3\",\"image\":{\"@type\":\"ImageObject\",\"inLanguage\":\"en-US\",\"@id\":\"https:\\\/\\\/secure.gravatar.com\\\/avatar\\\/9489a485c464fd611d33825daae651d13db70c4e74c65c94937a15a9d4c3ee14?s=96&d=mm&r=g69fea3cce3645dfa2166e7293e22955e\",\"url\":\"https:\\\/\\\/secure.gravatar.com\\\/avatar\\\/9489a485c464fd611d33825daae651d13db70c4e74c65c94937a15a9d4c3ee14?s=96&d=mm&r=g\",\"contentUrl\":\"https:\\\/\\\/secure.gravatar.com\\\/avatar\\\/9489a485c464fd611d33825daae651d13db70c4e74c65c94937a15a9d4c3ee14?s=96&d=mm&r=g\",\"caption\":\"Redacci\u00f3\"},\"sameAs\":[\"http:\\\/\\\/gastronomicament.cat\"],\"url\":\"https:\\\/\\\/gastronomicament.cat\\\/en\\\/author\\\/admin\"}]}<\/script>\n<!-- \/ Yoast SEO plugin. -->","yoast_head_json":{"title":"Arriba la segona edici\u00f3 de Mallorca Degusta - Gastron\u00f2micament","description":"Arriba la segona edici\u00f3 de Mallorca Degusta Actualitat, Fires i rutes El Palau de Congressos de Palma acull la segona edici\u00f3 de\u00a0Mallorca Degusta\u00a0els dies\u00a029, 30 i 31 de mar\u00e7. El variat continua essent el protagonista en aquesta mostra en qu\u00e8 no hi faltar\u00e0 el vermut, el vi i la cervesa","robots":{"index":"index","follow":"follow","max-snippet":"max-snippet:-1","max-image-preview":"max-image-preview:large","max-video-preview":"max-video-preview:-1"},"canonical":"https:\/\/gastronomicament.cat\/en\/arriba-la-segona-edicio-de-mallorca-degusta","og_locale":"en_US","og_type":"article","og_title":"Arriba la segona edici\u00f3 de Mallorca Degusta - Gastron\u00f2micament","og_description":"Arriba la segona edici\u00f3 de Mallorca Degusta Actualitat, Fires i rutes El Palau de Congressos de Palma acull la segona edici\u00f3 de\u00a0Mallorca Degusta\u00a0els dies\u00a029, 30 i 31 de mar\u00e7. El variat continua essent el protagonista en aquesta mostra en qu\u00e8 no hi faltar\u00e0 el vermut, el vi i la cervesa","og_url":"https:\/\/gastronomicament.cat\/en\/arriba-la-segona-edicio-de-mallorca-degusta","og_site_name":"Gastron\u00f2micament","article_published_time":"2019-03-28T08:49:58+00:00","article_modified_time":"2022-04-09T08:00:00+00:00","og_image":[{"width":1283,"height":692,"url":"https:\/\/gastronomicament.cat\/wp-content\/uploads\/2019\/03\/Mallorca-Degusta-2019.jpg","type":"image\/jpeg"}],"author":"Redacci\u00f3","twitter_card":"summary_large_image","twitter_creator":"@gastronomicamen","twitter_site":"@gastronomicamen","twitter_misc":{"Written by":"Redacci\u00f3","Est. reading time":"2 minutes"},"schema":{"@context":"https:\/\/schema.org","@graph":[{"@type":"Article","@id":"https:\/\/gastronomicament.cat\/en\/arriba-la-segona-edicio-de-mallorca-degusta#article","isPartOf":{"@id":"https:\/\/gastronomicament.cat\/en\/arriba-la-segona-edicio-de-mallorca-degusta"},"author":{"name":"Redacci\u00f3","@id":"https:\/\/gastronomicament.cat\/en\/#\/schema\/person\/a7c85c537a1ed62799a5b8e0f686a37f"},"headline":"Arriba la segona edici\u00f3 de Mallorca Degusta","datePublished":"2019-03-28T08:49:58+00:00","dateModified":"2022-04-09T08:00:00+00:00","mainEntityOfPage":{"@id":"https:\/\/gastronomicament.cat\/en\/arriba-la-segona-edicio-de-mallorca-degusta"},"wordCount":417,"commentCount":0,"publisher":{"@id":"https:\/\/gastronomicament.cat\/en\/#organization"},"image":{"@id":"https:\/\/gastronomicament.cat\/en\/arriba-la-segona-edicio-de-mallorca-degusta#primaryimage"},"thumbnailUrl":"https:\/\/gastronomicament.cat\/wp-content\/uploads\/2019\/03\/Mallorca-Degusta-2019.jpg","articleSection":["Actualitat","Fires i rutes"],"inLanguage":"en-US","potentialAction":[{"@type":"CommentAction","name":"Comment","target":["https:\/\/gastronomicament.cat\/en\/arriba-la-segona-edicio-de-mallorca-degusta#respond"]}]},{"@type":"WebPage","@id":"https:\/\/gastronomicament.cat\/en\/arriba-la-segona-edicio-de-mallorca-degusta","url":"https:\/\/gastronomicament.cat\/en\/arriba-la-segona-edicio-de-mallorca-degusta","name":"Arriba la segona edici\u00f3 de Mallorca Degusta - Gastron\u00f2micament","isPartOf":{"@id":"https:\/\/gastronomicament.cat\/en\/#website"},"primaryImageOfPage":{"@id":"https:\/\/gastronomicament.cat\/en\/arriba-la-segona-edicio-de-mallorca-degusta#primaryimage"},"image":{"@id":"https:\/\/gastronomicament.cat\/en\/arriba-la-segona-edicio-de-mallorca-degusta#primaryimage"},"thumbnailUrl":"https:\/\/gastronomicament.cat\/wp-content\/uploads\/2019\/03\/Mallorca-Degusta-2019.jpg","datePublished":"2019-03-28T08:49:58+00:00","dateModified":"2022-04-09T08:00:00+00:00","description":"Arriba la segona edici\u00f3 de Mallorca Degusta Actualitat, Fires i rutes El Palau de Congressos de Palma acull la segona edici\u00f3 de\u00a0Mallorca Degusta\u00a0els dies\u00a029, 30 i 31 de mar\u00e7. El variat continua essent el protagonista en aquesta mostra en qu\u00e8 no hi faltar\u00e0 el vermut, el vi i la cervesa","inLanguage":"en-US","potentialAction":[{"@type":"ReadAction","target":["https:\/\/gastronomicament.cat\/en\/arriba-la-segona-edicio-de-mallorca-degusta"]}]},{"@type":"ImageObject","inLanguage":"en-US","@id":"https:\/\/gastronomicament.cat\/en\/arriba-la-segona-edicio-de-mallorca-degusta#primaryimage","url":"https:\/\/gastronomicament.cat\/wp-content\/uploads\/2019\/03\/Mallorca-Degusta-2019.jpg","contentUrl":"https:\/\/gastronomicament.cat\/wp-content\/uploads\/2019\/03\/Mallorca-Degusta-2019.jpg","width":1283,"height":692},{"@type":"WebSite","@id":"https:\/\/gastronomicament.cat\/en\/#website","url":"https:\/\/gastronomicament.cat\/en\/","name":"Gastron\u00f2micament","description":"Portal de restaurants, receptes i actualitat gastron\u00f2mica","publisher":{"@id":"https:\/\/gastronomicament.cat\/en\/#organization"},"potentialAction":[{"@type":"SearchAction","target":{"@type":"EntryPoint","urlTemplate":"https:\/\/gastronomicament.cat\/en\/?s={search_term_string}"},"query-input":{"@type":"PropertyValueSpecification","valueRequired":true,"valueName":"search_term_string"}}],"inLanguage":"en-US"},{"@type":"Organization","@id":"https:\/\/gastronomicament.cat\/en\/#organization","name":"Gastron\u00f2micament","url":"https:\/\/gastronomicament.cat\/en\/","logo":{"@type":"ImageObject","inLanguage":"en-US","@id":"https:\/\/gastronomicament.cat\/en\/#\/schema\/logo\/image\/","url":"https:\/\/gastronomicament.cat\/wp-content\/uploads\/2016\/09\/header-logo.jpg","contentUrl":"https:\/\/gastronomicament.cat\/wp-content\/uploads\/2016\/09\/header-logo.jpg","width":277,"height":39,"caption":"Gastron\u00f2micament"},"image":{"@id":"https:\/\/gastronomicament.cat\/en\/#\/schema\/logo\/image\/"},"sameAs":["https:\/\/x.com\/gastronomicamen"]},{"@type":"Person","@id":"https:\/\/gastronomicament.cat\/en\/#\/schema\/person\/a7c85c537a1ed62799a5b8e0f686a37f","name":"Redacci\u00f3","image":{"@type":"ImageObject","inLanguage":"en-US","@id":"https:\/\/secure.gravatar.com\/avatar\/9489a485c464fd611d33825daae651d13db70c4e74c65c94937a15a9d4c3ee14?s=96&d=mm&r=g69fea3cce3645dfa2166e7293e22955e","url":"https:\/\/secure.gravatar.com\/avatar\/9489a485c464fd611d33825daae651d13db70c4e74c65c94937a15a9d4c3ee14?s=96&d=mm&r=g","contentUrl":"https:\/\/secure.gravatar.com\/avatar\/9489a485c464fd611d33825daae651d13db70c4e74c65c94937a15a9d4c3ee14?s=96&d=mm&r=g","caption":"Redacci\u00f3"},"sameAs":["http:\/\/gastronomicament.cat"],"url":"https:\/\/gastronomicament.cat\/en\/author\/admin"}]}},"_links":{"self":[{"href":"https:\/\/gastronomicament.cat\/en\/wp-json\/wp\/v2\/posts\/65434","targetHints":{"allow":["GET"]}}],"collection":[{"href":"https:\/\/gastronomicament.cat\/en\/wp-json\/wp\/v2\/posts"}],"about":[{"href":"https:\/\/gastronomicament.cat\/en\/wp-json\/wp\/v2\/types\/post"}],"author":[{"embeddable":true,"href":"https:\/\/gastronomicament.cat\/en\/wp-json\/wp\/v2\/users\/1"}],"replies":[{"embeddable":true,"href":"https:\/\/gastronomicament.cat\/en\/wp-json\/wp\/v2\/comments?post=65434"}],"version-history":[{"count":0,"href":"https:\/\/gastronomicament.cat\/en\/wp-json\/wp\/v2\/posts\/65434\/revisions"}],"wp:featuredmedia":[{"embeddable":true,"href":"https:\/\/gastronomicament.cat\/en\/wp-json\/wp\/v2\/media\/64953"}],"wp:attachment":[{"href":"https:\/\/gastronomicament.cat\/en\/wp-json\/wp\/v2\/media?parent=65434"}],"wp:term":[{"taxonomy":"category","embeddable":true,"href":"https:\/\/gastronomicament.cat\/en\/wp-json\/wp\/v2\/categories?post=65434"},{"taxonomy":"post_tag","embeddable":true,"href":"https:\/\/gastronomicament.cat\/en\/wp-json\/wp\/v2\/tags?post=65434"},{"taxonomy":"author","embeddable":true,"href":"https:\/\/gastronomicament.cat\/en\/wp-json\/wp\/v2\/coauthors?post=65434"}],"curies":[{"name":"wp","href":"https:\/\/api.w.org\/{rel}","templated":true}]}}