{"id":66682,"date":"2018-11-20T09:22:44","date_gmt":"2018-11-20T08:22:44","guid":{"rendered":"https:\/\/gastronomicament.cat\/magdalena-mas-guanya-el-tercer-premi-del-concurs-gm-chef-2018"},"modified":"2018-11-20T09:22:44","modified_gmt":"2018-11-20T08:22:44","slug":"magdalena-mas-guanya-el-tercer-premi-del-concurs-gm-chef-2018","status":"publish","type":"post","link":"https:\/\/gastronomicament.cat\/en\/magdalena-mas-guanya-el-tercer-premi-del-concurs-gm-chef-2018","title":{"rendered":"Magdalena Mas guanya el tercer premi del Concurs GM Chef 2018"},"content":{"rendered":"<blockquote><p><em>Hi han participat 1.080 alumnes d&#8217;escoles de cuina d&#8217;arreu de l&#8217;Estat<\/em><\/p><\/blockquote>\n<p><strong>Magdalena Mas Matas<\/strong>, alumna de l&#8217;<strong>IES Jun\u00edper Serra<\/strong>\u00a0de Palma, ha obtingut el tercer premi del\u00a0<strong>concurs GM Chef 2018<\/strong>. La competici\u00f3 culin\u00e0ria, celebrada el dilluns dia 19 de novembre al Mas Marroch (Girona), ha comptat amb 6 finalistes, despr\u00e9s de tres fases en les quals hi han participat 1.080 estudiants d&#8217;escoles de cuina d&#8217;arreu de l&#8217;Estat.<\/p>\n<p>Per a aquesta ocasi\u00f3, Mas ha preparat un plat t\u00edpic de la cuina mallorquina, una versi\u00f3 en tapa del\u00a0<strong>frit de safarn\u00e0ria<\/strong>, amb porc negre, cames-grogues, botifarr\u00f3, escuma i gel de fonoll i un pur\u00e9 de moniato, presentat sobre un plat de vidre bufat de Menestralia. Segons ha explicat, s&#8217;ha basat en la tradici\u00f3 per reivindicar els productes de Mallorca. El premi que ha guanyat consisteix en una estada gastron\u00f3mica al restaurant Ac\u00e1nthum de Huelva (una estrella Michelin), propietat del cuiner Xanty El\u00edas, ambaixador de GM Food Ib\u00e9rica.<\/p>\n<p>La resta de participants han estat Mar\u00eda Eugenia Barber\u00e1 (Madrid), Eugenia Lorente (Alacant), Juan Gaspar (Sevilla),<\/p>\n<p>Arnau Triola (Girona) i Natalia Gonz\u00e1lez (Gran Canaria). El\u00a0<strong>jurat\u00a0<\/strong>ha estat presidit pel destacat cuiner catal\u00e0 Joan Roca, xef del Celler de Can Roca ( estrellas Michelin), i ha estat acompanyat per Pere Laymon, CEO de GM Food Ib\u00e9rica; Xanty El\u00edas, cuiner del restaurante Ac\u00e1nthum; Erlantz Gorostiza, xef del MB Ritz-Carlton Abama; i el periodista gastron\u00f2mic Jes\u00fas Terr\u00e9s.<\/p>\n<p>La guanyadora del\u00a0<strong>primer premi<\/strong>\u00a0del concurs ha resultat ser\u00a0<strong>Eugenia Lorente<\/strong>, alumna de l&#8217;IES l&#8217;Aljub de Santa Pola (Alacant), amb una desconstrucci\u00f3 del gaspatxo manxec, gr\u00e0cies al qual ha guanyat una estada gastron\u00f2mica al restaurant Celler Can Roca (3 estrelles Michelin). El<strong>\u00a0segon premi\u00a0<\/strong>ha estat per\u00a0<strong>Mar\u00eda Eugenia Barber\u00e0<\/strong>, estudiant de l&#8217;IES Hosteleria i Turisme d&#8217;Alcal\u00e1 de Henares (Madrid), que far\u00e0 una estada en el restaurant MB (ues estrelles Michelin) de Mart\u00edn Berasategui, ubicat a l&#8217;Abama Resort de Tenerife.<\/p>\n<p>Des del grup\u00a0<strong>GM Cash<\/strong>\u00a0han comentat que en aquesta tercera edici\u00f3 del concurs continuen apostant per potenciar les joves promeses de la cuina amb concursos com aquest a trav\u00e9s dels quals es pot descobrir el talent dels futurs professionals de la restauraci\u00f3.<\/p>\n","protected":false},"excerpt":{"rendered":"<p>Magdalena Mas Matas, alumna de l&#8217;IES Jun\u00edper Serra\u00a0de Palma, ha obtingut el tercer premi del\u00a0concurs GM&hellip;<\/p>\n","protected":false},"author":1,"featured_media":63851,"comment_status":"open","ping_status":"closed","sticky":false,"template":"","format":"gallery","meta":{"_acf_changed":false,"_swt_meta_header_display":false,"_swt_meta_footer_display":false,"_swt_meta_site_title_display":false,"_swt_meta_sticky_header":false,"_swt_meta_transparent_header":false,"footnotes":""},"categories":[1046,1479],"tags":[],"coauthors":[],"class_list":["post-66682","post","type-post","status-publish","format-gallery","has-post-thumbnail","hentry","category-actualitat-es-en","category-concursos-i-premis-en","post_format-post-format-gallery"],"acf":{"gallery":null,"home_date":{"home_begin_date":null,"home_end_date":null}},"yoast_head":"<!-- This site is optimized with the Yoast SEO plugin v27.4 - https:\/\/yoast.com\/product\/yoast-seo-wordpress\/ -->\n<title>Magdalena Mas guanya el tercer premi del Concurs GM Chef 2018 - Gastron\u00f2micament<\/title>\n<meta name=\"description\" content=\"Magdalena Mas guanya el tercer premi del Concurs GM Chef 2018 Actualitat, Concursos i premis Magdalena Mas Matas, alumna de l&#039;IES Jun\u00edper Serra\u00a0de Palma, ha obtingut el tercer premi del\u00a0concurs GM Chef 2018\" \/>\n<meta name=\"robots\" content=\"index, follow, max-snippet:-1, max-image-preview:large, max-video-preview:-1\" \/>\n<link rel=\"canonical\" href=\"https:\/\/gastronomicament.cat\/en\/magdalena-mas-guanya-el-tercer-premi-del-concurs-gm-chef-2018\" \/>\n<meta property=\"og:locale\" content=\"en_US\" \/>\n<meta property=\"og:type\" content=\"article\" \/>\n<meta property=\"og:title\" content=\"Magdalena Mas guanya el tercer premi del Concurs GM Chef 2018 - Gastron\u00f2micament\" \/>\n<meta property=\"og:description\" content=\"Magdalena Mas guanya el tercer premi del Concurs GM Chef 2018 Actualitat, Concursos i premis Magdalena Mas Matas, alumna de l&#039;IES Jun\u00edper Serra\u00a0de Palma, ha obtingut el tercer premi del\u00a0concurs GM Chef 2018\" \/>\n<meta property=\"og:url\" content=\"https:\/\/gastronomicament.cat\/en\/magdalena-mas-guanya-el-tercer-premi-del-concurs-gm-chef-2018\" \/>\n<meta property=\"og:site_name\" content=\"Gastron\u00f2micament\" \/>\n<meta property=\"article:published_time\" content=\"2018-11-20T08:22:44+00:00\" \/>\n<meta property=\"og:image\" content=\"https:\/\/gastronomicament.cat\/wp-content\/uploads\/2018\/11\/Magdalena-Mas-Miquel-Estarelles-i-Joana-Cantallops.jpg\" \/>\n\t<meta property=\"og:image:width\" content=\"2816\" \/>\n\t<meta property=\"og:image:height\" content=\"1880\" \/>\n\t<meta property=\"og:image:type\" content=\"image\/jpeg\" \/>\n<meta name=\"author\" content=\"Redacci\u00f3\" \/>\n<meta name=\"twitter:card\" content=\"summary_large_image\" \/>\n<meta name=\"twitter:creator\" content=\"@gastronomicamen\" \/>\n<meta name=\"twitter:site\" content=\"@gastronomicamen\" \/>\n<meta name=\"twitter:label1\" content=\"Written by\" \/>\n\t<meta name=\"twitter:data1\" content=\"Redacci\u00f3\" \/>\n\t<meta name=\"twitter:label2\" content=\"Est. reading time\" \/>\n\t<meta name=\"twitter:data2\" content=\"2 minutes\" \/>\n<script type=\"application\/ld+json\" class=\"yoast-schema-graph\">{\"@context\":\"https:\\\/\\\/schema.org\",\"@graph\":[{\"@type\":\"Article\",\"@id\":\"https:\\\/\\\/gastronomicament.cat\\\/en\\\/magdalena-mas-guanya-el-tercer-premi-del-concurs-gm-chef-2018#article\",\"isPartOf\":{\"@id\":\"https:\\\/\\\/gastronomicament.cat\\\/en\\\/magdalena-mas-guanya-el-tercer-premi-del-concurs-gm-chef-2018\"},\"author\":{\"name\":\"Redacci\u00f3\",\"@id\":\"https:\\\/\\\/gastronomicament.cat\\\/en\\\/#\\\/schema\\\/person\\\/a7c85c537a1ed62799a5b8e0f686a37f\"},\"headline\":\"Magdalena Mas guanya el tercer premi del Concurs GM Chef 2018\",\"datePublished\":\"2018-11-20T08:22:44+00:00\",\"mainEntityOfPage\":{\"@id\":\"https:\\\/\\\/gastronomicament.cat\\\/en\\\/magdalena-mas-guanya-el-tercer-premi-del-concurs-gm-chef-2018\"},\"wordCount\":380,\"commentCount\":0,\"publisher\":{\"@id\":\"https:\\\/\\\/gastronomicament.cat\\\/en\\\/#organization\"},\"image\":{\"@id\":\"https:\\\/\\\/gastronomicament.cat\\\/en\\\/magdalena-mas-guanya-el-tercer-premi-del-concurs-gm-chef-2018#primaryimage\"},\"thumbnailUrl\":\"https:\\\/\\\/gastronomicament.cat\\\/wp-content\\\/uploads\\\/2018\\\/11\\\/Magdalena-Mas-Miquel-Estarelles-i-Joana-Cantallops.jpg\",\"articleSection\":[\"Actualitat\",\"Concursos i premis\"],\"inLanguage\":\"en-US\",\"potentialAction\":[{\"@type\":\"CommentAction\",\"name\":\"Comment\",\"target\":[\"https:\\\/\\\/gastronomicament.cat\\\/en\\\/magdalena-mas-guanya-el-tercer-premi-del-concurs-gm-chef-2018#respond\"]}]},{\"@type\":\"WebPage\",\"@id\":\"https:\\\/\\\/gastronomicament.cat\\\/en\\\/magdalena-mas-guanya-el-tercer-premi-del-concurs-gm-chef-2018\",\"url\":\"https:\\\/\\\/gastronomicament.cat\\\/en\\\/magdalena-mas-guanya-el-tercer-premi-del-concurs-gm-chef-2018\",\"name\":\"Magdalena Mas guanya el tercer premi del Concurs GM Chef 2018 - Gastron\u00f2micament\",\"isPartOf\":{\"@id\":\"https:\\\/\\\/gastronomicament.cat\\\/en\\\/#website\"},\"primaryImageOfPage\":{\"@id\":\"https:\\\/\\\/gastronomicament.cat\\\/en\\\/magdalena-mas-guanya-el-tercer-premi-del-concurs-gm-chef-2018#primaryimage\"},\"image\":{\"@id\":\"https:\\\/\\\/gastronomicament.cat\\\/en\\\/magdalena-mas-guanya-el-tercer-premi-del-concurs-gm-chef-2018#primaryimage\"},\"thumbnailUrl\":\"https:\\\/\\\/gastronomicament.cat\\\/wp-content\\\/uploads\\\/2018\\\/11\\\/Magdalena-Mas-Miquel-Estarelles-i-Joana-Cantallops.jpg\",\"datePublished\":\"2018-11-20T08:22:44+00:00\",\"description\":\"Magdalena Mas guanya el tercer premi del Concurs GM Chef 2018 Actualitat, Concursos i premis Magdalena Mas Matas, alumna de l'IES Jun\u00edper Serra\u00a0de Palma, ha obtingut el tercer premi del\u00a0concurs GM Chef 2018\",\"inLanguage\":\"en-US\",\"potentialAction\":[{\"@type\":\"ReadAction\",\"target\":[\"https:\\\/\\\/gastronomicament.cat\\\/en\\\/magdalena-mas-guanya-el-tercer-premi-del-concurs-gm-chef-2018\"]}]},{\"@type\":\"ImageObject\",\"inLanguage\":\"en-US\",\"@id\":\"https:\\\/\\\/gastronomicament.cat\\\/en\\\/magdalena-mas-guanya-el-tercer-premi-del-concurs-gm-chef-2018#primaryimage\",\"url\":\"https:\\\/\\\/gastronomicament.cat\\\/wp-content\\\/uploads\\\/2018\\\/11\\\/Magdalena-Mas-Miquel-Estarelles-i-Joana-Cantallops.jpg\",\"contentUrl\":\"https:\\\/\\\/gastronomicament.cat\\\/wp-content\\\/uploads\\\/2018\\\/11\\\/Magdalena-Mas-Miquel-Estarelles-i-Joana-Cantallops.jpg\",\"width\":2816,\"height\":1880},{\"@type\":\"WebSite\",\"@id\":\"https:\\\/\\\/gastronomicament.cat\\\/en\\\/#website\",\"url\":\"https:\\\/\\\/gastronomicament.cat\\\/en\\\/\",\"name\":\"Gastron\u00f2micament\",\"description\":\"Portal de restaurants, receptes i actualitat gastron\u00f2mica\",\"publisher\":{\"@id\":\"https:\\\/\\\/gastronomicament.cat\\\/en\\\/#organization\"},\"potentialAction\":[{\"@type\":\"SearchAction\",\"target\":{\"@type\":\"EntryPoint\",\"urlTemplate\":\"https:\\\/\\\/gastronomicament.cat\\\/en\\\/?s={search_term_string}\"},\"query-input\":{\"@type\":\"PropertyValueSpecification\",\"valueRequired\":true,\"valueName\":\"search_term_string\"}}],\"inLanguage\":\"en-US\"},{\"@type\":\"Organization\",\"@id\":\"https:\\\/\\\/gastronomicament.cat\\\/en\\\/#organization\",\"name\":\"Gastron\u00f2micament\",\"url\":\"https:\\\/\\\/gastronomicament.cat\\\/en\\\/\",\"logo\":{\"@type\":\"ImageObject\",\"inLanguage\":\"en-US\",\"@id\":\"https:\\\/\\\/gastronomicament.cat\\\/en\\\/#\\\/schema\\\/logo\\\/image\\\/\",\"url\":\"https:\\\/\\\/gastronomicament.cat\\\/wp-content\\\/uploads\\\/2016\\\/09\\\/header-logo.jpg\",\"contentUrl\":\"https:\\\/\\\/gastronomicament.cat\\\/wp-content\\\/uploads\\\/2016\\\/09\\\/header-logo.jpg\",\"width\":277,\"height\":39,\"caption\":\"Gastron\u00f2micament\"},\"image\":{\"@id\":\"https:\\\/\\\/gastronomicament.cat\\\/en\\\/#\\\/schema\\\/logo\\\/image\\\/\"},\"sameAs\":[\"https:\\\/\\\/x.com\\\/gastronomicamen\"]},{\"@type\":\"Person\",\"@id\":\"https:\\\/\\\/gastronomicament.cat\\\/en\\\/#\\\/schema\\\/person\\\/a7c85c537a1ed62799a5b8e0f686a37f\",\"name\":\"Redacci\u00f3\",\"image\":{\"@type\":\"ImageObject\",\"inLanguage\":\"en-US\",\"@id\":\"https:\\\/\\\/secure.gravatar.com\\\/avatar\\\/9489a485c464fd611d33825daae651d13db70c4e74c65c94937a15a9d4c3ee14?s=96&d=mm&r=g69fea3cce3645dfa2166e7293e22955e\",\"url\":\"https:\\\/\\\/secure.gravatar.com\\\/avatar\\\/9489a485c464fd611d33825daae651d13db70c4e74c65c94937a15a9d4c3ee14?s=96&d=mm&r=g\",\"contentUrl\":\"https:\\\/\\\/secure.gravatar.com\\\/avatar\\\/9489a485c464fd611d33825daae651d13db70c4e74c65c94937a15a9d4c3ee14?s=96&d=mm&r=g\",\"caption\":\"Redacci\u00f3\"},\"sameAs\":[\"http:\\\/\\\/gastronomicament.cat\"],\"url\":\"https:\\\/\\\/gastronomicament.cat\\\/en\\\/author\\\/admin\"}]}<\/script>\n<!-- \/ Yoast SEO plugin. -->","yoast_head_json":{"title":"Magdalena Mas guanya el tercer premi del Concurs GM Chef 2018 - Gastron\u00f2micament","description":"Magdalena Mas guanya el tercer premi del Concurs GM Chef 2018 Actualitat, Concursos i premis Magdalena Mas Matas, alumna de l'IES Jun\u00edper Serra\u00a0de Palma, ha obtingut el tercer premi del\u00a0concurs GM Chef 2018","robots":{"index":"index","follow":"follow","max-snippet":"max-snippet:-1","max-image-preview":"max-image-preview:large","max-video-preview":"max-video-preview:-1"},"canonical":"https:\/\/gastronomicament.cat\/en\/magdalena-mas-guanya-el-tercer-premi-del-concurs-gm-chef-2018","og_locale":"en_US","og_type":"article","og_title":"Magdalena Mas guanya el tercer premi del Concurs GM Chef 2018 - Gastron\u00f2micament","og_description":"Magdalena Mas guanya el tercer premi del Concurs GM Chef 2018 Actualitat, Concursos i premis Magdalena Mas Matas, alumna de l'IES Jun\u00edper Serra\u00a0de Palma, ha obtingut el tercer premi del\u00a0concurs GM Chef 2018","og_url":"https:\/\/gastronomicament.cat\/en\/magdalena-mas-guanya-el-tercer-premi-del-concurs-gm-chef-2018","og_site_name":"Gastron\u00f2micament","article_published_time":"2018-11-20T08:22:44+00:00","og_image":[{"width":2816,"height":1880,"url":"https:\/\/gastronomicament.cat\/wp-content\/uploads\/2018\/11\/Magdalena-Mas-Miquel-Estarelles-i-Joana-Cantallops.jpg","type":"image\/jpeg"}],"author":"Redacci\u00f3","twitter_card":"summary_large_image","twitter_creator":"@gastronomicamen","twitter_site":"@gastronomicamen","twitter_misc":{"Written by":"Redacci\u00f3","Est. reading time":"2 minutes"},"schema":{"@context":"https:\/\/schema.org","@graph":[{"@type":"Article","@id":"https:\/\/gastronomicament.cat\/en\/magdalena-mas-guanya-el-tercer-premi-del-concurs-gm-chef-2018#article","isPartOf":{"@id":"https:\/\/gastronomicament.cat\/en\/magdalena-mas-guanya-el-tercer-premi-del-concurs-gm-chef-2018"},"author":{"name":"Redacci\u00f3","@id":"https:\/\/gastronomicament.cat\/en\/#\/schema\/person\/a7c85c537a1ed62799a5b8e0f686a37f"},"headline":"Magdalena Mas guanya el tercer premi del Concurs GM Chef 2018","datePublished":"2018-11-20T08:22:44+00:00","mainEntityOfPage":{"@id":"https:\/\/gastronomicament.cat\/en\/magdalena-mas-guanya-el-tercer-premi-del-concurs-gm-chef-2018"},"wordCount":380,"commentCount":0,"publisher":{"@id":"https:\/\/gastronomicament.cat\/en\/#organization"},"image":{"@id":"https:\/\/gastronomicament.cat\/en\/magdalena-mas-guanya-el-tercer-premi-del-concurs-gm-chef-2018#primaryimage"},"thumbnailUrl":"https:\/\/gastronomicament.cat\/wp-content\/uploads\/2018\/11\/Magdalena-Mas-Miquel-Estarelles-i-Joana-Cantallops.jpg","articleSection":["Actualitat","Concursos i premis"],"inLanguage":"en-US","potentialAction":[{"@type":"CommentAction","name":"Comment","target":["https:\/\/gastronomicament.cat\/en\/magdalena-mas-guanya-el-tercer-premi-del-concurs-gm-chef-2018#respond"]}]},{"@type":"WebPage","@id":"https:\/\/gastronomicament.cat\/en\/magdalena-mas-guanya-el-tercer-premi-del-concurs-gm-chef-2018","url":"https:\/\/gastronomicament.cat\/en\/magdalena-mas-guanya-el-tercer-premi-del-concurs-gm-chef-2018","name":"Magdalena Mas guanya el tercer premi del Concurs GM Chef 2018 - Gastron\u00f2micament","isPartOf":{"@id":"https:\/\/gastronomicament.cat\/en\/#website"},"primaryImageOfPage":{"@id":"https:\/\/gastronomicament.cat\/en\/magdalena-mas-guanya-el-tercer-premi-del-concurs-gm-chef-2018#primaryimage"},"image":{"@id":"https:\/\/gastronomicament.cat\/en\/magdalena-mas-guanya-el-tercer-premi-del-concurs-gm-chef-2018#primaryimage"},"thumbnailUrl":"https:\/\/gastronomicament.cat\/wp-content\/uploads\/2018\/11\/Magdalena-Mas-Miquel-Estarelles-i-Joana-Cantallops.jpg","datePublished":"2018-11-20T08:22:44+00:00","description":"Magdalena Mas guanya el tercer premi del Concurs GM Chef 2018 Actualitat, Concursos i premis Magdalena Mas Matas, alumna de l'IES Jun\u00edper Serra\u00a0de Palma, ha obtingut el tercer premi del\u00a0concurs GM Chef 2018","inLanguage":"en-US","potentialAction":[{"@type":"ReadAction","target":["https:\/\/gastronomicament.cat\/en\/magdalena-mas-guanya-el-tercer-premi-del-concurs-gm-chef-2018"]}]},{"@type":"ImageObject","inLanguage":"en-US","@id":"https:\/\/gastronomicament.cat\/en\/magdalena-mas-guanya-el-tercer-premi-del-concurs-gm-chef-2018#primaryimage","url":"https:\/\/gastronomicament.cat\/wp-content\/uploads\/2018\/11\/Magdalena-Mas-Miquel-Estarelles-i-Joana-Cantallops.jpg","contentUrl":"https:\/\/gastronomicament.cat\/wp-content\/uploads\/2018\/11\/Magdalena-Mas-Miquel-Estarelles-i-Joana-Cantallops.jpg","width":2816,"height":1880},{"@type":"WebSite","@id":"https:\/\/gastronomicament.cat\/en\/#website","url":"https:\/\/gastronomicament.cat\/en\/","name":"Gastron\u00f2micament","description":"Portal de restaurants, receptes i actualitat gastron\u00f2mica","publisher":{"@id":"https:\/\/gastronomicament.cat\/en\/#organization"},"potentialAction":[{"@type":"SearchAction","target":{"@type":"EntryPoint","urlTemplate":"https:\/\/gastronomicament.cat\/en\/?s={search_term_string}"},"query-input":{"@type":"PropertyValueSpecification","valueRequired":true,"valueName":"search_term_string"}}],"inLanguage":"en-US"},{"@type":"Organization","@id":"https:\/\/gastronomicament.cat\/en\/#organization","name":"Gastron\u00f2micament","url":"https:\/\/gastronomicament.cat\/en\/","logo":{"@type":"ImageObject","inLanguage":"en-US","@id":"https:\/\/gastronomicament.cat\/en\/#\/schema\/logo\/image\/","url":"https:\/\/gastronomicament.cat\/wp-content\/uploads\/2016\/09\/header-logo.jpg","contentUrl":"https:\/\/gastronomicament.cat\/wp-content\/uploads\/2016\/09\/header-logo.jpg","width":277,"height":39,"caption":"Gastron\u00f2micament"},"image":{"@id":"https:\/\/gastronomicament.cat\/en\/#\/schema\/logo\/image\/"},"sameAs":["https:\/\/x.com\/gastronomicamen"]},{"@type":"Person","@id":"https:\/\/gastronomicament.cat\/en\/#\/schema\/person\/a7c85c537a1ed62799a5b8e0f686a37f","name":"Redacci\u00f3","image":{"@type":"ImageObject","inLanguage":"en-US","@id":"https:\/\/secure.gravatar.com\/avatar\/9489a485c464fd611d33825daae651d13db70c4e74c65c94937a15a9d4c3ee14?s=96&d=mm&r=g69fea3cce3645dfa2166e7293e22955e","url":"https:\/\/secure.gravatar.com\/avatar\/9489a485c464fd611d33825daae651d13db70c4e74c65c94937a15a9d4c3ee14?s=96&d=mm&r=g","contentUrl":"https:\/\/secure.gravatar.com\/avatar\/9489a485c464fd611d33825daae651d13db70c4e74c65c94937a15a9d4c3ee14?s=96&d=mm&r=g","caption":"Redacci\u00f3"},"sameAs":["http:\/\/gastronomicament.cat"],"url":"https:\/\/gastronomicament.cat\/en\/author\/admin"}]}},"_links":{"self":[{"href":"https:\/\/gastronomicament.cat\/en\/wp-json\/wp\/v2\/posts\/66682","targetHints":{"allow":["GET"]}}],"collection":[{"href":"https:\/\/gastronomicament.cat\/en\/wp-json\/wp\/v2\/posts"}],"about":[{"href":"https:\/\/gastronomicament.cat\/en\/wp-json\/wp\/v2\/types\/post"}],"author":[{"embeddable":true,"href":"https:\/\/gastronomicament.cat\/en\/wp-json\/wp\/v2\/users\/1"}],"replies":[{"embeddable":true,"href":"https:\/\/gastronomicament.cat\/en\/wp-json\/wp\/v2\/comments?post=66682"}],"version-history":[{"count":0,"href":"https:\/\/gastronomicament.cat\/en\/wp-json\/wp\/v2\/posts\/66682\/revisions"}],"wp:featuredmedia":[{"embeddable":true,"href":"https:\/\/gastronomicament.cat\/en\/wp-json\/wp\/v2\/media\/63851"}],"wp:attachment":[{"href":"https:\/\/gastronomicament.cat\/en\/wp-json\/wp\/v2\/media?parent=66682"}],"wp:term":[{"taxonomy":"category","embeddable":true,"href":"https:\/\/gastronomicament.cat\/en\/wp-json\/wp\/v2\/categories?post=66682"},{"taxonomy":"post_tag","embeddable":true,"href":"https:\/\/gastronomicament.cat\/en\/wp-json\/wp\/v2\/tags?post=66682"},{"taxonomy":"author","embeddable":true,"href":"https:\/\/gastronomicament.cat\/en\/wp-json\/wp\/v2\/coauthors?post=66682"}],"curies":[{"name":"wp","href":"https:\/\/api.w.org\/{rel}","templated":true}]}}