{"id":67134,"date":"2018-10-03T09:24:41","date_gmt":"2018-10-03T07:24:41","guid":{"rendered":"https:\/\/gastronomicament.cat\/el-xuclador-mes-gran-del-mon-protagonitza-la-fira-dolca-2018"},"modified":"2018-10-03T09:24:41","modified_gmt":"2018-10-03T07:24:41","slug":"el-xuclador-mes-gran-del-mon-protagonitza-la-fira-dolca-2018","status":"publish","type":"post","link":"https:\/\/gastronomicament.cat\/en\/el-xuclador-mes-gran-del-mon-protagonitza-la-fira-dolca-2018","title":{"rendered":"El xuclador m\u00e9s gran del m\u00f3n protagonitza la Fira Dol\u00e7a 2018"},"content":{"rendered":"<blockquote><p><em>L&#8217;Ajuntament d&#8217;Esporles i l&#8217;Associaci\u00f3 de Forners i Pastissers de les Illes Balears recuperen l&#8217;antiga recepta d&#8217;aquest quemullar<\/em><\/p><\/blockquote>\n<p>La<strong>\u00a0Fira Dol\u00e7a<\/strong>\u00a0\u00e9s una d&#8217;aquestes cites imprescindibles del calendari de tardor de Mallorca. Enguany, tendr\u00e0 com a novetat un quemullar avui dia quasi desaparegut dels forns i de les pastisseries mallorquines: el xuclador. Es una pe\u00e7a de pasta de farina fina i flonja, de forma llarguera que se sol menjar mullada dins caf\u00e8 o xocolata. A\u00a0<strong>Esporles\u00a0<\/strong>en varen fer fins l&#8217;any 2013, quan el forn\u00a0<strong>Cas Currot<\/strong>\u00a0va abaixar la persiana l&#8217;any 2013.<\/p>\n<p>L&#8217;<strong><a href=\"http:\/\/www.esporles.cat\/\" data-saferedirecturl=\"https:\/\/www.google.com\/url?q=http:\/\/www.esporles.cat&amp;source=gmail&amp;ust=1538578688955000&amp;usg=AFQjCNHU1c2AyRrFJy52UWyBrdElaAyiAg\">Ajuntament d&#8217;Esporles<\/a><\/strong>\u00a0i l&#8217;<strong>Associaci\u00f3 de Forners i Pastissers de les Illes Balears<\/strong>\u00a0prepararan per a aquest\u00a0<strong>diumenge, dia 7 d&#8217;octubre<\/strong>,\u00a0<strong>un xuclador enorme, de 55 metres de llarg\u00e0ria<\/strong>\u00a0que far\u00e0 les del\u00edcies dels visitants de la Fira Dol\u00e7a 2018 i que romandr\u00e0 exposat al carrer Nou de Sant Pere des de primera hora del mat\u00ed fins a les 12 hores, quan l&#8217;ONG Esporles al M\u00f3n el donar\u00e0 a degustar acompanyat d&#8217;un\u00a0<strong>Laccao<\/strong>, el batut de xocolata per excel\u00b7l\u00e8ncia dels mallorquins.<\/p>\n<p>A m\u00e9s a m\u00e9s,la XIV edici\u00f3 de la Fira Dol\u00e7a d&#8217;Esporles\u00a0<strong>reunir\u00e0 els millors representants de la gastronomia dol\u00e7a illenca<\/strong>. Tamb\u00e9 hi haur\u00e0\u00a0<strong>demostracions de cuina<\/strong>\u00a0dels alumnes de l&#8217;Escola d&#8217;Hoteleria de les Illes Balears,<strong>\u00a0receptes sense gluten<\/strong>\u00a0de Dulcel\u00edaco, productes de\u00a0<strong>comer\u00e7 just<\/strong>\u00a0de S&#8217;Altra Senalla, tallers de receptes amb Laccao i molt m\u00e9s. Tot aix\u00f2, amb els gegants d&#8217;Esporles,\u00a0<strong>performances\u00a0<\/strong>teatrals de Madam Lena i\u00a0<strong>ballada popular<\/strong>.<\/p>\n<p>Pensau que hi haur\u00e0\u00a0<strong>Tren Ll\u00e9pol<\/strong>, des de les 9 a les 18 hores, que far\u00e0 l&#8217;itinerari des de la zona d&#8217;aparcament fins al final del poble.<\/p>\n<p>Aquest \u00e9s el programa d&#8217;actes segons la ubicaci\u00f3:<\/p>\n<p><strong>C\/ Nou de Sant Pere<br \/>\n<\/strong><\/p>\n<ul>\n<li>10.30 hores: Inauguraci\u00f3 del xuclador m\u00e9s gran del m\u00f3n<\/li>\n<li>12 hores: Degustaci\u00f3 gratu\u00efta de xuclador acompanyat de Laccao.<\/li>\n<\/ul>\n<p><strong>Pla\u00e7a de l\u2019Ajuntament\u00a0<\/strong><\/p>\n<ul>\n<li>10.30 h: Mostra de\u00a0<strong>cuina sense gluten<\/strong>, a c\u00e0rrec de Rosa M. Pons (Dulcel\u00edaco)<\/li>\n<li>11 h:\u00a0<strong>Show cooking<\/strong>\u00a0dels alumnes de l\u2019Escola d\u2019Hoteleria<\/li>\n<li>11.30 h: Per laccar-se els dits. Taller de\u00a0<strong>receptes ll\u00e9poles amb Laccao<\/strong>.<\/li>\n<li>11.45 h:<strong>\u00a0Taller de rebosteria i degustaci\u00f3 de comer\u00e7 just\u00a0<\/strong>de s&#8217;Altra Senalla<\/li>\n<li>13 h:\u00a0<strong>Show cooking<\/strong>\u00a0dels alumnes de l\u2019Escola d\u2019Hoteleria<\/li>\n<li>13.30 h:<strong>\u00a0Taller de rebosteria i degustaci\u00f3 de comer\u00e7 just\u00a0<\/strong>de s&#8217;Altra Senalla<\/li>\n<li>6 hores: Laboratori de collage de Rosa del Barco. Per a infants de m\u00e9s de 5 anys.<\/li>\n<li>18 h: Actuaci\u00f3 musical del Cor d\u2019Esporles<\/li>\n<\/ul>\n<p><strong>Carrer de Joan Riutort<\/strong><\/p>\n<ul>\n<li>Trobada de Brodadores, Randeres i Floreres<\/li>\n<li>Harley Davidson motod del HOG Mallorca Chapter<\/li>\n<\/ul>\n<p><strong>Carrer de Ramon Llull<\/strong><\/p>\n<ul>\n<li>Mercadet artes\u00e0 de les\u00a0<strong>Artesanes\u00a0<\/strong>de Tramuntana<\/li>\n<\/ul>\n<p><strong>Placeta des Jardinet<\/strong><\/p>\n<ul>\n<li>Exposici\u00f3 de pepes de la col\u00b7lecci\u00f3 d&#8217;Ant\u00f2nia Comas (Joieria Pi\u00f1a Comas)<\/li>\n<li>18.30 hores: ballada amb Al-Mayurqa<\/li>\n<\/ul>\n<p><strong>Espai Verdesca<\/strong><\/p>\n<ul>\n<li>11 h: Concurs de motosserristes i especialista STIHL, subhasta de figures.<\/li>\n<li>17 h: DJ Panda Indi vs Terreta<\/li>\n<li>19 h: Actuaci\u00f3 grup musical<\/li>\n<li>20.30 h:\u00a0<strong>Pirates Pirats<\/strong><\/li>\n<li>22.15 h: Actuacions de m\u00fasics locals<\/li>\n<li>00 h: Fi d&#8217;actuacions<\/li>\n<\/ul>\n<p><strong>Carrer Quarter<\/strong><\/p>\n<ul>\n<li>Mercadet de segona m\u00e0 de l&#8217;ONG Esporles al M\u00f3n<\/li>\n<\/ul>\n<p><strong>Cercaviles<\/strong><\/p>\n<ul>\n<li>10.30 hores: Banda Lira Esporleria<\/li>\n<li>11 hores: Xeremiers d&#8217;Esporles<\/li>\n<li>11.30 hores: Rondalla Maristel\u00b7la<\/li>\n<li>11.30 hores: Passejada dels Gegants de Santa Maria i d&#8217;Esporles<\/li>\n<li>12 hores: Batukada Batukadell<\/li>\n<li>13 hores: Teatre Madam Lena<\/li>\n<li>17 hores: Teatre Madam Lena<\/li>\n<\/ul>\n","protected":false},"excerpt":{"rendered":"<p>La\u00a0Fira Dol\u00e7a\u00a0\u00e9s una d&#8217;aquestes cites imprescindibles del calendari de tardor de Mallorca. Enguany, tendr\u00e0 com a&hellip;<\/p>\n","protected":false},"author":1,"featured_media":63217,"comment_status":"open","ping_status":"closed","sticky":false,"template":"","format":"gallery","meta":{"_acf_changed":false,"_swt_meta_header_display":false,"_swt_meta_footer_display":false,"_swt_meta_site_title_display":false,"_swt_meta_sticky_header":false,"_swt_meta_transparent_header":false,"footnotes":""},"categories":[1046,1471],"tags":[],"coauthors":[],"class_list":["post-67134","post","type-post","status-publish","format-gallery","has-post-thumbnail","hentry","category-actualitat-es-en","category-fires-i-rutes-en","post_format-post-format-gallery"],"acf":{"gallery":null,"home_date":{"home_begin_date":null,"home_end_date":null}},"yoast_head":"<!-- This site is optimized with the Yoast SEO plugin v27.4 - https:\/\/yoast.com\/product\/yoast-seo-wordpress\/ -->\n<title>El xuclador m\u00e9s gran del m\u00f3n protagonitza la Fira Dol\u00e7a 2018 - Gastron\u00f2micament<\/title>\n<meta name=\"description\" content=\"El xuclador m\u00e9s gran del m\u00f3n protagonitza la Fira Dol\u00e7a 2018 Actualitat, Fires i rutes La\u00a0Fira Dol\u00e7a\u00a0\u00e9s una d&#039;aquestes cites imprescindibles del calendari de tardor de Mallorca. Enguany, tendr\u00e0 com a novetat un quemullar avui dia quasi desaparegut dels forns i de les pastisseries mallorquines: el xuclador\" \/>\n<meta name=\"robots\" content=\"index, follow, max-snippet:-1, max-image-preview:large, max-video-preview:-1\" \/>\n<link rel=\"canonical\" href=\"https:\/\/gastronomicament.cat\/en\/el-xuclador-mes-gran-del-mon-protagonitza-la-fira-dolca-2018\" \/>\n<meta property=\"og:locale\" content=\"en_US\" \/>\n<meta property=\"og:type\" content=\"article\" \/>\n<meta property=\"og:title\" content=\"El xuclador m\u00e9s gran del m\u00f3n protagonitza la Fira Dol\u00e7a 2018 - Gastron\u00f2micament\" \/>\n<meta property=\"og:description\" content=\"El xuclador m\u00e9s gran del m\u00f3n protagonitza la Fira Dol\u00e7a 2018 Actualitat, Fires i rutes La\u00a0Fira Dol\u00e7a\u00a0\u00e9s una d&#039;aquestes cites imprescindibles del calendari de tardor de Mallorca. Enguany, tendr\u00e0 com a novetat un quemullar avui dia quasi desaparegut dels forns i de les pastisseries mallorquines: el xuclador\" \/>\n<meta property=\"og:url\" content=\"https:\/\/gastronomicament.cat\/en\/el-xuclador-mes-gran-del-mon-protagonitza-la-fira-dolca-2018\" \/>\n<meta property=\"og:site_name\" content=\"Gastron\u00f2micament\" \/>\n<meta property=\"article:published_time\" content=\"2018-10-03T07:24:41+00:00\" \/>\n<meta property=\"og:image\" content=\"https:\/\/gastronomicament.cat\/wp-content\/uploads\/2018\/10\/Fira-Dolca-Esporles-2018.jpg\" \/>\n\t<meta property=\"og:image:width\" content=\"846\" \/>\n\t<meta property=\"og:image:height\" content=\"412\" \/>\n\t<meta property=\"og:image:type\" content=\"image\/jpeg\" \/>\n<meta name=\"author\" content=\"Redacci\u00f3\" \/>\n<meta name=\"twitter:card\" content=\"summary_large_image\" \/>\n<meta name=\"twitter:creator\" content=\"@gastronomicamen\" \/>\n<meta name=\"twitter:site\" content=\"@gastronomicamen\" \/>\n<meta name=\"twitter:label1\" content=\"Written by\" \/>\n\t<meta name=\"twitter:data1\" content=\"Redacci\u00f3\" \/>\n\t<meta name=\"twitter:label2\" content=\"Est. reading time\" \/>\n\t<meta name=\"twitter:data2\" content=\"3 minutes\" \/>\n<script type=\"application\/ld+json\" class=\"yoast-schema-graph\">{\"@context\":\"https:\\\/\\\/schema.org\",\"@graph\":[{\"@type\":\"Article\",\"@id\":\"https:\\\/\\\/gastronomicament.cat\\\/en\\\/el-xuclador-mes-gran-del-mon-protagonitza-la-fira-dolca-2018#article\",\"isPartOf\":{\"@id\":\"https:\\\/\\\/gastronomicament.cat\\\/en\\\/el-xuclador-mes-gran-del-mon-protagonitza-la-fira-dolca-2018\"},\"author\":{\"name\":\"Redacci\u00f3\",\"@id\":\"https:\\\/\\\/gastronomicament.cat\\\/en\\\/#\\\/schema\\\/person\\\/a7c85c537a1ed62799a5b8e0f686a37f\"},\"headline\":\"El xuclador m\u00e9s gran del m\u00f3n protagonitza la Fira Dol\u00e7a 2018\",\"datePublished\":\"2018-10-03T07:24:41+00:00\",\"mainEntityOfPage\":{\"@id\":\"https:\\\/\\\/gastronomicament.cat\\\/en\\\/el-xuclador-mes-gran-del-mon-protagonitza-la-fira-dolca-2018\"},\"wordCount\":548,\"commentCount\":0,\"publisher\":{\"@id\":\"https:\\\/\\\/gastronomicament.cat\\\/en\\\/#organization\"},\"image\":{\"@id\":\"https:\\\/\\\/gastronomicament.cat\\\/en\\\/el-xuclador-mes-gran-del-mon-protagonitza-la-fira-dolca-2018#primaryimage\"},\"thumbnailUrl\":\"https:\\\/\\\/gastronomicament.cat\\\/wp-content\\\/uploads\\\/2018\\\/10\\\/Fira-Dolca-Esporles-2018.jpg\",\"articleSection\":[\"Actualitat\",\"Fires i rutes\"],\"inLanguage\":\"en-US\",\"potentialAction\":[{\"@type\":\"CommentAction\",\"name\":\"Comment\",\"target\":[\"https:\\\/\\\/gastronomicament.cat\\\/en\\\/el-xuclador-mes-gran-del-mon-protagonitza-la-fira-dolca-2018#respond\"]}]},{\"@type\":\"WebPage\",\"@id\":\"https:\\\/\\\/gastronomicament.cat\\\/en\\\/el-xuclador-mes-gran-del-mon-protagonitza-la-fira-dolca-2018\",\"url\":\"https:\\\/\\\/gastronomicament.cat\\\/en\\\/el-xuclador-mes-gran-del-mon-protagonitza-la-fira-dolca-2018\",\"name\":\"El xuclador m\u00e9s gran del m\u00f3n protagonitza la Fira Dol\u00e7a 2018 - Gastron\u00f2micament\",\"isPartOf\":{\"@id\":\"https:\\\/\\\/gastronomicament.cat\\\/en\\\/#website\"},\"primaryImageOfPage\":{\"@id\":\"https:\\\/\\\/gastronomicament.cat\\\/en\\\/el-xuclador-mes-gran-del-mon-protagonitza-la-fira-dolca-2018#primaryimage\"},\"image\":{\"@id\":\"https:\\\/\\\/gastronomicament.cat\\\/en\\\/el-xuclador-mes-gran-del-mon-protagonitza-la-fira-dolca-2018#primaryimage\"},\"thumbnailUrl\":\"https:\\\/\\\/gastronomicament.cat\\\/wp-content\\\/uploads\\\/2018\\\/10\\\/Fira-Dolca-Esporles-2018.jpg\",\"datePublished\":\"2018-10-03T07:24:41+00:00\",\"description\":\"El xuclador m\u00e9s gran del m\u00f3n protagonitza la Fira Dol\u00e7a 2018 Actualitat, Fires i rutes La\u00a0Fira Dol\u00e7a\u00a0\u00e9s una d'aquestes cites imprescindibles del calendari de tardor de Mallorca. Enguany, tendr\u00e0 com a novetat un quemullar avui dia quasi desaparegut dels forns i de les pastisseries mallorquines: el xuclador\",\"inLanguage\":\"en-US\",\"potentialAction\":[{\"@type\":\"ReadAction\",\"target\":[\"https:\\\/\\\/gastronomicament.cat\\\/en\\\/el-xuclador-mes-gran-del-mon-protagonitza-la-fira-dolca-2018\"]}]},{\"@type\":\"ImageObject\",\"inLanguage\":\"en-US\",\"@id\":\"https:\\\/\\\/gastronomicament.cat\\\/en\\\/el-xuclador-mes-gran-del-mon-protagonitza-la-fira-dolca-2018#primaryimage\",\"url\":\"https:\\\/\\\/gastronomicament.cat\\\/wp-content\\\/uploads\\\/2018\\\/10\\\/Fira-Dolca-Esporles-2018.jpg\",\"contentUrl\":\"https:\\\/\\\/gastronomicament.cat\\\/wp-content\\\/uploads\\\/2018\\\/10\\\/Fira-Dolca-Esporles-2018.jpg\",\"width\":846,\"height\":412},{\"@type\":\"WebSite\",\"@id\":\"https:\\\/\\\/gastronomicament.cat\\\/en\\\/#website\",\"url\":\"https:\\\/\\\/gastronomicament.cat\\\/en\\\/\",\"name\":\"Gastron\u00f2micament\",\"description\":\"Portal de restaurants, receptes i actualitat gastron\u00f2mica\",\"publisher\":{\"@id\":\"https:\\\/\\\/gastronomicament.cat\\\/en\\\/#organization\"},\"potentialAction\":[{\"@type\":\"SearchAction\",\"target\":{\"@type\":\"EntryPoint\",\"urlTemplate\":\"https:\\\/\\\/gastronomicament.cat\\\/en\\\/?s={search_term_string}\"},\"query-input\":{\"@type\":\"PropertyValueSpecification\",\"valueRequired\":true,\"valueName\":\"search_term_string\"}}],\"inLanguage\":\"en-US\"},{\"@type\":\"Organization\",\"@id\":\"https:\\\/\\\/gastronomicament.cat\\\/en\\\/#organization\",\"name\":\"Gastron\u00f2micament\",\"url\":\"https:\\\/\\\/gastronomicament.cat\\\/en\\\/\",\"logo\":{\"@type\":\"ImageObject\",\"inLanguage\":\"en-US\",\"@id\":\"https:\\\/\\\/gastronomicament.cat\\\/en\\\/#\\\/schema\\\/logo\\\/image\\\/\",\"url\":\"https:\\\/\\\/gastronomicament.cat\\\/wp-content\\\/uploads\\\/2016\\\/09\\\/header-logo.jpg\",\"contentUrl\":\"https:\\\/\\\/gastronomicament.cat\\\/wp-content\\\/uploads\\\/2016\\\/09\\\/header-logo.jpg\",\"width\":277,\"height\":39,\"caption\":\"Gastron\u00f2micament\"},\"image\":{\"@id\":\"https:\\\/\\\/gastronomicament.cat\\\/en\\\/#\\\/schema\\\/logo\\\/image\\\/\"},\"sameAs\":[\"https:\\\/\\\/x.com\\\/gastronomicamen\"]},{\"@type\":\"Person\",\"@id\":\"https:\\\/\\\/gastronomicament.cat\\\/en\\\/#\\\/schema\\\/person\\\/a7c85c537a1ed62799a5b8e0f686a37f\",\"name\":\"Redacci\u00f3\",\"image\":{\"@type\":\"ImageObject\",\"inLanguage\":\"en-US\",\"@id\":\"https:\\\/\\\/secure.gravatar.com\\\/avatar\\\/9489a485c464fd611d33825daae651d13db70c4e74c65c94937a15a9d4c3ee14?s=96&d=mm&r=g69fea3cce3645dfa2166e7293e22955e\",\"url\":\"https:\\\/\\\/secure.gravatar.com\\\/avatar\\\/9489a485c464fd611d33825daae651d13db70c4e74c65c94937a15a9d4c3ee14?s=96&d=mm&r=g\",\"contentUrl\":\"https:\\\/\\\/secure.gravatar.com\\\/avatar\\\/9489a485c464fd611d33825daae651d13db70c4e74c65c94937a15a9d4c3ee14?s=96&d=mm&r=g\",\"caption\":\"Redacci\u00f3\"},\"sameAs\":[\"http:\\\/\\\/gastronomicament.cat\"],\"url\":\"https:\\\/\\\/gastronomicament.cat\\\/en\\\/author\\\/admin\"}]}<\/script>\n<!-- \/ Yoast SEO plugin. -->","yoast_head_json":{"title":"El xuclador m\u00e9s gran del m\u00f3n protagonitza la Fira Dol\u00e7a 2018 - Gastron\u00f2micament","description":"El xuclador m\u00e9s gran del m\u00f3n protagonitza la Fira Dol\u00e7a 2018 Actualitat, Fires i rutes La\u00a0Fira Dol\u00e7a\u00a0\u00e9s una d'aquestes cites imprescindibles del calendari de tardor de Mallorca. Enguany, tendr\u00e0 com a novetat un quemullar avui dia quasi desaparegut dels forns i de les pastisseries mallorquines: el xuclador","robots":{"index":"index","follow":"follow","max-snippet":"max-snippet:-1","max-image-preview":"max-image-preview:large","max-video-preview":"max-video-preview:-1"},"canonical":"https:\/\/gastronomicament.cat\/en\/el-xuclador-mes-gran-del-mon-protagonitza-la-fira-dolca-2018","og_locale":"en_US","og_type":"article","og_title":"El xuclador m\u00e9s gran del m\u00f3n protagonitza la Fira Dol\u00e7a 2018 - Gastron\u00f2micament","og_description":"El xuclador m\u00e9s gran del m\u00f3n protagonitza la Fira Dol\u00e7a 2018 Actualitat, Fires i rutes La\u00a0Fira Dol\u00e7a\u00a0\u00e9s una d'aquestes cites imprescindibles del calendari de tardor de Mallorca. Enguany, tendr\u00e0 com a novetat un quemullar avui dia quasi desaparegut dels forns i de les pastisseries mallorquines: el xuclador","og_url":"https:\/\/gastronomicament.cat\/en\/el-xuclador-mes-gran-del-mon-protagonitza-la-fira-dolca-2018","og_site_name":"Gastron\u00f2micament","article_published_time":"2018-10-03T07:24:41+00:00","og_image":[{"width":846,"height":412,"url":"https:\/\/gastronomicament.cat\/wp-content\/uploads\/2018\/10\/Fira-Dolca-Esporles-2018.jpg","type":"image\/jpeg"}],"author":"Redacci\u00f3","twitter_card":"summary_large_image","twitter_creator":"@gastronomicamen","twitter_site":"@gastronomicamen","twitter_misc":{"Written by":"Redacci\u00f3","Est. reading time":"3 minutes"},"schema":{"@context":"https:\/\/schema.org","@graph":[{"@type":"Article","@id":"https:\/\/gastronomicament.cat\/en\/el-xuclador-mes-gran-del-mon-protagonitza-la-fira-dolca-2018#article","isPartOf":{"@id":"https:\/\/gastronomicament.cat\/en\/el-xuclador-mes-gran-del-mon-protagonitza-la-fira-dolca-2018"},"author":{"name":"Redacci\u00f3","@id":"https:\/\/gastronomicament.cat\/en\/#\/schema\/person\/a7c85c537a1ed62799a5b8e0f686a37f"},"headline":"El xuclador m\u00e9s gran del m\u00f3n protagonitza la Fira Dol\u00e7a 2018","datePublished":"2018-10-03T07:24:41+00:00","mainEntityOfPage":{"@id":"https:\/\/gastronomicament.cat\/en\/el-xuclador-mes-gran-del-mon-protagonitza-la-fira-dolca-2018"},"wordCount":548,"commentCount":0,"publisher":{"@id":"https:\/\/gastronomicament.cat\/en\/#organization"},"image":{"@id":"https:\/\/gastronomicament.cat\/en\/el-xuclador-mes-gran-del-mon-protagonitza-la-fira-dolca-2018#primaryimage"},"thumbnailUrl":"https:\/\/gastronomicament.cat\/wp-content\/uploads\/2018\/10\/Fira-Dolca-Esporles-2018.jpg","articleSection":["Actualitat","Fires i rutes"],"inLanguage":"en-US","potentialAction":[{"@type":"CommentAction","name":"Comment","target":["https:\/\/gastronomicament.cat\/en\/el-xuclador-mes-gran-del-mon-protagonitza-la-fira-dolca-2018#respond"]}]},{"@type":"WebPage","@id":"https:\/\/gastronomicament.cat\/en\/el-xuclador-mes-gran-del-mon-protagonitza-la-fira-dolca-2018","url":"https:\/\/gastronomicament.cat\/en\/el-xuclador-mes-gran-del-mon-protagonitza-la-fira-dolca-2018","name":"El xuclador m\u00e9s gran del m\u00f3n protagonitza la Fira Dol\u00e7a 2018 - Gastron\u00f2micament","isPartOf":{"@id":"https:\/\/gastronomicament.cat\/en\/#website"},"primaryImageOfPage":{"@id":"https:\/\/gastronomicament.cat\/en\/el-xuclador-mes-gran-del-mon-protagonitza-la-fira-dolca-2018#primaryimage"},"image":{"@id":"https:\/\/gastronomicament.cat\/en\/el-xuclador-mes-gran-del-mon-protagonitza-la-fira-dolca-2018#primaryimage"},"thumbnailUrl":"https:\/\/gastronomicament.cat\/wp-content\/uploads\/2018\/10\/Fira-Dolca-Esporles-2018.jpg","datePublished":"2018-10-03T07:24:41+00:00","description":"El xuclador m\u00e9s gran del m\u00f3n protagonitza la Fira Dol\u00e7a 2018 Actualitat, Fires i rutes La\u00a0Fira Dol\u00e7a\u00a0\u00e9s una d'aquestes cites imprescindibles del calendari de tardor de Mallorca. Enguany, tendr\u00e0 com a novetat un quemullar avui dia quasi desaparegut dels forns i de les pastisseries mallorquines: el xuclador","inLanguage":"en-US","potentialAction":[{"@type":"ReadAction","target":["https:\/\/gastronomicament.cat\/en\/el-xuclador-mes-gran-del-mon-protagonitza-la-fira-dolca-2018"]}]},{"@type":"ImageObject","inLanguage":"en-US","@id":"https:\/\/gastronomicament.cat\/en\/el-xuclador-mes-gran-del-mon-protagonitza-la-fira-dolca-2018#primaryimage","url":"https:\/\/gastronomicament.cat\/wp-content\/uploads\/2018\/10\/Fira-Dolca-Esporles-2018.jpg","contentUrl":"https:\/\/gastronomicament.cat\/wp-content\/uploads\/2018\/10\/Fira-Dolca-Esporles-2018.jpg","width":846,"height":412},{"@type":"WebSite","@id":"https:\/\/gastronomicament.cat\/en\/#website","url":"https:\/\/gastronomicament.cat\/en\/","name":"Gastron\u00f2micament","description":"Portal de restaurants, receptes i actualitat gastron\u00f2mica","publisher":{"@id":"https:\/\/gastronomicament.cat\/en\/#organization"},"potentialAction":[{"@type":"SearchAction","target":{"@type":"EntryPoint","urlTemplate":"https:\/\/gastronomicament.cat\/en\/?s={search_term_string}"},"query-input":{"@type":"PropertyValueSpecification","valueRequired":true,"valueName":"search_term_string"}}],"inLanguage":"en-US"},{"@type":"Organization","@id":"https:\/\/gastronomicament.cat\/en\/#organization","name":"Gastron\u00f2micament","url":"https:\/\/gastronomicament.cat\/en\/","logo":{"@type":"ImageObject","inLanguage":"en-US","@id":"https:\/\/gastronomicament.cat\/en\/#\/schema\/logo\/image\/","url":"https:\/\/gastronomicament.cat\/wp-content\/uploads\/2016\/09\/header-logo.jpg","contentUrl":"https:\/\/gastronomicament.cat\/wp-content\/uploads\/2016\/09\/header-logo.jpg","width":277,"height":39,"caption":"Gastron\u00f2micament"},"image":{"@id":"https:\/\/gastronomicament.cat\/en\/#\/schema\/logo\/image\/"},"sameAs":["https:\/\/x.com\/gastronomicamen"]},{"@type":"Person","@id":"https:\/\/gastronomicament.cat\/en\/#\/schema\/person\/a7c85c537a1ed62799a5b8e0f686a37f","name":"Redacci\u00f3","image":{"@type":"ImageObject","inLanguage":"en-US","@id":"https:\/\/secure.gravatar.com\/avatar\/9489a485c464fd611d33825daae651d13db70c4e74c65c94937a15a9d4c3ee14?s=96&d=mm&r=g69fea3cce3645dfa2166e7293e22955e","url":"https:\/\/secure.gravatar.com\/avatar\/9489a485c464fd611d33825daae651d13db70c4e74c65c94937a15a9d4c3ee14?s=96&d=mm&r=g","contentUrl":"https:\/\/secure.gravatar.com\/avatar\/9489a485c464fd611d33825daae651d13db70c4e74c65c94937a15a9d4c3ee14?s=96&d=mm&r=g","caption":"Redacci\u00f3"},"sameAs":["http:\/\/gastronomicament.cat"],"url":"https:\/\/gastronomicament.cat\/en\/author\/admin"}]}},"_links":{"self":[{"href":"https:\/\/gastronomicament.cat\/en\/wp-json\/wp\/v2\/posts\/67134","targetHints":{"allow":["GET"]}}],"collection":[{"href":"https:\/\/gastronomicament.cat\/en\/wp-json\/wp\/v2\/posts"}],"about":[{"href":"https:\/\/gastronomicament.cat\/en\/wp-json\/wp\/v2\/types\/post"}],"author":[{"embeddable":true,"href":"https:\/\/gastronomicament.cat\/en\/wp-json\/wp\/v2\/users\/1"}],"replies":[{"embeddable":true,"href":"https:\/\/gastronomicament.cat\/en\/wp-json\/wp\/v2\/comments?post=67134"}],"version-history":[{"count":0,"href":"https:\/\/gastronomicament.cat\/en\/wp-json\/wp\/v2\/posts\/67134\/revisions"}],"wp:featuredmedia":[{"embeddable":true,"href":"https:\/\/gastronomicament.cat\/en\/wp-json\/wp\/v2\/media\/63217"}],"wp:attachment":[{"href":"https:\/\/gastronomicament.cat\/en\/wp-json\/wp\/v2\/media?parent=67134"}],"wp:term":[{"taxonomy":"category","embeddable":true,"href":"https:\/\/gastronomicament.cat\/en\/wp-json\/wp\/v2\/categories?post=67134"},{"taxonomy":"post_tag","embeddable":true,"href":"https:\/\/gastronomicament.cat\/en\/wp-json\/wp\/v2\/tags?post=67134"},{"taxonomy":"author","embeddable":true,"href":"https:\/\/gastronomicament.cat\/en\/wp-json\/wp\/v2\/coauthors?post=67134"}],"curies":[{"name":"wp","href":"https:\/\/api.w.org\/{rel}","templated":true}]}}