{"id":67150,"date":"2018-09-27T13:11:19","date_gmt":"2018-09-27T11:11:19","guid":{"rendered":"https:\/\/gastronomicament.cat\/el-bar-pigalle-de-palma-primer-capitol-de-quin-berenar"},"modified":"2022-04-09T10:07:36","modified_gmt":"2022-04-09T08:07:36","slug":"el-bar-pigalle-de-palma-primer-capitol-de-quin-berenar","status":"publish","type":"post","link":"https:\/\/gastronomicament.cat\/en\/el-bar-pigalle-de-palma-primer-capitol-de-quin-berenar","title":{"rendered":"El Bar Pigalle de Palma, primer cap\u00edtol de Quin Berenar"},"content":{"rendered":"<p>Toni i Pere presenten la s\u00e8rie\u00a0<strong>Quin Berenar<\/strong>. Episodi a episodi visiten un bar o restaurant de Mallorca on fer un bon esmorzar. Una s\u00e8rie en la qual mostren qu\u00e8 ofereixen aquestes fondes, juntament amb la col\u00b7laboraci\u00f3\u00a0dels operadors de c\u00e0mera Jaume Artigas i Crist\u00f2fol Oliver.<\/p>\n<p>En aquest primer episodi presenten el Bar Pigalle de Palma, situal al carrer 31 de desembre, n\u00fam. 43. A continuaci\u00f3 teniu el v\u00eddeo:<\/p>\n<p><iframe src=\"https:\/\/www.youtube.com\/embed\/HurI-76r-Ew\" width=\"560\" height=\"315\" frameborder=\"0\" allowfullscreen=\"allowfullscreen\"><\/iframe><\/p>\n<p><iframe style=\"border: 0;\" src=\"https:\/\/www.google.com\/maps\/embed?pb=!4v1539712846524!6m8!1m7!1svoDCAyqsqZqMr-D1S1ubow!2m2!1d39.58166169534119!2d2.652441905181349!3f193.27097450153417!4f-15.165235448008545!5f0.7820865974627469\" width=\"600\" height=\"450\" frameborder=\"0\" allowfullscreen=\"allowfullscreen\"><\/iframe><\/p>\n","protected":false},"excerpt":{"rendered":"<p>Toni i Pere presenten la s\u00e8rie\u00a0Quin Berenar. Episodi a episodi visiten un bar o restaurant de&hellip;<\/p>\n","protected":false},"author":1,"featured_media":63388,"comment_status":"open","ping_status":"closed","sticky":false,"template":"","format":"standard","meta":{"_acf_changed":false,"_swt_meta_header_display":false,"_swt_meta_footer_display":false,"_swt_meta_site_title_display":false,"_swt_meta_sticky_header":false,"_swt_meta_transparent_header":false,"footnotes":""},"categories":[1046,1575],"tags":[],"coauthors":[],"class_list":["post-67150","post","type-post","status-publish","format-standard","has-post-thumbnail","hentry","category-actualitat-es-en","category-quin-berenar-en"],"acf":{"gallery":null,"home_date":{"home_begin_date":null,"home_end_date":null}},"yoast_head":"<!-- This site is optimized with the Yoast SEO plugin v27.4 - https:\/\/yoast.com\/product\/yoast-seo-wordpress\/ -->\n<title>El Bar Pigalle de Palma, primer cap\u00edtol de Quin Berenar - Gastron\u00f2micament<\/title>\n<meta name=\"description\" content=\"El Bar Pigalle de Palma, primer cap\u00edtol de Quin Berenar Actualitat, Quin berenar Toni i Pere presenten la s\u00e8rie\u00a0Quin Berenar. Episodi a episodi visiten un bar o restaurant de Mallorca on fer un bon esmorzar. Una s\u00e8rie en la qual mostren qu\u00e8 ofereixen aquestes fondes, juntament amb la col\u00b7laboraci\u00f3\u00a0dels operadors de c\u00e0mera Jaume Artigas i Crist\u00f2fol Oliver.\" \/>\n<meta name=\"robots\" content=\"index, follow, max-snippet:-1, max-image-preview:large, max-video-preview:-1\" \/>\n<link rel=\"canonical\" href=\"https:\/\/gastronomicament.cat\/en\/el-bar-pigalle-de-palma-primer-capitol-de-quin-berenar\" \/>\n<meta property=\"og:locale\" content=\"en_US\" \/>\n<meta property=\"og:type\" content=\"article\" \/>\n<meta property=\"og:title\" content=\"El Bar Pigalle de Palma, primer cap\u00edtol de Quin Berenar - Gastron\u00f2micament\" \/>\n<meta property=\"og:description\" content=\"El Bar Pigalle de Palma, primer cap\u00edtol de Quin Berenar Actualitat, Quin berenar Toni i Pere presenten la s\u00e8rie\u00a0Quin Berenar. Episodi a episodi visiten un bar o restaurant de Mallorca on fer un bon esmorzar. Una s\u00e8rie en la qual mostren qu\u00e8 ofereixen aquestes fondes, juntament amb la col\u00b7laboraci\u00f3\u00a0dels operadors de c\u00e0mera Jaume Artigas i Crist\u00f2fol Oliver.\" \/>\n<meta property=\"og:url\" content=\"https:\/\/gastronomicament.cat\/en\/el-bar-pigalle-de-palma-primer-capitol-de-quin-berenar\" \/>\n<meta property=\"og:site_name\" content=\"Gastron\u00f2micament\" \/>\n<meta property=\"article:published_time\" content=\"2018-09-27T11:11:19+00:00\" \/>\n<meta property=\"article:modified_time\" content=\"2022-04-09T08:07:36+00:00\" \/>\n<meta property=\"og:image\" content=\"https:\/\/gastronomicament.cat\/wp-content\/uploads\/2018\/10\/Quin-Berenar-Bar-Pigalle-Palma.jpg\" \/>\n\t<meta property=\"og:image:width\" content=\"1115\" \/>\n\t<meta property=\"og:image:height\" content=\"637\" \/>\n\t<meta property=\"og:image:type\" content=\"image\/jpeg\" \/>\n<meta name=\"author\" content=\"Redacci\u00f3\" \/>\n<meta name=\"twitter:card\" content=\"summary_large_image\" \/>\n<meta name=\"twitter:creator\" content=\"@gastronomicamen\" \/>\n<meta name=\"twitter:site\" content=\"@gastronomicamen\" \/>\n<meta name=\"twitter:label1\" content=\"Written by\" \/>\n\t<meta name=\"twitter:data1\" content=\"Redacci\u00f3\" \/>\n<script type=\"application\/ld+json\" class=\"yoast-schema-graph\">{\"@context\":\"https:\\\/\\\/schema.org\",\"@graph\":[{\"@type\":\"Article\",\"@id\":\"https:\\\/\\\/gastronomicament.cat\\\/en\\\/el-bar-pigalle-de-palma-primer-capitol-de-quin-berenar#article\",\"isPartOf\":{\"@id\":\"https:\\\/\\\/gastronomicament.cat\\\/en\\\/el-bar-pigalle-de-palma-primer-capitol-de-quin-berenar\"},\"author\":{\"name\":\"Redacci\u00f3\",\"@id\":\"https:\\\/\\\/gastronomicament.cat\\\/en\\\/#\\\/schema\\\/person\\\/a7c85c537a1ed62799a5b8e0f686a37f\"},\"headline\":\"El Bar Pigalle de Palma, primer cap\u00edtol de Quin Berenar\",\"datePublished\":\"2018-09-27T11:11:19+00:00\",\"dateModified\":\"2022-04-09T08:07:36+00:00\",\"mainEntityOfPage\":{\"@id\":\"https:\\\/\\\/gastronomicament.cat\\\/en\\\/el-bar-pigalle-de-palma-primer-capitol-de-quin-berenar\"},\"wordCount\":85,\"commentCount\":0,\"publisher\":{\"@id\":\"https:\\\/\\\/gastronomicament.cat\\\/en\\\/#organization\"},\"image\":{\"@id\":\"https:\\\/\\\/gastronomicament.cat\\\/en\\\/el-bar-pigalle-de-palma-primer-capitol-de-quin-berenar#primaryimage\"},\"thumbnailUrl\":\"https:\\\/\\\/gastronomicament.cat\\\/wp-content\\\/uploads\\\/2018\\\/10\\\/Quin-Berenar-Bar-Pigalle-Palma.jpg\",\"articleSection\":[\"Actualitat\",\"Quin berenar\"],\"inLanguage\":\"en-US\",\"potentialAction\":[{\"@type\":\"CommentAction\",\"name\":\"Comment\",\"target\":[\"https:\\\/\\\/gastronomicament.cat\\\/en\\\/el-bar-pigalle-de-palma-primer-capitol-de-quin-berenar#respond\"]}]},{\"@type\":\"WebPage\",\"@id\":\"https:\\\/\\\/gastronomicament.cat\\\/en\\\/el-bar-pigalle-de-palma-primer-capitol-de-quin-berenar\",\"url\":\"https:\\\/\\\/gastronomicament.cat\\\/en\\\/el-bar-pigalle-de-palma-primer-capitol-de-quin-berenar\",\"name\":\"El Bar Pigalle de Palma, primer cap\u00edtol de Quin Berenar - Gastron\u00f2micament\",\"isPartOf\":{\"@id\":\"https:\\\/\\\/gastronomicament.cat\\\/en\\\/#website\"},\"primaryImageOfPage\":{\"@id\":\"https:\\\/\\\/gastronomicament.cat\\\/en\\\/el-bar-pigalle-de-palma-primer-capitol-de-quin-berenar#primaryimage\"},\"image\":{\"@id\":\"https:\\\/\\\/gastronomicament.cat\\\/en\\\/el-bar-pigalle-de-palma-primer-capitol-de-quin-berenar#primaryimage\"},\"thumbnailUrl\":\"https:\\\/\\\/gastronomicament.cat\\\/wp-content\\\/uploads\\\/2018\\\/10\\\/Quin-Berenar-Bar-Pigalle-Palma.jpg\",\"datePublished\":\"2018-09-27T11:11:19+00:00\",\"dateModified\":\"2022-04-09T08:07:36+00:00\",\"description\":\"El Bar Pigalle de Palma, primer cap\u00edtol de Quin Berenar Actualitat, Quin berenar Toni i Pere presenten la s\u00e8rie\u00a0Quin Berenar. Episodi a episodi visiten un bar o restaurant de Mallorca on fer un bon esmorzar. Una s\u00e8rie en la qual mostren qu\u00e8 ofereixen aquestes fondes, juntament amb la col\u00b7laboraci\u00f3\u00a0dels operadors de c\u00e0mera Jaume Artigas i Crist\u00f2fol Oliver.\",\"inLanguage\":\"en-US\",\"potentialAction\":[{\"@type\":\"ReadAction\",\"target\":[\"https:\\\/\\\/gastronomicament.cat\\\/en\\\/el-bar-pigalle-de-palma-primer-capitol-de-quin-berenar\"]}]},{\"@type\":\"ImageObject\",\"inLanguage\":\"en-US\",\"@id\":\"https:\\\/\\\/gastronomicament.cat\\\/en\\\/el-bar-pigalle-de-palma-primer-capitol-de-quin-berenar#primaryimage\",\"url\":\"https:\\\/\\\/gastronomicament.cat\\\/wp-content\\\/uploads\\\/2018\\\/10\\\/Quin-Berenar-Bar-Pigalle-Palma.jpg\",\"contentUrl\":\"https:\\\/\\\/gastronomicament.cat\\\/wp-content\\\/uploads\\\/2018\\\/10\\\/Quin-Berenar-Bar-Pigalle-Palma.jpg\",\"width\":1115,\"height\":637},{\"@type\":\"WebSite\",\"@id\":\"https:\\\/\\\/gastronomicament.cat\\\/en\\\/#website\",\"url\":\"https:\\\/\\\/gastronomicament.cat\\\/en\\\/\",\"name\":\"Gastron\u00f2micament\",\"description\":\"Portal de restaurants, receptes i actualitat gastron\u00f2mica\",\"publisher\":{\"@id\":\"https:\\\/\\\/gastronomicament.cat\\\/en\\\/#organization\"},\"potentialAction\":[{\"@type\":\"SearchAction\",\"target\":{\"@type\":\"EntryPoint\",\"urlTemplate\":\"https:\\\/\\\/gastronomicament.cat\\\/en\\\/?s={search_term_string}\"},\"query-input\":{\"@type\":\"PropertyValueSpecification\",\"valueRequired\":true,\"valueName\":\"search_term_string\"}}],\"inLanguage\":\"en-US\"},{\"@type\":\"Organization\",\"@id\":\"https:\\\/\\\/gastronomicament.cat\\\/en\\\/#organization\",\"name\":\"Gastron\u00f2micament\",\"url\":\"https:\\\/\\\/gastronomicament.cat\\\/en\\\/\",\"logo\":{\"@type\":\"ImageObject\",\"inLanguage\":\"en-US\",\"@id\":\"https:\\\/\\\/gastronomicament.cat\\\/en\\\/#\\\/schema\\\/logo\\\/image\\\/\",\"url\":\"https:\\\/\\\/gastronomicament.cat\\\/wp-content\\\/uploads\\\/2016\\\/09\\\/header-logo.jpg\",\"contentUrl\":\"https:\\\/\\\/gastronomicament.cat\\\/wp-content\\\/uploads\\\/2016\\\/09\\\/header-logo.jpg\",\"width\":277,\"height\":39,\"caption\":\"Gastron\u00f2micament\"},\"image\":{\"@id\":\"https:\\\/\\\/gastronomicament.cat\\\/en\\\/#\\\/schema\\\/logo\\\/image\\\/\"},\"sameAs\":[\"https:\\\/\\\/x.com\\\/gastronomicamen\"]},{\"@type\":\"Person\",\"@id\":\"https:\\\/\\\/gastronomicament.cat\\\/en\\\/#\\\/schema\\\/person\\\/a7c85c537a1ed62799a5b8e0f686a37f\",\"name\":\"Redacci\u00f3\",\"image\":{\"@type\":\"ImageObject\",\"inLanguage\":\"en-US\",\"@id\":\"https:\\\/\\\/secure.gravatar.com\\\/avatar\\\/9489a485c464fd611d33825daae651d13db70c4e74c65c94937a15a9d4c3ee14?s=96&d=mm&r=g69fea3cce3645dfa2166e7293e22955e\",\"url\":\"https:\\\/\\\/secure.gravatar.com\\\/avatar\\\/9489a485c464fd611d33825daae651d13db70c4e74c65c94937a15a9d4c3ee14?s=96&d=mm&r=g\",\"contentUrl\":\"https:\\\/\\\/secure.gravatar.com\\\/avatar\\\/9489a485c464fd611d33825daae651d13db70c4e74c65c94937a15a9d4c3ee14?s=96&d=mm&r=g\",\"caption\":\"Redacci\u00f3\"},\"sameAs\":[\"http:\\\/\\\/gastronomicament.cat\"],\"url\":\"https:\\\/\\\/gastronomicament.cat\\\/en\\\/author\\\/admin\"}]}<\/script>\n<!-- \/ Yoast SEO plugin. -->","yoast_head_json":{"title":"El Bar Pigalle de Palma, primer cap\u00edtol de Quin Berenar - Gastron\u00f2micament","description":"El Bar Pigalle de Palma, primer cap\u00edtol de Quin Berenar Actualitat, Quin berenar Toni i Pere presenten la s\u00e8rie\u00a0Quin Berenar. Episodi a episodi visiten un bar o restaurant de Mallorca on fer un bon esmorzar. Una s\u00e8rie en la qual mostren qu\u00e8 ofereixen aquestes fondes, juntament amb la col\u00b7laboraci\u00f3\u00a0dels operadors de c\u00e0mera Jaume Artigas i Crist\u00f2fol Oliver.","robots":{"index":"index","follow":"follow","max-snippet":"max-snippet:-1","max-image-preview":"max-image-preview:large","max-video-preview":"max-video-preview:-1"},"canonical":"https:\/\/gastronomicament.cat\/en\/el-bar-pigalle-de-palma-primer-capitol-de-quin-berenar","og_locale":"en_US","og_type":"article","og_title":"El Bar Pigalle de Palma, primer cap\u00edtol de Quin Berenar - Gastron\u00f2micament","og_description":"El Bar Pigalle de Palma, primer cap\u00edtol de Quin Berenar Actualitat, Quin berenar Toni i Pere presenten la s\u00e8rie\u00a0Quin Berenar. Episodi a episodi visiten un bar o restaurant de Mallorca on fer un bon esmorzar. Una s\u00e8rie en la qual mostren qu\u00e8 ofereixen aquestes fondes, juntament amb la col\u00b7laboraci\u00f3\u00a0dels operadors de c\u00e0mera Jaume Artigas i Crist\u00f2fol Oliver.","og_url":"https:\/\/gastronomicament.cat\/en\/el-bar-pigalle-de-palma-primer-capitol-de-quin-berenar","og_site_name":"Gastron\u00f2micament","article_published_time":"2018-09-27T11:11:19+00:00","article_modified_time":"2022-04-09T08:07:36+00:00","og_image":[{"width":1115,"height":637,"url":"https:\/\/gastronomicament.cat\/wp-content\/uploads\/2018\/10\/Quin-Berenar-Bar-Pigalle-Palma.jpg","type":"image\/jpeg"}],"author":"Redacci\u00f3","twitter_card":"summary_large_image","twitter_creator":"@gastronomicamen","twitter_site":"@gastronomicamen","twitter_misc":{"Written by":"Redacci\u00f3"},"schema":{"@context":"https:\/\/schema.org","@graph":[{"@type":"Article","@id":"https:\/\/gastronomicament.cat\/en\/el-bar-pigalle-de-palma-primer-capitol-de-quin-berenar#article","isPartOf":{"@id":"https:\/\/gastronomicament.cat\/en\/el-bar-pigalle-de-palma-primer-capitol-de-quin-berenar"},"author":{"name":"Redacci\u00f3","@id":"https:\/\/gastronomicament.cat\/en\/#\/schema\/person\/a7c85c537a1ed62799a5b8e0f686a37f"},"headline":"El Bar Pigalle de Palma, primer cap\u00edtol de Quin Berenar","datePublished":"2018-09-27T11:11:19+00:00","dateModified":"2022-04-09T08:07:36+00:00","mainEntityOfPage":{"@id":"https:\/\/gastronomicament.cat\/en\/el-bar-pigalle-de-palma-primer-capitol-de-quin-berenar"},"wordCount":85,"commentCount":0,"publisher":{"@id":"https:\/\/gastronomicament.cat\/en\/#organization"},"image":{"@id":"https:\/\/gastronomicament.cat\/en\/el-bar-pigalle-de-palma-primer-capitol-de-quin-berenar#primaryimage"},"thumbnailUrl":"https:\/\/gastronomicament.cat\/wp-content\/uploads\/2018\/10\/Quin-Berenar-Bar-Pigalle-Palma.jpg","articleSection":["Actualitat","Quin berenar"],"inLanguage":"en-US","potentialAction":[{"@type":"CommentAction","name":"Comment","target":["https:\/\/gastronomicament.cat\/en\/el-bar-pigalle-de-palma-primer-capitol-de-quin-berenar#respond"]}]},{"@type":"WebPage","@id":"https:\/\/gastronomicament.cat\/en\/el-bar-pigalle-de-palma-primer-capitol-de-quin-berenar","url":"https:\/\/gastronomicament.cat\/en\/el-bar-pigalle-de-palma-primer-capitol-de-quin-berenar","name":"El Bar Pigalle de Palma, primer cap\u00edtol de Quin Berenar - Gastron\u00f2micament","isPartOf":{"@id":"https:\/\/gastronomicament.cat\/en\/#website"},"primaryImageOfPage":{"@id":"https:\/\/gastronomicament.cat\/en\/el-bar-pigalle-de-palma-primer-capitol-de-quin-berenar#primaryimage"},"image":{"@id":"https:\/\/gastronomicament.cat\/en\/el-bar-pigalle-de-palma-primer-capitol-de-quin-berenar#primaryimage"},"thumbnailUrl":"https:\/\/gastronomicament.cat\/wp-content\/uploads\/2018\/10\/Quin-Berenar-Bar-Pigalle-Palma.jpg","datePublished":"2018-09-27T11:11:19+00:00","dateModified":"2022-04-09T08:07:36+00:00","description":"El Bar Pigalle de Palma, primer cap\u00edtol de Quin Berenar Actualitat, Quin berenar Toni i Pere presenten la s\u00e8rie\u00a0Quin Berenar. Episodi a episodi visiten un bar o restaurant de Mallorca on fer un bon esmorzar. Una s\u00e8rie en la qual mostren qu\u00e8 ofereixen aquestes fondes, juntament amb la col\u00b7laboraci\u00f3\u00a0dels operadors de c\u00e0mera Jaume Artigas i Crist\u00f2fol Oliver.","inLanguage":"en-US","potentialAction":[{"@type":"ReadAction","target":["https:\/\/gastronomicament.cat\/en\/el-bar-pigalle-de-palma-primer-capitol-de-quin-berenar"]}]},{"@type":"ImageObject","inLanguage":"en-US","@id":"https:\/\/gastronomicament.cat\/en\/el-bar-pigalle-de-palma-primer-capitol-de-quin-berenar#primaryimage","url":"https:\/\/gastronomicament.cat\/wp-content\/uploads\/2018\/10\/Quin-Berenar-Bar-Pigalle-Palma.jpg","contentUrl":"https:\/\/gastronomicament.cat\/wp-content\/uploads\/2018\/10\/Quin-Berenar-Bar-Pigalle-Palma.jpg","width":1115,"height":637},{"@type":"WebSite","@id":"https:\/\/gastronomicament.cat\/en\/#website","url":"https:\/\/gastronomicament.cat\/en\/","name":"Gastron\u00f2micament","description":"Portal de restaurants, receptes i actualitat gastron\u00f2mica","publisher":{"@id":"https:\/\/gastronomicament.cat\/en\/#organization"},"potentialAction":[{"@type":"SearchAction","target":{"@type":"EntryPoint","urlTemplate":"https:\/\/gastronomicament.cat\/en\/?s={search_term_string}"},"query-input":{"@type":"PropertyValueSpecification","valueRequired":true,"valueName":"search_term_string"}}],"inLanguage":"en-US"},{"@type":"Organization","@id":"https:\/\/gastronomicament.cat\/en\/#organization","name":"Gastron\u00f2micament","url":"https:\/\/gastronomicament.cat\/en\/","logo":{"@type":"ImageObject","inLanguage":"en-US","@id":"https:\/\/gastronomicament.cat\/en\/#\/schema\/logo\/image\/","url":"https:\/\/gastronomicament.cat\/wp-content\/uploads\/2016\/09\/header-logo.jpg","contentUrl":"https:\/\/gastronomicament.cat\/wp-content\/uploads\/2016\/09\/header-logo.jpg","width":277,"height":39,"caption":"Gastron\u00f2micament"},"image":{"@id":"https:\/\/gastronomicament.cat\/en\/#\/schema\/logo\/image\/"},"sameAs":["https:\/\/x.com\/gastronomicamen"]},{"@type":"Person","@id":"https:\/\/gastronomicament.cat\/en\/#\/schema\/person\/a7c85c537a1ed62799a5b8e0f686a37f","name":"Redacci\u00f3","image":{"@type":"ImageObject","inLanguage":"en-US","@id":"https:\/\/secure.gravatar.com\/avatar\/9489a485c464fd611d33825daae651d13db70c4e74c65c94937a15a9d4c3ee14?s=96&d=mm&r=g69fea3cce3645dfa2166e7293e22955e","url":"https:\/\/secure.gravatar.com\/avatar\/9489a485c464fd611d33825daae651d13db70c4e74c65c94937a15a9d4c3ee14?s=96&d=mm&r=g","contentUrl":"https:\/\/secure.gravatar.com\/avatar\/9489a485c464fd611d33825daae651d13db70c4e74c65c94937a15a9d4c3ee14?s=96&d=mm&r=g","caption":"Redacci\u00f3"},"sameAs":["http:\/\/gastronomicament.cat"],"url":"https:\/\/gastronomicament.cat\/en\/author\/admin"}]}},"_links":{"self":[{"href":"https:\/\/gastronomicament.cat\/en\/wp-json\/wp\/v2\/posts\/67150","targetHints":{"allow":["GET"]}}],"collection":[{"href":"https:\/\/gastronomicament.cat\/en\/wp-json\/wp\/v2\/posts"}],"about":[{"href":"https:\/\/gastronomicament.cat\/en\/wp-json\/wp\/v2\/types\/post"}],"author":[{"embeddable":true,"href":"https:\/\/gastronomicament.cat\/en\/wp-json\/wp\/v2\/users\/1"}],"replies":[{"embeddable":true,"href":"https:\/\/gastronomicament.cat\/en\/wp-json\/wp\/v2\/comments?post=67150"}],"version-history":[{"count":0,"href":"https:\/\/gastronomicament.cat\/en\/wp-json\/wp\/v2\/posts\/67150\/revisions"}],"wp:featuredmedia":[{"embeddable":true,"href":"https:\/\/gastronomicament.cat\/en\/wp-json\/wp\/v2\/media\/63388"}],"wp:attachment":[{"href":"https:\/\/gastronomicament.cat\/en\/wp-json\/wp\/v2\/media?parent=67150"}],"wp:term":[{"taxonomy":"category","embeddable":true,"href":"https:\/\/gastronomicament.cat\/en\/wp-json\/wp\/v2\/categories?post=67150"},{"taxonomy":"post_tag","embeddable":true,"href":"https:\/\/gastronomicament.cat\/en\/wp-json\/wp\/v2\/tags?post=67150"},{"taxonomy":"author","embeddable":true,"href":"https:\/\/gastronomicament.cat\/en\/wp-json\/wp\/v2\/coauthors?post=67150"}],"curies":[{"name":"wp","href":"https:\/\/api.w.org\/{rel}","templated":true}]}}