{"id":67414,"date":"2018-07-24T12:17:06","date_gmt":"2018-07-24T10:17:06","guid":{"rendered":"https:\/\/gastronomicament.cat\/la-ruta-del-llonguet-2018-ja-es-aqui"},"modified":"2018-07-24T12:17:06","modified_gmt":"2018-07-24T10:17:06","slug":"la-ruta-del-llonguet-2018-ja-es-aqui","status":"publish","type":"post","link":"https:\/\/gastronomicament.cat\/en\/la-ruta-del-llonguet-2018-ja-es-aqui","title":{"rendered":"La Ruta del Llonguet 2018 ja \u00e9s aqu\u00ed"},"content":{"rendered":"<blockquote><p><em>Un total de 35 forns de Palma hi participen<\/em><\/p><\/blockquote>\n<p>La Ruta del Llonguet torna un any m\u00e9s,\u00a0cada dimecres, del 25 de juliol al 31 d&#8217;octubre\u00a0. En aquesta quarta edici\u00f3 hi participen 35 forns i pastisseries de Palma que oferiran un llonguet i beguda per nom\u00e9s 2,5 euros.<\/p>\n<p>L&#8217;objectiu de la iniciativa \u00e9s donar valor al pa tradicional i la feina dels forners. De fet, els forns i fleques que hi participen formen part de la marca Pa d&#8217;Aqu\u00ed que identifica els establiments que elaboren o venen pa artesanal.<\/p>\n<p>A m\u00e9s, enguany, l&#8217;Associaci\u00f3 de Forners i Pastissers de les Illes Baelars ha arribat a un acord amb el Consell Regulador de la Sobrassada de Mallorca de manera que un dels panets que els forns ofereixin ha de ser amb aquest embotit tan t\u00edpic de les Illes Balears.<\/p>\n<p>Consultau aqu\u00ed els forns que participen a la Ruta del Llonguet 2018:<\/p>\n<p><iframe src=\"https:\/\/www.google.com\/maps\/d\/embed?mid=1U01TR0MdXmzaOqt86KHhovBLD5XsMzwI\" width=\"640\" height=\"480\"><\/iframe><\/p>\n<pre>Fotos:\u00a0<a href=\"https:\/\/twitter.com\/GoverndelaGent\">https:\/\/twitter.com\/GoverndelaGent<\/a><\/pre>\n","protected":false},"excerpt":{"rendered":"<p>La Ruta del Llonguet torna un any m\u00e9s,\u00a0cada dimecres, del 25 de juliol al 31 d&#8217;octubre\u00a0.&hellip;<\/p>\n","protected":false},"author":1,"featured_media":62664,"comment_status":"open","ping_status":"closed","sticky":false,"template":"","format":"gallery","meta":{"_acf_changed":false,"_swt_meta_header_display":false,"_swt_meta_footer_display":false,"_swt_meta_site_title_display":false,"_swt_meta_sticky_header":false,"_swt_meta_transparent_header":false,"footnotes":""},"categories":[1046,1471],"tags":[],"coauthors":[],"class_list":["post-67414","post","type-post","status-publish","format-gallery","has-post-thumbnail","hentry","category-actualitat-es-en","category-fires-i-rutes-en","post_format-post-format-gallery"],"acf":{"gallery":null,"home_date":{"home_begin_date":null,"home_end_date":null}},"yoast_head":"<!-- This site is optimized with the Yoast SEO plugin v27.4 - https:\/\/yoast.com\/product\/yoast-seo-wordpress\/ -->\n<title>La Ruta del Llonguet 2018 ja \u00e9s aqu\u00ed - Gastron\u00f2micament<\/title>\n<meta name=\"description\" content=\"La Ruta del Llonguet 2018 ja \u00e9s aqu\u00ed Actualitat, Fires i rutes La Ruta del Llonguet torna un any m\u00e9s,\u00a0cada dimecres, del 25 de juliol al 31 d&#039;octubre\u00a0. En aquesta quarta edici\u00f3 hi participen 35 forns i pastisseries de Palma que oferiran un llonguet i beguda per nom\u00e9s 2,5 euros.\" \/>\n<meta name=\"robots\" content=\"index, follow, max-snippet:-1, max-image-preview:large, max-video-preview:-1\" \/>\n<link rel=\"canonical\" href=\"https:\/\/gastronomicament.cat\/en\/la-ruta-del-llonguet-2018-ja-es-aqui\" \/>\n<meta property=\"og:locale\" content=\"en_US\" \/>\n<meta property=\"og:type\" content=\"article\" \/>\n<meta property=\"og:title\" content=\"La Ruta del Llonguet 2018 ja \u00e9s aqu\u00ed - Gastron\u00f2micament\" \/>\n<meta property=\"og:description\" content=\"La Ruta del Llonguet 2018 ja \u00e9s aqu\u00ed Actualitat, Fires i rutes La Ruta del Llonguet torna un any m\u00e9s,\u00a0cada dimecres, del 25 de juliol al 31 d&#039;octubre\u00a0. En aquesta quarta edici\u00f3 hi participen 35 forns i pastisseries de Palma que oferiran un llonguet i beguda per nom\u00e9s 2,5 euros.\" \/>\n<meta property=\"og:url\" content=\"https:\/\/gastronomicament.cat\/en\/la-ruta-del-llonguet-2018-ja-es-aqui\" \/>\n<meta property=\"og:site_name\" content=\"Gastron\u00f2micament\" \/>\n<meta property=\"article:published_time\" content=\"2018-07-24T10:17:06+00:00\" \/>\n<meta property=\"og:image\" content=\"https:\/\/gastronomicament.cat\/wp-content\/uploads\/2018\/07\/Ruta-Llonguet-Palma-2018.jpg\" \/>\n\t<meta property=\"og:image:width\" content=\"1130\" \/>\n\t<meta property=\"og:image:height\" content=\"847\" \/>\n\t<meta property=\"og:image:type\" content=\"image\/jpeg\" \/>\n<meta name=\"author\" content=\"Redacci\u00f3\" \/>\n<meta name=\"twitter:card\" content=\"summary_large_image\" \/>\n<meta name=\"twitter:creator\" content=\"@gastronomicamen\" \/>\n<meta name=\"twitter:site\" content=\"@gastronomicamen\" \/>\n<meta name=\"twitter:label1\" content=\"Written by\" \/>\n\t<meta name=\"twitter:data1\" content=\"Redacci\u00f3\" \/>\n\t<meta name=\"twitter:label2\" content=\"Est. reading time\" \/>\n\t<meta name=\"twitter:data2\" content=\"1 minute\" \/>\n<script type=\"application\/ld+json\" class=\"yoast-schema-graph\">{\"@context\":\"https:\\\/\\\/schema.org\",\"@graph\":[{\"@type\":\"Article\",\"@id\":\"https:\\\/\\\/gastronomicament.cat\\\/en\\\/la-ruta-del-llonguet-2018-ja-es-aqui#article\",\"isPartOf\":{\"@id\":\"https:\\\/\\\/gastronomicament.cat\\\/en\\\/la-ruta-del-llonguet-2018-ja-es-aqui\"},\"author\":{\"name\":\"Redacci\u00f3\",\"@id\":\"https:\\\/\\\/gastronomicament.cat\\\/en\\\/#\\\/schema\\\/person\\\/a7c85c537a1ed62799a5b8e0f686a37f\"},\"headline\":\"La Ruta del Llonguet 2018 ja \u00e9s aqu\u00ed\",\"datePublished\":\"2018-07-24T10:17:06+00:00\",\"mainEntityOfPage\":{\"@id\":\"https:\\\/\\\/gastronomicament.cat\\\/en\\\/la-ruta-del-llonguet-2018-ja-es-aqui\"},\"wordCount\":154,\"commentCount\":0,\"publisher\":{\"@id\":\"https:\\\/\\\/gastronomicament.cat\\\/en\\\/#organization\"},\"image\":{\"@id\":\"https:\\\/\\\/gastronomicament.cat\\\/en\\\/la-ruta-del-llonguet-2018-ja-es-aqui#primaryimage\"},\"thumbnailUrl\":\"https:\\\/\\\/gastronomicament.cat\\\/wp-content\\\/uploads\\\/2018\\\/07\\\/Ruta-Llonguet-Palma-2018.jpg\",\"articleSection\":[\"Actualitat\",\"Fires i rutes\"],\"inLanguage\":\"en-US\",\"potentialAction\":[{\"@type\":\"CommentAction\",\"name\":\"Comment\",\"target\":[\"https:\\\/\\\/gastronomicament.cat\\\/en\\\/la-ruta-del-llonguet-2018-ja-es-aqui#respond\"]}]},{\"@type\":\"WebPage\",\"@id\":\"https:\\\/\\\/gastronomicament.cat\\\/en\\\/la-ruta-del-llonguet-2018-ja-es-aqui\",\"url\":\"https:\\\/\\\/gastronomicament.cat\\\/en\\\/la-ruta-del-llonguet-2018-ja-es-aqui\",\"name\":\"La Ruta del Llonguet 2018 ja \u00e9s aqu\u00ed - Gastron\u00f2micament\",\"isPartOf\":{\"@id\":\"https:\\\/\\\/gastronomicament.cat\\\/en\\\/#website\"},\"primaryImageOfPage\":{\"@id\":\"https:\\\/\\\/gastronomicament.cat\\\/en\\\/la-ruta-del-llonguet-2018-ja-es-aqui#primaryimage\"},\"image\":{\"@id\":\"https:\\\/\\\/gastronomicament.cat\\\/en\\\/la-ruta-del-llonguet-2018-ja-es-aqui#primaryimage\"},\"thumbnailUrl\":\"https:\\\/\\\/gastronomicament.cat\\\/wp-content\\\/uploads\\\/2018\\\/07\\\/Ruta-Llonguet-Palma-2018.jpg\",\"datePublished\":\"2018-07-24T10:17:06+00:00\",\"description\":\"La Ruta del Llonguet 2018 ja \u00e9s aqu\u00ed Actualitat, Fires i rutes La Ruta del Llonguet torna un any m\u00e9s,\u00a0cada dimecres, del 25 de juliol al 31 d'octubre\u00a0. En aquesta quarta edici\u00f3 hi participen 35 forns i pastisseries de Palma que oferiran un llonguet i beguda per nom\u00e9s 2,5 euros.\",\"inLanguage\":\"en-US\",\"potentialAction\":[{\"@type\":\"ReadAction\",\"target\":[\"https:\\\/\\\/gastronomicament.cat\\\/en\\\/la-ruta-del-llonguet-2018-ja-es-aqui\"]}]},{\"@type\":\"ImageObject\",\"inLanguage\":\"en-US\",\"@id\":\"https:\\\/\\\/gastronomicament.cat\\\/en\\\/la-ruta-del-llonguet-2018-ja-es-aqui#primaryimage\",\"url\":\"https:\\\/\\\/gastronomicament.cat\\\/wp-content\\\/uploads\\\/2018\\\/07\\\/Ruta-Llonguet-Palma-2018.jpg\",\"contentUrl\":\"https:\\\/\\\/gastronomicament.cat\\\/wp-content\\\/uploads\\\/2018\\\/07\\\/Ruta-Llonguet-Palma-2018.jpg\",\"width\":1130,\"height\":847},{\"@type\":\"WebSite\",\"@id\":\"https:\\\/\\\/gastronomicament.cat\\\/en\\\/#website\",\"url\":\"https:\\\/\\\/gastronomicament.cat\\\/en\\\/\",\"name\":\"Gastron\u00f2micament\",\"description\":\"Portal de restaurants, receptes i actualitat gastron\u00f2mica\",\"publisher\":{\"@id\":\"https:\\\/\\\/gastronomicament.cat\\\/en\\\/#organization\"},\"potentialAction\":[{\"@type\":\"SearchAction\",\"target\":{\"@type\":\"EntryPoint\",\"urlTemplate\":\"https:\\\/\\\/gastronomicament.cat\\\/en\\\/?s={search_term_string}\"},\"query-input\":{\"@type\":\"PropertyValueSpecification\",\"valueRequired\":true,\"valueName\":\"search_term_string\"}}],\"inLanguage\":\"en-US\"},{\"@type\":\"Organization\",\"@id\":\"https:\\\/\\\/gastronomicament.cat\\\/en\\\/#organization\",\"name\":\"Gastron\u00f2micament\",\"url\":\"https:\\\/\\\/gastronomicament.cat\\\/en\\\/\",\"logo\":{\"@type\":\"ImageObject\",\"inLanguage\":\"en-US\",\"@id\":\"https:\\\/\\\/gastronomicament.cat\\\/en\\\/#\\\/schema\\\/logo\\\/image\\\/\",\"url\":\"https:\\\/\\\/gastronomicament.cat\\\/wp-content\\\/uploads\\\/2016\\\/09\\\/header-logo.jpg\",\"contentUrl\":\"https:\\\/\\\/gastronomicament.cat\\\/wp-content\\\/uploads\\\/2016\\\/09\\\/header-logo.jpg\",\"width\":277,\"height\":39,\"caption\":\"Gastron\u00f2micament\"},\"image\":{\"@id\":\"https:\\\/\\\/gastronomicament.cat\\\/en\\\/#\\\/schema\\\/logo\\\/image\\\/\"},\"sameAs\":[\"https:\\\/\\\/x.com\\\/gastronomicamen\"]},{\"@type\":\"Person\",\"@id\":\"https:\\\/\\\/gastronomicament.cat\\\/en\\\/#\\\/schema\\\/person\\\/a7c85c537a1ed62799a5b8e0f686a37f\",\"name\":\"Redacci\u00f3\",\"image\":{\"@type\":\"ImageObject\",\"inLanguage\":\"en-US\",\"@id\":\"https:\\\/\\\/secure.gravatar.com\\\/avatar\\\/9489a485c464fd611d33825daae651d13db70c4e74c65c94937a15a9d4c3ee14?s=96&d=mm&r=g69fea3cce3645dfa2166e7293e22955e\",\"url\":\"https:\\\/\\\/secure.gravatar.com\\\/avatar\\\/9489a485c464fd611d33825daae651d13db70c4e74c65c94937a15a9d4c3ee14?s=96&d=mm&r=g\",\"contentUrl\":\"https:\\\/\\\/secure.gravatar.com\\\/avatar\\\/9489a485c464fd611d33825daae651d13db70c4e74c65c94937a15a9d4c3ee14?s=96&d=mm&r=g\",\"caption\":\"Redacci\u00f3\"},\"sameAs\":[\"http:\\\/\\\/gastronomicament.cat\"],\"url\":\"https:\\\/\\\/gastronomicament.cat\\\/en\\\/author\\\/admin\"}]}<\/script>\n<!-- \/ Yoast SEO plugin. -->","yoast_head_json":{"title":"La Ruta del Llonguet 2018 ja \u00e9s aqu\u00ed - Gastron\u00f2micament","description":"La Ruta del Llonguet 2018 ja \u00e9s aqu\u00ed Actualitat, Fires i rutes La Ruta del Llonguet torna un any m\u00e9s,\u00a0cada dimecres, del 25 de juliol al 31 d'octubre\u00a0. En aquesta quarta edici\u00f3 hi participen 35 forns i pastisseries de Palma que oferiran un llonguet i beguda per nom\u00e9s 2,5 euros.","robots":{"index":"index","follow":"follow","max-snippet":"max-snippet:-1","max-image-preview":"max-image-preview:large","max-video-preview":"max-video-preview:-1"},"canonical":"https:\/\/gastronomicament.cat\/en\/la-ruta-del-llonguet-2018-ja-es-aqui","og_locale":"en_US","og_type":"article","og_title":"La Ruta del Llonguet 2018 ja \u00e9s aqu\u00ed - Gastron\u00f2micament","og_description":"La Ruta del Llonguet 2018 ja \u00e9s aqu\u00ed Actualitat, Fires i rutes La Ruta del Llonguet torna un any m\u00e9s,\u00a0cada dimecres, del 25 de juliol al 31 d'octubre\u00a0. En aquesta quarta edici\u00f3 hi participen 35 forns i pastisseries de Palma que oferiran un llonguet i beguda per nom\u00e9s 2,5 euros.","og_url":"https:\/\/gastronomicament.cat\/en\/la-ruta-del-llonguet-2018-ja-es-aqui","og_site_name":"Gastron\u00f2micament","article_published_time":"2018-07-24T10:17:06+00:00","og_image":[{"width":1130,"height":847,"url":"https:\/\/gastronomicament.cat\/wp-content\/uploads\/2018\/07\/Ruta-Llonguet-Palma-2018.jpg","type":"image\/jpeg"}],"author":"Redacci\u00f3","twitter_card":"summary_large_image","twitter_creator":"@gastronomicamen","twitter_site":"@gastronomicamen","twitter_misc":{"Written by":"Redacci\u00f3","Est. reading time":"1 minute"},"schema":{"@context":"https:\/\/schema.org","@graph":[{"@type":"Article","@id":"https:\/\/gastronomicament.cat\/en\/la-ruta-del-llonguet-2018-ja-es-aqui#article","isPartOf":{"@id":"https:\/\/gastronomicament.cat\/en\/la-ruta-del-llonguet-2018-ja-es-aqui"},"author":{"name":"Redacci\u00f3","@id":"https:\/\/gastronomicament.cat\/en\/#\/schema\/person\/a7c85c537a1ed62799a5b8e0f686a37f"},"headline":"La Ruta del Llonguet 2018 ja \u00e9s aqu\u00ed","datePublished":"2018-07-24T10:17:06+00:00","mainEntityOfPage":{"@id":"https:\/\/gastronomicament.cat\/en\/la-ruta-del-llonguet-2018-ja-es-aqui"},"wordCount":154,"commentCount":0,"publisher":{"@id":"https:\/\/gastronomicament.cat\/en\/#organization"},"image":{"@id":"https:\/\/gastronomicament.cat\/en\/la-ruta-del-llonguet-2018-ja-es-aqui#primaryimage"},"thumbnailUrl":"https:\/\/gastronomicament.cat\/wp-content\/uploads\/2018\/07\/Ruta-Llonguet-Palma-2018.jpg","articleSection":["Actualitat","Fires i rutes"],"inLanguage":"en-US","potentialAction":[{"@type":"CommentAction","name":"Comment","target":["https:\/\/gastronomicament.cat\/en\/la-ruta-del-llonguet-2018-ja-es-aqui#respond"]}]},{"@type":"WebPage","@id":"https:\/\/gastronomicament.cat\/en\/la-ruta-del-llonguet-2018-ja-es-aqui","url":"https:\/\/gastronomicament.cat\/en\/la-ruta-del-llonguet-2018-ja-es-aqui","name":"La Ruta del Llonguet 2018 ja \u00e9s aqu\u00ed - Gastron\u00f2micament","isPartOf":{"@id":"https:\/\/gastronomicament.cat\/en\/#website"},"primaryImageOfPage":{"@id":"https:\/\/gastronomicament.cat\/en\/la-ruta-del-llonguet-2018-ja-es-aqui#primaryimage"},"image":{"@id":"https:\/\/gastronomicament.cat\/en\/la-ruta-del-llonguet-2018-ja-es-aqui#primaryimage"},"thumbnailUrl":"https:\/\/gastronomicament.cat\/wp-content\/uploads\/2018\/07\/Ruta-Llonguet-Palma-2018.jpg","datePublished":"2018-07-24T10:17:06+00:00","description":"La Ruta del Llonguet 2018 ja \u00e9s aqu\u00ed Actualitat, Fires i rutes La Ruta del Llonguet torna un any m\u00e9s,\u00a0cada dimecres, del 25 de juliol al 31 d'octubre\u00a0. En aquesta quarta edici\u00f3 hi participen 35 forns i pastisseries de Palma que oferiran un llonguet i beguda per nom\u00e9s 2,5 euros.","inLanguage":"en-US","potentialAction":[{"@type":"ReadAction","target":["https:\/\/gastronomicament.cat\/en\/la-ruta-del-llonguet-2018-ja-es-aqui"]}]},{"@type":"ImageObject","inLanguage":"en-US","@id":"https:\/\/gastronomicament.cat\/en\/la-ruta-del-llonguet-2018-ja-es-aqui#primaryimage","url":"https:\/\/gastronomicament.cat\/wp-content\/uploads\/2018\/07\/Ruta-Llonguet-Palma-2018.jpg","contentUrl":"https:\/\/gastronomicament.cat\/wp-content\/uploads\/2018\/07\/Ruta-Llonguet-Palma-2018.jpg","width":1130,"height":847},{"@type":"WebSite","@id":"https:\/\/gastronomicament.cat\/en\/#website","url":"https:\/\/gastronomicament.cat\/en\/","name":"Gastron\u00f2micament","description":"Portal de restaurants, receptes i actualitat gastron\u00f2mica","publisher":{"@id":"https:\/\/gastronomicament.cat\/en\/#organization"},"potentialAction":[{"@type":"SearchAction","target":{"@type":"EntryPoint","urlTemplate":"https:\/\/gastronomicament.cat\/en\/?s={search_term_string}"},"query-input":{"@type":"PropertyValueSpecification","valueRequired":true,"valueName":"search_term_string"}}],"inLanguage":"en-US"},{"@type":"Organization","@id":"https:\/\/gastronomicament.cat\/en\/#organization","name":"Gastron\u00f2micament","url":"https:\/\/gastronomicament.cat\/en\/","logo":{"@type":"ImageObject","inLanguage":"en-US","@id":"https:\/\/gastronomicament.cat\/en\/#\/schema\/logo\/image\/","url":"https:\/\/gastronomicament.cat\/wp-content\/uploads\/2016\/09\/header-logo.jpg","contentUrl":"https:\/\/gastronomicament.cat\/wp-content\/uploads\/2016\/09\/header-logo.jpg","width":277,"height":39,"caption":"Gastron\u00f2micament"},"image":{"@id":"https:\/\/gastronomicament.cat\/en\/#\/schema\/logo\/image\/"},"sameAs":["https:\/\/x.com\/gastronomicamen"]},{"@type":"Person","@id":"https:\/\/gastronomicament.cat\/en\/#\/schema\/person\/a7c85c537a1ed62799a5b8e0f686a37f","name":"Redacci\u00f3","image":{"@type":"ImageObject","inLanguage":"en-US","@id":"https:\/\/secure.gravatar.com\/avatar\/9489a485c464fd611d33825daae651d13db70c4e74c65c94937a15a9d4c3ee14?s=96&d=mm&r=g69fea3cce3645dfa2166e7293e22955e","url":"https:\/\/secure.gravatar.com\/avatar\/9489a485c464fd611d33825daae651d13db70c4e74c65c94937a15a9d4c3ee14?s=96&d=mm&r=g","contentUrl":"https:\/\/secure.gravatar.com\/avatar\/9489a485c464fd611d33825daae651d13db70c4e74c65c94937a15a9d4c3ee14?s=96&d=mm&r=g","caption":"Redacci\u00f3"},"sameAs":["http:\/\/gastronomicament.cat"],"url":"https:\/\/gastronomicament.cat\/en\/author\/admin"}]}},"_links":{"self":[{"href":"https:\/\/gastronomicament.cat\/en\/wp-json\/wp\/v2\/posts\/67414","targetHints":{"allow":["GET"]}}],"collection":[{"href":"https:\/\/gastronomicament.cat\/en\/wp-json\/wp\/v2\/posts"}],"about":[{"href":"https:\/\/gastronomicament.cat\/en\/wp-json\/wp\/v2\/types\/post"}],"author":[{"embeddable":true,"href":"https:\/\/gastronomicament.cat\/en\/wp-json\/wp\/v2\/users\/1"}],"replies":[{"embeddable":true,"href":"https:\/\/gastronomicament.cat\/en\/wp-json\/wp\/v2\/comments?post=67414"}],"version-history":[{"count":0,"href":"https:\/\/gastronomicament.cat\/en\/wp-json\/wp\/v2\/posts\/67414\/revisions"}],"wp:featuredmedia":[{"embeddable":true,"href":"https:\/\/gastronomicament.cat\/en\/wp-json\/wp\/v2\/media\/62664"}],"wp:attachment":[{"href":"https:\/\/gastronomicament.cat\/en\/wp-json\/wp\/v2\/media?parent=67414"}],"wp:term":[{"taxonomy":"category","embeddable":true,"href":"https:\/\/gastronomicament.cat\/en\/wp-json\/wp\/v2\/categories?post=67414"},{"taxonomy":"post_tag","embeddable":true,"href":"https:\/\/gastronomicament.cat\/en\/wp-json\/wp\/v2\/tags?post=67414"},{"taxonomy":"author","embeddable":true,"href":"https:\/\/gastronomicament.cat\/en\/wp-json\/wp\/v2\/coauthors?post=67414"}],"curies":[{"name":"wp","href":"https:\/\/api.w.org\/{rel}","templated":true}]}}