{"id":69161,"date":"2017-10-27T10:17:32","date_gmt":"2017-10-27T08:17:32","guid":{"rendered":"https:\/\/gastronomicament.cat\/el-producte-local-ecologic-protagonitza-la-fira-de-tardor-de-marratxi"},"modified":"2017-10-27T10:17:32","modified_gmt":"2017-10-27T08:17:32","slug":"el-producte-local-ecologic-protagonitza-la-fira-de-tardor-de-marratxi","status":"publish","type":"post","link":"https:\/\/gastronomicament.cat\/en\/el-producte-local-ecologic-protagonitza-la-fira-de-tardor-de-marratxi","title":{"rendered":"El producte local i ecol\u00f2gic protagonitza la Fira de Tardor de Marratx\u00ed"},"content":{"rendered":"<blockquote><p><em>Tendr\u00e0 lloc el diumenge 5 de novembre, de 9 a 17 hores<\/em><\/p><\/blockquote>\n<p>Un any m\u00e9s, la Fira de Tardor de Marratx\u00ed torna a ser habitual cada primer diumenge del mes de novembre. Dia 5 de novembre, la Pla\u00e7a de Sant Mar\u00e7al s&#8217;omplir\u00e0 d&#8217;artesans, firaires i entitats per oferir els millors productes.<\/p>\n<p>El producte local i ecol\u00f2gic en ser\u00e0 el protagonista, una cita que comen\u00e7ar\u00e0 a les 9 del mat\u00ed i que finalitzar\u00e0 devers les 17 hores.\u00a0Com b\u00e9 explica el batle de Marratx\u00ed, Joan Francesc Canyelles, la idea \u00e9s &#8220;continuar fent una fira m\u00e9s identit\u00e0ria, participativa, plural i innovadora adre\u00e7ada a totes les edats&#8221;.<\/p>\n<p><strong>Novetats i programa d&#8217;actes<\/strong><\/p>\n<p>Com a novetat d&#8217;aquesta XIX edici\u00f3, hi haur\u00e0 un espectacle de circ, de la companyia Des-Equilibrat, i la presentaci\u00f3 del llibre de les IV Jornades d&#8217;Estudis Locals. No hi faltaran els gegants d&#8217;arreu de l&#8217;illa, els foodtrucks i la m\u00fasica de Martino e Marini i Salvatge Cor. Una interessant proposta que s&#8217;uneix a l&#8217;aposta de l&#8217;Ajuntament de Marratx\u00ed per promocionar els productes que s&#8217;elaboren al municipi.<\/p>\n<p>El programa d&#8217;actes \u00e9s el seg\u00fcent:<\/p>\n<ul>\n<li>30 hores: Parc m\u00f2bil d&#8217;educaci\u00f3 vi\u00e0ria a c\u00e0rrec de la Policia Local, a la Ver\u00f2nica.<\/li>\n<li>10 h: Mostra de canaris a c\u00e0rrec de l&#8217;Associaci\u00f3 Ornitol\u00f2gica de Marratx\u00ed, al sal\u00f3 parroquial.<\/li>\n<li>10 h: Presentaci\u00f3 del llibre de les IV Jornades d&#8217;Estudis Locals, al Rotllo de Sant Mar\u00e7al.<\/li>\n<li>10-13 h: Roc\u00f2drom per gentilesa del Consell de Mallorca, al Rotllo de Sant Mar\u00e7al.<\/li>\n<li>10-13 h: Trobada de brodadores, al Rotllo de Sant Mar\u00e7al.<\/li>\n<li>10-14 h: Demostraci\u00f3 de les escoles municipals de Cer\u00e0mica, M\u00fasica i Xeremiers, davant la Pla\u00e7a Sant Mar\u00e7al.<\/li>\n<li>30 h: Plantada de gegants, al carrer Casa del Poble.<\/li>\n<li>11 h: III Trobada de Gegants, organitzada pels Geganters de Marratx\u00ed.<\/li>\n<li>11-14 h: Tallers de<em>transfer chalk paint<\/em>, decorar amb malles i pissarra infantil, a c\u00e0rrec de Leroy Merlin.<\/li>\n<li>12 h: Exhibici\u00f3 d&#8217;obedi\u00e8ncia i defensa canina, a la Ver\u00f2nica.<\/li>\n<li>30 h: Espectacle de circ Kinesis, amb la companyia Des-Equilibrats, al al Rotllo de Sant Mar\u00e7al.<\/li>\n<li>13 h: Batucada a c\u00e0rrec de Kalemba Percussi\u00f3.<\/li>\n<li>14 h: Dinar als foodtrucks de la fira mentre escoltes els concerts de Martino e Marini (14 h) i Salvatge Cor (15 h), al Rotllo de Sant Mar\u00e7al.<\/li>\n<\/ul>\n","protected":false},"excerpt":{"rendered":"<p>Un any m\u00e9s, la Fira de Tardor de Marratx\u00ed torna a ser habitual cada primer diumenge&hellip;<\/p>\n","protected":false},"author":1,"featured_media":59997,"comment_status":"open","ping_status":"closed","sticky":false,"template":"","format":"standard","meta":{"_acf_changed":false,"_swt_meta_header_display":false,"_swt_meta_footer_display":false,"_swt_meta_site_title_display":false,"_swt_meta_sticky_header":false,"_swt_meta_transparent_header":false,"footnotes":""},"categories":[1046,1471],"tags":[],"coauthors":[],"class_list":["post-69161","post","type-post","status-publish","format-standard","has-post-thumbnail","hentry","category-actualitat-es-en","category-fires-i-rutes-en"],"acf":{"gallery":null,"home_date":{"home_begin_date":null,"home_end_date":null}},"yoast_head":"<!-- This site is optimized with the Yoast SEO plugin v27.4 - https:\/\/yoast.com\/product\/yoast-seo-wordpress\/ -->\n<title>El producte local i ecol\u00f2gic protagonitza la Fira de Tardor de Marratx\u00ed - Gastron\u00f2micament<\/title>\n<meta name=\"description\" content=\"El producte local i ecol\u00f2gic protagonitza la Fira de Tardor de Marratx\u00ed Actualitat, Fires i rutes Un any m\u00e9s, la Fira de Tardor de Marratx\u00ed torna a ser habitual cada primer diumenge del mes de novembre. Dia 5 de novembre, la Pla\u00e7a de Sant Mar\u00e7al s&#039;omplir\u00e0 d&#039;artesans, firaires i entitats per oferir els millors productes\" \/>\n<meta name=\"robots\" content=\"index, follow, max-snippet:-1, max-image-preview:large, max-video-preview:-1\" \/>\n<link rel=\"canonical\" href=\"https:\/\/gastronomicament.cat\/en\/el-producte-local-ecologic-protagonitza-la-fira-de-tardor-de-marratxi\" \/>\n<meta property=\"og:locale\" content=\"en_US\" \/>\n<meta property=\"og:type\" content=\"article\" \/>\n<meta property=\"og:title\" content=\"El producte local i ecol\u00f2gic protagonitza la Fira de Tardor de Marratx\u00ed - Gastron\u00f2micament\" \/>\n<meta property=\"og:description\" content=\"El producte local i ecol\u00f2gic protagonitza la Fira de Tardor de Marratx\u00ed Actualitat, Fires i rutes Un any m\u00e9s, la Fira de Tardor de Marratx\u00ed torna a ser habitual cada primer diumenge del mes de novembre. Dia 5 de novembre, la Pla\u00e7a de Sant Mar\u00e7al s&#039;omplir\u00e0 d&#039;artesans, firaires i entitats per oferir els millors productes\" \/>\n<meta property=\"og:url\" content=\"https:\/\/gastronomicament.cat\/en\/el-producte-local-ecologic-protagonitza-la-fira-de-tardor-de-marratxi\" \/>\n<meta property=\"og:site_name\" content=\"Gastron\u00f2micament\" \/>\n<meta property=\"article:published_time\" content=\"2017-10-27T08:17:32+00:00\" \/>\n<meta property=\"og:image\" content=\"https:\/\/gastronomicament.cat\/wp-content\/uploads\/2017\/10\/Fira-Marratxi-tardor-2017.jpg\" \/>\n\t<meta property=\"og:image:width\" content=\"950\" \/>\n\t<meta property=\"og:image:height\" content=\"545\" \/>\n\t<meta property=\"og:image:type\" content=\"image\/jpeg\" \/>\n<meta name=\"author\" content=\"Redacci\u00f3\" \/>\n<meta name=\"twitter:card\" content=\"summary_large_image\" \/>\n<meta name=\"twitter:creator\" content=\"@gastronomicamen\" \/>\n<meta name=\"twitter:site\" content=\"@gastronomicamen\" \/>\n<meta name=\"twitter:label1\" content=\"Written by\" \/>\n\t<meta name=\"twitter:data1\" content=\"Redacci\u00f3\" \/>\n\t<meta name=\"twitter:label2\" content=\"Est. reading time\" \/>\n\t<meta name=\"twitter:data2\" content=\"2 minutes\" \/>\n<script type=\"application\/ld+json\" class=\"yoast-schema-graph\">{\"@context\":\"https:\\\/\\\/schema.org\",\"@graph\":[{\"@type\":\"Article\",\"@id\":\"https:\\\/\\\/gastronomicament.cat\\\/en\\\/el-producte-local-ecologic-protagonitza-la-fira-de-tardor-de-marratxi#article\",\"isPartOf\":{\"@id\":\"https:\\\/\\\/gastronomicament.cat\\\/en\\\/el-producte-local-ecologic-protagonitza-la-fira-de-tardor-de-marratxi\"},\"author\":{\"name\":\"Redacci\u00f3\",\"@id\":\"https:\\\/\\\/gastronomicament.cat\\\/en\\\/#\\\/schema\\\/person\\\/a7c85c537a1ed62799a5b8e0f686a37f\"},\"headline\":\"El producte local i ecol\u00f2gic protagonitza la Fira de Tardor de Marratx\u00ed\",\"datePublished\":\"2017-10-27T08:17:32+00:00\",\"mainEntityOfPage\":{\"@id\":\"https:\\\/\\\/gastronomicament.cat\\\/en\\\/el-producte-local-ecologic-protagonitza-la-fira-de-tardor-de-marratxi\"},\"wordCount\":393,\"commentCount\":0,\"publisher\":{\"@id\":\"https:\\\/\\\/gastronomicament.cat\\\/en\\\/#organization\"},\"image\":{\"@id\":\"https:\\\/\\\/gastronomicament.cat\\\/en\\\/el-producte-local-ecologic-protagonitza-la-fira-de-tardor-de-marratxi#primaryimage\"},\"thumbnailUrl\":\"https:\\\/\\\/gastronomicament.cat\\\/wp-content\\\/uploads\\\/2017\\\/10\\\/Fira-Marratxi-tardor-2017.jpg\",\"articleSection\":[\"Actualitat\",\"Fires i rutes\"],\"inLanguage\":\"en-US\",\"potentialAction\":[{\"@type\":\"CommentAction\",\"name\":\"Comment\",\"target\":[\"https:\\\/\\\/gastronomicament.cat\\\/en\\\/el-producte-local-ecologic-protagonitza-la-fira-de-tardor-de-marratxi#respond\"]}]},{\"@type\":\"WebPage\",\"@id\":\"https:\\\/\\\/gastronomicament.cat\\\/en\\\/el-producte-local-ecologic-protagonitza-la-fira-de-tardor-de-marratxi\",\"url\":\"https:\\\/\\\/gastronomicament.cat\\\/en\\\/el-producte-local-ecologic-protagonitza-la-fira-de-tardor-de-marratxi\",\"name\":\"El producte local i ecol\u00f2gic protagonitza la Fira de Tardor de Marratx\u00ed - Gastron\u00f2micament\",\"isPartOf\":{\"@id\":\"https:\\\/\\\/gastronomicament.cat\\\/en\\\/#website\"},\"primaryImageOfPage\":{\"@id\":\"https:\\\/\\\/gastronomicament.cat\\\/en\\\/el-producte-local-ecologic-protagonitza-la-fira-de-tardor-de-marratxi#primaryimage\"},\"image\":{\"@id\":\"https:\\\/\\\/gastronomicament.cat\\\/en\\\/el-producte-local-ecologic-protagonitza-la-fira-de-tardor-de-marratxi#primaryimage\"},\"thumbnailUrl\":\"https:\\\/\\\/gastronomicament.cat\\\/wp-content\\\/uploads\\\/2017\\\/10\\\/Fira-Marratxi-tardor-2017.jpg\",\"datePublished\":\"2017-10-27T08:17:32+00:00\",\"description\":\"El producte local i ecol\u00f2gic protagonitza la Fira de Tardor de Marratx\u00ed Actualitat, Fires i rutes Un any m\u00e9s, la Fira de Tardor de Marratx\u00ed torna a ser habitual cada primer diumenge del mes de novembre. Dia 5 de novembre, la Pla\u00e7a de Sant Mar\u00e7al s'omplir\u00e0 d'artesans, firaires i entitats per oferir els millors productes\",\"inLanguage\":\"en-US\",\"potentialAction\":[{\"@type\":\"ReadAction\",\"target\":[\"https:\\\/\\\/gastronomicament.cat\\\/en\\\/el-producte-local-ecologic-protagonitza-la-fira-de-tardor-de-marratxi\"]}]},{\"@type\":\"ImageObject\",\"inLanguage\":\"en-US\",\"@id\":\"https:\\\/\\\/gastronomicament.cat\\\/en\\\/el-producte-local-ecologic-protagonitza-la-fira-de-tardor-de-marratxi#primaryimage\",\"url\":\"https:\\\/\\\/gastronomicament.cat\\\/wp-content\\\/uploads\\\/2017\\\/10\\\/Fira-Marratxi-tardor-2017.jpg\",\"contentUrl\":\"https:\\\/\\\/gastronomicament.cat\\\/wp-content\\\/uploads\\\/2017\\\/10\\\/Fira-Marratxi-tardor-2017.jpg\",\"width\":950,\"height\":545},{\"@type\":\"WebSite\",\"@id\":\"https:\\\/\\\/gastronomicament.cat\\\/en\\\/#website\",\"url\":\"https:\\\/\\\/gastronomicament.cat\\\/en\\\/\",\"name\":\"Gastron\u00f2micament\",\"description\":\"Portal de restaurants, receptes i actualitat gastron\u00f2mica\",\"publisher\":{\"@id\":\"https:\\\/\\\/gastronomicament.cat\\\/en\\\/#organization\"},\"potentialAction\":[{\"@type\":\"SearchAction\",\"target\":{\"@type\":\"EntryPoint\",\"urlTemplate\":\"https:\\\/\\\/gastronomicament.cat\\\/en\\\/?s={search_term_string}\"},\"query-input\":{\"@type\":\"PropertyValueSpecification\",\"valueRequired\":true,\"valueName\":\"search_term_string\"}}],\"inLanguage\":\"en-US\"},{\"@type\":\"Organization\",\"@id\":\"https:\\\/\\\/gastronomicament.cat\\\/en\\\/#organization\",\"name\":\"Gastron\u00f2micament\",\"url\":\"https:\\\/\\\/gastronomicament.cat\\\/en\\\/\",\"logo\":{\"@type\":\"ImageObject\",\"inLanguage\":\"en-US\",\"@id\":\"https:\\\/\\\/gastronomicament.cat\\\/en\\\/#\\\/schema\\\/logo\\\/image\\\/\",\"url\":\"https:\\\/\\\/gastronomicament.cat\\\/wp-content\\\/uploads\\\/2016\\\/09\\\/header-logo.jpg\",\"contentUrl\":\"https:\\\/\\\/gastronomicament.cat\\\/wp-content\\\/uploads\\\/2016\\\/09\\\/header-logo.jpg\",\"width\":277,\"height\":39,\"caption\":\"Gastron\u00f2micament\"},\"image\":{\"@id\":\"https:\\\/\\\/gastronomicament.cat\\\/en\\\/#\\\/schema\\\/logo\\\/image\\\/\"},\"sameAs\":[\"https:\\\/\\\/x.com\\\/gastronomicamen\"]},{\"@type\":\"Person\",\"@id\":\"https:\\\/\\\/gastronomicament.cat\\\/en\\\/#\\\/schema\\\/person\\\/a7c85c537a1ed62799a5b8e0f686a37f\",\"name\":\"Redacci\u00f3\",\"image\":{\"@type\":\"ImageObject\",\"inLanguage\":\"en-US\",\"@id\":\"https:\\\/\\\/secure.gravatar.com\\\/avatar\\\/9489a485c464fd611d33825daae651d13db70c4e74c65c94937a15a9d4c3ee14?s=96&d=mm&r=g69fea3cce3645dfa2166e7293e22955e\",\"url\":\"https:\\\/\\\/secure.gravatar.com\\\/avatar\\\/9489a485c464fd611d33825daae651d13db70c4e74c65c94937a15a9d4c3ee14?s=96&d=mm&r=g\",\"contentUrl\":\"https:\\\/\\\/secure.gravatar.com\\\/avatar\\\/9489a485c464fd611d33825daae651d13db70c4e74c65c94937a15a9d4c3ee14?s=96&d=mm&r=g\",\"caption\":\"Redacci\u00f3\"},\"sameAs\":[\"http:\\\/\\\/gastronomicament.cat\"],\"url\":\"https:\\\/\\\/gastronomicament.cat\\\/en\\\/author\\\/admin\"}]}<\/script>\n<!-- \/ Yoast SEO plugin. -->","yoast_head_json":{"title":"El producte local i ecol\u00f2gic protagonitza la Fira de Tardor de Marratx\u00ed - Gastron\u00f2micament","description":"El producte local i ecol\u00f2gic protagonitza la Fira de Tardor de Marratx\u00ed Actualitat, Fires i rutes Un any m\u00e9s, la Fira de Tardor de Marratx\u00ed torna a ser habitual cada primer diumenge del mes de novembre. Dia 5 de novembre, la Pla\u00e7a de Sant Mar\u00e7al s'omplir\u00e0 d'artesans, firaires i entitats per oferir els millors productes","robots":{"index":"index","follow":"follow","max-snippet":"max-snippet:-1","max-image-preview":"max-image-preview:large","max-video-preview":"max-video-preview:-1"},"canonical":"https:\/\/gastronomicament.cat\/en\/el-producte-local-ecologic-protagonitza-la-fira-de-tardor-de-marratxi","og_locale":"en_US","og_type":"article","og_title":"El producte local i ecol\u00f2gic protagonitza la Fira de Tardor de Marratx\u00ed - Gastron\u00f2micament","og_description":"El producte local i ecol\u00f2gic protagonitza la Fira de Tardor de Marratx\u00ed Actualitat, Fires i rutes Un any m\u00e9s, la Fira de Tardor de Marratx\u00ed torna a ser habitual cada primer diumenge del mes de novembre. Dia 5 de novembre, la Pla\u00e7a de Sant Mar\u00e7al s'omplir\u00e0 d'artesans, firaires i entitats per oferir els millors productes","og_url":"https:\/\/gastronomicament.cat\/en\/el-producte-local-ecologic-protagonitza-la-fira-de-tardor-de-marratxi","og_site_name":"Gastron\u00f2micament","article_published_time":"2017-10-27T08:17:32+00:00","og_image":[{"width":950,"height":545,"url":"https:\/\/gastronomicament.cat\/wp-content\/uploads\/2017\/10\/Fira-Marratxi-tardor-2017.jpg","type":"image\/jpeg"}],"author":"Redacci\u00f3","twitter_card":"summary_large_image","twitter_creator":"@gastronomicamen","twitter_site":"@gastronomicamen","twitter_misc":{"Written by":"Redacci\u00f3","Est. reading time":"2 minutes"},"schema":{"@context":"https:\/\/schema.org","@graph":[{"@type":"Article","@id":"https:\/\/gastronomicament.cat\/en\/el-producte-local-ecologic-protagonitza-la-fira-de-tardor-de-marratxi#article","isPartOf":{"@id":"https:\/\/gastronomicament.cat\/en\/el-producte-local-ecologic-protagonitza-la-fira-de-tardor-de-marratxi"},"author":{"name":"Redacci\u00f3","@id":"https:\/\/gastronomicament.cat\/en\/#\/schema\/person\/a7c85c537a1ed62799a5b8e0f686a37f"},"headline":"El producte local i ecol\u00f2gic protagonitza la Fira de Tardor de Marratx\u00ed","datePublished":"2017-10-27T08:17:32+00:00","mainEntityOfPage":{"@id":"https:\/\/gastronomicament.cat\/en\/el-producte-local-ecologic-protagonitza-la-fira-de-tardor-de-marratxi"},"wordCount":393,"commentCount":0,"publisher":{"@id":"https:\/\/gastronomicament.cat\/en\/#organization"},"image":{"@id":"https:\/\/gastronomicament.cat\/en\/el-producte-local-ecologic-protagonitza-la-fira-de-tardor-de-marratxi#primaryimage"},"thumbnailUrl":"https:\/\/gastronomicament.cat\/wp-content\/uploads\/2017\/10\/Fira-Marratxi-tardor-2017.jpg","articleSection":["Actualitat","Fires i rutes"],"inLanguage":"en-US","potentialAction":[{"@type":"CommentAction","name":"Comment","target":["https:\/\/gastronomicament.cat\/en\/el-producte-local-ecologic-protagonitza-la-fira-de-tardor-de-marratxi#respond"]}]},{"@type":"WebPage","@id":"https:\/\/gastronomicament.cat\/en\/el-producte-local-ecologic-protagonitza-la-fira-de-tardor-de-marratxi","url":"https:\/\/gastronomicament.cat\/en\/el-producte-local-ecologic-protagonitza-la-fira-de-tardor-de-marratxi","name":"El producte local i ecol\u00f2gic protagonitza la Fira de Tardor de Marratx\u00ed - Gastron\u00f2micament","isPartOf":{"@id":"https:\/\/gastronomicament.cat\/en\/#website"},"primaryImageOfPage":{"@id":"https:\/\/gastronomicament.cat\/en\/el-producte-local-ecologic-protagonitza-la-fira-de-tardor-de-marratxi#primaryimage"},"image":{"@id":"https:\/\/gastronomicament.cat\/en\/el-producte-local-ecologic-protagonitza-la-fira-de-tardor-de-marratxi#primaryimage"},"thumbnailUrl":"https:\/\/gastronomicament.cat\/wp-content\/uploads\/2017\/10\/Fira-Marratxi-tardor-2017.jpg","datePublished":"2017-10-27T08:17:32+00:00","description":"El producte local i ecol\u00f2gic protagonitza la Fira de Tardor de Marratx\u00ed Actualitat, Fires i rutes Un any m\u00e9s, la Fira de Tardor de Marratx\u00ed torna a ser habitual cada primer diumenge del mes de novembre. Dia 5 de novembre, la Pla\u00e7a de Sant Mar\u00e7al s'omplir\u00e0 d'artesans, firaires i entitats per oferir els millors productes","inLanguage":"en-US","potentialAction":[{"@type":"ReadAction","target":["https:\/\/gastronomicament.cat\/en\/el-producte-local-ecologic-protagonitza-la-fira-de-tardor-de-marratxi"]}]},{"@type":"ImageObject","inLanguage":"en-US","@id":"https:\/\/gastronomicament.cat\/en\/el-producte-local-ecologic-protagonitza-la-fira-de-tardor-de-marratxi#primaryimage","url":"https:\/\/gastronomicament.cat\/wp-content\/uploads\/2017\/10\/Fira-Marratxi-tardor-2017.jpg","contentUrl":"https:\/\/gastronomicament.cat\/wp-content\/uploads\/2017\/10\/Fira-Marratxi-tardor-2017.jpg","width":950,"height":545},{"@type":"WebSite","@id":"https:\/\/gastronomicament.cat\/en\/#website","url":"https:\/\/gastronomicament.cat\/en\/","name":"Gastron\u00f2micament","description":"Portal de restaurants, receptes i actualitat gastron\u00f2mica","publisher":{"@id":"https:\/\/gastronomicament.cat\/en\/#organization"},"potentialAction":[{"@type":"SearchAction","target":{"@type":"EntryPoint","urlTemplate":"https:\/\/gastronomicament.cat\/en\/?s={search_term_string}"},"query-input":{"@type":"PropertyValueSpecification","valueRequired":true,"valueName":"search_term_string"}}],"inLanguage":"en-US"},{"@type":"Organization","@id":"https:\/\/gastronomicament.cat\/en\/#organization","name":"Gastron\u00f2micament","url":"https:\/\/gastronomicament.cat\/en\/","logo":{"@type":"ImageObject","inLanguage":"en-US","@id":"https:\/\/gastronomicament.cat\/en\/#\/schema\/logo\/image\/","url":"https:\/\/gastronomicament.cat\/wp-content\/uploads\/2016\/09\/header-logo.jpg","contentUrl":"https:\/\/gastronomicament.cat\/wp-content\/uploads\/2016\/09\/header-logo.jpg","width":277,"height":39,"caption":"Gastron\u00f2micament"},"image":{"@id":"https:\/\/gastronomicament.cat\/en\/#\/schema\/logo\/image\/"},"sameAs":["https:\/\/x.com\/gastronomicamen"]},{"@type":"Person","@id":"https:\/\/gastronomicament.cat\/en\/#\/schema\/person\/a7c85c537a1ed62799a5b8e0f686a37f","name":"Redacci\u00f3","image":{"@type":"ImageObject","inLanguage":"en-US","@id":"https:\/\/secure.gravatar.com\/avatar\/9489a485c464fd611d33825daae651d13db70c4e74c65c94937a15a9d4c3ee14?s=96&d=mm&r=g69fea3cce3645dfa2166e7293e22955e","url":"https:\/\/secure.gravatar.com\/avatar\/9489a485c464fd611d33825daae651d13db70c4e74c65c94937a15a9d4c3ee14?s=96&d=mm&r=g","contentUrl":"https:\/\/secure.gravatar.com\/avatar\/9489a485c464fd611d33825daae651d13db70c4e74c65c94937a15a9d4c3ee14?s=96&d=mm&r=g","caption":"Redacci\u00f3"},"sameAs":["http:\/\/gastronomicament.cat"],"url":"https:\/\/gastronomicament.cat\/en\/author\/admin"}]}},"_links":{"self":[{"href":"https:\/\/gastronomicament.cat\/en\/wp-json\/wp\/v2\/posts\/69161","targetHints":{"allow":["GET"]}}],"collection":[{"href":"https:\/\/gastronomicament.cat\/en\/wp-json\/wp\/v2\/posts"}],"about":[{"href":"https:\/\/gastronomicament.cat\/en\/wp-json\/wp\/v2\/types\/post"}],"author":[{"embeddable":true,"href":"https:\/\/gastronomicament.cat\/en\/wp-json\/wp\/v2\/users\/1"}],"replies":[{"embeddable":true,"href":"https:\/\/gastronomicament.cat\/en\/wp-json\/wp\/v2\/comments?post=69161"}],"version-history":[{"count":0,"href":"https:\/\/gastronomicament.cat\/en\/wp-json\/wp\/v2\/posts\/69161\/revisions"}],"wp:featuredmedia":[{"embeddable":true,"href":"https:\/\/gastronomicament.cat\/en\/wp-json\/wp\/v2\/media\/59997"}],"wp:attachment":[{"href":"https:\/\/gastronomicament.cat\/en\/wp-json\/wp\/v2\/media?parent=69161"}],"wp:term":[{"taxonomy":"category","embeddable":true,"href":"https:\/\/gastronomicament.cat\/en\/wp-json\/wp\/v2\/categories?post=69161"},{"taxonomy":"post_tag","embeddable":true,"href":"https:\/\/gastronomicament.cat\/en\/wp-json\/wp\/v2\/tags?post=69161"},{"taxonomy":"author","embeddable":true,"href":"https:\/\/gastronomicament.cat\/en\/wp-json\/wp\/v2\/coauthors?post=69161"}],"curies":[{"name":"wp","href":"https:\/\/api.w.org\/{rel}","templated":true}]}}