{"id":69181,"date":"2017-10-24T11:21:08","date_gmt":"2017-10-24T09:21:08","guid":{"rendered":"https:\/\/gastronomicament.cat\/art-copes-sa-pobla-2017"},"modified":"2017-10-24T11:21:08","modified_gmt":"2017-10-24T09:21:08","slug":"art-copes-sa-pobla-2017","status":"publish","type":"post","link":"https:\/\/gastronomicament.cat\/en\/art-copes-sa-pobla-2017","title":{"rendered":"Art i Copes a sa Pobla 2017"},"content":{"rendered":"<blockquote><p><em>L&#8217;art ser\u00e0 el protagonista, dins bars, restaurants i espais culturals, dia 27 d&#8217;octubre, a partir de les 20 hores<\/em><\/p><\/blockquote>\n<p>Divendres 27 d&#8217;octubre teniu una cita amb l&#8217;art a sa Pobla. Un esdeveniment que marca tend\u00e8ncia any rere any durant la tardor mallorquina i que \u00e9s, sens dubte, una de les cites m\u00e9s interessants d&#8217;acostar la cultura a la gent.<\/p>\n<p>Durant aquest vespre, bars, restaurants, espais culturals i p\u00fablics de sa Pobla cedeixen part del local per exposar-hi obres d&#8217;art de les m\u00e9s diverses disciplines. En total, 23 espais s&#8217;obriran de bat a bat en un vespre ben animat, en qu\u00e8 hi participaran 36 artistes.<\/p>\n<p>La cita comen\u00e7ar\u00e0 a les 20 hores al Museu Can Planes, que enguany compleix la desena edici\u00f3. La iniciativa compta amb el suport de l&#8217;Ajuntament de sa Pobla, concretament des de l&#8217;\u00c0rea de Cultura, i es va crear a iniciativa de Ferran Piz\u00e0.<\/p>\n<p>L&#8217;encarregat de fer el cartell d&#8217;enguany \u00e9s l&#8217;artista\u00a0Felip Cald\u00e9s, que ha fet una obra que reflecteix la festa, l&#8217;ambient i l&#8217;art que es respira a sa Pobla durant l&#8217;Art i Copes.<\/p>\n<p>Una mica m\u00e9s prest, a les 18 hores, hi haur\u00e0 activitats per als infants, com la ludoteca, que es far\u00e0 a la Pla\u00e7a Major, on tamb\u00e9 hi trobareu l&#8217;Arts&amp;Kids; i el taller de llanternes, que es far\u00e0 a les 19 hores i que recorrer\u00e0 la Pla\u00e7adel Mercat, l&#8217;Esgl\u00e9sia i la Pla\u00e7a Major.<\/p>\n<p>Rafel Socias, regidor de Cultura, i Biel Ferragut, batle de sa Pobla, us animen i conviden a viure aquest vespre tan especial.<\/p>\n<h4><strong>Llocs i artistes<\/strong><\/h4>\n<ul>\n<li>Hall de l&#8217;Ajuntament:\u00a0<strong>Georgina Gamund\u00ed<\/strong><\/li>\n<li>Can Nadal:\u00a0<strong>Ferran Piz\u00e0 \/ Espinaguades i ous frits<\/strong><\/li>\n<li>Can Verdal:\u00a0<strong>Desi<\/strong><\/li>\n<li>Cas Cotxer:\u00a0<strong>Cati Mari Alorda<\/strong><\/li>\n<li>Casa Miss:\u00a0<strong>Mar Ag\u00fcera<\/strong><\/li>\n<li>Gourmet:\u00a0<strong>Pep Amengual aquarel\u00b7les<\/strong><\/li>\n<li>La Penya:\u00a0<strong>Pep Amengual<\/strong><strong>aquarel\u00b7les<\/strong><\/li>\n<li>Restaurant Marina:\u00a0<strong>Vicen\u00e7 Vidal \/ Fusta<\/strong><\/li>\n<li>Restaurant\u00a0Pla\u00e7a Vuit:\u00a0<strong>Joan Perell\u00f3<\/strong><\/li>\n<li>Sa Taverneta:\u00a0<strong>Samper pintures i collages<\/strong><\/li>\n<li>Vaumar Caf\u00e9:\u00a0<strong>Blanca Alonso<\/strong><\/li>\n<li>Caf\u00e8 Pla\u00e7a:\u00a0<strong>Vicen\u00e7 Ochoa \/ Toni Curro\u00a0 \/Felip Cald\u00e9s. Capgirant es Pla\u00e7a<\/strong><\/li>\n<li>Can Planes:\u00a0<strong>Rafael Cald\u00e9s i amic<\/strong>s<\/li>\n<li>\u00c0gora 16:\u00a0<strong>Maria Teresa Canyelles<\/strong><\/li>\n<li>Fudaci\u00f3\u00a0<strong>Joan Soler: Maria Soledat &amp; friends,\u00a0 Miquel Micer,Florent\u00ed Roy, Pep Cirer<\/strong><\/li>\n<li>Bar Rapinya:\u00a0<strong>Marga<\/strong><\/li>\n<li>Sala es Cavallets:\u00a0<strong>David Campaner \/ Francisco Garc\u00eda Hermenegildo<\/strong><\/li>\n<li>Disseny mercat:\u00a0<strong>Queta Valls<\/strong><\/li>\n<li>Bar Cristal:\u00a0<strong>Pere Reus<\/strong><\/li>\n<li>Pla\u00e7a Major:\u00a0<strong>Ludoteca<\/strong><\/li>\n<li>Pla\u00e7a Major:\u00a0<strong>Arts&amp;Kids<\/strong><\/li>\n<li>Pla\u00e7a Mercat \/ Esgl\u00e9sia \/ Pla\u00e7a Major:\u00a0<strong>Trobada de Llanternes<\/strong><\/li>\n<li>Pla\u00e7a Alexandre Ballester:\u00a0<strong>Homenatge Alexandre Ballester \/ ACA AAArts<\/strong><\/li>\n<\/ul>\n","protected":false},"excerpt":{"rendered":"<p>Divendres 27 d&#8217;octubre teniu una cita amb l&#8217;art a sa Pobla. Un esdeveniment que marca tend\u00e8ncia&hellip;<\/p>\n","protected":false},"author":1,"featured_media":59920,"comment_status":"open","ping_status":"closed","sticky":false,"template":"","format":"standard","meta":{"_acf_changed":false,"_swt_meta_header_display":false,"_swt_meta_footer_display":false,"_swt_meta_site_title_display":false,"_swt_meta_sticky_header":false,"_swt_meta_transparent_header":false,"footnotes":""},"categories":[1046,1471],"tags":[],"coauthors":[],"class_list":["post-69181","post","type-post","status-publish","format-standard","has-post-thumbnail","hentry","category-actualitat-es-en","category-fires-i-rutes-en"],"acf":{"gallery":null,"home_date":{"home_begin_date":null,"home_end_date":null}},"yoast_head":"<!-- This site is optimized with the Yoast SEO plugin v27.4 - https:\/\/yoast.com\/product\/yoast-seo-wordpress\/ -->\n<title>Art i Copes a sa Pobla 2017 - Gastron\u00f2micament<\/title>\n<meta name=\"description\" content=\"Art i Copes a sa Pobla 2017 Actualitat, Fires i rutes Divendres 27 d&#039;octubre teniu una cita amb l&#039;art a sa Pobla. Un esdeveniment que marca tend\u00e8ncia any rere any durant la tardor mallorquina i que \u00e9s, sens dubte, una de les cites m\u00e9s interessants d&#039;acostar la cultura a la gent\" \/>\n<meta name=\"robots\" content=\"index, follow, max-snippet:-1, max-image-preview:large, max-video-preview:-1\" \/>\n<link rel=\"canonical\" href=\"https:\/\/gastronomicament.cat\/en\/art-copes-sa-pobla-2017\" \/>\n<meta property=\"og:locale\" content=\"en_US\" \/>\n<meta property=\"og:type\" content=\"article\" \/>\n<meta property=\"og:title\" content=\"Art i Copes a sa Pobla 2017 - Gastron\u00f2micament\" \/>\n<meta property=\"og:description\" content=\"Art i Copes a sa Pobla 2017 Actualitat, Fires i rutes Divendres 27 d&#039;octubre teniu una cita amb l&#039;art a sa Pobla. Un esdeveniment que marca tend\u00e8ncia any rere any durant la tardor mallorquina i que \u00e9s, sens dubte, una de les cites m\u00e9s interessants d&#039;acostar la cultura a la gent\" \/>\n<meta property=\"og:url\" content=\"https:\/\/gastronomicament.cat\/en\/art-copes-sa-pobla-2017\" \/>\n<meta property=\"og:site_name\" content=\"Gastron\u00f2micament\" \/>\n<meta property=\"article:published_time\" content=\"2017-10-24T09:21:08+00:00\" \/>\n<meta property=\"og:image\" content=\"https:\/\/gastronomicament.cat\/wp-content\/uploads\/2017\/10\/Art-i-Copes-sa-Pobla-2017.jpg\" \/>\n\t<meta property=\"og:image:width\" content=\"950\" \/>\n\t<meta property=\"og:image:height\" content=\"545\" \/>\n\t<meta property=\"og:image:type\" content=\"image\/jpeg\" \/>\n<meta name=\"author\" content=\"Redacci\u00f3\" \/>\n<meta name=\"twitter:card\" content=\"summary_large_image\" \/>\n<meta name=\"twitter:creator\" content=\"@gastronomicamen\" \/>\n<meta name=\"twitter:site\" content=\"@gastronomicamen\" \/>\n<meta name=\"twitter:label1\" content=\"Written by\" \/>\n\t<meta name=\"twitter:data1\" content=\"Redacci\u00f3\" \/>\n\t<meta name=\"twitter:label2\" content=\"Est. reading time\" \/>\n\t<meta name=\"twitter:data2\" content=\"2 minutes\" \/>\n<script type=\"application\/ld+json\" class=\"yoast-schema-graph\">{\"@context\":\"https:\\\/\\\/schema.org\",\"@graph\":[{\"@type\":\"Article\",\"@id\":\"https:\\\/\\\/gastronomicament.cat\\\/en\\\/art-copes-sa-pobla-2017#article\",\"isPartOf\":{\"@id\":\"https:\\\/\\\/gastronomicament.cat\\\/en\\\/art-copes-sa-pobla-2017\"},\"author\":{\"name\":\"Redacci\u00f3\",\"@id\":\"https:\\\/\\\/gastronomicament.cat\\\/en\\\/#\\\/schema\\\/person\\\/a7c85c537a1ed62799a5b8e0f686a37f\"},\"headline\":\"Art i Copes a sa Pobla 2017\",\"datePublished\":\"2017-10-24T09:21:08+00:00\",\"mainEntityOfPage\":{\"@id\":\"https:\\\/\\\/gastronomicament.cat\\\/en\\\/art-copes-sa-pobla-2017\"},\"wordCount\":414,\"commentCount\":0,\"publisher\":{\"@id\":\"https:\\\/\\\/gastronomicament.cat\\\/en\\\/#organization\"},\"image\":{\"@id\":\"https:\\\/\\\/gastronomicament.cat\\\/en\\\/art-copes-sa-pobla-2017#primaryimage\"},\"thumbnailUrl\":\"https:\\\/\\\/gastronomicament.cat\\\/wp-content\\\/uploads\\\/2017\\\/10\\\/Art-i-Copes-sa-Pobla-2017.jpg\",\"articleSection\":[\"Actualitat\",\"Fires i rutes\"],\"inLanguage\":\"en-US\",\"potentialAction\":[{\"@type\":\"CommentAction\",\"name\":\"Comment\",\"target\":[\"https:\\\/\\\/gastronomicament.cat\\\/en\\\/art-copes-sa-pobla-2017#respond\"]}]},{\"@type\":\"WebPage\",\"@id\":\"https:\\\/\\\/gastronomicament.cat\\\/en\\\/art-copes-sa-pobla-2017\",\"url\":\"https:\\\/\\\/gastronomicament.cat\\\/en\\\/art-copes-sa-pobla-2017\",\"name\":\"Art i Copes a sa Pobla 2017 - Gastron\u00f2micament\",\"isPartOf\":{\"@id\":\"https:\\\/\\\/gastronomicament.cat\\\/en\\\/#website\"},\"primaryImageOfPage\":{\"@id\":\"https:\\\/\\\/gastronomicament.cat\\\/en\\\/art-copes-sa-pobla-2017#primaryimage\"},\"image\":{\"@id\":\"https:\\\/\\\/gastronomicament.cat\\\/en\\\/art-copes-sa-pobla-2017#primaryimage\"},\"thumbnailUrl\":\"https:\\\/\\\/gastronomicament.cat\\\/wp-content\\\/uploads\\\/2017\\\/10\\\/Art-i-Copes-sa-Pobla-2017.jpg\",\"datePublished\":\"2017-10-24T09:21:08+00:00\",\"description\":\"Art i Copes a sa Pobla 2017 Actualitat, Fires i rutes Divendres 27 d'octubre teniu una cita amb l'art a sa Pobla. Un esdeveniment que marca tend\u00e8ncia any rere any durant la tardor mallorquina i que \u00e9s, sens dubte, una de les cites m\u00e9s interessants d'acostar la cultura a la gent\",\"inLanguage\":\"en-US\",\"potentialAction\":[{\"@type\":\"ReadAction\",\"target\":[\"https:\\\/\\\/gastronomicament.cat\\\/en\\\/art-copes-sa-pobla-2017\"]}]},{\"@type\":\"ImageObject\",\"inLanguage\":\"en-US\",\"@id\":\"https:\\\/\\\/gastronomicament.cat\\\/en\\\/art-copes-sa-pobla-2017#primaryimage\",\"url\":\"https:\\\/\\\/gastronomicament.cat\\\/wp-content\\\/uploads\\\/2017\\\/10\\\/Art-i-Copes-sa-Pobla-2017.jpg\",\"contentUrl\":\"https:\\\/\\\/gastronomicament.cat\\\/wp-content\\\/uploads\\\/2017\\\/10\\\/Art-i-Copes-sa-Pobla-2017.jpg\",\"width\":950,\"height\":545},{\"@type\":\"WebSite\",\"@id\":\"https:\\\/\\\/gastronomicament.cat\\\/en\\\/#website\",\"url\":\"https:\\\/\\\/gastronomicament.cat\\\/en\\\/\",\"name\":\"Gastron\u00f2micament\",\"description\":\"Portal de restaurants, receptes i actualitat gastron\u00f2mica\",\"publisher\":{\"@id\":\"https:\\\/\\\/gastronomicament.cat\\\/en\\\/#organization\"},\"potentialAction\":[{\"@type\":\"SearchAction\",\"target\":{\"@type\":\"EntryPoint\",\"urlTemplate\":\"https:\\\/\\\/gastronomicament.cat\\\/en\\\/?s={search_term_string}\"},\"query-input\":{\"@type\":\"PropertyValueSpecification\",\"valueRequired\":true,\"valueName\":\"search_term_string\"}}],\"inLanguage\":\"en-US\"},{\"@type\":\"Organization\",\"@id\":\"https:\\\/\\\/gastronomicament.cat\\\/en\\\/#organization\",\"name\":\"Gastron\u00f2micament\",\"url\":\"https:\\\/\\\/gastronomicament.cat\\\/en\\\/\",\"logo\":{\"@type\":\"ImageObject\",\"inLanguage\":\"en-US\",\"@id\":\"https:\\\/\\\/gastronomicament.cat\\\/en\\\/#\\\/schema\\\/logo\\\/image\\\/\",\"url\":\"https:\\\/\\\/gastronomicament.cat\\\/wp-content\\\/uploads\\\/2016\\\/09\\\/header-logo.jpg\",\"contentUrl\":\"https:\\\/\\\/gastronomicament.cat\\\/wp-content\\\/uploads\\\/2016\\\/09\\\/header-logo.jpg\",\"width\":277,\"height\":39,\"caption\":\"Gastron\u00f2micament\"},\"image\":{\"@id\":\"https:\\\/\\\/gastronomicament.cat\\\/en\\\/#\\\/schema\\\/logo\\\/image\\\/\"},\"sameAs\":[\"https:\\\/\\\/x.com\\\/gastronomicamen\"]},{\"@type\":\"Person\",\"@id\":\"https:\\\/\\\/gastronomicament.cat\\\/en\\\/#\\\/schema\\\/person\\\/a7c85c537a1ed62799a5b8e0f686a37f\",\"name\":\"Redacci\u00f3\",\"image\":{\"@type\":\"ImageObject\",\"inLanguage\":\"en-US\",\"@id\":\"https:\\\/\\\/secure.gravatar.com\\\/avatar\\\/9489a485c464fd611d33825daae651d13db70c4e74c65c94937a15a9d4c3ee14?s=96&d=mm&r=g69fea3cce3645dfa2166e7293e22955e\",\"url\":\"https:\\\/\\\/secure.gravatar.com\\\/avatar\\\/9489a485c464fd611d33825daae651d13db70c4e74c65c94937a15a9d4c3ee14?s=96&d=mm&r=g\",\"contentUrl\":\"https:\\\/\\\/secure.gravatar.com\\\/avatar\\\/9489a485c464fd611d33825daae651d13db70c4e74c65c94937a15a9d4c3ee14?s=96&d=mm&r=g\",\"caption\":\"Redacci\u00f3\"},\"sameAs\":[\"http:\\\/\\\/gastronomicament.cat\"],\"url\":\"https:\\\/\\\/gastronomicament.cat\\\/en\\\/author\\\/admin\"}]}<\/script>\n<!-- \/ Yoast SEO plugin. -->","yoast_head_json":{"title":"Art i Copes a sa Pobla 2017 - Gastron\u00f2micament","description":"Art i Copes a sa Pobla 2017 Actualitat, Fires i rutes Divendres 27 d'octubre teniu una cita amb l'art a sa Pobla. Un esdeveniment que marca tend\u00e8ncia any rere any durant la tardor mallorquina i que \u00e9s, sens dubte, una de les cites m\u00e9s interessants d'acostar la cultura a la gent","robots":{"index":"index","follow":"follow","max-snippet":"max-snippet:-1","max-image-preview":"max-image-preview:large","max-video-preview":"max-video-preview:-1"},"canonical":"https:\/\/gastronomicament.cat\/en\/art-copes-sa-pobla-2017","og_locale":"en_US","og_type":"article","og_title":"Art i Copes a sa Pobla 2017 - Gastron\u00f2micament","og_description":"Art i Copes a sa Pobla 2017 Actualitat, Fires i rutes Divendres 27 d'octubre teniu una cita amb l'art a sa Pobla. Un esdeveniment que marca tend\u00e8ncia any rere any durant la tardor mallorquina i que \u00e9s, sens dubte, una de les cites m\u00e9s interessants d'acostar la cultura a la gent","og_url":"https:\/\/gastronomicament.cat\/en\/art-copes-sa-pobla-2017","og_site_name":"Gastron\u00f2micament","article_published_time":"2017-10-24T09:21:08+00:00","og_image":[{"width":950,"height":545,"url":"https:\/\/gastronomicament.cat\/wp-content\/uploads\/2017\/10\/Art-i-Copes-sa-Pobla-2017.jpg","type":"image\/jpeg"}],"author":"Redacci\u00f3","twitter_card":"summary_large_image","twitter_creator":"@gastronomicamen","twitter_site":"@gastronomicamen","twitter_misc":{"Written by":"Redacci\u00f3","Est. reading time":"2 minutes"},"schema":{"@context":"https:\/\/schema.org","@graph":[{"@type":"Article","@id":"https:\/\/gastronomicament.cat\/en\/art-copes-sa-pobla-2017#article","isPartOf":{"@id":"https:\/\/gastronomicament.cat\/en\/art-copes-sa-pobla-2017"},"author":{"name":"Redacci\u00f3","@id":"https:\/\/gastronomicament.cat\/en\/#\/schema\/person\/a7c85c537a1ed62799a5b8e0f686a37f"},"headline":"Art i Copes a sa Pobla 2017","datePublished":"2017-10-24T09:21:08+00:00","mainEntityOfPage":{"@id":"https:\/\/gastronomicament.cat\/en\/art-copes-sa-pobla-2017"},"wordCount":414,"commentCount":0,"publisher":{"@id":"https:\/\/gastronomicament.cat\/en\/#organization"},"image":{"@id":"https:\/\/gastronomicament.cat\/en\/art-copes-sa-pobla-2017#primaryimage"},"thumbnailUrl":"https:\/\/gastronomicament.cat\/wp-content\/uploads\/2017\/10\/Art-i-Copes-sa-Pobla-2017.jpg","articleSection":["Actualitat","Fires i rutes"],"inLanguage":"en-US","potentialAction":[{"@type":"CommentAction","name":"Comment","target":["https:\/\/gastronomicament.cat\/en\/art-copes-sa-pobla-2017#respond"]}]},{"@type":"WebPage","@id":"https:\/\/gastronomicament.cat\/en\/art-copes-sa-pobla-2017","url":"https:\/\/gastronomicament.cat\/en\/art-copes-sa-pobla-2017","name":"Art i Copes a sa Pobla 2017 - Gastron\u00f2micament","isPartOf":{"@id":"https:\/\/gastronomicament.cat\/en\/#website"},"primaryImageOfPage":{"@id":"https:\/\/gastronomicament.cat\/en\/art-copes-sa-pobla-2017#primaryimage"},"image":{"@id":"https:\/\/gastronomicament.cat\/en\/art-copes-sa-pobla-2017#primaryimage"},"thumbnailUrl":"https:\/\/gastronomicament.cat\/wp-content\/uploads\/2017\/10\/Art-i-Copes-sa-Pobla-2017.jpg","datePublished":"2017-10-24T09:21:08+00:00","description":"Art i Copes a sa Pobla 2017 Actualitat, Fires i rutes Divendres 27 d'octubre teniu una cita amb l'art a sa Pobla. Un esdeveniment que marca tend\u00e8ncia any rere any durant la tardor mallorquina i que \u00e9s, sens dubte, una de les cites m\u00e9s interessants d'acostar la cultura a la gent","inLanguage":"en-US","potentialAction":[{"@type":"ReadAction","target":["https:\/\/gastronomicament.cat\/en\/art-copes-sa-pobla-2017"]}]},{"@type":"ImageObject","inLanguage":"en-US","@id":"https:\/\/gastronomicament.cat\/en\/art-copes-sa-pobla-2017#primaryimage","url":"https:\/\/gastronomicament.cat\/wp-content\/uploads\/2017\/10\/Art-i-Copes-sa-Pobla-2017.jpg","contentUrl":"https:\/\/gastronomicament.cat\/wp-content\/uploads\/2017\/10\/Art-i-Copes-sa-Pobla-2017.jpg","width":950,"height":545},{"@type":"WebSite","@id":"https:\/\/gastronomicament.cat\/en\/#website","url":"https:\/\/gastronomicament.cat\/en\/","name":"Gastron\u00f2micament","description":"Portal de restaurants, receptes i actualitat gastron\u00f2mica","publisher":{"@id":"https:\/\/gastronomicament.cat\/en\/#organization"},"potentialAction":[{"@type":"SearchAction","target":{"@type":"EntryPoint","urlTemplate":"https:\/\/gastronomicament.cat\/en\/?s={search_term_string}"},"query-input":{"@type":"PropertyValueSpecification","valueRequired":true,"valueName":"search_term_string"}}],"inLanguage":"en-US"},{"@type":"Organization","@id":"https:\/\/gastronomicament.cat\/en\/#organization","name":"Gastron\u00f2micament","url":"https:\/\/gastronomicament.cat\/en\/","logo":{"@type":"ImageObject","inLanguage":"en-US","@id":"https:\/\/gastronomicament.cat\/en\/#\/schema\/logo\/image\/","url":"https:\/\/gastronomicament.cat\/wp-content\/uploads\/2016\/09\/header-logo.jpg","contentUrl":"https:\/\/gastronomicament.cat\/wp-content\/uploads\/2016\/09\/header-logo.jpg","width":277,"height":39,"caption":"Gastron\u00f2micament"},"image":{"@id":"https:\/\/gastronomicament.cat\/en\/#\/schema\/logo\/image\/"},"sameAs":["https:\/\/x.com\/gastronomicamen"]},{"@type":"Person","@id":"https:\/\/gastronomicament.cat\/en\/#\/schema\/person\/a7c85c537a1ed62799a5b8e0f686a37f","name":"Redacci\u00f3","image":{"@type":"ImageObject","inLanguage":"en-US","@id":"https:\/\/secure.gravatar.com\/avatar\/9489a485c464fd611d33825daae651d13db70c4e74c65c94937a15a9d4c3ee14?s=96&d=mm&r=g69fea3cce3645dfa2166e7293e22955e","url":"https:\/\/secure.gravatar.com\/avatar\/9489a485c464fd611d33825daae651d13db70c4e74c65c94937a15a9d4c3ee14?s=96&d=mm&r=g","contentUrl":"https:\/\/secure.gravatar.com\/avatar\/9489a485c464fd611d33825daae651d13db70c4e74c65c94937a15a9d4c3ee14?s=96&d=mm&r=g","caption":"Redacci\u00f3"},"sameAs":["http:\/\/gastronomicament.cat"],"url":"https:\/\/gastronomicament.cat\/en\/author\/admin"}]}},"_links":{"self":[{"href":"https:\/\/gastronomicament.cat\/en\/wp-json\/wp\/v2\/posts\/69181","targetHints":{"allow":["GET"]}}],"collection":[{"href":"https:\/\/gastronomicament.cat\/en\/wp-json\/wp\/v2\/posts"}],"about":[{"href":"https:\/\/gastronomicament.cat\/en\/wp-json\/wp\/v2\/types\/post"}],"author":[{"embeddable":true,"href":"https:\/\/gastronomicament.cat\/en\/wp-json\/wp\/v2\/users\/1"}],"replies":[{"embeddable":true,"href":"https:\/\/gastronomicament.cat\/en\/wp-json\/wp\/v2\/comments?post=69181"}],"version-history":[{"count":0,"href":"https:\/\/gastronomicament.cat\/en\/wp-json\/wp\/v2\/posts\/69181\/revisions"}],"wp:featuredmedia":[{"embeddable":true,"href":"https:\/\/gastronomicament.cat\/en\/wp-json\/wp\/v2\/media\/59920"}],"wp:attachment":[{"href":"https:\/\/gastronomicament.cat\/en\/wp-json\/wp\/v2\/media?parent=69181"}],"wp:term":[{"taxonomy":"category","embeddable":true,"href":"https:\/\/gastronomicament.cat\/en\/wp-json\/wp\/v2\/categories?post=69181"},{"taxonomy":"post_tag","embeddable":true,"href":"https:\/\/gastronomicament.cat\/en\/wp-json\/wp\/v2\/tags?post=69181"},{"taxonomy":"author","embeddable":true,"href":"https:\/\/gastronomicament.cat\/en\/wp-json\/wp\/v2\/coauthors?post=69181"}],"curies":[{"name":"wp","href":"https:\/\/api.w.org\/{rel}","templated":true}]}}