{"id":69216,"date":"2017-10-05T09:37:35","date_gmt":"2017-10-05T07:37:35","guid":{"rendered":"https:\/\/gastronomicament.cat\/jornada-sobre-agrodiversitat-varietats-locals-palma"},"modified":"2022-04-09T10:31:22","modified_gmt":"2022-04-09T08:31:22","slug":"jornada-sobre-agrodiversitat-varietats-locals-palma","status":"publish","type":"post","link":"https:\/\/gastronomicament.cat\/en\/jornada-sobre-agrodiversitat-varietats-locals-palma","title":{"rendered":"Jornada sobre agrodiversitat i varietats locals a Palma"},"content":{"rendered":"<blockquote><p><em>Tendr\u00e0 lloc divendres, dia 6 d&#8217;octubre, de 9 a 14 hores<\/em><\/p><\/blockquote>\n<p>L&#8217;Associaci\u00f3 de Varietats Locals ha organitzat la jornada &#8216;L&#8217;agrobiodiversitat i les varietats locals. Estat de la q\u00fcesti\u00f3 i experi\u00e8ncies&#8217;. La activitat, que t\u00e9 el suport de la Conselleria de Media Ambient, Agricultura i Pesca,\u00a0 pret\u00e9n ser un punt de trobada per donar a con\u00e8ixer la tasca que s\u2019est\u00e0 fent\u00a0 en relaci\u00f3 als recursos fitogen\u00e8tics. Per aix\u00f2 hi haur\u00e0 l\u2019oportunitat de con\u00e8ixer l\u2019experi\u00e8ncia del Pa\u00eds Valenci\u00e0\u00a0 com tamb\u00e9 altres experi\u00e8ncies.<\/p>\n<p>Tendr\u00e0 lloc al Centre Flassaders de Palma (carrer de Ferreria, 10), de 9 a 14 hores, amb el programa seg\u00fcent:<\/p>\n<ul>\n<li>9 h La salvaguarda dels recursos fitogen\u00e8tics a l&#8217;Institut de Recerca i Formaci\u00f3 Agr\u00e0ria i Pesquera, a c\u00e0rrec de Carme Garau i Josep Rossell\u00f3 de l&#8217;IRFAP.<\/li>\n<li>30 &#8211; 10h : La situaci\u00f3 de l&#8217;agrobiodiversutat a Mallorca. La tasca de l&#8217;Associaci\u00f3 de Varietats Locals, a c\u00e0rrec d&#8217;Aina Socies.<\/li>\n<li>10-11 h: Situaci\u00f3 dels recursos fitogen\u00e8tics a terres valencianes: sistemes informals i pla de la diversitat de la Conselleria, a c\u00e0rrec de Marta Mallach, del Servei de Producci\u00f3 Ecol\u00f2gica de la Generalitat de Val\u00e8ncia.<\/li>\n<li>11-12 h: Tast de varietats locals<\/li>\n<li>12-14 h: Experi\u00e8ncies de gesti\u00f3, conservaci\u00f3 i comercialitzaci\u00f3 de l&#8217;agrobiodiversitat:<br \/>\n&#8211;\u00a0Les varietats locals i la vinya. L&#8217;experi\u00e8ncia de 4Kilos, a c\u00e0rrec de Francesc Grimalt.<br \/>\n&#8211; La\u00a0biodiversitat cultivada a parcs naturals com El Cad\u00ed i Moixer\u00f3 o Cap de Creus, a c\u00e0rrec de Mireia Sisquiella, de l&#8217;associaci\u00f3 l&#8217;Era.<br \/>\n&#8211; Arbres d&#8217;Algendar. Recuperaci\u00f3 de les varietats locals de fruiters de Menorca i inserci\u00f3 sociolabora, a c\u00e0rrec de Gemma Casas, de C\u00e0ritas Menorca.<br \/>\n&#8211; El pebre de tap de quart\u00ed i de cirereta per a l&#8217;elaboraci\u00f3 de pebre bord i el seu cultiu local i ecol\u00f2gic, a c\u00e0rrec de Juan Velasco, d&#8217;Esp\u00e8cies Cresp\u00ed.<br \/>\n&#8211; Les varietats locals com a eina per a la integraci\u00f3 de persones amb problemes de salut mental, a c\u00e0rrec d&#8217;Antoni Mateu, del Viver Bio d&#8217;Estel de Llevant.<\/li>\n<li>14 h: Cloenda.<\/li>\n<\/ul>\n<p>M\u00e9s informaci\u00f3:\u00a0<a href=\"http:\/\/www.varietatslocals.org\/?p=1334\">http:\/\/www.varietatslocals.org\/?p=1334<\/a><\/p>\n","protected":false},"excerpt":{"rendered":"<p>L&#8217;Associaci\u00f3 de Varietats Locals ha organitzat la jornada &#8216;L&#8217;agrobiodiversitat i les varietats locals. Estat de la&hellip;<\/p>\n","protected":false},"author":1,"featured_media":59784,"comment_status":"open","ping_status":"closed","sticky":false,"template":"","format":"standard","meta":{"_acf_changed":false,"_swt_meta_header_display":false,"_swt_meta_footer_display":false,"_swt_meta_site_title_display":false,"_swt_meta_sticky_header":false,"_swt_meta_transparent_header":false,"footnotes":""},"categories":[1046,1471],"tags":[],"coauthors":[],"class_list":["post-69216","post","type-post","status-publish","format-standard","has-post-thumbnail","hentry","category-actualitat-es-en","category-fires-i-rutes-en"],"acf":{"gallery":null,"home_date":{"home_begin_date":null,"home_end_date":null}},"yoast_head":"<!-- This site is optimized with the Yoast SEO plugin v27.4 - https:\/\/yoast.com\/product\/yoast-seo-wordpress\/ -->\n<title>Jornada sobre agrodiversitat i varietats locals a Palma - Gastron\u00f2micament<\/title>\n<meta name=\"description\" content=\"Jornada sobre agrodiversitat i varietats locals a Palma Actualitat, Fires i rutes L&#039;Associaci\u00f3 de Varietats Locals ha organitzat la jornada &#039;L&#039;agrobiodiversitat i les varietats locals. Estat de la q\u00fcesti\u00f3 i experi\u00e8ncies&#039;\" \/>\n<meta name=\"robots\" content=\"index, follow, max-snippet:-1, max-image-preview:large, max-video-preview:-1\" \/>\n<link rel=\"canonical\" href=\"https:\/\/gastronomicament.cat\/en\/jornada-sobre-agrodiversitat-varietats-locals-palma\" \/>\n<meta property=\"og:locale\" content=\"en_US\" \/>\n<meta property=\"og:type\" content=\"article\" \/>\n<meta property=\"og:title\" content=\"Jornada sobre agrodiversitat i varietats locals a Palma - Gastron\u00f2micament\" \/>\n<meta property=\"og:description\" content=\"Jornada sobre agrodiversitat i varietats locals a Palma Actualitat, Fires i rutes L&#039;Associaci\u00f3 de Varietats Locals ha organitzat la jornada &#039;L&#039;agrobiodiversitat i les varietats locals. Estat de la q\u00fcesti\u00f3 i experi\u00e8ncies&#039;\" \/>\n<meta property=\"og:url\" content=\"https:\/\/gastronomicament.cat\/en\/jornada-sobre-agrodiversitat-varietats-locals-palma\" \/>\n<meta property=\"og:site_name\" content=\"Gastron\u00f2micament\" \/>\n<meta property=\"article:published_time\" content=\"2017-10-05T07:37:35+00:00\" \/>\n<meta property=\"article:modified_time\" content=\"2022-04-09T08:31:22+00:00\" \/>\n<meta property=\"og:image\" content=\"https:\/\/gastronomicament.cat\/wp-content\/uploads\/2017\/10\/agrobiodiversitat-2017.jpg\" \/>\n\t<meta property=\"og:image:width\" content=\"695\" \/>\n\t<meta property=\"og:image:height\" content=\"377\" \/>\n\t<meta property=\"og:image:type\" content=\"image\/jpeg\" \/>\n<meta name=\"author\" content=\"Redacci\u00f3\" \/>\n<meta name=\"twitter:card\" content=\"summary_large_image\" \/>\n<meta name=\"twitter:creator\" content=\"@gastronomicamen\" \/>\n<meta name=\"twitter:site\" content=\"@gastronomicamen\" \/>\n<meta name=\"twitter:label1\" content=\"Written by\" \/>\n\t<meta name=\"twitter:data1\" content=\"Redacci\u00f3\" \/>\n\t<meta name=\"twitter:label2\" content=\"Est. reading time\" \/>\n\t<meta name=\"twitter:data2\" content=\"2 minutes\" \/>\n<script type=\"application\/ld+json\" class=\"yoast-schema-graph\">{\"@context\":\"https:\\\/\\\/schema.org\",\"@graph\":[{\"@type\":\"Article\",\"@id\":\"https:\\\/\\\/gastronomicament.cat\\\/en\\\/jornada-sobre-agrodiversitat-varietats-locals-palma#article\",\"isPartOf\":{\"@id\":\"https:\\\/\\\/gastronomicament.cat\\\/en\\\/jornada-sobre-agrodiversitat-varietats-locals-palma\"},\"author\":{\"name\":\"Redacci\u00f3\",\"@id\":\"https:\\\/\\\/gastronomicament.cat\\\/en\\\/#\\\/schema\\\/person\\\/a7c85c537a1ed62799a5b8e0f686a37f\"},\"headline\":\"Jornada sobre agrodiversitat i varietats locals a Palma\",\"datePublished\":\"2017-10-05T07:37:35+00:00\",\"dateModified\":\"2022-04-09T08:31:22+00:00\",\"mainEntityOfPage\":{\"@id\":\"https:\\\/\\\/gastronomicament.cat\\\/en\\\/jornada-sobre-agrodiversitat-varietats-locals-palma\"},\"wordCount\":357,\"commentCount\":0,\"publisher\":{\"@id\":\"https:\\\/\\\/gastronomicament.cat\\\/en\\\/#organization\"},\"image\":{\"@id\":\"https:\\\/\\\/gastronomicament.cat\\\/en\\\/jornada-sobre-agrodiversitat-varietats-locals-palma#primaryimage\"},\"thumbnailUrl\":\"https:\\\/\\\/gastronomicament.cat\\\/wp-content\\\/uploads\\\/2017\\\/10\\\/agrobiodiversitat-2017.jpg\",\"articleSection\":[\"Actualitat\",\"Fires i rutes\"],\"inLanguage\":\"en-US\",\"potentialAction\":[{\"@type\":\"CommentAction\",\"name\":\"Comment\",\"target\":[\"https:\\\/\\\/gastronomicament.cat\\\/en\\\/jornada-sobre-agrodiversitat-varietats-locals-palma#respond\"]}]},{\"@type\":\"WebPage\",\"@id\":\"https:\\\/\\\/gastronomicament.cat\\\/en\\\/jornada-sobre-agrodiversitat-varietats-locals-palma\",\"url\":\"https:\\\/\\\/gastronomicament.cat\\\/en\\\/jornada-sobre-agrodiversitat-varietats-locals-palma\",\"name\":\"Jornada sobre agrodiversitat i varietats locals a Palma - Gastron\u00f2micament\",\"isPartOf\":{\"@id\":\"https:\\\/\\\/gastronomicament.cat\\\/en\\\/#website\"},\"primaryImageOfPage\":{\"@id\":\"https:\\\/\\\/gastronomicament.cat\\\/en\\\/jornada-sobre-agrodiversitat-varietats-locals-palma#primaryimage\"},\"image\":{\"@id\":\"https:\\\/\\\/gastronomicament.cat\\\/en\\\/jornada-sobre-agrodiversitat-varietats-locals-palma#primaryimage\"},\"thumbnailUrl\":\"https:\\\/\\\/gastronomicament.cat\\\/wp-content\\\/uploads\\\/2017\\\/10\\\/agrobiodiversitat-2017.jpg\",\"datePublished\":\"2017-10-05T07:37:35+00:00\",\"dateModified\":\"2022-04-09T08:31:22+00:00\",\"description\":\"Jornada sobre agrodiversitat i varietats locals a Palma Actualitat, Fires i rutes L'Associaci\u00f3 de Varietats Locals ha organitzat la jornada 'L'agrobiodiversitat i les varietats locals. Estat de la q\u00fcesti\u00f3 i experi\u00e8ncies'\",\"inLanguage\":\"en-US\",\"potentialAction\":[{\"@type\":\"ReadAction\",\"target\":[\"https:\\\/\\\/gastronomicament.cat\\\/en\\\/jornada-sobre-agrodiversitat-varietats-locals-palma\"]}]},{\"@type\":\"ImageObject\",\"inLanguage\":\"en-US\",\"@id\":\"https:\\\/\\\/gastronomicament.cat\\\/en\\\/jornada-sobre-agrodiversitat-varietats-locals-palma#primaryimage\",\"url\":\"https:\\\/\\\/gastronomicament.cat\\\/wp-content\\\/uploads\\\/2017\\\/10\\\/agrobiodiversitat-2017.jpg\",\"contentUrl\":\"https:\\\/\\\/gastronomicament.cat\\\/wp-content\\\/uploads\\\/2017\\\/10\\\/agrobiodiversitat-2017.jpg\",\"width\":695,\"height\":377},{\"@type\":\"WebSite\",\"@id\":\"https:\\\/\\\/gastronomicament.cat\\\/en\\\/#website\",\"url\":\"https:\\\/\\\/gastronomicament.cat\\\/en\\\/\",\"name\":\"Gastron\u00f2micament\",\"description\":\"Portal de restaurants, receptes i actualitat gastron\u00f2mica\",\"publisher\":{\"@id\":\"https:\\\/\\\/gastronomicament.cat\\\/en\\\/#organization\"},\"potentialAction\":[{\"@type\":\"SearchAction\",\"target\":{\"@type\":\"EntryPoint\",\"urlTemplate\":\"https:\\\/\\\/gastronomicament.cat\\\/en\\\/?s={search_term_string}\"},\"query-input\":{\"@type\":\"PropertyValueSpecification\",\"valueRequired\":true,\"valueName\":\"search_term_string\"}}],\"inLanguage\":\"en-US\"},{\"@type\":\"Organization\",\"@id\":\"https:\\\/\\\/gastronomicament.cat\\\/en\\\/#organization\",\"name\":\"Gastron\u00f2micament\",\"url\":\"https:\\\/\\\/gastronomicament.cat\\\/en\\\/\",\"logo\":{\"@type\":\"ImageObject\",\"inLanguage\":\"en-US\",\"@id\":\"https:\\\/\\\/gastronomicament.cat\\\/en\\\/#\\\/schema\\\/logo\\\/image\\\/\",\"url\":\"https:\\\/\\\/gastronomicament.cat\\\/wp-content\\\/uploads\\\/2016\\\/09\\\/header-logo.jpg\",\"contentUrl\":\"https:\\\/\\\/gastronomicament.cat\\\/wp-content\\\/uploads\\\/2016\\\/09\\\/header-logo.jpg\",\"width\":277,\"height\":39,\"caption\":\"Gastron\u00f2micament\"},\"image\":{\"@id\":\"https:\\\/\\\/gastronomicament.cat\\\/en\\\/#\\\/schema\\\/logo\\\/image\\\/\"},\"sameAs\":[\"https:\\\/\\\/x.com\\\/gastronomicamen\"]},{\"@type\":\"Person\",\"@id\":\"https:\\\/\\\/gastronomicament.cat\\\/en\\\/#\\\/schema\\\/person\\\/a7c85c537a1ed62799a5b8e0f686a37f\",\"name\":\"Redacci\u00f3\",\"image\":{\"@type\":\"ImageObject\",\"inLanguage\":\"en-US\",\"@id\":\"https:\\\/\\\/secure.gravatar.com\\\/avatar\\\/9489a485c464fd611d33825daae651d13db70c4e74c65c94937a15a9d4c3ee14?s=96&d=mm&r=g69fea3cce3645dfa2166e7293e22955e\",\"url\":\"https:\\\/\\\/secure.gravatar.com\\\/avatar\\\/9489a485c464fd611d33825daae651d13db70c4e74c65c94937a15a9d4c3ee14?s=96&d=mm&r=g\",\"contentUrl\":\"https:\\\/\\\/secure.gravatar.com\\\/avatar\\\/9489a485c464fd611d33825daae651d13db70c4e74c65c94937a15a9d4c3ee14?s=96&d=mm&r=g\",\"caption\":\"Redacci\u00f3\"},\"sameAs\":[\"http:\\\/\\\/gastronomicament.cat\"],\"url\":\"https:\\\/\\\/gastronomicament.cat\\\/en\\\/author\\\/admin\"}]}<\/script>\n<!-- \/ Yoast SEO plugin. -->","yoast_head_json":{"title":"Jornada sobre agrodiversitat i varietats locals a Palma - Gastron\u00f2micament","description":"Jornada sobre agrodiversitat i varietats locals a Palma Actualitat, Fires i rutes L'Associaci\u00f3 de Varietats Locals ha organitzat la jornada 'L'agrobiodiversitat i les varietats locals. Estat de la q\u00fcesti\u00f3 i experi\u00e8ncies'","robots":{"index":"index","follow":"follow","max-snippet":"max-snippet:-1","max-image-preview":"max-image-preview:large","max-video-preview":"max-video-preview:-1"},"canonical":"https:\/\/gastronomicament.cat\/en\/jornada-sobre-agrodiversitat-varietats-locals-palma","og_locale":"en_US","og_type":"article","og_title":"Jornada sobre agrodiversitat i varietats locals a Palma - Gastron\u00f2micament","og_description":"Jornada sobre agrodiversitat i varietats locals a Palma Actualitat, Fires i rutes L'Associaci\u00f3 de Varietats Locals ha organitzat la jornada 'L'agrobiodiversitat i les varietats locals. Estat de la q\u00fcesti\u00f3 i experi\u00e8ncies'","og_url":"https:\/\/gastronomicament.cat\/en\/jornada-sobre-agrodiversitat-varietats-locals-palma","og_site_name":"Gastron\u00f2micament","article_published_time":"2017-10-05T07:37:35+00:00","article_modified_time":"2022-04-09T08:31:22+00:00","og_image":[{"width":695,"height":377,"url":"https:\/\/gastronomicament.cat\/wp-content\/uploads\/2017\/10\/agrobiodiversitat-2017.jpg","type":"image\/jpeg"}],"author":"Redacci\u00f3","twitter_card":"summary_large_image","twitter_creator":"@gastronomicamen","twitter_site":"@gastronomicamen","twitter_misc":{"Written by":"Redacci\u00f3","Est. reading time":"2 minutes"},"schema":{"@context":"https:\/\/schema.org","@graph":[{"@type":"Article","@id":"https:\/\/gastronomicament.cat\/en\/jornada-sobre-agrodiversitat-varietats-locals-palma#article","isPartOf":{"@id":"https:\/\/gastronomicament.cat\/en\/jornada-sobre-agrodiversitat-varietats-locals-palma"},"author":{"name":"Redacci\u00f3","@id":"https:\/\/gastronomicament.cat\/en\/#\/schema\/person\/a7c85c537a1ed62799a5b8e0f686a37f"},"headline":"Jornada sobre agrodiversitat i varietats locals a Palma","datePublished":"2017-10-05T07:37:35+00:00","dateModified":"2022-04-09T08:31:22+00:00","mainEntityOfPage":{"@id":"https:\/\/gastronomicament.cat\/en\/jornada-sobre-agrodiversitat-varietats-locals-palma"},"wordCount":357,"commentCount":0,"publisher":{"@id":"https:\/\/gastronomicament.cat\/en\/#organization"},"image":{"@id":"https:\/\/gastronomicament.cat\/en\/jornada-sobre-agrodiversitat-varietats-locals-palma#primaryimage"},"thumbnailUrl":"https:\/\/gastronomicament.cat\/wp-content\/uploads\/2017\/10\/agrobiodiversitat-2017.jpg","articleSection":["Actualitat","Fires i rutes"],"inLanguage":"en-US","potentialAction":[{"@type":"CommentAction","name":"Comment","target":["https:\/\/gastronomicament.cat\/en\/jornada-sobre-agrodiversitat-varietats-locals-palma#respond"]}]},{"@type":"WebPage","@id":"https:\/\/gastronomicament.cat\/en\/jornada-sobre-agrodiversitat-varietats-locals-palma","url":"https:\/\/gastronomicament.cat\/en\/jornada-sobre-agrodiversitat-varietats-locals-palma","name":"Jornada sobre agrodiversitat i varietats locals a Palma - Gastron\u00f2micament","isPartOf":{"@id":"https:\/\/gastronomicament.cat\/en\/#website"},"primaryImageOfPage":{"@id":"https:\/\/gastronomicament.cat\/en\/jornada-sobre-agrodiversitat-varietats-locals-palma#primaryimage"},"image":{"@id":"https:\/\/gastronomicament.cat\/en\/jornada-sobre-agrodiversitat-varietats-locals-palma#primaryimage"},"thumbnailUrl":"https:\/\/gastronomicament.cat\/wp-content\/uploads\/2017\/10\/agrobiodiversitat-2017.jpg","datePublished":"2017-10-05T07:37:35+00:00","dateModified":"2022-04-09T08:31:22+00:00","description":"Jornada sobre agrodiversitat i varietats locals a Palma Actualitat, Fires i rutes L'Associaci\u00f3 de Varietats Locals ha organitzat la jornada 'L'agrobiodiversitat i les varietats locals. Estat de la q\u00fcesti\u00f3 i experi\u00e8ncies'","inLanguage":"en-US","potentialAction":[{"@type":"ReadAction","target":["https:\/\/gastronomicament.cat\/en\/jornada-sobre-agrodiversitat-varietats-locals-palma"]}]},{"@type":"ImageObject","inLanguage":"en-US","@id":"https:\/\/gastronomicament.cat\/en\/jornada-sobre-agrodiversitat-varietats-locals-palma#primaryimage","url":"https:\/\/gastronomicament.cat\/wp-content\/uploads\/2017\/10\/agrobiodiversitat-2017.jpg","contentUrl":"https:\/\/gastronomicament.cat\/wp-content\/uploads\/2017\/10\/agrobiodiversitat-2017.jpg","width":695,"height":377},{"@type":"WebSite","@id":"https:\/\/gastronomicament.cat\/en\/#website","url":"https:\/\/gastronomicament.cat\/en\/","name":"Gastron\u00f2micament","description":"Portal de restaurants, receptes i actualitat gastron\u00f2mica","publisher":{"@id":"https:\/\/gastronomicament.cat\/en\/#organization"},"potentialAction":[{"@type":"SearchAction","target":{"@type":"EntryPoint","urlTemplate":"https:\/\/gastronomicament.cat\/en\/?s={search_term_string}"},"query-input":{"@type":"PropertyValueSpecification","valueRequired":true,"valueName":"search_term_string"}}],"inLanguage":"en-US"},{"@type":"Organization","@id":"https:\/\/gastronomicament.cat\/en\/#organization","name":"Gastron\u00f2micament","url":"https:\/\/gastronomicament.cat\/en\/","logo":{"@type":"ImageObject","inLanguage":"en-US","@id":"https:\/\/gastronomicament.cat\/en\/#\/schema\/logo\/image\/","url":"https:\/\/gastronomicament.cat\/wp-content\/uploads\/2016\/09\/header-logo.jpg","contentUrl":"https:\/\/gastronomicament.cat\/wp-content\/uploads\/2016\/09\/header-logo.jpg","width":277,"height":39,"caption":"Gastron\u00f2micament"},"image":{"@id":"https:\/\/gastronomicament.cat\/en\/#\/schema\/logo\/image\/"},"sameAs":["https:\/\/x.com\/gastronomicamen"]},{"@type":"Person","@id":"https:\/\/gastronomicament.cat\/en\/#\/schema\/person\/a7c85c537a1ed62799a5b8e0f686a37f","name":"Redacci\u00f3","image":{"@type":"ImageObject","inLanguage":"en-US","@id":"https:\/\/secure.gravatar.com\/avatar\/9489a485c464fd611d33825daae651d13db70c4e74c65c94937a15a9d4c3ee14?s=96&d=mm&r=g69fea3cce3645dfa2166e7293e22955e","url":"https:\/\/secure.gravatar.com\/avatar\/9489a485c464fd611d33825daae651d13db70c4e74c65c94937a15a9d4c3ee14?s=96&d=mm&r=g","contentUrl":"https:\/\/secure.gravatar.com\/avatar\/9489a485c464fd611d33825daae651d13db70c4e74c65c94937a15a9d4c3ee14?s=96&d=mm&r=g","caption":"Redacci\u00f3"},"sameAs":["http:\/\/gastronomicament.cat"],"url":"https:\/\/gastronomicament.cat\/en\/author\/admin"}]}},"_links":{"self":[{"href":"https:\/\/gastronomicament.cat\/en\/wp-json\/wp\/v2\/posts\/69216","targetHints":{"allow":["GET"]}}],"collection":[{"href":"https:\/\/gastronomicament.cat\/en\/wp-json\/wp\/v2\/posts"}],"about":[{"href":"https:\/\/gastronomicament.cat\/en\/wp-json\/wp\/v2\/types\/post"}],"author":[{"embeddable":true,"href":"https:\/\/gastronomicament.cat\/en\/wp-json\/wp\/v2\/users\/1"}],"replies":[{"embeddable":true,"href":"https:\/\/gastronomicament.cat\/en\/wp-json\/wp\/v2\/comments?post=69216"}],"version-history":[{"count":0,"href":"https:\/\/gastronomicament.cat\/en\/wp-json\/wp\/v2\/posts\/69216\/revisions"}],"wp:featuredmedia":[{"embeddable":true,"href":"https:\/\/gastronomicament.cat\/en\/wp-json\/wp\/v2\/media\/59784"}],"wp:attachment":[{"href":"https:\/\/gastronomicament.cat\/en\/wp-json\/wp\/v2\/media?parent=69216"}],"wp:term":[{"taxonomy":"category","embeddable":true,"href":"https:\/\/gastronomicament.cat\/en\/wp-json\/wp\/v2\/categories?post=69216"},{"taxonomy":"post_tag","embeddable":true,"href":"https:\/\/gastronomicament.cat\/en\/wp-json\/wp\/v2\/tags?post=69216"},{"taxonomy":"author","embeddable":true,"href":"https:\/\/gastronomicament.cat\/en\/wp-json\/wp\/v2\/coauthors?post=69216"}],"curies":[{"name":"wp","href":"https:\/\/api.w.org\/{rel}","templated":true}]}}