{"id":69478,"date":"2017-05-31T15:57:26","date_gmt":"2017-05-31T13:57:26","guid":{"rendered":"https:\/\/gastronomicament.cat\/andreu-genestra-tomeu-arbona-protagonistes-del-show-cooking-gori-de-muro"},"modified":"2017-05-31T15:57:26","modified_gmt":"2017-05-31T13:57:26","slug":"andreu-genestra-tomeu-arbona-protagonistes-del-show-cooking-gori-de-muro","status":"publish","type":"post","link":"https:\/\/gastronomicament.cat\/en\/andreu-genestra-tomeu-arbona-protagonistes-del-show-cooking-gori-de-muro","title":{"rendered":"Andreu Genestra i Tomeu Arbona protagonistes del Show Cooking Gori de Muro"},"content":{"rendered":"<blockquote><p><em>Es far\u00e0 dia 2 de juny, a les 20 hores, al Claustre del Convent de Muro i l&#8217;entrada \u00e9s gratu\u00efta<\/em><\/p><\/blockquote>\n<p>El cuiner Andreu Genestra i el forner Tomeu Arbona seran els protagonistes de la tercera edici\u00f3 del\u00a0<strong>Show Cooking Galletes Gori de Muro<\/strong>. Tots dos prepararan diferents propostes culin\u00e0ries amb aquesta galleta mallorquina com a protagonista.<\/p>\n<p>La cita\u00a0<strong>se celebrar\u00e0 dia 2 de juny, a partir de les 20 hores, al Claustre del Convent de Muro<\/strong>. L&#8217;<strong>entrada es gratu\u00efta<\/strong>\u00a0i els preus s\u00f3n populars: les tapes valdran de 2,5 \u20ac, el tass\u00f3 de vi a 2 \u20ac, 1 \u20ac la cervesa, el cafe a 1 \u20ac, i el c\u00f2ctel a 2 euros.<\/p>\n<p><strong>Andreu Genestra<\/strong>\u00a0\u00e9s un cuiner jove que ha sabut conquerir els paladars m\u00e9s selectes i cr\u00edtics, guardonat amb una Estrella Michelin i un Sol de la Gu\u00eda Repsol. Una cuina moderna i, alhora, arrelada a Mallorca, oberta a noves i antigues tradicions d&#8217;arreu del m\u00f3n que val la pena assaborir.<\/p>\n<p><strong>Tomeu Arbona<\/strong>\u00a0\u00e9s un arque\u00f2leg gastron\u00f2mic, que ha fet possible que es recuperin antigues del\u00edcies dolces i salades mallorquines de l&#8217;oblit. Al show cooking presentar\u00e0 el seu nou projecte: Olla Comuna, un espai gastron\u00f2mic alternatiu de Palma per a la investigaci\u00f3 de la cuina hist\u00f2rica tradicional, sense interpretacions i que tamb\u00e9 ofereix menjar a domicili.<\/p>\n<p><strong>C\u00f2ctels i molt m\u00e9s<\/strong><\/p>\n<p>El barman\u00a0<strong>Andreu Genestar<\/strong>\u00a0Femen\u00edas ser\u00e0 l&#8217;encarregat de preparar els c\u00f2ctels d&#8217;aquesta cita. Nascut a Menorca, Andreu Genestar ha preparat i servit c\u00f2ctels cl\u00e0ssics i d&#8217;autor a diversos restaurants selectes com a l&#8217;Hotel Convent de la Missi\u00f3 de Palma. Actualment podeu trobar els seus c\u00f2ctels al\u00a0<em>beach club<\/em>\u00a0de Platja de Muro\u00a0<strong>Royal Beach<\/strong>.<\/p>\n<p>Al show cooking, tamb\u00e9 hi trobareu cervesa natural de<strong>\u00a0Cas Cerveser<\/strong>, el vi de\u00a0<strong>Can Butxet<\/strong>\u00a0i de\u00a0<strong>Son Ramon<\/strong>, a m\u00e9s del caf\u00e8 torrat a Mallorca, concretament a Lloret, de\u00a0<strong>Caf\u00e8s Bay<\/strong>.<\/p>\n<p>Una cita que estar\u00e0 amenitzada pel\u00a0<strong>Trio Allegro<\/strong>.<\/p>\n","protected":false},"excerpt":{"rendered":"<p>Es far\u00e0 dia 2 de juny, a les 20 hores, al Claustre del Convent de Muro&hellip;<\/p>\n","protected":false},"author":1,"featured_media":58250,"comment_status":"open","ping_status":"closed","sticky":false,"template":"","format":"standard","meta":{"_acf_changed":false,"_swt_meta_header_display":false,"_swt_meta_footer_display":false,"_swt_meta_site_title_display":false,"_swt_meta_sticky_header":false,"_swt_meta_transparent_header":false,"footnotes":""},"categories":[1046,1475],"tags":[],"coauthors":[],"class_list":["post-69478","post","type-post","status-publish","format-standard","has-post-thumbnail","hentry","category-actualitat-es-en","category-reportatges-i-novetats-en"],"acf":{"gallery":null,"home_date":{"home_begin_date":null,"home_end_date":null}},"yoast_head":"<!-- This site is optimized with the Yoast SEO plugin v27.4 - https:\/\/yoast.com\/product\/yoast-seo-wordpress\/ -->\n<title>Andreu Genestra i Tomeu Arbona protagonistes del Show Cooking Gori de Muro - Gastron\u00f2micament<\/title>\n<meta name=\"description\" content=\"Andreu Genestra i Tomeu Arbona protagonistes del Show Cooking Gori de Muro Actualitat, Reportatges i novetats Es far\u00e0 dia 2 de juny, a les 20 hores, al Claustre del Convent de Muro i l&#039;entrada \u00e9s gratu\u00efta\" \/>\n<meta name=\"robots\" content=\"index, follow, max-snippet:-1, max-image-preview:large, max-video-preview:-1\" \/>\n<link rel=\"canonical\" href=\"https:\/\/gastronomicament.cat\/en\/andreu-genestra-tomeu-arbona-protagonistes-del-show-cooking-gori-de-muro\" \/>\n<meta property=\"og:locale\" content=\"en_US\" \/>\n<meta property=\"og:type\" content=\"article\" \/>\n<meta property=\"og:title\" content=\"Andreu Genestra i Tomeu Arbona protagonistes del Show Cooking Gori de Muro - Gastron\u00f2micament\" \/>\n<meta property=\"og:description\" content=\"Andreu Genestra i Tomeu Arbona protagonistes del Show Cooking Gori de Muro Actualitat, Reportatges i novetats Es far\u00e0 dia 2 de juny, a les 20 hores, al Claustre del Convent de Muro i l&#039;entrada \u00e9s gratu\u00efta\" \/>\n<meta property=\"og:url\" content=\"https:\/\/gastronomicament.cat\/en\/andreu-genestra-tomeu-arbona-protagonistes-del-show-cooking-gori-de-muro\" \/>\n<meta property=\"og:site_name\" content=\"Gastron\u00f2micament\" \/>\n<meta property=\"article:published_time\" content=\"2017-05-31T13:57:26+00:00\" \/>\n<meta property=\"og:image\" content=\"https:\/\/gastronomicament.cat\/wp-content\/uploads\/2017\/05\/III-Show-Cooking-Galletes-Gori-de-Muro-Tomeu-Arbona-Andreu-Genestra.jpg\" \/>\n\t<meta property=\"og:image:width\" content=\"945\" \/>\n\t<meta property=\"og:image:height\" content=\"550\" \/>\n\t<meta property=\"og:image:type\" content=\"image\/jpeg\" \/>\n<meta name=\"author\" content=\"Redacci\u00f3\" \/>\n<meta name=\"twitter:card\" content=\"summary_large_image\" \/>\n<meta name=\"twitter:creator\" content=\"@gastronomicamen\" \/>\n<meta name=\"twitter:site\" content=\"@gastronomicamen\" \/>\n<meta name=\"twitter:label1\" content=\"Written by\" \/>\n\t<meta name=\"twitter:data1\" content=\"Redacci\u00f3\" \/>\n\t<meta name=\"twitter:label2\" content=\"Est. reading time\" \/>\n\t<meta name=\"twitter:data2\" content=\"2 minutes\" \/>\n<script type=\"application\/ld+json\" class=\"yoast-schema-graph\">{\"@context\":\"https:\\\/\\\/schema.org\",\"@graph\":[{\"@type\":\"Article\",\"@id\":\"https:\\\/\\\/gastronomicament.cat\\\/en\\\/andreu-genestra-tomeu-arbona-protagonistes-del-show-cooking-gori-de-muro#article\",\"isPartOf\":{\"@id\":\"https:\\\/\\\/gastronomicament.cat\\\/en\\\/andreu-genestra-tomeu-arbona-protagonistes-del-show-cooking-gori-de-muro\"},\"author\":{\"name\":\"Redacci\u00f3\",\"@id\":\"https:\\\/\\\/gastronomicament.cat\\\/en\\\/#\\\/schema\\\/person\\\/a7c85c537a1ed62799a5b8e0f686a37f\"},\"headline\":\"Andreu Genestra i Tomeu Arbona protagonistes del Show Cooking Gori de Muro\",\"datePublished\":\"2017-05-31T13:57:26+00:00\",\"mainEntityOfPage\":{\"@id\":\"https:\\\/\\\/gastronomicament.cat\\\/en\\\/andreu-genestra-tomeu-arbona-protagonistes-del-show-cooking-gori-de-muro\"},\"wordCount\":338,\"commentCount\":0,\"publisher\":{\"@id\":\"https:\\\/\\\/gastronomicament.cat\\\/en\\\/#organization\"},\"image\":{\"@id\":\"https:\\\/\\\/gastronomicament.cat\\\/en\\\/andreu-genestra-tomeu-arbona-protagonistes-del-show-cooking-gori-de-muro#primaryimage\"},\"thumbnailUrl\":\"https:\\\/\\\/gastronomicament.cat\\\/wp-content\\\/uploads\\\/2017\\\/05\\\/III-Show-Cooking-Galletes-Gori-de-Muro-Tomeu-Arbona-Andreu-Genestra.jpg\",\"articleSection\":[\"Actualitat\",\"Reportatges i novetats\"],\"inLanguage\":\"en-US\",\"potentialAction\":[{\"@type\":\"CommentAction\",\"name\":\"Comment\",\"target\":[\"https:\\\/\\\/gastronomicament.cat\\\/en\\\/andreu-genestra-tomeu-arbona-protagonistes-del-show-cooking-gori-de-muro#respond\"]}]},{\"@type\":\"WebPage\",\"@id\":\"https:\\\/\\\/gastronomicament.cat\\\/en\\\/andreu-genestra-tomeu-arbona-protagonistes-del-show-cooking-gori-de-muro\",\"url\":\"https:\\\/\\\/gastronomicament.cat\\\/en\\\/andreu-genestra-tomeu-arbona-protagonistes-del-show-cooking-gori-de-muro\",\"name\":\"Andreu Genestra i Tomeu Arbona protagonistes del Show Cooking Gori de Muro - Gastron\u00f2micament\",\"isPartOf\":{\"@id\":\"https:\\\/\\\/gastronomicament.cat\\\/en\\\/#website\"},\"primaryImageOfPage\":{\"@id\":\"https:\\\/\\\/gastronomicament.cat\\\/en\\\/andreu-genestra-tomeu-arbona-protagonistes-del-show-cooking-gori-de-muro#primaryimage\"},\"image\":{\"@id\":\"https:\\\/\\\/gastronomicament.cat\\\/en\\\/andreu-genestra-tomeu-arbona-protagonistes-del-show-cooking-gori-de-muro#primaryimage\"},\"thumbnailUrl\":\"https:\\\/\\\/gastronomicament.cat\\\/wp-content\\\/uploads\\\/2017\\\/05\\\/III-Show-Cooking-Galletes-Gori-de-Muro-Tomeu-Arbona-Andreu-Genestra.jpg\",\"datePublished\":\"2017-05-31T13:57:26+00:00\",\"description\":\"Andreu Genestra i Tomeu Arbona protagonistes del Show Cooking Gori de Muro Actualitat, Reportatges i novetats Es far\u00e0 dia 2 de juny, a les 20 hores, al Claustre del Convent de Muro i l'entrada \u00e9s gratu\u00efta\",\"inLanguage\":\"en-US\",\"potentialAction\":[{\"@type\":\"ReadAction\",\"target\":[\"https:\\\/\\\/gastronomicament.cat\\\/en\\\/andreu-genestra-tomeu-arbona-protagonistes-del-show-cooking-gori-de-muro\"]}]},{\"@type\":\"ImageObject\",\"inLanguage\":\"en-US\",\"@id\":\"https:\\\/\\\/gastronomicament.cat\\\/en\\\/andreu-genestra-tomeu-arbona-protagonistes-del-show-cooking-gori-de-muro#primaryimage\",\"url\":\"https:\\\/\\\/gastronomicament.cat\\\/wp-content\\\/uploads\\\/2017\\\/05\\\/III-Show-Cooking-Galletes-Gori-de-Muro-Tomeu-Arbona-Andreu-Genestra.jpg\",\"contentUrl\":\"https:\\\/\\\/gastronomicament.cat\\\/wp-content\\\/uploads\\\/2017\\\/05\\\/III-Show-Cooking-Galletes-Gori-de-Muro-Tomeu-Arbona-Andreu-Genestra.jpg\",\"width\":945,\"height\":550},{\"@type\":\"WebSite\",\"@id\":\"https:\\\/\\\/gastronomicament.cat\\\/en\\\/#website\",\"url\":\"https:\\\/\\\/gastronomicament.cat\\\/en\\\/\",\"name\":\"Gastron\u00f2micament\",\"description\":\"Portal de restaurants, receptes i actualitat gastron\u00f2mica\",\"publisher\":{\"@id\":\"https:\\\/\\\/gastronomicament.cat\\\/en\\\/#organization\"},\"potentialAction\":[{\"@type\":\"SearchAction\",\"target\":{\"@type\":\"EntryPoint\",\"urlTemplate\":\"https:\\\/\\\/gastronomicament.cat\\\/en\\\/?s={search_term_string}\"},\"query-input\":{\"@type\":\"PropertyValueSpecification\",\"valueRequired\":true,\"valueName\":\"search_term_string\"}}],\"inLanguage\":\"en-US\"},{\"@type\":\"Organization\",\"@id\":\"https:\\\/\\\/gastronomicament.cat\\\/en\\\/#organization\",\"name\":\"Gastron\u00f2micament\",\"url\":\"https:\\\/\\\/gastronomicament.cat\\\/en\\\/\",\"logo\":{\"@type\":\"ImageObject\",\"inLanguage\":\"en-US\",\"@id\":\"https:\\\/\\\/gastronomicament.cat\\\/en\\\/#\\\/schema\\\/logo\\\/image\\\/\",\"url\":\"https:\\\/\\\/gastronomicament.cat\\\/wp-content\\\/uploads\\\/2016\\\/09\\\/header-logo.jpg\",\"contentUrl\":\"https:\\\/\\\/gastronomicament.cat\\\/wp-content\\\/uploads\\\/2016\\\/09\\\/header-logo.jpg\",\"width\":277,\"height\":39,\"caption\":\"Gastron\u00f2micament\"},\"image\":{\"@id\":\"https:\\\/\\\/gastronomicament.cat\\\/en\\\/#\\\/schema\\\/logo\\\/image\\\/\"},\"sameAs\":[\"https:\\\/\\\/x.com\\\/gastronomicamen\"]},{\"@type\":\"Person\",\"@id\":\"https:\\\/\\\/gastronomicament.cat\\\/en\\\/#\\\/schema\\\/person\\\/a7c85c537a1ed62799a5b8e0f686a37f\",\"name\":\"Redacci\u00f3\",\"image\":{\"@type\":\"ImageObject\",\"inLanguage\":\"en-US\",\"@id\":\"https:\\\/\\\/secure.gravatar.com\\\/avatar\\\/9489a485c464fd611d33825daae651d13db70c4e74c65c94937a15a9d4c3ee14?s=96&d=mm&r=g69fea3cce3645dfa2166e7293e22955e\",\"url\":\"https:\\\/\\\/secure.gravatar.com\\\/avatar\\\/9489a485c464fd611d33825daae651d13db70c4e74c65c94937a15a9d4c3ee14?s=96&d=mm&r=g\",\"contentUrl\":\"https:\\\/\\\/secure.gravatar.com\\\/avatar\\\/9489a485c464fd611d33825daae651d13db70c4e74c65c94937a15a9d4c3ee14?s=96&d=mm&r=g\",\"caption\":\"Redacci\u00f3\"},\"sameAs\":[\"http:\\\/\\\/gastronomicament.cat\"],\"url\":\"https:\\\/\\\/gastronomicament.cat\\\/en\\\/author\\\/admin\"}]}<\/script>\n<!-- \/ Yoast SEO plugin. -->","yoast_head_json":{"title":"Andreu Genestra i Tomeu Arbona protagonistes del Show Cooking Gori de Muro - Gastron\u00f2micament","description":"Andreu Genestra i Tomeu Arbona protagonistes del Show Cooking Gori de Muro Actualitat, Reportatges i novetats Es far\u00e0 dia 2 de juny, a les 20 hores, al Claustre del Convent de Muro i l'entrada \u00e9s gratu\u00efta","robots":{"index":"index","follow":"follow","max-snippet":"max-snippet:-1","max-image-preview":"max-image-preview:large","max-video-preview":"max-video-preview:-1"},"canonical":"https:\/\/gastronomicament.cat\/en\/andreu-genestra-tomeu-arbona-protagonistes-del-show-cooking-gori-de-muro","og_locale":"en_US","og_type":"article","og_title":"Andreu Genestra i Tomeu Arbona protagonistes del Show Cooking Gori de Muro - Gastron\u00f2micament","og_description":"Andreu Genestra i Tomeu Arbona protagonistes del Show Cooking Gori de Muro Actualitat, Reportatges i novetats Es far\u00e0 dia 2 de juny, a les 20 hores, al Claustre del Convent de Muro i l'entrada \u00e9s gratu\u00efta","og_url":"https:\/\/gastronomicament.cat\/en\/andreu-genestra-tomeu-arbona-protagonistes-del-show-cooking-gori-de-muro","og_site_name":"Gastron\u00f2micament","article_published_time":"2017-05-31T13:57:26+00:00","og_image":[{"width":945,"height":550,"url":"https:\/\/gastronomicament.cat\/wp-content\/uploads\/2017\/05\/III-Show-Cooking-Galletes-Gori-de-Muro-Tomeu-Arbona-Andreu-Genestra.jpg","type":"image\/jpeg"}],"author":"Redacci\u00f3","twitter_card":"summary_large_image","twitter_creator":"@gastronomicamen","twitter_site":"@gastronomicamen","twitter_misc":{"Written by":"Redacci\u00f3","Est. reading time":"2 minutes"},"schema":{"@context":"https:\/\/schema.org","@graph":[{"@type":"Article","@id":"https:\/\/gastronomicament.cat\/en\/andreu-genestra-tomeu-arbona-protagonistes-del-show-cooking-gori-de-muro#article","isPartOf":{"@id":"https:\/\/gastronomicament.cat\/en\/andreu-genestra-tomeu-arbona-protagonistes-del-show-cooking-gori-de-muro"},"author":{"name":"Redacci\u00f3","@id":"https:\/\/gastronomicament.cat\/en\/#\/schema\/person\/a7c85c537a1ed62799a5b8e0f686a37f"},"headline":"Andreu Genestra i Tomeu Arbona protagonistes del Show Cooking Gori de Muro","datePublished":"2017-05-31T13:57:26+00:00","mainEntityOfPage":{"@id":"https:\/\/gastronomicament.cat\/en\/andreu-genestra-tomeu-arbona-protagonistes-del-show-cooking-gori-de-muro"},"wordCount":338,"commentCount":0,"publisher":{"@id":"https:\/\/gastronomicament.cat\/en\/#organization"},"image":{"@id":"https:\/\/gastronomicament.cat\/en\/andreu-genestra-tomeu-arbona-protagonistes-del-show-cooking-gori-de-muro#primaryimage"},"thumbnailUrl":"https:\/\/gastronomicament.cat\/wp-content\/uploads\/2017\/05\/III-Show-Cooking-Galletes-Gori-de-Muro-Tomeu-Arbona-Andreu-Genestra.jpg","articleSection":["Actualitat","Reportatges i novetats"],"inLanguage":"en-US","potentialAction":[{"@type":"CommentAction","name":"Comment","target":["https:\/\/gastronomicament.cat\/en\/andreu-genestra-tomeu-arbona-protagonistes-del-show-cooking-gori-de-muro#respond"]}]},{"@type":"WebPage","@id":"https:\/\/gastronomicament.cat\/en\/andreu-genestra-tomeu-arbona-protagonistes-del-show-cooking-gori-de-muro","url":"https:\/\/gastronomicament.cat\/en\/andreu-genestra-tomeu-arbona-protagonistes-del-show-cooking-gori-de-muro","name":"Andreu Genestra i Tomeu Arbona protagonistes del Show Cooking Gori de Muro - Gastron\u00f2micament","isPartOf":{"@id":"https:\/\/gastronomicament.cat\/en\/#website"},"primaryImageOfPage":{"@id":"https:\/\/gastronomicament.cat\/en\/andreu-genestra-tomeu-arbona-protagonistes-del-show-cooking-gori-de-muro#primaryimage"},"image":{"@id":"https:\/\/gastronomicament.cat\/en\/andreu-genestra-tomeu-arbona-protagonistes-del-show-cooking-gori-de-muro#primaryimage"},"thumbnailUrl":"https:\/\/gastronomicament.cat\/wp-content\/uploads\/2017\/05\/III-Show-Cooking-Galletes-Gori-de-Muro-Tomeu-Arbona-Andreu-Genestra.jpg","datePublished":"2017-05-31T13:57:26+00:00","description":"Andreu Genestra i Tomeu Arbona protagonistes del Show Cooking Gori de Muro Actualitat, Reportatges i novetats Es far\u00e0 dia 2 de juny, a les 20 hores, al Claustre del Convent de Muro i l'entrada \u00e9s gratu\u00efta","inLanguage":"en-US","potentialAction":[{"@type":"ReadAction","target":["https:\/\/gastronomicament.cat\/en\/andreu-genestra-tomeu-arbona-protagonistes-del-show-cooking-gori-de-muro"]}]},{"@type":"ImageObject","inLanguage":"en-US","@id":"https:\/\/gastronomicament.cat\/en\/andreu-genestra-tomeu-arbona-protagonistes-del-show-cooking-gori-de-muro#primaryimage","url":"https:\/\/gastronomicament.cat\/wp-content\/uploads\/2017\/05\/III-Show-Cooking-Galletes-Gori-de-Muro-Tomeu-Arbona-Andreu-Genestra.jpg","contentUrl":"https:\/\/gastronomicament.cat\/wp-content\/uploads\/2017\/05\/III-Show-Cooking-Galletes-Gori-de-Muro-Tomeu-Arbona-Andreu-Genestra.jpg","width":945,"height":550},{"@type":"WebSite","@id":"https:\/\/gastronomicament.cat\/en\/#website","url":"https:\/\/gastronomicament.cat\/en\/","name":"Gastron\u00f2micament","description":"Portal de restaurants, receptes i actualitat gastron\u00f2mica","publisher":{"@id":"https:\/\/gastronomicament.cat\/en\/#organization"},"potentialAction":[{"@type":"SearchAction","target":{"@type":"EntryPoint","urlTemplate":"https:\/\/gastronomicament.cat\/en\/?s={search_term_string}"},"query-input":{"@type":"PropertyValueSpecification","valueRequired":true,"valueName":"search_term_string"}}],"inLanguage":"en-US"},{"@type":"Organization","@id":"https:\/\/gastronomicament.cat\/en\/#organization","name":"Gastron\u00f2micament","url":"https:\/\/gastronomicament.cat\/en\/","logo":{"@type":"ImageObject","inLanguage":"en-US","@id":"https:\/\/gastronomicament.cat\/en\/#\/schema\/logo\/image\/","url":"https:\/\/gastronomicament.cat\/wp-content\/uploads\/2016\/09\/header-logo.jpg","contentUrl":"https:\/\/gastronomicament.cat\/wp-content\/uploads\/2016\/09\/header-logo.jpg","width":277,"height":39,"caption":"Gastron\u00f2micament"},"image":{"@id":"https:\/\/gastronomicament.cat\/en\/#\/schema\/logo\/image\/"},"sameAs":["https:\/\/x.com\/gastronomicamen"]},{"@type":"Person","@id":"https:\/\/gastronomicament.cat\/en\/#\/schema\/person\/a7c85c537a1ed62799a5b8e0f686a37f","name":"Redacci\u00f3","image":{"@type":"ImageObject","inLanguage":"en-US","@id":"https:\/\/secure.gravatar.com\/avatar\/9489a485c464fd611d33825daae651d13db70c4e74c65c94937a15a9d4c3ee14?s=96&d=mm&r=g69fea3cce3645dfa2166e7293e22955e","url":"https:\/\/secure.gravatar.com\/avatar\/9489a485c464fd611d33825daae651d13db70c4e74c65c94937a15a9d4c3ee14?s=96&d=mm&r=g","contentUrl":"https:\/\/secure.gravatar.com\/avatar\/9489a485c464fd611d33825daae651d13db70c4e74c65c94937a15a9d4c3ee14?s=96&d=mm&r=g","caption":"Redacci\u00f3"},"sameAs":["http:\/\/gastronomicament.cat"],"url":"https:\/\/gastronomicament.cat\/en\/author\/admin"}]}},"_links":{"self":[{"href":"https:\/\/gastronomicament.cat\/en\/wp-json\/wp\/v2\/posts\/69478","targetHints":{"allow":["GET"]}}],"collection":[{"href":"https:\/\/gastronomicament.cat\/en\/wp-json\/wp\/v2\/posts"}],"about":[{"href":"https:\/\/gastronomicament.cat\/en\/wp-json\/wp\/v2\/types\/post"}],"author":[{"embeddable":true,"href":"https:\/\/gastronomicament.cat\/en\/wp-json\/wp\/v2\/users\/1"}],"replies":[{"embeddable":true,"href":"https:\/\/gastronomicament.cat\/en\/wp-json\/wp\/v2\/comments?post=69478"}],"version-history":[{"count":0,"href":"https:\/\/gastronomicament.cat\/en\/wp-json\/wp\/v2\/posts\/69478\/revisions"}],"wp:featuredmedia":[{"embeddable":true,"href":"https:\/\/gastronomicament.cat\/en\/wp-json\/wp\/v2\/media\/58250"}],"wp:attachment":[{"href":"https:\/\/gastronomicament.cat\/en\/wp-json\/wp\/v2\/media?parent=69478"}],"wp:term":[{"taxonomy":"category","embeddable":true,"href":"https:\/\/gastronomicament.cat\/en\/wp-json\/wp\/v2\/categories?post=69478"},{"taxonomy":"post_tag","embeddable":true,"href":"https:\/\/gastronomicament.cat\/en\/wp-json\/wp\/v2\/tags?post=69478"},{"taxonomy":"author","embeddable":true,"href":"https:\/\/gastronomicament.cat\/en\/wp-json\/wp\/v2\/coauthors?post=69478"}],"curies":[{"name":"wp","href":"https:\/\/api.w.org\/{rel}","templated":true}]}}