{"id":69729,"date":"2017-02-09T09:26:44","date_gmt":"2017-02-09T08:26:44","guid":{"rendered":"https:\/\/gastronomicament.cat\/comenca-una-ruta-de-tapes-inca"},"modified":"2017-02-09T09:26:44","modified_gmt":"2017-02-09T08:26:44","slug":"comenca-una-ruta-de-tapes-inca","status":"publish","type":"post","link":"https:\/\/gastronomicament.cat\/en\/comenca-una-ruta-de-tapes-inca","title":{"rendered":"Comen\u00e7a una ruta de tapes a Inca"},"content":{"rendered":"<p>Inca inaugura aquest dijous, 9 de febrer, una nova ruta de tapes. La iniciativa ha nascut gr\u00e0cies a l&#8217;Associaci\u00f3 de Ve\u00efns de Santa Maria la Major d&#8217;Inca, amb l&#8217;objectiu de donar vida al centre de la ciutat. Una idea a la qual s&#8217;hi han sumat un total de 15 restaurants.<\/p>\n<p>Tendr\u00e0 lloc cada segon dijous de mes, a partir de les 19 hores. Els bars i restaurants que hi participen s\u00f3n:<\/p>\n<ul>\n<li>Quina Canya<\/li>\n<li>Pub Nits<\/li>\n<li>SURO Bistro<\/li>\n<li>Sa LLuna<\/li>\n<li>Pla\u00e7a 10 Cafeteria<\/li>\n<li>Ristretto Caf\u00e9<\/li>\n<li>New Skadie Club<\/li>\n<li>Celler Cas Xigarro<\/li>\n<li>Hamburgueseria Bellver Nou<\/li>\n<li>Celler Can Ripoll<\/li>\n<li>Restaurant Can Pedro<\/li>\n<li>DAYLA Vins i Tapes<\/li>\n<li>Caf\u00e8 Ciutat 1900<\/li>\n<li>S\u2019ANGEL Bistro &amp; Tapas<\/li>\n<li>Ca n\u2019Ignasi Associaci\u00f3 Gastron\u00f2mica<\/li>\n<\/ul>\n","protected":false},"excerpt":{"rendered":"<p>L&#8217;Associaci\u00f3 de Ve\u00efns de Santa Maria la Major ha posat en marxa aquesta iniciativa amb els&hellip;<\/p>\n","protected":false},"author":1,"featured_media":56622,"comment_status":"open","ping_status":"closed","sticky":false,"template":"","format":"gallery","meta":{"_acf_changed":false,"_swt_meta_header_display":false,"_swt_meta_footer_display":false,"_swt_meta_site_title_display":false,"_swt_meta_sticky_header":false,"_swt_meta_transparent_header":false,"footnotes":""},"categories":[1046],"tags":[],"coauthors":[],"class_list":["post-69729","post","type-post","status-publish","format-gallery","has-post-thumbnail","hentry","category-actualitat-es-en","post_format-post-format-gallery"],"acf":{"gallery":null,"home_date":{"home_begin_date":null,"home_end_date":null}},"yoast_head":"<!-- This site is optimized with the Yoast SEO plugin v27.4 - https:\/\/yoast.com\/product\/yoast-seo-wordpress\/ -->\n<title>Comen\u00e7a una ruta de tapes a Inca - Gastron\u00f2micament<\/title>\n<meta name=\"description\" content=\"Comen\u00e7a una ruta de tapes a Inca Actualitat L&#039;Associaci\u00f3 de Ve\u00efns de Santa Maria la Major ha posat en marxa aquesta iniciativa amb els restaurants de la zona\" \/>\n<meta name=\"robots\" content=\"index, follow, max-snippet:-1, max-image-preview:large, max-video-preview:-1\" \/>\n<link rel=\"canonical\" href=\"https:\/\/gastronomicament.cat\/en\/comenca-una-ruta-de-tapes-inca\" \/>\n<meta property=\"og:locale\" content=\"en_US\" \/>\n<meta property=\"og:type\" content=\"article\" \/>\n<meta property=\"og:title\" content=\"Comen\u00e7a una ruta de tapes a Inca - Gastron\u00f2micament\" \/>\n<meta property=\"og:description\" content=\"Comen\u00e7a una ruta de tapes a Inca Actualitat L&#039;Associaci\u00f3 de Ve\u00efns de Santa Maria la Major ha posat en marxa aquesta iniciativa amb els restaurants de la zona\" \/>\n<meta property=\"og:url\" content=\"https:\/\/gastronomicament.cat\/en\/comenca-una-ruta-de-tapes-inca\" \/>\n<meta property=\"og:site_name\" content=\"Gastron\u00f2micament\" \/>\n<meta property=\"article:published_time\" content=\"2017-02-09T08:26:44+00:00\" \/>\n<meta property=\"og:image\" content=\"https:\/\/gastronomicament.cat\/wp-content\/uploads\/2017\/02\/ruta-de-tapes-a-Inca-veins-Santa-Maria-la-Major.jpg\" \/>\n\t<meta property=\"og:image:width\" content=\"1440\" \/>\n\t<meta property=\"og:image:height\" content=\"788\" \/>\n\t<meta property=\"og:image:type\" content=\"image\/jpeg\" \/>\n<meta name=\"author\" content=\"Redacci\u00f3\" \/>\n<meta name=\"twitter:card\" content=\"summary_large_image\" \/>\n<meta name=\"twitter:creator\" content=\"@gastronomicamen\" \/>\n<meta name=\"twitter:site\" content=\"@gastronomicamen\" \/>\n<meta name=\"twitter:label1\" content=\"Written by\" \/>\n\t<meta name=\"twitter:data1\" content=\"Redacci\u00f3\" \/>\n\t<meta name=\"twitter:label2\" content=\"Est. reading time\" \/>\n\t<meta name=\"twitter:data2\" content=\"1 minute\" \/>\n<script type=\"application\/ld+json\" class=\"yoast-schema-graph\">{\"@context\":\"https:\\\/\\\/schema.org\",\"@graph\":[{\"@type\":\"Article\",\"@id\":\"https:\\\/\\\/gastronomicament.cat\\\/en\\\/comenca-una-ruta-de-tapes-inca#article\",\"isPartOf\":{\"@id\":\"https:\\\/\\\/gastronomicament.cat\\\/en\\\/comenca-una-ruta-de-tapes-inca\"},\"author\":{\"name\":\"Redacci\u00f3\",\"@id\":\"https:\\\/\\\/gastronomicament.cat\\\/en\\\/#\\\/schema\\\/person\\\/a7c85c537a1ed62799a5b8e0f686a37f\"},\"headline\":\"Comen\u00e7a una ruta de tapes a Inca\",\"datePublished\":\"2017-02-09T08:26:44+00:00\",\"mainEntityOfPage\":{\"@id\":\"https:\\\/\\\/gastronomicament.cat\\\/en\\\/comenca-una-ruta-de-tapes-inca\"},\"wordCount\":124,\"commentCount\":0,\"publisher\":{\"@id\":\"https:\\\/\\\/gastronomicament.cat\\\/en\\\/#organization\"},\"image\":{\"@id\":\"https:\\\/\\\/gastronomicament.cat\\\/en\\\/comenca-una-ruta-de-tapes-inca#primaryimage\"},\"thumbnailUrl\":\"https:\\\/\\\/gastronomicament.cat\\\/wp-content\\\/uploads\\\/2017\\\/02\\\/ruta-de-tapes-a-Inca-veins-Santa-Maria-la-Major.jpg\",\"articleSection\":[\"Actualitat\"],\"inLanguage\":\"en-US\",\"potentialAction\":[{\"@type\":\"CommentAction\",\"name\":\"Comment\",\"target\":[\"https:\\\/\\\/gastronomicament.cat\\\/en\\\/comenca-una-ruta-de-tapes-inca#respond\"]}]},{\"@type\":\"WebPage\",\"@id\":\"https:\\\/\\\/gastronomicament.cat\\\/en\\\/comenca-una-ruta-de-tapes-inca\",\"url\":\"https:\\\/\\\/gastronomicament.cat\\\/en\\\/comenca-una-ruta-de-tapes-inca\",\"name\":\"Comen\u00e7a una ruta de tapes a Inca - Gastron\u00f2micament\",\"isPartOf\":{\"@id\":\"https:\\\/\\\/gastronomicament.cat\\\/en\\\/#website\"},\"primaryImageOfPage\":{\"@id\":\"https:\\\/\\\/gastronomicament.cat\\\/en\\\/comenca-una-ruta-de-tapes-inca#primaryimage\"},\"image\":{\"@id\":\"https:\\\/\\\/gastronomicament.cat\\\/en\\\/comenca-una-ruta-de-tapes-inca#primaryimage\"},\"thumbnailUrl\":\"https:\\\/\\\/gastronomicament.cat\\\/wp-content\\\/uploads\\\/2017\\\/02\\\/ruta-de-tapes-a-Inca-veins-Santa-Maria-la-Major.jpg\",\"datePublished\":\"2017-02-09T08:26:44+00:00\",\"description\":\"Comen\u00e7a una ruta de tapes a Inca Actualitat L'Associaci\u00f3 de Ve\u00efns de Santa Maria la Major ha posat en marxa aquesta iniciativa amb els restaurants de la zona\",\"inLanguage\":\"en-US\",\"potentialAction\":[{\"@type\":\"ReadAction\",\"target\":[\"https:\\\/\\\/gastronomicament.cat\\\/en\\\/comenca-una-ruta-de-tapes-inca\"]}]},{\"@type\":\"ImageObject\",\"inLanguage\":\"en-US\",\"@id\":\"https:\\\/\\\/gastronomicament.cat\\\/en\\\/comenca-una-ruta-de-tapes-inca#primaryimage\",\"url\":\"https:\\\/\\\/gastronomicament.cat\\\/wp-content\\\/uploads\\\/2017\\\/02\\\/ruta-de-tapes-a-Inca-veins-Santa-Maria-la-Major.jpg\",\"contentUrl\":\"https:\\\/\\\/gastronomicament.cat\\\/wp-content\\\/uploads\\\/2017\\\/02\\\/ruta-de-tapes-a-Inca-veins-Santa-Maria-la-Major.jpg\",\"width\":1440,\"height\":788},{\"@type\":\"WebSite\",\"@id\":\"https:\\\/\\\/gastronomicament.cat\\\/en\\\/#website\",\"url\":\"https:\\\/\\\/gastronomicament.cat\\\/en\\\/\",\"name\":\"Gastron\u00f2micament\",\"description\":\"Portal de restaurants, receptes i actualitat gastron\u00f2mica\",\"publisher\":{\"@id\":\"https:\\\/\\\/gastronomicament.cat\\\/en\\\/#organization\"},\"potentialAction\":[{\"@type\":\"SearchAction\",\"target\":{\"@type\":\"EntryPoint\",\"urlTemplate\":\"https:\\\/\\\/gastronomicament.cat\\\/en\\\/?s={search_term_string}\"},\"query-input\":{\"@type\":\"PropertyValueSpecification\",\"valueRequired\":true,\"valueName\":\"search_term_string\"}}],\"inLanguage\":\"en-US\"},{\"@type\":\"Organization\",\"@id\":\"https:\\\/\\\/gastronomicament.cat\\\/en\\\/#organization\",\"name\":\"Gastron\u00f2micament\",\"url\":\"https:\\\/\\\/gastronomicament.cat\\\/en\\\/\",\"logo\":{\"@type\":\"ImageObject\",\"inLanguage\":\"en-US\",\"@id\":\"https:\\\/\\\/gastronomicament.cat\\\/en\\\/#\\\/schema\\\/logo\\\/image\\\/\",\"url\":\"https:\\\/\\\/gastronomicament.cat\\\/wp-content\\\/uploads\\\/2016\\\/09\\\/header-logo.jpg\",\"contentUrl\":\"https:\\\/\\\/gastronomicament.cat\\\/wp-content\\\/uploads\\\/2016\\\/09\\\/header-logo.jpg\",\"width\":277,\"height\":39,\"caption\":\"Gastron\u00f2micament\"},\"image\":{\"@id\":\"https:\\\/\\\/gastronomicament.cat\\\/en\\\/#\\\/schema\\\/logo\\\/image\\\/\"},\"sameAs\":[\"https:\\\/\\\/x.com\\\/gastronomicamen\"]},{\"@type\":\"Person\",\"@id\":\"https:\\\/\\\/gastronomicament.cat\\\/en\\\/#\\\/schema\\\/person\\\/a7c85c537a1ed62799a5b8e0f686a37f\",\"name\":\"Redacci\u00f3\",\"image\":{\"@type\":\"ImageObject\",\"inLanguage\":\"en-US\",\"@id\":\"https:\\\/\\\/secure.gravatar.com\\\/avatar\\\/9489a485c464fd611d33825daae651d13db70c4e74c65c94937a15a9d4c3ee14?s=96&d=mm&r=g69fea3cce3645dfa2166e7293e22955e\",\"url\":\"https:\\\/\\\/secure.gravatar.com\\\/avatar\\\/9489a485c464fd611d33825daae651d13db70c4e74c65c94937a15a9d4c3ee14?s=96&d=mm&r=g\",\"contentUrl\":\"https:\\\/\\\/secure.gravatar.com\\\/avatar\\\/9489a485c464fd611d33825daae651d13db70c4e74c65c94937a15a9d4c3ee14?s=96&d=mm&r=g\",\"caption\":\"Redacci\u00f3\"},\"sameAs\":[\"http:\\\/\\\/gastronomicament.cat\"],\"url\":\"https:\\\/\\\/gastronomicament.cat\\\/en\\\/author\\\/admin\"}]}<\/script>\n<!-- \/ Yoast SEO plugin. -->","yoast_head_json":{"title":"Comen\u00e7a una ruta de tapes a Inca - Gastron\u00f2micament","description":"Comen\u00e7a una ruta de tapes a Inca Actualitat L'Associaci\u00f3 de Ve\u00efns de Santa Maria la Major ha posat en marxa aquesta iniciativa amb els restaurants de la zona","robots":{"index":"index","follow":"follow","max-snippet":"max-snippet:-1","max-image-preview":"max-image-preview:large","max-video-preview":"max-video-preview:-1"},"canonical":"https:\/\/gastronomicament.cat\/en\/comenca-una-ruta-de-tapes-inca","og_locale":"en_US","og_type":"article","og_title":"Comen\u00e7a una ruta de tapes a Inca - Gastron\u00f2micament","og_description":"Comen\u00e7a una ruta de tapes a Inca Actualitat L'Associaci\u00f3 de Ve\u00efns de Santa Maria la Major ha posat en marxa aquesta iniciativa amb els restaurants de la zona","og_url":"https:\/\/gastronomicament.cat\/en\/comenca-una-ruta-de-tapes-inca","og_site_name":"Gastron\u00f2micament","article_published_time":"2017-02-09T08:26:44+00:00","og_image":[{"width":1440,"height":788,"url":"https:\/\/gastronomicament.cat\/wp-content\/uploads\/2017\/02\/ruta-de-tapes-a-Inca-veins-Santa-Maria-la-Major.jpg","type":"image\/jpeg"}],"author":"Redacci\u00f3","twitter_card":"summary_large_image","twitter_creator":"@gastronomicamen","twitter_site":"@gastronomicamen","twitter_misc":{"Written by":"Redacci\u00f3","Est. reading time":"1 minute"},"schema":{"@context":"https:\/\/schema.org","@graph":[{"@type":"Article","@id":"https:\/\/gastronomicament.cat\/en\/comenca-una-ruta-de-tapes-inca#article","isPartOf":{"@id":"https:\/\/gastronomicament.cat\/en\/comenca-una-ruta-de-tapes-inca"},"author":{"name":"Redacci\u00f3","@id":"https:\/\/gastronomicament.cat\/en\/#\/schema\/person\/a7c85c537a1ed62799a5b8e0f686a37f"},"headline":"Comen\u00e7a una ruta de tapes a Inca","datePublished":"2017-02-09T08:26:44+00:00","mainEntityOfPage":{"@id":"https:\/\/gastronomicament.cat\/en\/comenca-una-ruta-de-tapes-inca"},"wordCount":124,"commentCount":0,"publisher":{"@id":"https:\/\/gastronomicament.cat\/en\/#organization"},"image":{"@id":"https:\/\/gastronomicament.cat\/en\/comenca-una-ruta-de-tapes-inca#primaryimage"},"thumbnailUrl":"https:\/\/gastronomicament.cat\/wp-content\/uploads\/2017\/02\/ruta-de-tapes-a-Inca-veins-Santa-Maria-la-Major.jpg","articleSection":["Actualitat"],"inLanguage":"en-US","potentialAction":[{"@type":"CommentAction","name":"Comment","target":["https:\/\/gastronomicament.cat\/en\/comenca-una-ruta-de-tapes-inca#respond"]}]},{"@type":"WebPage","@id":"https:\/\/gastronomicament.cat\/en\/comenca-una-ruta-de-tapes-inca","url":"https:\/\/gastronomicament.cat\/en\/comenca-una-ruta-de-tapes-inca","name":"Comen\u00e7a una ruta de tapes a Inca - Gastron\u00f2micament","isPartOf":{"@id":"https:\/\/gastronomicament.cat\/en\/#website"},"primaryImageOfPage":{"@id":"https:\/\/gastronomicament.cat\/en\/comenca-una-ruta-de-tapes-inca#primaryimage"},"image":{"@id":"https:\/\/gastronomicament.cat\/en\/comenca-una-ruta-de-tapes-inca#primaryimage"},"thumbnailUrl":"https:\/\/gastronomicament.cat\/wp-content\/uploads\/2017\/02\/ruta-de-tapes-a-Inca-veins-Santa-Maria-la-Major.jpg","datePublished":"2017-02-09T08:26:44+00:00","description":"Comen\u00e7a una ruta de tapes a Inca Actualitat L'Associaci\u00f3 de Ve\u00efns de Santa Maria la Major ha posat en marxa aquesta iniciativa amb els restaurants de la zona","inLanguage":"en-US","potentialAction":[{"@type":"ReadAction","target":["https:\/\/gastronomicament.cat\/en\/comenca-una-ruta-de-tapes-inca"]}]},{"@type":"ImageObject","inLanguage":"en-US","@id":"https:\/\/gastronomicament.cat\/en\/comenca-una-ruta-de-tapes-inca#primaryimage","url":"https:\/\/gastronomicament.cat\/wp-content\/uploads\/2017\/02\/ruta-de-tapes-a-Inca-veins-Santa-Maria-la-Major.jpg","contentUrl":"https:\/\/gastronomicament.cat\/wp-content\/uploads\/2017\/02\/ruta-de-tapes-a-Inca-veins-Santa-Maria-la-Major.jpg","width":1440,"height":788},{"@type":"WebSite","@id":"https:\/\/gastronomicament.cat\/en\/#website","url":"https:\/\/gastronomicament.cat\/en\/","name":"Gastron\u00f2micament","description":"Portal de restaurants, receptes i actualitat gastron\u00f2mica","publisher":{"@id":"https:\/\/gastronomicament.cat\/en\/#organization"},"potentialAction":[{"@type":"SearchAction","target":{"@type":"EntryPoint","urlTemplate":"https:\/\/gastronomicament.cat\/en\/?s={search_term_string}"},"query-input":{"@type":"PropertyValueSpecification","valueRequired":true,"valueName":"search_term_string"}}],"inLanguage":"en-US"},{"@type":"Organization","@id":"https:\/\/gastronomicament.cat\/en\/#organization","name":"Gastron\u00f2micament","url":"https:\/\/gastronomicament.cat\/en\/","logo":{"@type":"ImageObject","inLanguage":"en-US","@id":"https:\/\/gastronomicament.cat\/en\/#\/schema\/logo\/image\/","url":"https:\/\/gastronomicament.cat\/wp-content\/uploads\/2016\/09\/header-logo.jpg","contentUrl":"https:\/\/gastronomicament.cat\/wp-content\/uploads\/2016\/09\/header-logo.jpg","width":277,"height":39,"caption":"Gastron\u00f2micament"},"image":{"@id":"https:\/\/gastronomicament.cat\/en\/#\/schema\/logo\/image\/"},"sameAs":["https:\/\/x.com\/gastronomicamen"]},{"@type":"Person","@id":"https:\/\/gastronomicament.cat\/en\/#\/schema\/person\/a7c85c537a1ed62799a5b8e0f686a37f","name":"Redacci\u00f3","image":{"@type":"ImageObject","inLanguage":"en-US","@id":"https:\/\/secure.gravatar.com\/avatar\/9489a485c464fd611d33825daae651d13db70c4e74c65c94937a15a9d4c3ee14?s=96&d=mm&r=g69fea3cce3645dfa2166e7293e22955e","url":"https:\/\/secure.gravatar.com\/avatar\/9489a485c464fd611d33825daae651d13db70c4e74c65c94937a15a9d4c3ee14?s=96&d=mm&r=g","contentUrl":"https:\/\/secure.gravatar.com\/avatar\/9489a485c464fd611d33825daae651d13db70c4e74c65c94937a15a9d4c3ee14?s=96&d=mm&r=g","caption":"Redacci\u00f3"},"sameAs":["http:\/\/gastronomicament.cat"],"url":"https:\/\/gastronomicament.cat\/en\/author\/admin"}]}},"_links":{"self":[{"href":"https:\/\/gastronomicament.cat\/en\/wp-json\/wp\/v2\/posts\/69729","targetHints":{"allow":["GET"]}}],"collection":[{"href":"https:\/\/gastronomicament.cat\/en\/wp-json\/wp\/v2\/posts"}],"about":[{"href":"https:\/\/gastronomicament.cat\/en\/wp-json\/wp\/v2\/types\/post"}],"author":[{"embeddable":true,"href":"https:\/\/gastronomicament.cat\/en\/wp-json\/wp\/v2\/users\/1"}],"replies":[{"embeddable":true,"href":"https:\/\/gastronomicament.cat\/en\/wp-json\/wp\/v2\/comments?post=69729"}],"version-history":[{"count":0,"href":"https:\/\/gastronomicament.cat\/en\/wp-json\/wp\/v2\/posts\/69729\/revisions"}],"wp:featuredmedia":[{"embeddable":true,"href":"https:\/\/gastronomicament.cat\/en\/wp-json\/wp\/v2\/media\/56622"}],"wp:attachment":[{"href":"https:\/\/gastronomicament.cat\/en\/wp-json\/wp\/v2\/media?parent=69729"}],"wp:term":[{"taxonomy":"category","embeddable":true,"href":"https:\/\/gastronomicament.cat\/en\/wp-json\/wp\/v2\/categories?post=69729"},{"taxonomy":"post_tag","embeddable":true,"href":"https:\/\/gastronomicament.cat\/en\/wp-json\/wp\/v2\/tags?post=69729"},{"taxonomy":"author","embeddable":true,"href":"https:\/\/gastronomicament.cat\/en\/wp-json\/wp\/v2\/coauthors?post=69729"}],"curies":[{"name":"wp","href":"https:\/\/api.w.org\/{rel}","templated":true}]}}