{"id":69740,"date":"2017-01-31T18:03:25","date_gmt":"2017-01-31T17:03:25","guid":{"rendered":"https:\/\/gastronomicament.cat\/obertura-menu-de-sant-valenti-cases-de-son-barbassa"},"modified":"2017-01-31T18:03:25","modified_gmt":"2017-01-31T17:03:25","slug":"obertura-menu-de-sant-valenti-cases-de-son-barbassa","status":"publish","type":"post","link":"https:\/\/gastronomicament.cat\/en\/obertura-menu-de-sant-valenti-cases-de-son-barbassa","title":{"rendered":"Obertura i men\u00fa de Sant Valent\u00ed a Cases de Son Barbassa"},"content":{"rendered":"<p>Un dels agroturismes amb m\u00e9s encant de Mallorca comen\u00e7a la temporada aquest mes de febrer.<\/p>\n<p>Cases de Son Barbassa <strong>torna a obrir les portes dia 10 de febrer<\/strong>. Aquest RomantiK Hotel, ubicat a prop de Cala Mesquisa, es troba enmig de la natura, entre ametlers\u00a0en flor,\u00a0amb una vista excepcional cap al castell medieval de Capdepera.<\/p>\n<p>Els <strong>dies 11 i 14 de febrer ha preparat un men\u00fa\u00a0rom\u00e0ntic per celebrar Sant Valent\u00ed<\/strong> de 5 plats,amb begudes a part, per 46 euros. Tamb\u00e9 hi ha la possibilitat de passar-hi la nit en una de les seves confortables habitacions, a partir de 91 euros.\u00a0Podeu fer-ne les <strong>reserves al 971 565 776<\/strong>.<\/p>\n<p>Podeu consultar el men\u00fa a continuaci\u00f3.<\/p>\n<p><a href=\"http:\/\/gastronomicament.cat\/wp-content\/uploads\/2017\/01\/Menu-San-Valentin-Cases-de-Son-Barbassa-Capdepera.jpg\"><img decoding=\"async\" class=\"alignnone\" src=\"http:\/\/gastronomicament.cat\/wp-content\/uploads\/2017\/01\/Menu-San-Valentin-Cases-de-Son-Barbassa-Capdepera.jpg\" width=\"1000\" height=\"1027\" \/><\/a><\/p>\n","protected":false},"excerpt":{"rendered":"<p>Els dies 11 i 14 de febrer hi trobareu un men\u00fa carregat d&#8217;amor i sensualitat per&hellip;<\/p>\n","protected":false},"author":1,"featured_media":56610,"comment_status":"open","ping_status":"closed","sticky":false,"template":"","format":"standard","meta":{"_acf_changed":false,"_swt_meta_header_display":false,"_swt_meta_footer_display":false,"_swt_meta_site_title_display":false,"_swt_meta_sticky_header":false,"_swt_meta_transparent_header":false,"footnotes":""},"categories":[1046],"tags":[],"coauthors":[],"class_list":["post-69740","post","type-post","status-publish","format-standard","has-post-thumbnail","hentry","category-actualitat-es-en"],"acf":{"gallery":null,"home_date":{"home_begin_date":null,"home_end_date":null}},"yoast_head":"<!-- This site is optimized with the Yoast SEO plugin v27.4 - https:\/\/yoast.com\/product\/yoast-seo-wordpress\/ -->\n<title>Obertura i men\u00fa de Sant Valent\u00ed a Cases de Son Barbassa - Gastron\u00f2micament<\/title>\n<meta name=\"description\" content=\"Obertura i men\u00fa de Sant Valent\u00ed a Cases de Son Barbassa Actualitat Els dies 11 i 14 de febrer hi trobareu un men\u00fa carregat d&#039;amor i sensualitat per celebrar Sant Valent\u00ed.\" \/>\n<meta name=\"robots\" content=\"index, follow, max-snippet:-1, max-image-preview:large, max-video-preview:-1\" \/>\n<link rel=\"canonical\" href=\"https:\/\/gastronomicament.cat\/en\/obertura-menu-de-sant-valenti-cases-de-son-barbassa\" \/>\n<meta property=\"og:locale\" content=\"en_US\" \/>\n<meta property=\"og:type\" content=\"article\" \/>\n<meta property=\"og:title\" content=\"Obertura i men\u00fa de Sant Valent\u00ed a Cases de Son Barbassa - Gastron\u00f2micament\" \/>\n<meta property=\"og:description\" content=\"Obertura i men\u00fa de Sant Valent\u00ed a Cases de Son Barbassa Actualitat Els dies 11 i 14 de febrer hi trobareu un men\u00fa carregat d&#039;amor i sensualitat per celebrar Sant Valent\u00ed.\" \/>\n<meta property=\"og:url\" content=\"https:\/\/gastronomicament.cat\/en\/obertura-menu-de-sant-valenti-cases-de-son-barbassa\" \/>\n<meta property=\"og:site_name\" content=\"Gastron\u00f2micament\" \/>\n<meta property=\"article:published_time\" content=\"2017-01-31T17:03:25+00:00\" \/>\n<meta property=\"og:image\" content=\"https:\/\/gastronomicament.cat\/wp-content\/uploads\/2017\/01\/Menu-Sant-Valenti-Cases-de-Son-Barbassa-Capdepera.jpg\" \/>\n\t<meta property=\"og:image:width\" content=\"1000\" \/>\n\t<meta property=\"og:image:height\" content=\"581\" \/>\n\t<meta property=\"og:image:type\" content=\"image\/jpeg\" \/>\n<meta name=\"author\" content=\"Redacci\u00f3\" \/>\n<meta name=\"twitter:card\" content=\"summary_large_image\" \/>\n<meta name=\"twitter:creator\" content=\"@gastronomicamen\" \/>\n<meta name=\"twitter:site\" content=\"@gastronomicamen\" \/>\n<meta name=\"twitter:label1\" content=\"Written by\" \/>\n\t<meta name=\"twitter:data1\" content=\"Redacci\u00f3\" \/>\n\t<meta name=\"twitter:label2\" content=\"Est. reading time\" \/>\n\t<meta name=\"twitter:data2\" content=\"1 minute\" \/>\n<script type=\"application\/ld+json\" class=\"yoast-schema-graph\">{\"@context\":\"https:\\\/\\\/schema.org\",\"@graph\":[{\"@type\":\"Article\",\"@id\":\"https:\\\/\\\/gastronomicament.cat\\\/en\\\/obertura-menu-de-sant-valenti-cases-de-son-barbassa#article\",\"isPartOf\":{\"@id\":\"https:\\\/\\\/gastronomicament.cat\\\/en\\\/obertura-menu-de-sant-valenti-cases-de-son-barbassa\"},\"author\":{\"name\":\"Redacci\u00f3\",\"@id\":\"https:\\\/\\\/gastronomicament.cat\\\/en\\\/#\\\/schema\\\/person\\\/a7c85c537a1ed62799a5b8e0f686a37f\"},\"headline\":\"Obertura i men\u00fa de Sant Valent\u00ed a Cases de Son Barbassa\",\"datePublished\":\"2017-01-31T17:03:25+00:00\",\"mainEntityOfPage\":{\"@id\":\"https:\\\/\\\/gastronomicament.cat\\\/en\\\/obertura-menu-de-sant-valenti-cases-de-son-barbassa\"},\"wordCount\":123,\"commentCount\":0,\"publisher\":{\"@id\":\"https:\\\/\\\/gastronomicament.cat\\\/en\\\/#organization\"},\"image\":{\"@id\":\"https:\\\/\\\/gastronomicament.cat\\\/en\\\/obertura-menu-de-sant-valenti-cases-de-son-barbassa#primaryimage\"},\"thumbnailUrl\":\"https:\\\/\\\/gastronomicament.cat\\\/wp-content\\\/uploads\\\/2017\\\/01\\\/Menu-Sant-Valenti-Cases-de-Son-Barbassa-Capdepera.jpg\",\"articleSection\":[\"Actualitat\"],\"inLanguage\":\"en-US\",\"potentialAction\":[{\"@type\":\"CommentAction\",\"name\":\"Comment\",\"target\":[\"https:\\\/\\\/gastronomicament.cat\\\/en\\\/obertura-menu-de-sant-valenti-cases-de-son-barbassa#respond\"]}]},{\"@type\":\"WebPage\",\"@id\":\"https:\\\/\\\/gastronomicament.cat\\\/en\\\/obertura-menu-de-sant-valenti-cases-de-son-barbassa\",\"url\":\"https:\\\/\\\/gastronomicament.cat\\\/en\\\/obertura-menu-de-sant-valenti-cases-de-son-barbassa\",\"name\":\"Obertura i men\u00fa de Sant Valent\u00ed a Cases de Son Barbassa - Gastron\u00f2micament\",\"isPartOf\":{\"@id\":\"https:\\\/\\\/gastronomicament.cat\\\/en\\\/#website\"},\"primaryImageOfPage\":{\"@id\":\"https:\\\/\\\/gastronomicament.cat\\\/en\\\/obertura-menu-de-sant-valenti-cases-de-son-barbassa#primaryimage\"},\"image\":{\"@id\":\"https:\\\/\\\/gastronomicament.cat\\\/en\\\/obertura-menu-de-sant-valenti-cases-de-son-barbassa#primaryimage\"},\"thumbnailUrl\":\"https:\\\/\\\/gastronomicament.cat\\\/wp-content\\\/uploads\\\/2017\\\/01\\\/Menu-Sant-Valenti-Cases-de-Son-Barbassa-Capdepera.jpg\",\"datePublished\":\"2017-01-31T17:03:25+00:00\",\"description\":\"Obertura i men\u00fa de Sant Valent\u00ed a Cases de Son Barbassa Actualitat Els dies 11 i 14 de febrer hi trobareu un men\u00fa carregat d'amor i sensualitat per celebrar Sant Valent\u00ed.\",\"inLanguage\":\"en-US\",\"potentialAction\":[{\"@type\":\"ReadAction\",\"target\":[\"https:\\\/\\\/gastronomicament.cat\\\/en\\\/obertura-menu-de-sant-valenti-cases-de-son-barbassa\"]}]},{\"@type\":\"ImageObject\",\"inLanguage\":\"en-US\",\"@id\":\"https:\\\/\\\/gastronomicament.cat\\\/en\\\/obertura-menu-de-sant-valenti-cases-de-son-barbassa#primaryimage\",\"url\":\"https:\\\/\\\/gastronomicament.cat\\\/wp-content\\\/uploads\\\/2017\\\/01\\\/Menu-Sant-Valenti-Cases-de-Son-Barbassa-Capdepera.jpg\",\"contentUrl\":\"https:\\\/\\\/gastronomicament.cat\\\/wp-content\\\/uploads\\\/2017\\\/01\\\/Menu-Sant-Valenti-Cases-de-Son-Barbassa-Capdepera.jpg\",\"width\":1000,\"height\":581},{\"@type\":\"WebSite\",\"@id\":\"https:\\\/\\\/gastronomicament.cat\\\/en\\\/#website\",\"url\":\"https:\\\/\\\/gastronomicament.cat\\\/en\\\/\",\"name\":\"Gastron\u00f2micament\",\"description\":\"Portal de restaurants, receptes i actualitat gastron\u00f2mica\",\"publisher\":{\"@id\":\"https:\\\/\\\/gastronomicament.cat\\\/en\\\/#organization\"},\"potentialAction\":[{\"@type\":\"SearchAction\",\"target\":{\"@type\":\"EntryPoint\",\"urlTemplate\":\"https:\\\/\\\/gastronomicament.cat\\\/en\\\/?s={search_term_string}\"},\"query-input\":{\"@type\":\"PropertyValueSpecification\",\"valueRequired\":true,\"valueName\":\"search_term_string\"}}],\"inLanguage\":\"en-US\"},{\"@type\":\"Organization\",\"@id\":\"https:\\\/\\\/gastronomicament.cat\\\/en\\\/#organization\",\"name\":\"Gastron\u00f2micament\",\"url\":\"https:\\\/\\\/gastronomicament.cat\\\/en\\\/\",\"logo\":{\"@type\":\"ImageObject\",\"inLanguage\":\"en-US\",\"@id\":\"https:\\\/\\\/gastronomicament.cat\\\/en\\\/#\\\/schema\\\/logo\\\/image\\\/\",\"url\":\"https:\\\/\\\/gastronomicament.cat\\\/wp-content\\\/uploads\\\/2016\\\/09\\\/header-logo.jpg\",\"contentUrl\":\"https:\\\/\\\/gastronomicament.cat\\\/wp-content\\\/uploads\\\/2016\\\/09\\\/header-logo.jpg\",\"width\":277,\"height\":39,\"caption\":\"Gastron\u00f2micament\"},\"image\":{\"@id\":\"https:\\\/\\\/gastronomicament.cat\\\/en\\\/#\\\/schema\\\/logo\\\/image\\\/\"},\"sameAs\":[\"https:\\\/\\\/x.com\\\/gastronomicamen\"]},{\"@type\":\"Person\",\"@id\":\"https:\\\/\\\/gastronomicament.cat\\\/en\\\/#\\\/schema\\\/person\\\/a7c85c537a1ed62799a5b8e0f686a37f\",\"name\":\"Redacci\u00f3\",\"image\":{\"@type\":\"ImageObject\",\"inLanguage\":\"en-US\",\"@id\":\"https:\\\/\\\/secure.gravatar.com\\\/avatar\\\/9489a485c464fd611d33825daae651d13db70c4e74c65c94937a15a9d4c3ee14?s=96&d=mm&r=g69fea3cce3645dfa2166e7293e22955e\",\"url\":\"https:\\\/\\\/secure.gravatar.com\\\/avatar\\\/9489a485c464fd611d33825daae651d13db70c4e74c65c94937a15a9d4c3ee14?s=96&d=mm&r=g\",\"contentUrl\":\"https:\\\/\\\/secure.gravatar.com\\\/avatar\\\/9489a485c464fd611d33825daae651d13db70c4e74c65c94937a15a9d4c3ee14?s=96&d=mm&r=g\",\"caption\":\"Redacci\u00f3\"},\"sameAs\":[\"http:\\\/\\\/gastronomicament.cat\"],\"url\":\"https:\\\/\\\/gastronomicament.cat\\\/en\\\/author\\\/admin\"}]}<\/script>\n<!-- \/ Yoast SEO plugin. -->","yoast_head_json":{"title":"Obertura i men\u00fa de Sant Valent\u00ed a Cases de Son Barbassa - Gastron\u00f2micament","description":"Obertura i men\u00fa de Sant Valent\u00ed a Cases de Son Barbassa Actualitat Els dies 11 i 14 de febrer hi trobareu un men\u00fa carregat d'amor i sensualitat per celebrar Sant Valent\u00ed.","robots":{"index":"index","follow":"follow","max-snippet":"max-snippet:-1","max-image-preview":"max-image-preview:large","max-video-preview":"max-video-preview:-1"},"canonical":"https:\/\/gastronomicament.cat\/en\/obertura-menu-de-sant-valenti-cases-de-son-barbassa","og_locale":"en_US","og_type":"article","og_title":"Obertura i men\u00fa de Sant Valent\u00ed a Cases de Son Barbassa - Gastron\u00f2micament","og_description":"Obertura i men\u00fa de Sant Valent\u00ed a Cases de Son Barbassa Actualitat Els dies 11 i 14 de febrer hi trobareu un men\u00fa carregat d'amor i sensualitat per celebrar Sant Valent\u00ed.","og_url":"https:\/\/gastronomicament.cat\/en\/obertura-menu-de-sant-valenti-cases-de-son-barbassa","og_site_name":"Gastron\u00f2micament","article_published_time":"2017-01-31T17:03:25+00:00","og_image":[{"width":1000,"height":581,"url":"https:\/\/gastronomicament.cat\/wp-content\/uploads\/2017\/01\/Menu-Sant-Valenti-Cases-de-Son-Barbassa-Capdepera.jpg","type":"image\/jpeg"}],"author":"Redacci\u00f3","twitter_card":"summary_large_image","twitter_creator":"@gastronomicamen","twitter_site":"@gastronomicamen","twitter_misc":{"Written by":"Redacci\u00f3","Est. reading time":"1 minute"},"schema":{"@context":"https:\/\/schema.org","@graph":[{"@type":"Article","@id":"https:\/\/gastronomicament.cat\/en\/obertura-menu-de-sant-valenti-cases-de-son-barbassa#article","isPartOf":{"@id":"https:\/\/gastronomicament.cat\/en\/obertura-menu-de-sant-valenti-cases-de-son-barbassa"},"author":{"name":"Redacci\u00f3","@id":"https:\/\/gastronomicament.cat\/en\/#\/schema\/person\/a7c85c537a1ed62799a5b8e0f686a37f"},"headline":"Obertura i men\u00fa de Sant Valent\u00ed a Cases de Son Barbassa","datePublished":"2017-01-31T17:03:25+00:00","mainEntityOfPage":{"@id":"https:\/\/gastronomicament.cat\/en\/obertura-menu-de-sant-valenti-cases-de-son-barbassa"},"wordCount":123,"commentCount":0,"publisher":{"@id":"https:\/\/gastronomicament.cat\/en\/#organization"},"image":{"@id":"https:\/\/gastronomicament.cat\/en\/obertura-menu-de-sant-valenti-cases-de-son-barbassa#primaryimage"},"thumbnailUrl":"https:\/\/gastronomicament.cat\/wp-content\/uploads\/2017\/01\/Menu-Sant-Valenti-Cases-de-Son-Barbassa-Capdepera.jpg","articleSection":["Actualitat"],"inLanguage":"en-US","potentialAction":[{"@type":"CommentAction","name":"Comment","target":["https:\/\/gastronomicament.cat\/en\/obertura-menu-de-sant-valenti-cases-de-son-barbassa#respond"]}]},{"@type":"WebPage","@id":"https:\/\/gastronomicament.cat\/en\/obertura-menu-de-sant-valenti-cases-de-son-barbassa","url":"https:\/\/gastronomicament.cat\/en\/obertura-menu-de-sant-valenti-cases-de-son-barbassa","name":"Obertura i men\u00fa de Sant Valent\u00ed a Cases de Son Barbassa - Gastron\u00f2micament","isPartOf":{"@id":"https:\/\/gastronomicament.cat\/en\/#website"},"primaryImageOfPage":{"@id":"https:\/\/gastronomicament.cat\/en\/obertura-menu-de-sant-valenti-cases-de-son-barbassa#primaryimage"},"image":{"@id":"https:\/\/gastronomicament.cat\/en\/obertura-menu-de-sant-valenti-cases-de-son-barbassa#primaryimage"},"thumbnailUrl":"https:\/\/gastronomicament.cat\/wp-content\/uploads\/2017\/01\/Menu-Sant-Valenti-Cases-de-Son-Barbassa-Capdepera.jpg","datePublished":"2017-01-31T17:03:25+00:00","description":"Obertura i men\u00fa de Sant Valent\u00ed a Cases de Son Barbassa Actualitat Els dies 11 i 14 de febrer hi trobareu un men\u00fa carregat d'amor i sensualitat per celebrar Sant Valent\u00ed.","inLanguage":"en-US","potentialAction":[{"@type":"ReadAction","target":["https:\/\/gastronomicament.cat\/en\/obertura-menu-de-sant-valenti-cases-de-son-barbassa"]}]},{"@type":"ImageObject","inLanguage":"en-US","@id":"https:\/\/gastronomicament.cat\/en\/obertura-menu-de-sant-valenti-cases-de-son-barbassa#primaryimage","url":"https:\/\/gastronomicament.cat\/wp-content\/uploads\/2017\/01\/Menu-Sant-Valenti-Cases-de-Son-Barbassa-Capdepera.jpg","contentUrl":"https:\/\/gastronomicament.cat\/wp-content\/uploads\/2017\/01\/Menu-Sant-Valenti-Cases-de-Son-Barbassa-Capdepera.jpg","width":1000,"height":581},{"@type":"WebSite","@id":"https:\/\/gastronomicament.cat\/en\/#website","url":"https:\/\/gastronomicament.cat\/en\/","name":"Gastron\u00f2micament","description":"Portal de restaurants, receptes i actualitat gastron\u00f2mica","publisher":{"@id":"https:\/\/gastronomicament.cat\/en\/#organization"},"potentialAction":[{"@type":"SearchAction","target":{"@type":"EntryPoint","urlTemplate":"https:\/\/gastronomicament.cat\/en\/?s={search_term_string}"},"query-input":{"@type":"PropertyValueSpecification","valueRequired":true,"valueName":"search_term_string"}}],"inLanguage":"en-US"},{"@type":"Organization","@id":"https:\/\/gastronomicament.cat\/en\/#organization","name":"Gastron\u00f2micament","url":"https:\/\/gastronomicament.cat\/en\/","logo":{"@type":"ImageObject","inLanguage":"en-US","@id":"https:\/\/gastronomicament.cat\/en\/#\/schema\/logo\/image\/","url":"https:\/\/gastronomicament.cat\/wp-content\/uploads\/2016\/09\/header-logo.jpg","contentUrl":"https:\/\/gastronomicament.cat\/wp-content\/uploads\/2016\/09\/header-logo.jpg","width":277,"height":39,"caption":"Gastron\u00f2micament"},"image":{"@id":"https:\/\/gastronomicament.cat\/en\/#\/schema\/logo\/image\/"},"sameAs":["https:\/\/x.com\/gastronomicamen"]},{"@type":"Person","@id":"https:\/\/gastronomicament.cat\/en\/#\/schema\/person\/a7c85c537a1ed62799a5b8e0f686a37f","name":"Redacci\u00f3","image":{"@type":"ImageObject","inLanguage":"en-US","@id":"https:\/\/secure.gravatar.com\/avatar\/9489a485c464fd611d33825daae651d13db70c4e74c65c94937a15a9d4c3ee14?s=96&d=mm&r=g69fea3cce3645dfa2166e7293e22955e","url":"https:\/\/secure.gravatar.com\/avatar\/9489a485c464fd611d33825daae651d13db70c4e74c65c94937a15a9d4c3ee14?s=96&d=mm&r=g","contentUrl":"https:\/\/secure.gravatar.com\/avatar\/9489a485c464fd611d33825daae651d13db70c4e74c65c94937a15a9d4c3ee14?s=96&d=mm&r=g","caption":"Redacci\u00f3"},"sameAs":["http:\/\/gastronomicament.cat"],"url":"https:\/\/gastronomicament.cat\/en\/author\/admin"}]}},"_links":{"self":[{"href":"https:\/\/gastronomicament.cat\/en\/wp-json\/wp\/v2\/posts\/69740","targetHints":{"allow":["GET"]}}],"collection":[{"href":"https:\/\/gastronomicament.cat\/en\/wp-json\/wp\/v2\/posts"}],"about":[{"href":"https:\/\/gastronomicament.cat\/en\/wp-json\/wp\/v2\/types\/post"}],"author":[{"embeddable":true,"href":"https:\/\/gastronomicament.cat\/en\/wp-json\/wp\/v2\/users\/1"}],"replies":[{"embeddable":true,"href":"https:\/\/gastronomicament.cat\/en\/wp-json\/wp\/v2\/comments?post=69740"}],"version-history":[{"count":0,"href":"https:\/\/gastronomicament.cat\/en\/wp-json\/wp\/v2\/posts\/69740\/revisions"}],"wp:featuredmedia":[{"embeddable":true,"href":"https:\/\/gastronomicament.cat\/en\/wp-json\/wp\/v2\/media\/56610"}],"wp:attachment":[{"href":"https:\/\/gastronomicament.cat\/en\/wp-json\/wp\/v2\/media?parent=69740"}],"wp:term":[{"taxonomy":"category","embeddable":true,"href":"https:\/\/gastronomicament.cat\/en\/wp-json\/wp\/v2\/categories?post=69740"},{"taxonomy":"post_tag","embeddable":true,"href":"https:\/\/gastronomicament.cat\/en\/wp-json\/wp\/v2\/tags?post=69740"},{"taxonomy":"author","embeddable":true,"href":"https:\/\/gastronomicament.cat\/en\/wp-json\/wp\/v2\/coauthors?post=69740"}],"curies":[{"name":"wp","href":"https:\/\/api.w.org\/{rel}","templated":true}]}}