{"id":69750,"date":"2017-01-27T20:56:46","date_gmt":"2017-01-27T19:56:46","guid":{"rendered":"https:\/\/gastronomicament.cat\/la-mallorquina-clara-somovilla-guanya-el-concurs-de-cocteleria-interescuelas-get-ready"},"modified":"2017-01-27T20:56:46","modified_gmt":"2017-01-27T19:56:46","slug":"la-mallorquina-clara-somovilla-guanya-el-concurs-de-cocteleria-interescuelas-get-ready","status":"publish","type":"post","link":"https:\/\/gastronomicament.cat\/en\/la-mallorquina-clara-somovilla-guanya-el-concurs-de-cocteleria-interescuelas-get-ready","title":{"rendered":"La mallorquina Clara Somovilla guanya el concurs de cocteleria Interescuelas Get Ready"},"content":{"rendered":"<p>Clara Somovilla Tur, alumna de segon curs de Direcci\u00f3 en Serveis de Restauraci\u00f3 de l\u2019IES Jun\u00edper Serra, ha\u00a0guanyat el <a href=\"http:\/\/otcgroup.es\/gran-final-inter-escuelas-2016\/\">concurs de cocteleria Interescuelas Get Ready organitzat per OTC Group<\/a> a nivell estatal.<\/p>\n<p>Ho ha fet despr\u00e9s de superar nombrosos filtres i proves.\u00a0<span style=\"line-height: 1.5;\">El primer va ser enviar una proposta de mocktail (c\u00f2ctel\u00a0sense alcohol) amb una fotografia a l\u2019organitzaci\u00f3 del concurs, on un equip\u00a0d\u2019experimentats bartenders decidien quines receptes mereixien arribar a les semifinals. Les 27 millors receptes varen\u00a0ser posteriorment executades pels\u00a0creadors a tres semifinals on nom\u00e9s les 9 millors aconseguirien arribar a la final.<\/span><\/p>\n<figure id=\"attachment_18862\" aria-describedby=\"caption-attachment-18862\" style=\"width: 210px\" class=\"wp-caption alignleft\"><a href=\"http:\/\/gastronomicament.cat\/wp-content\/uploads\/2017\/01\/Mocktail-guanyador-Passion-Tiki.jpg\"><img decoding=\"async\" class=\"wp-image-18862 size-medium\" src=\"http:\/\/gastronomicament.cat\/wp-content\/uploads\/2017\/01\/Mocktail-guanyador-Passion-Tiki-210x300.jpg\" width=\"210\" height=\"300\" srcset=\"https:\/\/gastronomicament.cat\/wp-content\/uploads\/2017\/01\/Mocktail-guanyador-Passion-Tiki-210x300.jpg 210w, https:\/\/gastronomicament.cat\/wp-content\/uploads\/2017\/01\/Mocktail-guanyador-Passion-Tiki-768x1099.jpg 768w, https:\/\/gastronomicament.cat\/wp-content\/uploads\/2017\/01\/Mocktail-guanyador-Passion-Tiki-716x1024.jpg 716w, https:\/\/gastronomicament.cat\/wp-content\/uploads\/2017\/01\/Mocktail-guanyador-Passion-Tiki-35x50.jpg 35w, https:\/\/gastronomicament.cat\/wp-content\/uploads\/2017\/01\/Mocktail-guanyador-Passion-Tiki-650x930.jpg 650w, https:\/\/gastronomicament.cat\/wp-content\/uploads\/2017\/01\/Mocktail-guanyador-Passion-Tiki-1000x1431.jpg 1000w, https:\/\/gastronomicament.cat\/wp-content\/uploads\/2017\/01\/Mocktail-guanyador-Passion-Tiki.jpg 1118w\" sizes=\"(max-width: 210px) 100vw, 210px\" \/><\/a><figcaption id=\"caption-attachment-18862\" class=\"wp-caption-text\"><em><span style=\"font-size: 8pt;\">El c\u00f2ctel guanyador fet per Clara Somovilla<\/span><\/em><\/figcaption><\/figure>\n<p>L\u2019alumna del Jun\u00edper Serra es va classificar a la final com a l\u00edder d\u2019equip format Daniel Galan (IES Jacaranda de\u00a0M\u00e0laga\u00a0i\u00a0Javier Calvete IES Miralbueno de Saragossa. A la final,\u00a0que\u00a0ha tengut\u00a0lloc a la Sala Clamores de Madrid, dia 25 de gener de 2017, e<span style=\"line-height: 1.5;\">ls concursants <\/span><span style=\"line-height: 1.5;\">han hagut\u00a0<\/span><span style=\"line-height: 1.5;\">de presentar un mocktail (c\u00f2ctel\u00a0sense alcohol) i un c\u00f2ctel\u00a0de creaci\u00f3 pr\u00f2pia. Posteriorment <\/span><span style=\"line-height: 1.5;\">han hagut\u00a0<\/span><span style=\"line-height: 1.5;\">de competir en tres equips de tres persones <\/span><span style=\"line-height: 1.5;\">per executar\u00a0<\/span><span style=\"line-height: 1.5;\">un c\u00f2ctel\u00a0del receptari internacional per hom i el l\u00edder ha estat\u00a0l\u2019encarregat de proposar un maridatge per cada beguda.<\/span><\/p>\n<p>El c\u00f2ctel\u00a0de l\u2019alumna mallorquina \u00e9s\u00a0una base de whisky escoc\u00e8s de malta de les Highlands, xarop de mel Monin, bitter de xocolata i una soda de yuzu. Finalment el jurat, integrat per bartenders de prestigi com Giusseppe Baldi del Banker\u2019s Bar\u00a0(bar de l\u2019Hotel Mandarin de Barcelona), ha designat\u00a0Clara Somovilla com a guanyadora de la competici\u00f3.<\/p>\n","protected":false},"excerpt":{"rendered":"<p>\u00c9s alumna de l&#8217;IES Jun\u00edper Serra. Nom\u00e9s arribaren 9 participants escoles d\u2019hoteleria de tot l\u2019Estat espanyol&hellip;<\/p>\n","protected":false},"author":1,"featured_media":56594,"comment_status":"open","ping_status":"closed","sticky":false,"template":"","format":"gallery","meta":{"_acf_changed":false,"_swt_meta_header_display":false,"_swt_meta_footer_display":false,"_swt_meta_site_title_display":false,"_swt_meta_sticky_header":false,"_swt_meta_transparent_header":false,"footnotes":""},"categories":[1046],"tags":[],"coauthors":[],"class_list":["post-69750","post","type-post","status-publish","format-gallery","has-post-thumbnail","hentry","category-actualitat-es-en","post_format-post-format-gallery"],"acf":{"gallery":null,"home_date":{"home_begin_date":null,"home_end_date":null}},"yoast_head":"<!-- This site is optimized with the Yoast SEO plugin v27.4 - https:\/\/yoast.com\/product\/yoast-seo-wordpress\/ -->\n<title>La mallorquina Clara Somovilla guanya el concurs de cocteleria Interescuelas Get Ready - Gastron\u00f2micament<\/title>\n<meta name=\"description\" content=\"La mallorquina Clara Somovilla guanya el concurs de cocteleria Interescuelas Get Ready Actualitat \u00c9s alumna de l&#039;IES Jun\u00edper Serra. Nom\u00e9s arribaren 9 participants escoles d\u2019hoteleria de tot l\u2019Estat espanyol han arribat a la final.\" \/>\n<meta name=\"robots\" content=\"index, follow, max-snippet:-1, max-image-preview:large, max-video-preview:-1\" \/>\n<link rel=\"canonical\" href=\"https:\/\/gastronomicament.cat\/en\/la-mallorquina-clara-somovilla-guanya-el-concurs-de-cocteleria-interescuelas-get-ready\" \/>\n<meta property=\"og:locale\" content=\"en_US\" \/>\n<meta property=\"og:type\" content=\"article\" \/>\n<meta property=\"og:title\" content=\"La mallorquina Clara Somovilla guanya el concurs de cocteleria Interescuelas Get Ready - Gastron\u00f2micament\" \/>\n<meta property=\"og:description\" content=\"La mallorquina Clara Somovilla guanya el concurs de cocteleria Interescuelas Get Ready Actualitat \u00c9s alumna de l&#039;IES Jun\u00edper Serra. Nom\u00e9s arribaren 9 participants escoles d\u2019hoteleria de tot l\u2019Estat espanyol han arribat a la final.\" \/>\n<meta property=\"og:url\" content=\"https:\/\/gastronomicament.cat\/en\/la-mallorquina-clara-somovilla-guanya-el-concurs-de-cocteleria-interescuelas-get-ready\" \/>\n<meta property=\"og:site_name\" content=\"Gastron\u00f2micament\" \/>\n<meta property=\"article:published_time\" content=\"2017-01-27T19:56:46+00:00\" \/>\n<meta property=\"og:image\" content=\"https:\/\/gastronomicament.cat\/wp-content\/uploads\/2017\/01\/Clara-Somovilla-Aurelien-Chaplet-i-Nino-Recio.jpg\" \/>\n\t<meta property=\"og:image:width\" content=\"933\" \/>\n\t<meta property=\"og:image:height\" content=\"900\" \/>\n\t<meta property=\"og:image:type\" content=\"image\/jpeg\" \/>\n<meta name=\"author\" content=\"Redacci\u00f3\" \/>\n<meta name=\"twitter:card\" content=\"summary_large_image\" \/>\n<meta name=\"twitter:creator\" content=\"@gastronomicamen\" \/>\n<meta name=\"twitter:site\" content=\"@gastronomicamen\" \/>\n<meta name=\"twitter:label1\" content=\"Written by\" \/>\n\t<meta name=\"twitter:data1\" content=\"Redacci\u00f3\" \/>\n\t<meta name=\"twitter:label2\" content=\"Est. reading time\" \/>\n\t<meta name=\"twitter:data2\" content=\"1 minute\" \/>\n<script type=\"application\/ld+json\" class=\"yoast-schema-graph\">{\"@context\":\"https:\\\/\\\/schema.org\",\"@graph\":[{\"@type\":\"Article\",\"@id\":\"https:\\\/\\\/gastronomicament.cat\\\/en\\\/la-mallorquina-clara-somovilla-guanya-el-concurs-de-cocteleria-interescuelas-get-ready#article\",\"isPartOf\":{\"@id\":\"https:\\\/\\\/gastronomicament.cat\\\/en\\\/la-mallorquina-clara-somovilla-guanya-el-concurs-de-cocteleria-interescuelas-get-ready\"},\"author\":{\"name\":\"Redacci\u00f3\",\"@id\":\"https:\\\/\\\/gastronomicament.cat\\\/en\\\/#\\\/schema\\\/person\\\/a7c85c537a1ed62799a5b8e0f686a37f\"},\"headline\":\"La mallorquina Clara Somovilla guanya el concurs de cocteleria Interescuelas Get Ready\",\"datePublished\":\"2017-01-27T19:56:46+00:00\",\"mainEntityOfPage\":{\"@id\":\"https:\\\/\\\/gastronomicament.cat\\\/en\\\/la-mallorquina-clara-somovilla-guanya-el-concurs-de-cocteleria-interescuelas-get-ready\"},\"wordCount\":299,\"commentCount\":0,\"publisher\":{\"@id\":\"https:\\\/\\\/gastronomicament.cat\\\/en\\\/#organization\"},\"image\":{\"@id\":\"https:\\\/\\\/gastronomicament.cat\\\/en\\\/la-mallorquina-clara-somovilla-guanya-el-concurs-de-cocteleria-interescuelas-get-ready#primaryimage\"},\"thumbnailUrl\":\"https:\\\/\\\/gastronomicament.cat\\\/wp-content\\\/uploads\\\/2017\\\/01\\\/Clara-Somovilla-Aurelien-Chaplet-i-Nino-Recio.jpg\",\"articleSection\":[\"Actualitat\"],\"inLanguage\":\"en-US\",\"potentialAction\":[{\"@type\":\"CommentAction\",\"name\":\"Comment\",\"target\":[\"https:\\\/\\\/gastronomicament.cat\\\/en\\\/la-mallorquina-clara-somovilla-guanya-el-concurs-de-cocteleria-interescuelas-get-ready#respond\"]}]},{\"@type\":\"WebPage\",\"@id\":\"https:\\\/\\\/gastronomicament.cat\\\/en\\\/la-mallorquina-clara-somovilla-guanya-el-concurs-de-cocteleria-interescuelas-get-ready\",\"url\":\"https:\\\/\\\/gastronomicament.cat\\\/en\\\/la-mallorquina-clara-somovilla-guanya-el-concurs-de-cocteleria-interescuelas-get-ready\",\"name\":\"La mallorquina Clara Somovilla guanya el concurs de cocteleria Interescuelas Get Ready - Gastron\u00f2micament\",\"isPartOf\":{\"@id\":\"https:\\\/\\\/gastronomicament.cat\\\/en\\\/#website\"},\"primaryImageOfPage\":{\"@id\":\"https:\\\/\\\/gastronomicament.cat\\\/en\\\/la-mallorquina-clara-somovilla-guanya-el-concurs-de-cocteleria-interescuelas-get-ready#primaryimage\"},\"image\":{\"@id\":\"https:\\\/\\\/gastronomicament.cat\\\/en\\\/la-mallorquina-clara-somovilla-guanya-el-concurs-de-cocteleria-interescuelas-get-ready#primaryimage\"},\"thumbnailUrl\":\"https:\\\/\\\/gastronomicament.cat\\\/wp-content\\\/uploads\\\/2017\\\/01\\\/Clara-Somovilla-Aurelien-Chaplet-i-Nino-Recio.jpg\",\"datePublished\":\"2017-01-27T19:56:46+00:00\",\"description\":\"La mallorquina Clara Somovilla guanya el concurs de cocteleria Interescuelas Get Ready Actualitat \u00c9s alumna de l'IES Jun\u00edper Serra. Nom\u00e9s arribaren 9 participants escoles d\u2019hoteleria de tot l\u2019Estat espanyol han arribat a la final.\",\"inLanguage\":\"en-US\",\"potentialAction\":[{\"@type\":\"ReadAction\",\"target\":[\"https:\\\/\\\/gastronomicament.cat\\\/en\\\/la-mallorquina-clara-somovilla-guanya-el-concurs-de-cocteleria-interescuelas-get-ready\"]}]},{\"@type\":\"ImageObject\",\"inLanguage\":\"en-US\",\"@id\":\"https:\\\/\\\/gastronomicament.cat\\\/en\\\/la-mallorquina-clara-somovilla-guanya-el-concurs-de-cocteleria-interescuelas-get-ready#primaryimage\",\"url\":\"https:\\\/\\\/gastronomicament.cat\\\/wp-content\\\/uploads\\\/2017\\\/01\\\/Clara-Somovilla-Aurelien-Chaplet-i-Nino-Recio.jpg\",\"contentUrl\":\"https:\\\/\\\/gastronomicament.cat\\\/wp-content\\\/uploads\\\/2017\\\/01\\\/Clara-Somovilla-Aurelien-Chaplet-i-Nino-Recio.jpg\",\"width\":933,\"height\":900},{\"@type\":\"WebSite\",\"@id\":\"https:\\\/\\\/gastronomicament.cat\\\/en\\\/#website\",\"url\":\"https:\\\/\\\/gastronomicament.cat\\\/en\\\/\",\"name\":\"Gastron\u00f2micament\",\"description\":\"Portal de restaurants, receptes i actualitat gastron\u00f2mica\",\"publisher\":{\"@id\":\"https:\\\/\\\/gastronomicament.cat\\\/en\\\/#organization\"},\"potentialAction\":[{\"@type\":\"SearchAction\",\"target\":{\"@type\":\"EntryPoint\",\"urlTemplate\":\"https:\\\/\\\/gastronomicament.cat\\\/en\\\/?s={search_term_string}\"},\"query-input\":{\"@type\":\"PropertyValueSpecification\",\"valueRequired\":true,\"valueName\":\"search_term_string\"}}],\"inLanguage\":\"en-US\"},{\"@type\":\"Organization\",\"@id\":\"https:\\\/\\\/gastronomicament.cat\\\/en\\\/#organization\",\"name\":\"Gastron\u00f2micament\",\"url\":\"https:\\\/\\\/gastronomicament.cat\\\/en\\\/\",\"logo\":{\"@type\":\"ImageObject\",\"inLanguage\":\"en-US\",\"@id\":\"https:\\\/\\\/gastronomicament.cat\\\/en\\\/#\\\/schema\\\/logo\\\/image\\\/\",\"url\":\"https:\\\/\\\/gastronomicament.cat\\\/wp-content\\\/uploads\\\/2016\\\/09\\\/header-logo.jpg\",\"contentUrl\":\"https:\\\/\\\/gastronomicament.cat\\\/wp-content\\\/uploads\\\/2016\\\/09\\\/header-logo.jpg\",\"width\":277,\"height\":39,\"caption\":\"Gastron\u00f2micament\"},\"image\":{\"@id\":\"https:\\\/\\\/gastronomicament.cat\\\/en\\\/#\\\/schema\\\/logo\\\/image\\\/\"},\"sameAs\":[\"https:\\\/\\\/x.com\\\/gastronomicamen\"]},{\"@type\":\"Person\",\"@id\":\"https:\\\/\\\/gastronomicament.cat\\\/en\\\/#\\\/schema\\\/person\\\/a7c85c537a1ed62799a5b8e0f686a37f\",\"name\":\"Redacci\u00f3\",\"image\":{\"@type\":\"ImageObject\",\"inLanguage\":\"en-US\",\"@id\":\"https:\\\/\\\/secure.gravatar.com\\\/avatar\\\/9489a485c464fd611d33825daae651d13db70c4e74c65c94937a15a9d4c3ee14?s=96&d=mm&r=g69fea3cce3645dfa2166e7293e22955e\",\"url\":\"https:\\\/\\\/secure.gravatar.com\\\/avatar\\\/9489a485c464fd611d33825daae651d13db70c4e74c65c94937a15a9d4c3ee14?s=96&d=mm&r=g\",\"contentUrl\":\"https:\\\/\\\/secure.gravatar.com\\\/avatar\\\/9489a485c464fd611d33825daae651d13db70c4e74c65c94937a15a9d4c3ee14?s=96&d=mm&r=g\",\"caption\":\"Redacci\u00f3\"},\"sameAs\":[\"http:\\\/\\\/gastronomicament.cat\"],\"url\":\"https:\\\/\\\/gastronomicament.cat\\\/en\\\/author\\\/admin\"}]}<\/script>\n<!-- \/ Yoast SEO plugin. -->","yoast_head_json":{"title":"La mallorquina Clara Somovilla guanya el concurs de cocteleria Interescuelas Get Ready - Gastron\u00f2micament","description":"La mallorquina Clara Somovilla guanya el concurs de cocteleria Interescuelas Get Ready Actualitat \u00c9s alumna de l'IES Jun\u00edper Serra. Nom\u00e9s arribaren 9 participants escoles d\u2019hoteleria de tot l\u2019Estat espanyol han arribat a la final.","robots":{"index":"index","follow":"follow","max-snippet":"max-snippet:-1","max-image-preview":"max-image-preview:large","max-video-preview":"max-video-preview:-1"},"canonical":"https:\/\/gastronomicament.cat\/en\/la-mallorquina-clara-somovilla-guanya-el-concurs-de-cocteleria-interescuelas-get-ready","og_locale":"en_US","og_type":"article","og_title":"La mallorquina Clara Somovilla guanya el concurs de cocteleria Interescuelas Get Ready - Gastron\u00f2micament","og_description":"La mallorquina Clara Somovilla guanya el concurs de cocteleria Interescuelas Get Ready Actualitat \u00c9s alumna de l'IES Jun\u00edper Serra. Nom\u00e9s arribaren 9 participants escoles d\u2019hoteleria de tot l\u2019Estat espanyol han arribat a la final.","og_url":"https:\/\/gastronomicament.cat\/en\/la-mallorquina-clara-somovilla-guanya-el-concurs-de-cocteleria-interescuelas-get-ready","og_site_name":"Gastron\u00f2micament","article_published_time":"2017-01-27T19:56:46+00:00","og_image":[{"width":933,"height":900,"url":"https:\/\/gastronomicament.cat\/wp-content\/uploads\/2017\/01\/Clara-Somovilla-Aurelien-Chaplet-i-Nino-Recio.jpg","type":"image\/jpeg"}],"author":"Redacci\u00f3","twitter_card":"summary_large_image","twitter_creator":"@gastronomicamen","twitter_site":"@gastronomicamen","twitter_misc":{"Written by":"Redacci\u00f3","Est. reading time":"1 minute"},"schema":{"@context":"https:\/\/schema.org","@graph":[{"@type":"Article","@id":"https:\/\/gastronomicament.cat\/en\/la-mallorquina-clara-somovilla-guanya-el-concurs-de-cocteleria-interescuelas-get-ready#article","isPartOf":{"@id":"https:\/\/gastronomicament.cat\/en\/la-mallorquina-clara-somovilla-guanya-el-concurs-de-cocteleria-interescuelas-get-ready"},"author":{"name":"Redacci\u00f3","@id":"https:\/\/gastronomicament.cat\/en\/#\/schema\/person\/a7c85c537a1ed62799a5b8e0f686a37f"},"headline":"La mallorquina Clara Somovilla guanya el concurs de cocteleria Interescuelas Get Ready","datePublished":"2017-01-27T19:56:46+00:00","mainEntityOfPage":{"@id":"https:\/\/gastronomicament.cat\/en\/la-mallorquina-clara-somovilla-guanya-el-concurs-de-cocteleria-interescuelas-get-ready"},"wordCount":299,"commentCount":0,"publisher":{"@id":"https:\/\/gastronomicament.cat\/en\/#organization"},"image":{"@id":"https:\/\/gastronomicament.cat\/en\/la-mallorquina-clara-somovilla-guanya-el-concurs-de-cocteleria-interescuelas-get-ready#primaryimage"},"thumbnailUrl":"https:\/\/gastronomicament.cat\/wp-content\/uploads\/2017\/01\/Clara-Somovilla-Aurelien-Chaplet-i-Nino-Recio.jpg","articleSection":["Actualitat"],"inLanguage":"en-US","potentialAction":[{"@type":"CommentAction","name":"Comment","target":["https:\/\/gastronomicament.cat\/en\/la-mallorquina-clara-somovilla-guanya-el-concurs-de-cocteleria-interescuelas-get-ready#respond"]}]},{"@type":"WebPage","@id":"https:\/\/gastronomicament.cat\/en\/la-mallorquina-clara-somovilla-guanya-el-concurs-de-cocteleria-interescuelas-get-ready","url":"https:\/\/gastronomicament.cat\/en\/la-mallorquina-clara-somovilla-guanya-el-concurs-de-cocteleria-interescuelas-get-ready","name":"La mallorquina Clara Somovilla guanya el concurs de cocteleria Interescuelas Get Ready - Gastron\u00f2micament","isPartOf":{"@id":"https:\/\/gastronomicament.cat\/en\/#website"},"primaryImageOfPage":{"@id":"https:\/\/gastronomicament.cat\/en\/la-mallorquina-clara-somovilla-guanya-el-concurs-de-cocteleria-interescuelas-get-ready#primaryimage"},"image":{"@id":"https:\/\/gastronomicament.cat\/en\/la-mallorquina-clara-somovilla-guanya-el-concurs-de-cocteleria-interescuelas-get-ready#primaryimage"},"thumbnailUrl":"https:\/\/gastronomicament.cat\/wp-content\/uploads\/2017\/01\/Clara-Somovilla-Aurelien-Chaplet-i-Nino-Recio.jpg","datePublished":"2017-01-27T19:56:46+00:00","description":"La mallorquina Clara Somovilla guanya el concurs de cocteleria Interescuelas Get Ready Actualitat \u00c9s alumna de l'IES Jun\u00edper Serra. Nom\u00e9s arribaren 9 participants escoles d\u2019hoteleria de tot l\u2019Estat espanyol han arribat a la final.","inLanguage":"en-US","potentialAction":[{"@type":"ReadAction","target":["https:\/\/gastronomicament.cat\/en\/la-mallorquina-clara-somovilla-guanya-el-concurs-de-cocteleria-interescuelas-get-ready"]}]},{"@type":"ImageObject","inLanguage":"en-US","@id":"https:\/\/gastronomicament.cat\/en\/la-mallorquina-clara-somovilla-guanya-el-concurs-de-cocteleria-interescuelas-get-ready#primaryimage","url":"https:\/\/gastronomicament.cat\/wp-content\/uploads\/2017\/01\/Clara-Somovilla-Aurelien-Chaplet-i-Nino-Recio.jpg","contentUrl":"https:\/\/gastronomicament.cat\/wp-content\/uploads\/2017\/01\/Clara-Somovilla-Aurelien-Chaplet-i-Nino-Recio.jpg","width":933,"height":900},{"@type":"WebSite","@id":"https:\/\/gastronomicament.cat\/en\/#website","url":"https:\/\/gastronomicament.cat\/en\/","name":"Gastron\u00f2micament","description":"Portal de restaurants, receptes i actualitat gastron\u00f2mica","publisher":{"@id":"https:\/\/gastronomicament.cat\/en\/#organization"},"potentialAction":[{"@type":"SearchAction","target":{"@type":"EntryPoint","urlTemplate":"https:\/\/gastronomicament.cat\/en\/?s={search_term_string}"},"query-input":{"@type":"PropertyValueSpecification","valueRequired":true,"valueName":"search_term_string"}}],"inLanguage":"en-US"},{"@type":"Organization","@id":"https:\/\/gastronomicament.cat\/en\/#organization","name":"Gastron\u00f2micament","url":"https:\/\/gastronomicament.cat\/en\/","logo":{"@type":"ImageObject","inLanguage":"en-US","@id":"https:\/\/gastronomicament.cat\/en\/#\/schema\/logo\/image\/","url":"https:\/\/gastronomicament.cat\/wp-content\/uploads\/2016\/09\/header-logo.jpg","contentUrl":"https:\/\/gastronomicament.cat\/wp-content\/uploads\/2016\/09\/header-logo.jpg","width":277,"height":39,"caption":"Gastron\u00f2micament"},"image":{"@id":"https:\/\/gastronomicament.cat\/en\/#\/schema\/logo\/image\/"},"sameAs":["https:\/\/x.com\/gastronomicamen"]},{"@type":"Person","@id":"https:\/\/gastronomicament.cat\/en\/#\/schema\/person\/a7c85c537a1ed62799a5b8e0f686a37f","name":"Redacci\u00f3","image":{"@type":"ImageObject","inLanguage":"en-US","@id":"https:\/\/secure.gravatar.com\/avatar\/9489a485c464fd611d33825daae651d13db70c4e74c65c94937a15a9d4c3ee14?s=96&d=mm&r=g69fea3cce3645dfa2166e7293e22955e","url":"https:\/\/secure.gravatar.com\/avatar\/9489a485c464fd611d33825daae651d13db70c4e74c65c94937a15a9d4c3ee14?s=96&d=mm&r=g","contentUrl":"https:\/\/secure.gravatar.com\/avatar\/9489a485c464fd611d33825daae651d13db70c4e74c65c94937a15a9d4c3ee14?s=96&d=mm&r=g","caption":"Redacci\u00f3"},"sameAs":["http:\/\/gastronomicament.cat"],"url":"https:\/\/gastronomicament.cat\/en\/author\/admin"}]}},"_links":{"self":[{"href":"https:\/\/gastronomicament.cat\/en\/wp-json\/wp\/v2\/posts\/69750","targetHints":{"allow":["GET"]}}],"collection":[{"href":"https:\/\/gastronomicament.cat\/en\/wp-json\/wp\/v2\/posts"}],"about":[{"href":"https:\/\/gastronomicament.cat\/en\/wp-json\/wp\/v2\/types\/post"}],"author":[{"embeddable":true,"href":"https:\/\/gastronomicament.cat\/en\/wp-json\/wp\/v2\/users\/1"}],"replies":[{"embeddable":true,"href":"https:\/\/gastronomicament.cat\/en\/wp-json\/wp\/v2\/comments?post=69750"}],"version-history":[{"count":0,"href":"https:\/\/gastronomicament.cat\/en\/wp-json\/wp\/v2\/posts\/69750\/revisions"}],"wp:featuredmedia":[{"embeddable":true,"href":"https:\/\/gastronomicament.cat\/en\/wp-json\/wp\/v2\/media\/56594"}],"wp:attachment":[{"href":"https:\/\/gastronomicament.cat\/en\/wp-json\/wp\/v2\/media?parent=69750"}],"wp:term":[{"taxonomy":"category","embeddable":true,"href":"https:\/\/gastronomicament.cat\/en\/wp-json\/wp\/v2\/categories?post=69750"},{"taxonomy":"post_tag","embeddable":true,"href":"https:\/\/gastronomicament.cat\/en\/wp-json\/wp\/v2\/tags?post=69750"},{"taxonomy":"author","embeddable":true,"href":"https:\/\/gastronomicament.cat\/en\/wp-json\/wp\/v2\/coauthors?post=69750"}],"curies":[{"name":"wp","href":"https:\/\/api.w.org\/{rel}","templated":true}]}}