{"id":69897,"date":"2016-11-22T01:04:41","date_gmt":"2016-11-22T00:04:41","guid":{"rendered":"https:\/\/gastronomicament.cat\/andreu-manresa-tafoner-major-2016-2017"},"modified":"2016-11-22T01:04:41","modified_gmt":"2016-11-22T00:04:41","slug":"andreu-manresa-tafoner-major-2016-2017","status":"publish","type":"post","link":"https:\/\/gastronomicament.cat\/en\/andreu-manresa-tafoner-major-2016-2017","title":{"rendered":"Andreu Manresa, Tafoner Major 2016-2017"},"content":{"rendered":"<p>El periodista i actual director d\u2019IB3, Andreu Manresa, ha estat nomenat Tafoner Major 2016-2017 a un acte esdevingut a la finca es Colomer, dels envasadors de la DO Oli de Mallorca Joan i Mart\u00ed Mayol, d\u2019oli Verderol.<\/p>\n<p>Amb l\u2019atorgament d\u2019aquest t\u00edtol,<strong> el consell regulador reconeix la tasca realitzada per Manresa a trav\u00e9s dels seus escrits, en els quals ha relatat i ha transm\u00e8s, l\u2019arrelament a la nostra cultura de l\u2019oli, aix\u00ed com la important tasca duta a terme per tots el que conformen la denominaci\u00f3 d\u2019origen per aconseguir un oli d\u2019oliva verge extra de qualitat immillorable<\/strong> apreciat a tot el m\u00f3n<\/p>\n<blockquote><p>ANDREU MANRESA: &#8220;SI NO HAGU\u00c9S FET TANTS PAMBOLIS I TANT DE MULLAR PA EN OLI, POSSIBLEMENT NO SERIA LA PERSONA QUE SOM ARA&#8221;<\/p><\/blockquote>\n<p>Aix\u00ed com ha afirmat el president d\u2019Oli de Mallorca, Sebasti\u00e0 Solivellas, \u201c\u00e9s un privilegi que la cr\u00f2nica d\u2019aquesta evoluci\u00f3, d\u2019aquest nou ressorgiment de l\u2019oli a Mallorca, hagi estat descrita i escampada per Andreu Manresa. Les seves po\u00e8tiques cr\u00f2niques s\u00f3n reducte de la persist\u00e8ncia, de la insist\u00e8ncia d\u2019una Mallorca aut\u00e8ntica, que es resisteix a desapar\u00e8ixer, i que, com els que avui som aqu\u00ed, no volem que es perdi o es malvengui\u201d.<\/p>\n<p>Manresa ha agra\u00eft aquest reconeixement, assenyalant que \u201cpossiblement, si no hagu\u00e9s fet tants i tants pambolis, tant de mullar pa en oli, tant de fregir ous&#8230; no seria la persona que som ara\u201d.<\/p>\n<p>L\u2019acte ha comptat amb la pres\u00e8ncia del Tafoner Major anterior, el director regional de El Corte Ingl\u00e9s, Josep Maria Ramis, a m\u00e9s d\u2019envasadors i productors del consell regulador, i l\u2019ha tancat el conseller de Medi Ambient, Agricultura i Pesca, Vicen\u00e7 Vidal.<\/p>\n","protected":false},"excerpt":{"rendered":"<p>El periodista i actual director d\u2019IB3, Andreu Manresa, ha estat nomenat Tafoner Major 2016-2017 a un&hellip;<\/p>\n","protected":false},"author":1,"featured_media":56312,"comment_status":"open","ping_status":"closed","sticky":false,"template":"","format":"standard","meta":{"_acf_changed":false,"_swt_meta_header_display":false,"_swt_meta_footer_display":false,"_swt_meta_site_title_display":false,"_swt_meta_sticky_header":false,"_swt_meta_transparent_header":false,"footnotes":""},"categories":[1046],"tags":[],"coauthors":[],"class_list":["post-69897","post","type-post","status-publish","format-standard","has-post-thumbnail","hentry","category-actualitat-es-en"],"acf":{"gallery":null,"home_date":{"home_begin_date":null,"home_end_date":null}},"yoast_head":"<!-- This site is optimized with the Yoast SEO plugin v27.4 - https:\/\/yoast.com\/product\/yoast-seo-wordpress\/ -->\n<title>Andreu Manresa, Tafoner Major 2016-2017 - Gastron\u00f2micament<\/title>\n<meta name=\"description\" content=\"Andreu Manresa, Tafoner Major 2016-2017 Actualitat El periodista i actual director d\u2019IB3, Andreu Manresa, ha estat nomenat Tafoner Major 2016-2017 a un acte esdevingut a la finca es Colomer, dels envasadors de la DO Oli de Mallorca Joan i Mart\u00ed Mayol, d\u2019oli Verderol.\" \/>\n<meta name=\"robots\" content=\"index, follow, max-snippet:-1, max-image-preview:large, max-video-preview:-1\" \/>\n<link rel=\"canonical\" href=\"https:\/\/gastronomicament.cat\/en\/andreu-manresa-tafoner-major-2016-2017\" \/>\n<meta property=\"og:locale\" content=\"en_US\" \/>\n<meta property=\"og:type\" content=\"article\" \/>\n<meta property=\"og:title\" content=\"Andreu Manresa, Tafoner Major 2016-2017 - Gastron\u00f2micament\" \/>\n<meta property=\"og:description\" content=\"Andreu Manresa, Tafoner Major 2016-2017 Actualitat El periodista i actual director d\u2019IB3, Andreu Manresa, ha estat nomenat Tafoner Major 2016-2017 a un acte esdevingut a la finca es Colomer, dels envasadors de la DO Oli de Mallorca Joan i Mart\u00ed Mayol, d\u2019oli Verderol.\" \/>\n<meta property=\"og:url\" content=\"https:\/\/gastronomicament.cat\/en\/andreu-manresa-tafoner-major-2016-2017\" \/>\n<meta property=\"og:site_name\" content=\"Gastron\u00f2micament\" \/>\n<meta property=\"article:published_time\" content=\"2016-11-22T00:04:41+00:00\" \/>\n<meta property=\"og:image\" content=\"https:\/\/gastronomicament.cat\/wp-content\/uploads\/2016\/11\/Andreu-Manresa-Tafoner-Major-2016.jpg\" \/>\n\t<meta property=\"og:image:width\" content=\"821\" \/>\n\t<meta property=\"og:image:height\" content=\"413\" \/>\n\t<meta property=\"og:image:type\" content=\"image\/jpeg\" \/>\n<meta name=\"author\" content=\"Redacci\u00f3\" \/>\n<meta name=\"twitter:card\" content=\"summary_large_image\" \/>\n<meta name=\"twitter:creator\" content=\"@gastronomicamen\" \/>\n<meta name=\"twitter:site\" content=\"@gastronomicamen\" \/>\n<meta name=\"twitter:label1\" content=\"Written by\" \/>\n\t<meta name=\"twitter:data1\" content=\"Redacci\u00f3\" \/>\n\t<meta name=\"twitter:label2\" content=\"Est. reading time\" \/>\n\t<meta name=\"twitter:data2\" content=\"2 minutes\" \/>\n<script type=\"application\/ld+json\" class=\"yoast-schema-graph\">{\"@context\":\"https:\\\/\\\/schema.org\",\"@graph\":[{\"@type\":\"Article\",\"@id\":\"https:\\\/\\\/gastronomicament.cat\\\/en\\\/andreu-manresa-tafoner-major-2016-2017#article\",\"isPartOf\":{\"@id\":\"https:\\\/\\\/gastronomicament.cat\\\/en\\\/andreu-manresa-tafoner-major-2016-2017\"},\"author\":{\"name\":\"Redacci\u00f3\",\"@id\":\"https:\\\/\\\/gastronomicament.cat\\\/en\\\/#\\\/schema\\\/person\\\/a7c85c537a1ed62799a5b8e0f686a37f\"},\"headline\":\"Andreu Manresa, Tafoner Major 2016-2017\",\"datePublished\":\"2016-11-22T00:04:41+00:00\",\"mainEntityOfPage\":{\"@id\":\"https:\\\/\\\/gastronomicament.cat\\\/en\\\/andreu-manresa-tafoner-major-2016-2017\"},\"wordCount\":307,\"commentCount\":0,\"publisher\":{\"@id\":\"https:\\\/\\\/gastronomicament.cat\\\/en\\\/#organization\"},\"image\":{\"@id\":\"https:\\\/\\\/gastronomicament.cat\\\/en\\\/andreu-manresa-tafoner-major-2016-2017#primaryimage\"},\"thumbnailUrl\":\"https:\\\/\\\/gastronomicament.cat\\\/wp-content\\\/uploads\\\/2016\\\/11\\\/Andreu-Manresa-Tafoner-Major-2016.jpg\",\"articleSection\":[\"Actualitat\"],\"inLanguage\":\"en-US\",\"potentialAction\":[{\"@type\":\"CommentAction\",\"name\":\"Comment\",\"target\":[\"https:\\\/\\\/gastronomicament.cat\\\/en\\\/andreu-manresa-tafoner-major-2016-2017#respond\"]}]},{\"@type\":\"WebPage\",\"@id\":\"https:\\\/\\\/gastronomicament.cat\\\/en\\\/andreu-manresa-tafoner-major-2016-2017\",\"url\":\"https:\\\/\\\/gastronomicament.cat\\\/en\\\/andreu-manresa-tafoner-major-2016-2017\",\"name\":\"Andreu Manresa, Tafoner Major 2016-2017 - Gastron\u00f2micament\",\"isPartOf\":{\"@id\":\"https:\\\/\\\/gastronomicament.cat\\\/en\\\/#website\"},\"primaryImageOfPage\":{\"@id\":\"https:\\\/\\\/gastronomicament.cat\\\/en\\\/andreu-manresa-tafoner-major-2016-2017#primaryimage\"},\"image\":{\"@id\":\"https:\\\/\\\/gastronomicament.cat\\\/en\\\/andreu-manresa-tafoner-major-2016-2017#primaryimage\"},\"thumbnailUrl\":\"https:\\\/\\\/gastronomicament.cat\\\/wp-content\\\/uploads\\\/2016\\\/11\\\/Andreu-Manresa-Tafoner-Major-2016.jpg\",\"datePublished\":\"2016-11-22T00:04:41+00:00\",\"description\":\"Andreu Manresa, Tafoner Major 2016-2017 Actualitat El periodista i actual director d\u2019IB3, Andreu Manresa, ha estat nomenat Tafoner Major 2016-2017 a un acte esdevingut a la finca es Colomer, dels envasadors de la DO Oli de Mallorca Joan i Mart\u00ed Mayol, d\u2019oli Verderol.\",\"inLanguage\":\"en-US\",\"potentialAction\":[{\"@type\":\"ReadAction\",\"target\":[\"https:\\\/\\\/gastronomicament.cat\\\/en\\\/andreu-manresa-tafoner-major-2016-2017\"]}]},{\"@type\":\"ImageObject\",\"inLanguage\":\"en-US\",\"@id\":\"https:\\\/\\\/gastronomicament.cat\\\/en\\\/andreu-manresa-tafoner-major-2016-2017#primaryimage\",\"url\":\"https:\\\/\\\/gastronomicament.cat\\\/wp-content\\\/uploads\\\/2016\\\/11\\\/Andreu-Manresa-Tafoner-Major-2016.jpg\",\"contentUrl\":\"https:\\\/\\\/gastronomicament.cat\\\/wp-content\\\/uploads\\\/2016\\\/11\\\/Andreu-Manresa-Tafoner-Major-2016.jpg\",\"width\":821,\"height\":413},{\"@type\":\"WebSite\",\"@id\":\"https:\\\/\\\/gastronomicament.cat\\\/en\\\/#website\",\"url\":\"https:\\\/\\\/gastronomicament.cat\\\/en\\\/\",\"name\":\"Gastron\u00f2micament\",\"description\":\"Portal de restaurants, receptes i actualitat gastron\u00f2mica\",\"publisher\":{\"@id\":\"https:\\\/\\\/gastronomicament.cat\\\/en\\\/#organization\"},\"potentialAction\":[{\"@type\":\"SearchAction\",\"target\":{\"@type\":\"EntryPoint\",\"urlTemplate\":\"https:\\\/\\\/gastronomicament.cat\\\/en\\\/?s={search_term_string}\"},\"query-input\":{\"@type\":\"PropertyValueSpecification\",\"valueRequired\":true,\"valueName\":\"search_term_string\"}}],\"inLanguage\":\"en-US\"},{\"@type\":\"Organization\",\"@id\":\"https:\\\/\\\/gastronomicament.cat\\\/en\\\/#organization\",\"name\":\"Gastron\u00f2micament\",\"url\":\"https:\\\/\\\/gastronomicament.cat\\\/en\\\/\",\"logo\":{\"@type\":\"ImageObject\",\"inLanguage\":\"en-US\",\"@id\":\"https:\\\/\\\/gastronomicament.cat\\\/en\\\/#\\\/schema\\\/logo\\\/image\\\/\",\"url\":\"https:\\\/\\\/gastronomicament.cat\\\/wp-content\\\/uploads\\\/2016\\\/09\\\/header-logo.jpg\",\"contentUrl\":\"https:\\\/\\\/gastronomicament.cat\\\/wp-content\\\/uploads\\\/2016\\\/09\\\/header-logo.jpg\",\"width\":277,\"height\":39,\"caption\":\"Gastron\u00f2micament\"},\"image\":{\"@id\":\"https:\\\/\\\/gastronomicament.cat\\\/en\\\/#\\\/schema\\\/logo\\\/image\\\/\"},\"sameAs\":[\"https:\\\/\\\/x.com\\\/gastronomicamen\"]},{\"@type\":\"Person\",\"@id\":\"https:\\\/\\\/gastronomicament.cat\\\/en\\\/#\\\/schema\\\/person\\\/a7c85c537a1ed62799a5b8e0f686a37f\",\"name\":\"Redacci\u00f3\",\"image\":{\"@type\":\"ImageObject\",\"inLanguage\":\"en-US\",\"@id\":\"https:\\\/\\\/secure.gravatar.com\\\/avatar\\\/9489a485c464fd611d33825daae651d13db70c4e74c65c94937a15a9d4c3ee14?s=96&d=mm&r=g69fea3cce3645dfa2166e7293e22955e\",\"url\":\"https:\\\/\\\/secure.gravatar.com\\\/avatar\\\/9489a485c464fd611d33825daae651d13db70c4e74c65c94937a15a9d4c3ee14?s=96&d=mm&r=g\",\"contentUrl\":\"https:\\\/\\\/secure.gravatar.com\\\/avatar\\\/9489a485c464fd611d33825daae651d13db70c4e74c65c94937a15a9d4c3ee14?s=96&d=mm&r=g\",\"caption\":\"Redacci\u00f3\"},\"sameAs\":[\"http:\\\/\\\/gastronomicament.cat\"],\"url\":\"https:\\\/\\\/gastronomicament.cat\\\/en\\\/author\\\/admin\"}]}<\/script>\n<!-- \/ Yoast SEO plugin. -->","yoast_head_json":{"title":"Andreu Manresa, Tafoner Major 2016-2017 - Gastron\u00f2micament","description":"Andreu Manresa, Tafoner Major 2016-2017 Actualitat El periodista i actual director d\u2019IB3, Andreu Manresa, ha estat nomenat Tafoner Major 2016-2017 a un acte esdevingut a la finca es Colomer, dels envasadors de la DO Oli de Mallorca Joan i Mart\u00ed Mayol, d\u2019oli Verderol.","robots":{"index":"index","follow":"follow","max-snippet":"max-snippet:-1","max-image-preview":"max-image-preview:large","max-video-preview":"max-video-preview:-1"},"canonical":"https:\/\/gastronomicament.cat\/en\/andreu-manresa-tafoner-major-2016-2017","og_locale":"en_US","og_type":"article","og_title":"Andreu Manresa, Tafoner Major 2016-2017 - Gastron\u00f2micament","og_description":"Andreu Manresa, Tafoner Major 2016-2017 Actualitat El periodista i actual director d\u2019IB3, Andreu Manresa, ha estat nomenat Tafoner Major 2016-2017 a un acte esdevingut a la finca es Colomer, dels envasadors de la DO Oli de Mallorca Joan i Mart\u00ed Mayol, d\u2019oli Verderol.","og_url":"https:\/\/gastronomicament.cat\/en\/andreu-manresa-tafoner-major-2016-2017","og_site_name":"Gastron\u00f2micament","article_published_time":"2016-11-22T00:04:41+00:00","og_image":[{"width":821,"height":413,"url":"https:\/\/gastronomicament.cat\/wp-content\/uploads\/2016\/11\/Andreu-Manresa-Tafoner-Major-2016.jpg","type":"image\/jpeg"}],"author":"Redacci\u00f3","twitter_card":"summary_large_image","twitter_creator":"@gastronomicamen","twitter_site":"@gastronomicamen","twitter_misc":{"Written by":"Redacci\u00f3","Est. reading time":"2 minutes"},"schema":{"@context":"https:\/\/schema.org","@graph":[{"@type":"Article","@id":"https:\/\/gastronomicament.cat\/en\/andreu-manresa-tafoner-major-2016-2017#article","isPartOf":{"@id":"https:\/\/gastronomicament.cat\/en\/andreu-manresa-tafoner-major-2016-2017"},"author":{"name":"Redacci\u00f3","@id":"https:\/\/gastronomicament.cat\/en\/#\/schema\/person\/a7c85c537a1ed62799a5b8e0f686a37f"},"headline":"Andreu Manresa, Tafoner Major 2016-2017","datePublished":"2016-11-22T00:04:41+00:00","mainEntityOfPage":{"@id":"https:\/\/gastronomicament.cat\/en\/andreu-manresa-tafoner-major-2016-2017"},"wordCount":307,"commentCount":0,"publisher":{"@id":"https:\/\/gastronomicament.cat\/en\/#organization"},"image":{"@id":"https:\/\/gastronomicament.cat\/en\/andreu-manresa-tafoner-major-2016-2017#primaryimage"},"thumbnailUrl":"https:\/\/gastronomicament.cat\/wp-content\/uploads\/2016\/11\/Andreu-Manresa-Tafoner-Major-2016.jpg","articleSection":["Actualitat"],"inLanguage":"en-US","potentialAction":[{"@type":"CommentAction","name":"Comment","target":["https:\/\/gastronomicament.cat\/en\/andreu-manresa-tafoner-major-2016-2017#respond"]}]},{"@type":"WebPage","@id":"https:\/\/gastronomicament.cat\/en\/andreu-manresa-tafoner-major-2016-2017","url":"https:\/\/gastronomicament.cat\/en\/andreu-manresa-tafoner-major-2016-2017","name":"Andreu Manresa, Tafoner Major 2016-2017 - Gastron\u00f2micament","isPartOf":{"@id":"https:\/\/gastronomicament.cat\/en\/#website"},"primaryImageOfPage":{"@id":"https:\/\/gastronomicament.cat\/en\/andreu-manresa-tafoner-major-2016-2017#primaryimage"},"image":{"@id":"https:\/\/gastronomicament.cat\/en\/andreu-manresa-tafoner-major-2016-2017#primaryimage"},"thumbnailUrl":"https:\/\/gastronomicament.cat\/wp-content\/uploads\/2016\/11\/Andreu-Manresa-Tafoner-Major-2016.jpg","datePublished":"2016-11-22T00:04:41+00:00","description":"Andreu Manresa, Tafoner Major 2016-2017 Actualitat El periodista i actual director d\u2019IB3, Andreu Manresa, ha estat nomenat Tafoner Major 2016-2017 a un acte esdevingut a la finca es Colomer, dels envasadors de la DO Oli de Mallorca Joan i Mart\u00ed Mayol, d\u2019oli Verderol.","inLanguage":"en-US","potentialAction":[{"@type":"ReadAction","target":["https:\/\/gastronomicament.cat\/en\/andreu-manresa-tafoner-major-2016-2017"]}]},{"@type":"ImageObject","inLanguage":"en-US","@id":"https:\/\/gastronomicament.cat\/en\/andreu-manresa-tafoner-major-2016-2017#primaryimage","url":"https:\/\/gastronomicament.cat\/wp-content\/uploads\/2016\/11\/Andreu-Manresa-Tafoner-Major-2016.jpg","contentUrl":"https:\/\/gastronomicament.cat\/wp-content\/uploads\/2016\/11\/Andreu-Manresa-Tafoner-Major-2016.jpg","width":821,"height":413},{"@type":"WebSite","@id":"https:\/\/gastronomicament.cat\/en\/#website","url":"https:\/\/gastronomicament.cat\/en\/","name":"Gastron\u00f2micament","description":"Portal de restaurants, receptes i actualitat gastron\u00f2mica","publisher":{"@id":"https:\/\/gastronomicament.cat\/en\/#organization"},"potentialAction":[{"@type":"SearchAction","target":{"@type":"EntryPoint","urlTemplate":"https:\/\/gastronomicament.cat\/en\/?s={search_term_string}"},"query-input":{"@type":"PropertyValueSpecification","valueRequired":true,"valueName":"search_term_string"}}],"inLanguage":"en-US"},{"@type":"Organization","@id":"https:\/\/gastronomicament.cat\/en\/#organization","name":"Gastron\u00f2micament","url":"https:\/\/gastronomicament.cat\/en\/","logo":{"@type":"ImageObject","inLanguage":"en-US","@id":"https:\/\/gastronomicament.cat\/en\/#\/schema\/logo\/image\/","url":"https:\/\/gastronomicament.cat\/wp-content\/uploads\/2016\/09\/header-logo.jpg","contentUrl":"https:\/\/gastronomicament.cat\/wp-content\/uploads\/2016\/09\/header-logo.jpg","width":277,"height":39,"caption":"Gastron\u00f2micament"},"image":{"@id":"https:\/\/gastronomicament.cat\/en\/#\/schema\/logo\/image\/"},"sameAs":["https:\/\/x.com\/gastronomicamen"]},{"@type":"Person","@id":"https:\/\/gastronomicament.cat\/en\/#\/schema\/person\/a7c85c537a1ed62799a5b8e0f686a37f","name":"Redacci\u00f3","image":{"@type":"ImageObject","inLanguage":"en-US","@id":"https:\/\/secure.gravatar.com\/avatar\/9489a485c464fd611d33825daae651d13db70c4e74c65c94937a15a9d4c3ee14?s=96&d=mm&r=g69fea3cce3645dfa2166e7293e22955e","url":"https:\/\/secure.gravatar.com\/avatar\/9489a485c464fd611d33825daae651d13db70c4e74c65c94937a15a9d4c3ee14?s=96&d=mm&r=g","contentUrl":"https:\/\/secure.gravatar.com\/avatar\/9489a485c464fd611d33825daae651d13db70c4e74c65c94937a15a9d4c3ee14?s=96&d=mm&r=g","caption":"Redacci\u00f3"},"sameAs":["http:\/\/gastronomicament.cat"],"url":"https:\/\/gastronomicament.cat\/en\/author\/admin"}]}},"_links":{"self":[{"href":"https:\/\/gastronomicament.cat\/en\/wp-json\/wp\/v2\/posts\/69897","targetHints":{"allow":["GET"]}}],"collection":[{"href":"https:\/\/gastronomicament.cat\/en\/wp-json\/wp\/v2\/posts"}],"about":[{"href":"https:\/\/gastronomicament.cat\/en\/wp-json\/wp\/v2\/types\/post"}],"author":[{"embeddable":true,"href":"https:\/\/gastronomicament.cat\/en\/wp-json\/wp\/v2\/users\/1"}],"replies":[{"embeddable":true,"href":"https:\/\/gastronomicament.cat\/en\/wp-json\/wp\/v2\/comments?post=69897"}],"version-history":[{"count":0,"href":"https:\/\/gastronomicament.cat\/en\/wp-json\/wp\/v2\/posts\/69897\/revisions"}],"wp:featuredmedia":[{"embeddable":true,"href":"https:\/\/gastronomicament.cat\/en\/wp-json\/wp\/v2\/media\/56312"}],"wp:attachment":[{"href":"https:\/\/gastronomicament.cat\/en\/wp-json\/wp\/v2\/media?parent=69897"}],"wp:term":[{"taxonomy":"category","embeddable":true,"href":"https:\/\/gastronomicament.cat\/en\/wp-json\/wp\/v2\/categories?post=69897"},{"taxonomy":"post_tag","embeddable":true,"href":"https:\/\/gastronomicament.cat\/en\/wp-json\/wp\/v2\/tags?post=69897"},{"taxonomy":"author","embeddable":true,"href":"https:\/\/gastronomicament.cat\/en\/wp-json\/wp\/v2\/coauthors?post=69897"}],"curies":[{"name":"wp","href":"https:\/\/api.w.org\/{rel}","templated":true}]}}