{"id":70121,"date":"2016-07-14T03:18:51","date_gmt":"2016-07-14T01:18:51","guid":{"rendered":"https:\/\/gastronomicament.cat\/miquel-vallcaneras-una-vida-dedicada-al-cafe"},"modified":"2022-04-09T10:47:50","modified_gmt":"2022-04-09T08:47:50","slug":"miquel-vallcaneras-una-vida-dedicada-al-cafe","status":"publish","type":"post","link":"https:\/\/gastronomicament.cat\/en\/miquel-vallcaneras-una-vida-dedicada-al-cafe","title":{"rendered":"Miquel Vallcaneras, una vida dedicada al caf\u00e8"},"content":{"rendered":"<p>La finca de Can Biel\u00f3 de Lloret es va convertir en una festa per celebrar el 65 aniversari i la jubilaci\u00f3 de Miquel Vallcaneras, propietari Caf\u00e8s Bay. Despr\u00e9s de tota una vida dedicada al caf\u00e8, Miquel fa un pas al costat.<\/p>\n<p>Fam\u00edlia i amics han gaudit d&#8217;una vetlada m\u00e0gica i molt entranyable el dimecres 13 de juliol, en la qual no hi falt\u00e0 la m\u00fasica i el c\u00e0tering oferit per el Restaurant Es Cruce de Vilafranca.<\/p>\n<p><strong>Una traject\u00f2ria amb hist\u00f2ria<\/strong><br \/>\nMiquel Vallcaneras comen\u00e7\u00e0 a fer feina a l&#8217;aleshores Caf\u00e8s Bah\u00eda l&#8217;any 1973, com a distribu\u00efdor.\u00a0Com que els propietaris d&#8217;aquell moment no varen poder registrar el nom de l&#8217;empresa; prop de l&#8217;any \u00a01980, canviaren la denominaci\u00f3 de Caf\u00e8s Bah\u00eda per Caf\u00e8s Bay. No va ser fins l&#8217;any 1988 que Miquel i el seu germ\u00e0 Toni Vallcaneras compraren l&#8217;empresa als propietaris de Caf\u00e8s Bay, i en traslladaren la ubicaci\u00f3 de Palma a Lloret, concretament a Can Biel\u00f3, una finca que el seu pare va comprar devers l&#8217;any 1920.<\/p>\n<p>Al llarg de la vida hi ha alegries, per\u00f2 tamb\u00e9 hi ha tristeses com la mort prematura del seu germ\u00e0 Toni, per\u00f2 Miquel continu\u00e0 endavant amb una de les poques torradores de caf\u00e8 que hi ha a Mallorca. Ara fa aproximadament 10 anys que el seu fill Toni treballa amb ell, i ha sabut aprendre de la feina i const\u00e0ncia de son pare, qui\u00a0ha aconseguit fer de Caf\u00e8s Bay una empresa de refer\u00e8ncia.<\/p>\n<p>Amb aquesta jubilaci\u00f3, Toni Vallcaneras agafa el relleu amb una aposta clara pel caf\u00e8 de qualitat i tamb\u00e9 pel caf\u00e8 d&#8217;especialitat, i amb una visi\u00f3 clara de futur a curt i llarg termini. <strong>Per molts d&#8217;anys!<\/strong><!--more--><\/p>\n","protected":false},"excerpt":{"rendered":"<p>Fam\u00edlia i amics han gaudit d&#8217;una vetlada m\u00e0gica i molt entranyable amb Miquel Vallcaneras.<\/p>\n","protected":false},"author":1,"featured_media":55960,"comment_status":"open","ping_status":"closed","sticky":false,"template":"","format":"gallery","meta":{"_acf_changed":false,"_swt_meta_header_display":false,"_swt_meta_footer_display":false,"_swt_meta_site_title_display":false,"_swt_meta_sticky_header":false,"_swt_meta_transparent_header":false,"footnotes":""},"categories":[1046],"tags":[],"coauthors":[],"class_list":["post-70121","post","type-post","status-publish","format-gallery","has-post-thumbnail","hentry","category-actualitat-es-en","post_format-post-format-gallery"],"acf":{"gallery":null,"home_date":{"home_begin_date":null,"home_end_date":null}},"yoast_head":"<!-- This site is optimized with the Yoast SEO plugin v27.4 - https:\/\/yoast.com\/product\/yoast-seo-wordpress\/ -->\n<title>Miquel Vallcaneras, una vida dedicada al caf\u00e8<\/title>\n<meta name=\"description\" content=\"Miquel Vallcaneras, una vida dedicada al caf\u00e8\" \/>\n<meta name=\"robots\" content=\"index, follow, max-snippet:-1, max-image-preview:large, max-video-preview:-1\" \/>\n<link rel=\"canonical\" href=\"https:\/\/gastronomicament.cat\/en\/miquel-vallcaneras-una-vida-dedicada-al-cafe\" \/>\n<meta property=\"og:locale\" content=\"en_US\" \/>\n<meta property=\"og:type\" content=\"article\" \/>\n<meta property=\"og:title\" content=\"Miquel Vallcaneras, una vida dedicada al caf\u00e8\" \/>\n<meta property=\"og:description\" content=\"Miquel Vallcaneras, una vida dedicada al caf\u00e8\" \/>\n<meta property=\"og:url\" content=\"https:\/\/gastronomicament.cat\/en\/miquel-vallcaneras-una-vida-dedicada-al-cafe\" \/>\n<meta property=\"og:site_name\" content=\"Gastron\u00f2micament\" \/>\n<meta property=\"article:published_time\" content=\"2016-07-14T01:18:51+00:00\" \/>\n<meta property=\"article:modified_time\" content=\"2022-04-09T08:47:50+00:00\" \/>\n<meta property=\"og:image\" content=\"https:\/\/gastronomicament.cat\/wp-content\/uploads\/2016\/07\/miquel-vallcaneras-cafes-bay.jpg\" \/>\n\t<meta property=\"og:image:width\" content=\"640\" \/>\n\t<meta property=\"og:image:height\" content=\"300\" \/>\n\t<meta property=\"og:image:type\" content=\"image\/jpeg\" \/>\n<meta name=\"author\" content=\"Redacci\u00f3\" \/>\n<meta name=\"twitter:card\" content=\"summary_large_image\" \/>\n<meta name=\"twitter:creator\" content=\"@gastronomicamen\" \/>\n<meta name=\"twitter:site\" content=\"@gastronomicamen\" \/>\n<meta name=\"twitter:label1\" content=\"Written by\" \/>\n\t<meta name=\"twitter:data1\" content=\"Redacci\u00f3\" \/>\n\t<meta name=\"twitter:label2\" content=\"Est. reading time\" \/>\n\t<meta name=\"twitter:data2\" content=\"1 minute\" \/>\n<script type=\"application\/ld+json\" class=\"yoast-schema-graph\">{\"@context\":\"https:\\\/\\\/schema.org\",\"@graph\":[{\"@type\":\"Article\",\"@id\":\"https:\\\/\\\/gastronomicament.cat\\\/en\\\/miquel-vallcaneras-una-vida-dedicada-al-cafe#article\",\"isPartOf\":{\"@id\":\"https:\\\/\\\/gastronomicament.cat\\\/en\\\/miquel-vallcaneras-una-vida-dedicada-al-cafe\"},\"author\":{\"name\":\"Redacci\u00f3\",\"@id\":\"https:\\\/\\\/gastronomicament.cat\\\/en\\\/#\\\/schema\\\/person\\\/a7c85c537a1ed62799a5b8e0f686a37f\"},\"headline\":\"Miquel Vallcaneras, una vida dedicada al caf\u00e8\",\"datePublished\":\"2016-07-14T01:18:51+00:00\",\"dateModified\":\"2022-04-09T08:47:50+00:00\",\"mainEntityOfPage\":{\"@id\":\"https:\\\/\\\/gastronomicament.cat\\\/en\\\/miquel-vallcaneras-una-vida-dedicada-al-cafe\"},\"wordCount\":295,\"commentCount\":0,\"publisher\":{\"@id\":\"https:\\\/\\\/gastronomicament.cat\\\/en\\\/#organization\"},\"image\":{\"@id\":\"https:\\\/\\\/gastronomicament.cat\\\/en\\\/miquel-vallcaneras-una-vida-dedicada-al-cafe#primaryimage\"},\"thumbnailUrl\":\"https:\\\/\\\/gastronomicament.cat\\\/wp-content\\\/uploads\\\/2016\\\/07\\\/miquel-vallcaneras-cafes-bay.jpg\",\"articleSection\":[\"Actualitat\"],\"inLanguage\":\"en-US\",\"potentialAction\":[{\"@type\":\"CommentAction\",\"name\":\"Comment\",\"target\":[\"https:\\\/\\\/gastronomicament.cat\\\/en\\\/miquel-vallcaneras-una-vida-dedicada-al-cafe#respond\"]}]},{\"@type\":\"WebPage\",\"@id\":\"https:\\\/\\\/gastronomicament.cat\\\/en\\\/miquel-vallcaneras-una-vida-dedicada-al-cafe\",\"url\":\"https:\\\/\\\/gastronomicament.cat\\\/en\\\/miquel-vallcaneras-una-vida-dedicada-al-cafe\",\"name\":\"Miquel Vallcaneras, una vida dedicada al caf\u00e8\",\"isPartOf\":{\"@id\":\"https:\\\/\\\/gastronomicament.cat\\\/en\\\/#website\"},\"primaryImageOfPage\":{\"@id\":\"https:\\\/\\\/gastronomicament.cat\\\/en\\\/miquel-vallcaneras-una-vida-dedicada-al-cafe#primaryimage\"},\"image\":{\"@id\":\"https:\\\/\\\/gastronomicament.cat\\\/en\\\/miquel-vallcaneras-una-vida-dedicada-al-cafe#primaryimage\"},\"thumbnailUrl\":\"https:\\\/\\\/gastronomicament.cat\\\/wp-content\\\/uploads\\\/2016\\\/07\\\/miquel-vallcaneras-cafes-bay.jpg\",\"datePublished\":\"2016-07-14T01:18:51+00:00\",\"dateModified\":\"2022-04-09T08:47:50+00:00\",\"description\":\"Miquel Vallcaneras, una vida dedicada al caf\u00e8\",\"inLanguage\":\"en-US\",\"potentialAction\":[{\"@type\":\"ReadAction\",\"target\":[\"https:\\\/\\\/gastronomicament.cat\\\/en\\\/miquel-vallcaneras-una-vida-dedicada-al-cafe\"]}]},{\"@type\":\"ImageObject\",\"inLanguage\":\"en-US\",\"@id\":\"https:\\\/\\\/gastronomicament.cat\\\/en\\\/miquel-vallcaneras-una-vida-dedicada-al-cafe#primaryimage\",\"url\":\"https:\\\/\\\/gastronomicament.cat\\\/wp-content\\\/uploads\\\/2016\\\/07\\\/miquel-vallcaneras-cafes-bay.jpg\",\"contentUrl\":\"https:\\\/\\\/gastronomicament.cat\\\/wp-content\\\/uploads\\\/2016\\\/07\\\/miquel-vallcaneras-cafes-bay.jpg\",\"width\":640,\"height\":300},{\"@type\":\"WebSite\",\"@id\":\"https:\\\/\\\/gastronomicament.cat\\\/en\\\/#website\",\"url\":\"https:\\\/\\\/gastronomicament.cat\\\/en\\\/\",\"name\":\"Gastron\u00f2micament\",\"description\":\"Portal de restaurants, receptes i actualitat gastron\u00f2mica\",\"publisher\":{\"@id\":\"https:\\\/\\\/gastronomicament.cat\\\/en\\\/#organization\"},\"potentialAction\":[{\"@type\":\"SearchAction\",\"target\":{\"@type\":\"EntryPoint\",\"urlTemplate\":\"https:\\\/\\\/gastronomicament.cat\\\/en\\\/?s={search_term_string}\"},\"query-input\":{\"@type\":\"PropertyValueSpecification\",\"valueRequired\":true,\"valueName\":\"search_term_string\"}}],\"inLanguage\":\"en-US\"},{\"@type\":\"Organization\",\"@id\":\"https:\\\/\\\/gastronomicament.cat\\\/en\\\/#organization\",\"name\":\"Gastron\u00f2micament\",\"url\":\"https:\\\/\\\/gastronomicament.cat\\\/en\\\/\",\"logo\":{\"@type\":\"ImageObject\",\"inLanguage\":\"en-US\",\"@id\":\"https:\\\/\\\/gastronomicament.cat\\\/en\\\/#\\\/schema\\\/logo\\\/image\\\/\",\"url\":\"https:\\\/\\\/gastronomicament.cat\\\/wp-content\\\/uploads\\\/2016\\\/09\\\/header-logo.jpg\",\"contentUrl\":\"https:\\\/\\\/gastronomicament.cat\\\/wp-content\\\/uploads\\\/2016\\\/09\\\/header-logo.jpg\",\"width\":277,\"height\":39,\"caption\":\"Gastron\u00f2micament\"},\"image\":{\"@id\":\"https:\\\/\\\/gastronomicament.cat\\\/en\\\/#\\\/schema\\\/logo\\\/image\\\/\"},\"sameAs\":[\"https:\\\/\\\/x.com\\\/gastronomicamen\"]},{\"@type\":\"Person\",\"@id\":\"https:\\\/\\\/gastronomicament.cat\\\/en\\\/#\\\/schema\\\/person\\\/a7c85c537a1ed62799a5b8e0f686a37f\",\"name\":\"Redacci\u00f3\",\"image\":{\"@type\":\"ImageObject\",\"inLanguage\":\"en-US\",\"@id\":\"https:\\\/\\\/secure.gravatar.com\\\/avatar\\\/9489a485c464fd611d33825daae651d13db70c4e74c65c94937a15a9d4c3ee14?s=96&d=mm&r=g69fea3cce3645dfa2166e7293e22955e\",\"url\":\"https:\\\/\\\/secure.gravatar.com\\\/avatar\\\/9489a485c464fd611d33825daae651d13db70c4e74c65c94937a15a9d4c3ee14?s=96&d=mm&r=g\",\"contentUrl\":\"https:\\\/\\\/secure.gravatar.com\\\/avatar\\\/9489a485c464fd611d33825daae651d13db70c4e74c65c94937a15a9d4c3ee14?s=96&d=mm&r=g\",\"caption\":\"Redacci\u00f3\"},\"sameAs\":[\"http:\\\/\\\/gastronomicament.cat\"],\"url\":\"https:\\\/\\\/gastronomicament.cat\\\/en\\\/author\\\/admin\"}]}<\/script>\n<!-- \/ Yoast SEO plugin. -->","yoast_head_json":{"title":"Miquel Vallcaneras, una vida dedicada al caf\u00e8","description":"Miquel Vallcaneras, una vida dedicada al caf\u00e8","robots":{"index":"index","follow":"follow","max-snippet":"max-snippet:-1","max-image-preview":"max-image-preview:large","max-video-preview":"max-video-preview:-1"},"canonical":"https:\/\/gastronomicament.cat\/en\/miquel-vallcaneras-una-vida-dedicada-al-cafe","og_locale":"en_US","og_type":"article","og_title":"Miquel Vallcaneras, una vida dedicada al caf\u00e8","og_description":"Miquel Vallcaneras, una vida dedicada al caf\u00e8","og_url":"https:\/\/gastronomicament.cat\/en\/miquel-vallcaneras-una-vida-dedicada-al-cafe","og_site_name":"Gastron\u00f2micament","article_published_time":"2016-07-14T01:18:51+00:00","article_modified_time":"2022-04-09T08:47:50+00:00","og_image":[{"width":640,"height":300,"url":"https:\/\/gastronomicament.cat\/wp-content\/uploads\/2016\/07\/miquel-vallcaneras-cafes-bay.jpg","type":"image\/jpeg"}],"author":"Redacci\u00f3","twitter_card":"summary_large_image","twitter_creator":"@gastronomicamen","twitter_site":"@gastronomicamen","twitter_misc":{"Written by":"Redacci\u00f3","Est. reading time":"1 minute"},"schema":{"@context":"https:\/\/schema.org","@graph":[{"@type":"Article","@id":"https:\/\/gastronomicament.cat\/en\/miquel-vallcaneras-una-vida-dedicada-al-cafe#article","isPartOf":{"@id":"https:\/\/gastronomicament.cat\/en\/miquel-vallcaneras-una-vida-dedicada-al-cafe"},"author":{"name":"Redacci\u00f3","@id":"https:\/\/gastronomicament.cat\/en\/#\/schema\/person\/a7c85c537a1ed62799a5b8e0f686a37f"},"headline":"Miquel Vallcaneras, una vida dedicada al caf\u00e8","datePublished":"2016-07-14T01:18:51+00:00","dateModified":"2022-04-09T08:47:50+00:00","mainEntityOfPage":{"@id":"https:\/\/gastronomicament.cat\/en\/miquel-vallcaneras-una-vida-dedicada-al-cafe"},"wordCount":295,"commentCount":0,"publisher":{"@id":"https:\/\/gastronomicament.cat\/en\/#organization"},"image":{"@id":"https:\/\/gastronomicament.cat\/en\/miquel-vallcaneras-una-vida-dedicada-al-cafe#primaryimage"},"thumbnailUrl":"https:\/\/gastronomicament.cat\/wp-content\/uploads\/2016\/07\/miquel-vallcaneras-cafes-bay.jpg","articleSection":["Actualitat"],"inLanguage":"en-US","potentialAction":[{"@type":"CommentAction","name":"Comment","target":["https:\/\/gastronomicament.cat\/en\/miquel-vallcaneras-una-vida-dedicada-al-cafe#respond"]}]},{"@type":"WebPage","@id":"https:\/\/gastronomicament.cat\/en\/miquel-vallcaneras-una-vida-dedicada-al-cafe","url":"https:\/\/gastronomicament.cat\/en\/miquel-vallcaneras-una-vida-dedicada-al-cafe","name":"Miquel Vallcaneras, una vida dedicada al caf\u00e8","isPartOf":{"@id":"https:\/\/gastronomicament.cat\/en\/#website"},"primaryImageOfPage":{"@id":"https:\/\/gastronomicament.cat\/en\/miquel-vallcaneras-una-vida-dedicada-al-cafe#primaryimage"},"image":{"@id":"https:\/\/gastronomicament.cat\/en\/miquel-vallcaneras-una-vida-dedicada-al-cafe#primaryimage"},"thumbnailUrl":"https:\/\/gastronomicament.cat\/wp-content\/uploads\/2016\/07\/miquel-vallcaneras-cafes-bay.jpg","datePublished":"2016-07-14T01:18:51+00:00","dateModified":"2022-04-09T08:47:50+00:00","description":"Miquel Vallcaneras, una vida dedicada al caf\u00e8","inLanguage":"en-US","potentialAction":[{"@type":"ReadAction","target":["https:\/\/gastronomicament.cat\/en\/miquel-vallcaneras-una-vida-dedicada-al-cafe"]}]},{"@type":"ImageObject","inLanguage":"en-US","@id":"https:\/\/gastronomicament.cat\/en\/miquel-vallcaneras-una-vida-dedicada-al-cafe#primaryimage","url":"https:\/\/gastronomicament.cat\/wp-content\/uploads\/2016\/07\/miquel-vallcaneras-cafes-bay.jpg","contentUrl":"https:\/\/gastronomicament.cat\/wp-content\/uploads\/2016\/07\/miquel-vallcaneras-cafes-bay.jpg","width":640,"height":300},{"@type":"WebSite","@id":"https:\/\/gastronomicament.cat\/en\/#website","url":"https:\/\/gastronomicament.cat\/en\/","name":"Gastron\u00f2micament","description":"Portal de restaurants, receptes i actualitat gastron\u00f2mica","publisher":{"@id":"https:\/\/gastronomicament.cat\/en\/#organization"},"potentialAction":[{"@type":"SearchAction","target":{"@type":"EntryPoint","urlTemplate":"https:\/\/gastronomicament.cat\/en\/?s={search_term_string}"},"query-input":{"@type":"PropertyValueSpecification","valueRequired":true,"valueName":"search_term_string"}}],"inLanguage":"en-US"},{"@type":"Organization","@id":"https:\/\/gastronomicament.cat\/en\/#organization","name":"Gastron\u00f2micament","url":"https:\/\/gastronomicament.cat\/en\/","logo":{"@type":"ImageObject","inLanguage":"en-US","@id":"https:\/\/gastronomicament.cat\/en\/#\/schema\/logo\/image\/","url":"https:\/\/gastronomicament.cat\/wp-content\/uploads\/2016\/09\/header-logo.jpg","contentUrl":"https:\/\/gastronomicament.cat\/wp-content\/uploads\/2016\/09\/header-logo.jpg","width":277,"height":39,"caption":"Gastron\u00f2micament"},"image":{"@id":"https:\/\/gastronomicament.cat\/en\/#\/schema\/logo\/image\/"},"sameAs":["https:\/\/x.com\/gastronomicamen"]},{"@type":"Person","@id":"https:\/\/gastronomicament.cat\/en\/#\/schema\/person\/a7c85c537a1ed62799a5b8e0f686a37f","name":"Redacci\u00f3","image":{"@type":"ImageObject","inLanguage":"en-US","@id":"https:\/\/secure.gravatar.com\/avatar\/9489a485c464fd611d33825daae651d13db70c4e74c65c94937a15a9d4c3ee14?s=96&d=mm&r=g69fea3cce3645dfa2166e7293e22955e","url":"https:\/\/secure.gravatar.com\/avatar\/9489a485c464fd611d33825daae651d13db70c4e74c65c94937a15a9d4c3ee14?s=96&d=mm&r=g","contentUrl":"https:\/\/secure.gravatar.com\/avatar\/9489a485c464fd611d33825daae651d13db70c4e74c65c94937a15a9d4c3ee14?s=96&d=mm&r=g","caption":"Redacci\u00f3"},"sameAs":["http:\/\/gastronomicament.cat"],"url":"https:\/\/gastronomicament.cat\/en\/author\/admin"}]}},"_links":{"self":[{"href":"https:\/\/gastronomicament.cat\/en\/wp-json\/wp\/v2\/posts\/70121","targetHints":{"allow":["GET"]}}],"collection":[{"href":"https:\/\/gastronomicament.cat\/en\/wp-json\/wp\/v2\/posts"}],"about":[{"href":"https:\/\/gastronomicament.cat\/en\/wp-json\/wp\/v2\/types\/post"}],"author":[{"embeddable":true,"href":"https:\/\/gastronomicament.cat\/en\/wp-json\/wp\/v2\/users\/1"}],"replies":[{"embeddable":true,"href":"https:\/\/gastronomicament.cat\/en\/wp-json\/wp\/v2\/comments?post=70121"}],"version-history":[{"count":0,"href":"https:\/\/gastronomicament.cat\/en\/wp-json\/wp\/v2\/posts\/70121\/revisions"}],"wp:featuredmedia":[{"embeddable":true,"href":"https:\/\/gastronomicament.cat\/en\/wp-json\/wp\/v2\/media\/55960"}],"wp:attachment":[{"href":"https:\/\/gastronomicament.cat\/en\/wp-json\/wp\/v2\/media?parent=70121"}],"wp:term":[{"taxonomy":"category","embeddable":true,"href":"https:\/\/gastronomicament.cat\/en\/wp-json\/wp\/v2\/categories?post=70121"},{"taxonomy":"post_tag","embeddable":true,"href":"https:\/\/gastronomicament.cat\/en\/wp-json\/wp\/v2\/tags?post=70121"},{"taxonomy":"author","embeddable":true,"href":"https:\/\/gastronomicament.cat\/en\/wp-json\/wp\/v2\/coauthors?post=70121"}],"curies":[{"name":"wp","href":"https:\/\/api.w.org\/{rel}","templated":true}]}}