{"id":70349,"date":"2016-03-09T13:02:41","date_gmt":"2016-03-09T12:02:41","guid":{"rendered":"https:\/\/gastronomicament.cat\/menu-de-cuina-ramon-llull"},"modified":"2016-03-09T13:02:41","modified_gmt":"2016-03-09T12:02:41","slug":"menu-de-cuina-ramon-llull","status":"publish","type":"post","link":"https:\/\/gastronomicament.cat\/en\/menu-de-cuina-ramon-llull","title":{"rendered":"Men\u00fa de cuina &#8216;Ramon Llull&#8217;"},"content":{"rendered":"<p>L&#8217;<a href=\"http:\/\/www.ehib.es\" target=\"_blank\" rel=\"noopener\">Escola d&#8217;Hoteleria de les Illes Balears<\/a> i l&#8217;<a href=\"http:\/\/academiadelacuinaidelvidemallorca.blogspot.com\" target=\"_blank\" rel=\"noopener\">Acad\u00e8mia de la Cuina i del Vi de Mallorca<\/a> se sumen als actes per celebrar els set-cents aniversari de Ramon Llull.<\/p>\n<p>Totes dues entitats, col\u00b7laboren plegades per retre un homenatge particular al savi universal Ramon Llull.<\/p>\n<p style=\"text-align: center;\">El men\u00fa de cuina &#8216;Ramon Llull&#8217; est\u00e0 compost per:<\/p>\n<div style=\"text-align: center;\"><strong>Aperitiu<\/strong><\/div>\n<div style=\"text-align: center;\">Morterol de xot i gallina servit amb torrades<\/div>\n<div style=\"text-align: center;\"><\/div>\n<div style=\"text-align: center;\"><strong>Men\u00fa<\/strong><\/div>\n<div style=\"text-align: center;\">Rajada amb allada, pur\u00e9 de carxofes i escuma de fonoll<\/div>\n<div style=\"text-align: center;\"><\/div>\n<div style=\"text-align: center;\">***<\/div>\n<div style=\"text-align: center;\">Magret d&#8217;\u00e0nec rostit amb salsa de c\u00edtrics, pur\u00e9 de p\u00e8sols i formatge brie<\/div>\n<div style=\"text-align: center;\"><\/div>\n<div style=\"text-align: center;\">***<\/div>\n<div style=\"text-align: center;\">Menjar blanc con <em>gel\u00e9e<\/em> de cireres<\/div>\n<div style=\"text-align: center;\"><\/div>\n<div style=\"text-align: center;\">Neules i piment<\/div>\n<div><\/div>\n<div style=\"text-align: center;\">T\u00e9 un preu de 25 euros amb vi mallorqui i aigua inclosos.<\/div>\n<div><\/div>\n<div><strong> Est\u00e0 disponible fent la reserva una setmana abans, de dilluns a divendres, fins al 29 d&#8217;abril.<\/strong><\/div>\n<p>Reserves al: 971 172 626<!--more--><\/p>\n","protected":false},"excerpt":{"rendered":"<p>Es podr\u00e0 degustar qualsevol dia (de dilluns a divendres) amb reserva anticipada (recomanable 1 setmana), i&hellip;<\/p>\n","protected":false},"author":1,"featured_media":55478,"comment_status":"open","ping_status":"closed","sticky":false,"template":"","format":"gallery","meta":{"_acf_changed":false,"_swt_meta_header_display":false,"_swt_meta_footer_display":false,"_swt_meta_site_title_display":false,"_swt_meta_sticky_header":false,"_swt_meta_transparent_header":false,"footnotes":""},"categories":[1046],"tags":[],"coauthors":[],"class_list":["post-70349","post","type-post","status-publish","format-gallery","has-post-thumbnail","hentry","category-actualitat-es-en","post_format-post-format-gallery"],"acf":{"gallery":null,"home_date":{"home_begin_date":null,"home_end_date":null}},"yoast_head":"<!-- This site is optimized with the Yoast SEO plugin v27.4 - https:\/\/yoast.com\/product\/yoast-seo-wordpress\/ -->\n<title>Men\u00fa de cuina &#039;Ramon Llull&#039;<\/title>\n<meta name=\"description\" content=\"Men\u00fa de cuina &#039;Ramon Llull&#039;\" \/>\n<meta name=\"robots\" content=\"index, follow, max-snippet:-1, max-image-preview:large, max-video-preview:-1\" \/>\n<link rel=\"canonical\" href=\"https:\/\/gastronomicament.cat\/en\/menu-de-cuina-ramon-llull\" \/>\n<meta property=\"og:locale\" content=\"en_US\" \/>\n<meta property=\"og:type\" content=\"article\" \/>\n<meta property=\"og:title\" content=\"Men\u00fa de cuina &#039;Ramon Llull&#039;\" \/>\n<meta property=\"og:description\" content=\"Men\u00fa de cuina &#039;Ramon Llull&#039;\" \/>\n<meta property=\"og:url\" content=\"https:\/\/gastronomicament.cat\/en\/menu-de-cuina-ramon-llull\" \/>\n<meta property=\"og:site_name\" content=\"Gastron\u00f2micament\" \/>\n<meta property=\"article:published_time\" content=\"2016-03-09T12:02:41+00:00\" \/>\n<meta property=\"og:image\" content=\"https:\/\/gastronomicament.cat\/wp-content\/uploads\/2016\/03\/menu-ramon-llull.png\" \/>\n\t<meta property=\"og:image:width\" content=\"640\" \/>\n\t<meta property=\"og:image:height\" content=\"300\" \/>\n\t<meta property=\"og:image:type\" content=\"image\/png\" \/>\n<meta name=\"author\" content=\"Redacci\u00f3\" \/>\n<meta name=\"twitter:card\" content=\"summary_large_image\" \/>\n<meta name=\"twitter:creator\" content=\"@gastronomicamen\" \/>\n<meta name=\"twitter:site\" content=\"@gastronomicamen\" \/>\n<meta name=\"twitter:label1\" content=\"Written by\" \/>\n\t<meta name=\"twitter:data1\" content=\"Redacci\u00f3\" \/>\n\t<meta name=\"twitter:label2\" content=\"Est. reading time\" \/>\n\t<meta name=\"twitter:data2\" content=\"1 minute\" \/>\n<script type=\"application\/ld+json\" class=\"yoast-schema-graph\">{\"@context\":\"https:\\\/\\\/schema.org\",\"@graph\":[{\"@type\":\"Article\",\"@id\":\"https:\\\/\\\/gastronomicament.cat\\\/en\\\/menu-de-cuina-ramon-llull#article\",\"isPartOf\":{\"@id\":\"https:\\\/\\\/gastronomicament.cat\\\/en\\\/menu-de-cuina-ramon-llull\"},\"author\":{\"name\":\"Redacci\u00f3\",\"@id\":\"https:\\\/\\\/gastronomicament.cat\\\/en\\\/#\\\/schema\\\/person\\\/a7c85c537a1ed62799a5b8e0f686a37f\"},\"headline\":\"Men\u00fa de cuina &#8216;Ramon Llull&#8217;\",\"datePublished\":\"2016-03-09T12:02:41+00:00\",\"mainEntityOfPage\":{\"@id\":\"https:\\\/\\\/gastronomicament.cat\\\/en\\\/menu-de-cuina-ramon-llull\"},\"wordCount\":133,\"commentCount\":0,\"publisher\":{\"@id\":\"https:\\\/\\\/gastronomicament.cat\\\/en\\\/#organization\"},\"image\":{\"@id\":\"https:\\\/\\\/gastronomicament.cat\\\/en\\\/menu-de-cuina-ramon-llull#primaryimage\"},\"thumbnailUrl\":\"https:\\\/\\\/gastronomicament.cat\\\/wp-content\\\/uploads\\\/2016\\\/03\\\/menu-ramon-llull.png\",\"articleSection\":[\"Actualitat\"],\"inLanguage\":\"en-US\",\"potentialAction\":[{\"@type\":\"CommentAction\",\"name\":\"Comment\",\"target\":[\"https:\\\/\\\/gastronomicament.cat\\\/en\\\/menu-de-cuina-ramon-llull#respond\"]}]},{\"@type\":\"WebPage\",\"@id\":\"https:\\\/\\\/gastronomicament.cat\\\/en\\\/menu-de-cuina-ramon-llull\",\"url\":\"https:\\\/\\\/gastronomicament.cat\\\/en\\\/menu-de-cuina-ramon-llull\",\"name\":\"Men\u00fa de cuina 'Ramon Llull'\",\"isPartOf\":{\"@id\":\"https:\\\/\\\/gastronomicament.cat\\\/en\\\/#website\"},\"primaryImageOfPage\":{\"@id\":\"https:\\\/\\\/gastronomicament.cat\\\/en\\\/menu-de-cuina-ramon-llull#primaryimage\"},\"image\":{\"@id\":\"https:\\\/\\\/gastronomicament.cat\\\/en\\\/menu-de-cuina-ramon-llull#primaryimage\"},\"thumbnailUrl\":\"https:\\\/\\\/gastronomicament.cat\\\/wp-content\\\/uploads\\\/2016\\\/03\\\/menu-ramon-llull.png\",\"datePublished\":\"2016-03-09T12:02:41+00:00\",\"description\":\"Men\u00fa de cuina 'Ramon Llull'\",\"inLanguage\":\"en-US\",\"potentialAction\":[{\"@type\":\"ReadAction\",\"target\":[\"https:\\\/\\\/gastronomicament.cat\\\/en\\\/menu-de-cuina-ramon-llull\"]}]},{\"@type\":\"ImageObject\",\"inLanguage\":\"en-US\",\"@id\":\"https:\\\/\\\/gastronomicament.cat\\\/en\\\/menu-de-cuina-ramon-llull#primaryimage\",\"url\":\"https:\\\/\\\/gastronomicament.cat\\\/wp-content\\\/uploads\\\/2016\\\/03\\\/menu-ramon-llull.png\",\"contentUrl\":\"https:\\\/\\\/gastronomicament.cat\\\/wp-content\\\/uploads\\\/2016\\\/03\\\/menu-ramon-llull.png\",\"width\":640,\"height\":300},{\"@type\":\"WebSite\",\"@id\":\"https:\\\/\\\/gastronomicament.cat\\\/en\\\/#website\",\"url\":\"https:\\\/\\\/gastronomicament.cat\\\/en\\\/\",\"name\":\"Gastron\u00f2micament\",\"description\":\"Portal de restaurants, receptes i actualitat gastron\u00f2mica\",\"publisher\":{\"@id\":\"https:\\\/\\\/gastronomicament.cat\\\/en\\\/#organization\"},\"potentialAction\":[{\"@type\":\"SearchAction\",\"target\":{\"@type\":\"EntryPoint\",\"urlTemplate\":\"https:\\\/\\\/gastronomicament.cat\\\/en\\\/?s={search_term_string}\"},\"query-input\":{\"@type\":\"PropertyValueSpecification\",\"valueRequired\":true,\"valueName\":\"search_term_string\"}}],\"inLanguage\":\"en-US\"},{\"@type\":\"Organization\",\"@id\":\"https:\\\/\\\/gastronomicament.cat\\\/en\\\/#organization\",\"name\":\"Gastron\u00f2micament\",\"url\":\"https:\\\/\\\/gastronomicament.cat\\\/en\\\/\",\"logo\":{\"@type\":\"ImageObject\",\"inLanguage\":\"en-US\",\"@id\":\"https:\\\/\\\/gastronomicament.cat\\\/en\\\/#\\\/schema\\\/logo\\\/image\\\/\",\"url\":\"https:\\\/\\\/gastronomicament.cat\\\/wp-content\\\/uploads\\\/2016\\\/09\\\/header-logo.jpg\",\"contentUrl\":\"https:\\\/\\\/gastronomicament.cat\\\/wp-content\\\/uploads\\\/2016\\\/09\\\/header-logo.jpg\",\"width\":277,\"height\":39,\"caption\":\"Gastron\u00f2micament\"},\"image\":{\"@id\":\"https:\\\/\\\/gastronomicament.cat\\\/en\\\/#\\\/schema\\\/logo\\\/image\\\/\"},\"sameAs\":[\"https:\\\/\\\/x.com\\\/gastronomicamen\"]},{\"@type\":\"Person\",\"@id\":\"https:\\\/\\\/gastronomicament.cat\\\/en\\\/#\\\/schema\\\/person\\\/a7c85c537a1ed62799a5b8e0f686a37f\",\"name\":\"Redacci\u00f3\",\"image\":{\"@type\":\"ImageObject\",\"inLanguage\":\"en-US\",\"@id\":\"https:\\\/\\\/secure.gravatar.com\\\/avatar\\\/9489a485c464fd611d33825daae651d13db70c4e74c65c94937a15a9d4c3ee14?s=96&d=mm&r=g69fea3cce3645dfa2166e7293e22955e\",\"url\":\"https:\\\/\\\/secure.gravatar.com\\\/avatar\\\/9489a485c464fd611d33825daae651d13db70c4e74c65c94937a15a9d4c3ee14?s=96&d=mm&r=g\",\"contentUrl\":\"https:\\\/\\\/secure.gravatar.com\\\/avatar\\\/9489a485c464fd611d33825daae651d13db70c4e74c65c94937a15a9d4c3ee14?s=96&d=mm&r=g\",\"caption\":\"Redacci\u00f3\"},\"sameAs\":[\"http:\\\/\\\/gastronomicament.cat\"],\"url\":\"https:\\\/\\\/gastronomicament.cat\\\/en\\\/author\\\/admin\"}]}<\/script>\n<!-- \/ Yoast SEO plugin. -->","yoast_head_json":{"title":"Men\u00fa de cuina 'Ramon Llull'","description":"Men\u00fa de cuina 'Ramon Llull'","robots":{"index":"index","follow":"follow","max-snippet":"max-snippet:-1","max-image-preview":"max-image-preview:large","max-video-preview":"max-video-preview:-1"},"canonical":"https:\/\/gastronomicament.cat\/en\/menu-de-cuina-ramon-llull","og_locale":"en_US","og_type":"article","og_title":"Men\u00fa de cuina 'Ramon Llull'","og_description":"Men\u00fa de cuina 'Ramon Llull'","og_url":"https:\/\/gastronomicament.cat\/en\/menu-de-cuina-ramon-llull","og_site_name":"Gastron\u00f2micament","article_published_time":"2016-03-09T12:02:41+00:00","og_image":[{"width":640,"height":300,"url":"https:\/\/gastronomicament.cat\/wp-content\/uploads\/2016\/03\/menu-ramon-llull.png","type":"image\/png"}],"author":"Redacci\u00f3","twitter_card":"summary_large_image","twitter_creator":"@gastronomicamen","twitter_site":"@gastronomicamen","twitter_misc":{"Written by":"Redacci\u00f3","Est. reading time":"1 minute"},"schema":{"@context":"https:\/\/schema.org","@graph":[{"@type":"Article","@id":"https:\/\/gastronomicament.cat\/en\/menu-de-cuina-ramon-llull#article","isPartOf":{"@id":"https:\/\/gastronomicament.cat\/en\/menu-de-cuina-ramon-llull"},"author":{"name":"Redacci\u00f3","@id":"https:\/\/gastronomicament.cat\/en\/#\/schema\/person\/a7c85c537a1ed62799a5b8e0f686a37f"},"headline":"Men\u00fa de cuina &#8216;Ramon Llull&#8217;","datePublished":"2016-03-09T12:02:41+00:00","mainEntityOfPage":{"@id":"https:\/\/gastronomicament.cat\/en\/menu-de-cuina-ramon-llull"},"wordCount":133,"commentCount":0,"publisher":{"@id":"https:\/\/gastronomicament.cat\/en\/#organization"},"image":{"@id":"https:\/\/gastronomicament.cat\/en\/menu-de-cuina-ramon-llull#primaryimage"},"thumbnailUrl":"https:\/\/gastronomicament.cat\/wp-content\/uploads\/2016\/03\/menu-ramon-llull.png","articleSection":["Actualitat"],"inLanguage":"en-US","potentialAction":[{"@type":"CommentAction","name":"Comment","target":["https:\/\/gastronomicament.cat\/en\/menu-de-cuina-ramon-llull#respond"]}]},{"@type":"WebPage","@id":"https:\/\/gastronomicament.cat\/en\/menu-de-cuina-ramon-llull","url":"https:\/\/gastronomicament.cat\/en\/menu-de-cuina-ramon-llull","name":"Men\u00fa de cuina 'Ramon Llull'","isPartOf":{"@id":"https:\/\/gastronomicament.cat\/en\/#website"},"primaryImageOfPage":{"@id":"https:\/\/gastronomicament.cat\/en\/menu-de-cuina-ramon-llull#primaryimage"},"image":{"@id":"https:\/\/gastronomicament.cat\/en\/menu-de-cuina-ramon-llull#primaryimage"},"thumbnailUrl":"https:\/\/gastronomicament.cat\/wp-content\/uploads\/2016\/03\/menu-ramon-llull.png","datePublished":"2016-03-09T12:02:41+00:00","description":"Men\u00fa de cuina 'Ramon Llull'","inLanguage":"en-US","potentialAction":[{"@type":"ReadAction","target":["https:\/\/gastronomicament.cat\/en\/menu-de-cuina-ramon-llull"]}]},{"@type":"ImageObject","inLanguage":"en-US","@id":"https:\/\/gastronomicament.cat\/en\/menu-de-cuina-ramon-llull#primaryimage","url":"https:\/\/gastronomicament.cat\/wp-content\/uploads\/2016\/03\/menu-ramon-llull.png","contentUrl":"https:\/\/gastronomicament.cat\/wp-content\/uploads\/2016\/03\/menu-ramon-llull.png","width":640,"height":300},{"@type":"WebSite","@id":"https:\/\/gastronomicament.cat\/en\/#website","url":"https:\/\/gastronomicament.cat\/en\/","name":"Gastron\u00f2micament","description":"Portal de restaurants, receptes i actualitat gastron\u00f2mica","publisher":{"@id":"https:\/\/gastronomicament.cat\/en\/#organization"},"potentialAction":[{"@type":"SearchAction","target":{"@type":"EntryPoint","urlTemplate":"https:\/\/gastronomicament.cat\/en\/?s={search_term_string}"},"query-input":{"@type":"PropertyValueSpecification","valueRequired":true,"valueName":"search_term_string"}}],"inLanguage":"en-US"},{"@type":"Organization","@id":"https:\/\/gastronomicament.cat\/en\/#organization","name":"Gastron\u00f2micament","url":"https:\/\/gastronomicament.cat\/en\/","logo":{"@type":"ImageObject","inLanguage":"en-US","@id":"https:\/\/gastronomicament.cat\/en\/#\/schema\/logo\/image\/","url":"https:\/\/gastronomicament.cat\/wp-content\/uploads\/2016\/09\/header-logo.jpg","contentUrl":"https:\/\/gastronomicament.cat\/wp-content\/uploads\/2016\/09\/header-logo.jpg","width":277,"height":39,"caption":"Gastron\u00f2micament"},"image":{"@id":"https:\/\/gastronomicament.cat\/en\/#\/schema\/logo\/image\/"},"sameAs":["https:\/\/x.com\/gastronomicamen"]},{"@type":"Person","@id":"https:\/\/gastronomicament.cat\/en\/#\/schema\/person\/a7c85c537a1ed62799a5b8e0f686a37f","name":"Redacci\u00f3","image":{"@type":"ImageObject","inLanguage":"en-US","@id":"https:\/\/secure.gravatar.com\/avatar\/9489a485c464fd611d33825daae651d13db70c4e74c65c94937a15a9d4c3ee14?s=96&d=mm&r=g69fea3cce3645dfa2166e7293e22955e","url":"https:\/\/secure.gravatar.com\/avatar\/9489a485c464fd611d33825daae651d13db70c4e74c65c94937a15a9d4c3ee14?s=96&d=mm&r=g","contentUrl":"https:\/\/secure.gravatar.com\/avatar\/9489a485c464fd611d33825daae651d13db70c4e74c65c94937a15a9d4c3ee14?s=96&d=mm&r=g","caption":"Redacci\u00f3"},"sameAs":["http:\/\/gastronomicament.cat"],"url":"https:\/\/gastronomicament.cat\/en\/author\/admin"}]}},"_links":{"self":[{"href":"https:\/\/gastronomicament.cat\/en\/wp-json\/wp\/v2\/posts\/70349","targetHints":{"allow":["GET"]}}],"collection":[{"href":"https:\/\/gastronomicament.cat\/en\/wp-json\/wp\/v2\/posts"}],"about":[{"href":"https:\/\/gastronomicament.cat\/en\/wp-json\/wp\/v2\/types\/post"}],"author":[{"embeddable":true,"href":"https:\/\/gastronomicament.cat\/en\/wp-json\/wp\/v2\/users\/1"}],"replies":[{"embeddable":true,"href":"https:\/\/gastronomicament.cat\/en\/wp-json\/wp\/v2\/comments?post=70349"}],"version-history":[{"count":0,"href":"https:\/\/gastronomicament.cat\/en\/wp-json\/wp\/v2\/posts\/70349\/revisions"}],"wp:featuredmedia":[{"embeddable":true,"href":"https:\/\/gastronomicament.cat\/en\/wp-json\/wp\/v2\/media\/55478"}],"wp:attachment":[{"href":"https:\/\/gastronomicament.cat\/en\/wp-json\/wp\/v2\/media?parent=70349"}],"wp:term":[{"taxonomy":"category","embeddable":true,"href":"https:\/\/gastronomicament.cat\/en\/wp-json\/wp\/v2\/categories?post=70349"},{"taxonomy":"post_tag","embeddable":true,"href":"https:\/\/gastronomicament.cat\/en\/wp-json\/wp\/v2\/tags?post=70349"},{"taxonomy":"author","embeddable":true,"href":"https:\/\/gastronomicament.cat\/en\/wp-json\/wp\/v2\/coauthors?post=70349"}],"curies":[{"name":"wp","href":"https:\/\/api.w.org\/{rel}","templated":true}]}}