{"id":70443,"date":"2016-01-18T11:58:19","date_gmt":"2016-01-18T10:58:19","guid":{"rendered":"https:\/\/gastronomicament.cat\/tasts-2016"},"modified":"2016-01-18T11:58:19","modified_gmt":"2016-01-18T10:58:19","slug":"tasts-2016","status":"publish","type":"post","link":"https:\/\/gastronomicament.cat\/en\/tasts-2016","title":{"rendered":"VI edici\u00f3 dels Tasts Gastron\u00f2mics"},"content":{"rendered":"<p>Us convidam a con\u00e8ixer els productes de Mallorca, en unes sessions agradables amb els responsables de les empreses m\u00e9s destacades de l&#8217;illa. Ells mateixos us presentaran i us convidaran a tastar uns aliments que es caracteritzen per la qualitat i l&#8217;exquisidesa.<\/p>\n<p><em>Des d&#8217;aquesta p\u00e0gina us hi podeu apuntar gratu\u00eftament. Nom\u00e9s cal que cliqueu la icona <img decoding=\"async\" title=\"Icona inscripci\u00f3\" src=\"http:\/\/gastronomicament.cat\/wp-content\/themes\/oshin_child\/images\/icon_register.gif\" alt=\"\" width=\"27\" height=\"27\" \/>\u00a0del tast que voleu anar i empleneu les vostres dades.<\/em><\/p>\n<p>En aquesta sisena edici\u00f3, hi participen 19 empreses: Oli de Jornets, Galletes Gori de Muro, Formatge Burguera, Son Bordils, Cas Cerveser, Celler 7103, Caf\u00e8s Bay, Celler Binigrau, Oli Verderol, Plat\u00f2nic, Cervesa del Pla, Gin Eva, Aubocassa, Ketchup de Forqueta, Vins Jaume de Puntir\u00f3, Oli de Son Barbassa, Formatge Son Jover, Can Ribas, Licors Moy\u00e0.<\/p>\n<p>Els tasts se celebren a 5 municipis de Mallorca:\u00a0Palma, Puippunyent, Montu\u00efri, Esporles i Binissalem. A m\u00e9s de 3 tasts especials a: Granja de Formatges Burguera (Campos), Botiga Son Pocapalla (Capdepera) i Bar Can Prim (Santa Eug\u00e8nia).<\/p>\n<p>Al final de cada tast, tamb\u00e9 tendreu l&#8217;oportunitat de comprar els productes.<\/p>\n<p>Organitzaci\u00f3:\u00a0<a href=\"http:\/\/gastronomicament.cat\">Gastron\u00f2micament<\/a>\u00a0i\u00a0<a title=\"Obra Cultural Balear\" href=\"http:\/\/www.ocb.cat\">Obra Cultural Balear<\/a>.<\/p>\n<p>La\u00a0<strong>programaci\u00f3<\/strong>\u00a0\u00e9s la seg\u00fcent:<\/p>\n<p><em>En aquest desplegable podeu consultar els tasts per empreses, dates i municipis<\/em><br \/>\n[tasts2016 tasts2016_select=&#8221;juny&#8221;]<br \/>\n<a name=\"formulariinscripcio\"><\/a><\/p>\n<h4>Inscripci\u00f3<\/h4>\n<p>Les inscripcions s\u00f3n personals.\u00a0Cada persona s&#8217;hi ha d&#8217;apuntar individualment.<\/p>\n<p>\n<div class=\"wpcf7 no-js\" id=\"wpcf7-f16926-o1\" lang=\"\" dir=\"ltr\" data-wpcf7-id=\"16926\">\n<div class=\"screen-reader-response\"><p role=\"status\" aria-live=\"polite\" aria-atomic=\"true\"><\/p> <ul><\/ul><\/div>\n<form action=\"\/en\/wp-json\/wp\/v2\/posts\/70443#wpcf7-f16926-o1\" method=\"post\" class=\"wpcf7-form init\" aria-label=\"Contact form\" novalidate=\"novalidate\" data-status=\"init\">\n<fieldset class=\"hidden-fields-container\"><input type=\"hidden\" name=\"_wpcf7\" value=\"16926\" \/><input type=\"hidden\" name=\"_wpcf7_version\" value=\"6.1.5\" \/><input type=\"hidden\" name=\"_wpcf7_locale\" value=\"\" \/><input type=\"hidden\" name=\"_wpcf7_unit_tag\" value=\"wpcf7-f16926-o1\" \/><input type=\"hidden\" name=\"_wpcf7_container_post\" value=\"0\" \/><input type=\"hidden\" name=\"_wpcf7_posted_data_hash\" value=\"\" \/><input type=\"hidden\" name=\"_wpcf7_recaptcha_response\" value=\"\" \/>\n<\/fieldset>\n<p>El vostre nom (obligatori):    \n<span class=\"wpcf7-form-control-wrap\" data-name=\"your-name\"><input size=\"40\" maxlength=\"400\" class=\"wpcf7-form-control wpcf7-text wpcf7-validates-as-required\" aria-required=\"true\" aria-invalid=\"false\" value=\"\" type=\"text\" name=\"your-name\" \/><\/span> <\/p>\n<p>El vostre email (obligatori):   \n <span class=\"wpcf7-form-control-wrap\" data-name=\"your-email\"><input size=\"40\" maxlength=\"400\" class=\"wpcf7-form-control wpcf7-email wpcf7-validates-as-required wpcf7-text wpcf7-validates-as-email\" aria-required=\"true\" aria-invalid=\"false\" value=\"\" type=\"email\" name=\"your-email\" \/><\/span> <\/p>\n<p>Tast al qual voleu assistir (asegura't d'escollir el mes i poblaci\u00f3 correcta): \n<span class=\"wpcf7-form-control-wrap\" data-name=\"tast_mes\"><select class=\"wpcf7-form-control wpcf7-select wpcf7-validates-as-required\" id=\"tast_mes\" aria-required=\"true\" aria-invalid=\"false\" name=\"tast_mes\"><option value=\"\">&#8212;Please choose an option&#8212;<\/option><option value=\"Gener\">Gener<\/option><option value=\"Febrer\">Febrer<\/option><option value=\"Mar\u00e7\">Mar\u00e7<\/option><option value=\"Abril\">Abril<\/option><option value=\"Maig\">Maig<\/option><option value=\"Juny\">Juny<\/option><\/select><\/span>\n<span class=\"wpcf7-form-control-wrap\" data-name=\"tast_lloc\"><select class=\"wpcf7-form-control wpcf7-select wpcf7-validates-as-required\" id=\"tast_lloc\" aria-required=\"true\" aria-invalid=\"false\" name=\"tast_lloc\"><option value=\"\">&#8212;Please choose an option&#8212;<\/option><option value=\"Palma\">Palma<\/option><option value=\"Palma 2\">Palma 2<\/option><option value=\"Puigpunyent\">Puigpunyent<\/option><option value=\"Binissalem\">Binissalem<\/option><option value=\"Montu\u00efri\">Montu\u00efri<\/option><option value=\"Esporles\">Esporles<\/option><option value=\"Capdepera\">Capdepera<\/option><option value=\"Santa Eug\u00e8nia\">Santa Eug\u00e8nia<\/option><\/select><\/span>\n<\/p>\n<p>Comprova les empreses i la data:<input type=\"text\" readonly=\"readonly\" name=\"tast_empresa_visible\" id=\"tast_empresa_visible\" size=\"80\" style=\"display:none\"\/><input type=\"text\" readonly=\"readonly\" name=\"tast_data_visible\" id=\"tast_data_visible\"  size=\"80\" style=\"display:none\"\/>\n[dynamictext* tast_empresa id:tast_empresa 80\/ uneditable][dynamictext* tast_data id:tast_data 80\/ uneditable]\n<\/p>\n<p>Si vols deixar algun comentari    \n<span class=\"wpcf7-form-control-wrap\" data-name=\"your-message\"><textarea cols=\"80\" rows=\"4\" maxlength=\"2000\" class=\"wpcf7-form-control wpcf7-textarea\" aria-invalid=\"false\" name=\"your-message\"><\/textarea><\/span> <\/p>\n<p><strong>Warning:<\/strong> The <a href=\"https:\/\/wordpress.org\/plugins\/really-simple-captcha\/\">Really Simple CAPTCHA<\/a> plugin is not active. Escriu les lletres (obligatori)\n<span class=\"wpcf7-form-control-wrap\" data-name=\"captcha-824\"><input size=\"40\" class=\"wpcf7-form-control wpcf7-captchar\" autocomplete=\"off\" aria-invalid=\"false\" value=\"\" type=\"text\" name=\"captcha-824\" \/><\/span>\n<\/p>\n\n<p><input class=\"wpcf7-form-control wpcf7-submit has-spinner\" type=\"submit\" value=\"Envia\" \/> <span class=\"wpcf7-form-control-wrap\" data-name=\"accept-register\"><span class=\"wpcf7-form-control wpcf7-acceptance\"><span class=\"wpcf7-list-item\"><input type=\"checkbox\" name=\"accept-register\" value=\"1\" checked=\"checked\" aria-invalid=\"false\" \/><\/span><\/span><\/span> Acceptau rebre el butllet\u00ed de Gastron\u00f2micament<\/p><div class=\"wpcf7-response-output\" aria-hidden=\"true\"><\/div>\n<\/form>\n<\/div>\n<!--more--><\/p>\n","protected":false},"excerpt":{"rendered":"<p>En aquesta sisena edici\u00f3, hi participen 19 empreses mallorquines.<\/p>\n","protected":false},"author":1,"featured_media":55260,"comment_status":"open","ping_status":"closed","sticky":false,"template":"","format":"standard","meta":{"_acf_changed":false,"_swt_meta_header_display":false,"_swt_meta_footer_display":false,"_swt_meta_site_title_display":false,"_swt_meta_sticky_header":false,"_swt_meta_transparent_header":false,"footnotes":""},"categories":[1046],"tags":[],"coauthors":[],"class_list":["post-70443","post","type-post","status-publish","format-standard","has-post-thumbnail","hentry","category-actualitat-es-en"],"acf":{"gallery":null,"home_date":{"home_begin_date":null,"home_end_date":null}},"yoast_head":"<!-- This site is optimized with the Yoast SEO plugin v27.4 - https:\/\/yoast.com\/product\/yoast-seo-wordpress\/ -->\n<title>VI edici\u00f3 dels Tasts Gastron\u00f2mics<\/title>\n<meta name=\"description\" content=\"VI edici\u00f3 dels Tasts Gastron\u00f2mics\" \/>\n<meta name=\"robots\" content=\"index, follow, max-snippet:-1, max-image-preview:large, max-video-preview:-1\" \/>\n<link rel=\"canonical\" href=\"https:\/\/gastronomicament.cat\/en\/tasts-2016\" \/>\n<meta property=\"og:locale\" content=\"en_US\" \/>\n<meta property=\"og:type\" content=\"article\" \/>\n<meta property=\"og:title\" content=\"VI edici\u00f3 dels Tasts Gastron\u00f2mics\" \/>\n<meta property=\"og:description\" content=\"VI edici\u00f3 dels Tasts Gastron\u00f2mics\" \/>\n<meta property=\"og:url\" content=\"https:\/\/gastronomicament.cat\/en\/tasts-2016\" \/>\n<meta property=\"og:site_name\" content=\"Gastron\u00f2micament\" \/>\n<meta property=\"article:published_time\" content=\"2016-01-18T10:58:19+00:00\" \/>\n<meta property=\"og:image\" content=\"https:\/\/gastronomicament.cat\/wp-content\/uploads\/2016\/01\/tast2016.jpg\" \/>\n\t<meta property=\"og:image:width\" content=\"640\" \/>\n\t<meta property=\"og:image:height\" content=\"300\" \/>\n\t<meta property=\"og:image:type\" content=\"image\/jpeg\" \/>\n<meta name=\"author\" content=\"Redacci\u00f3\" \/>\n<meta name=\"twitter:card\" content=\"summary_large_image\" \/>\n<meta name=\"twitter:creator\" content=\"@gastronomicamen\" \/>\n<meta name=\"twitter:site\" content=\"@gastronomicamen\" \/>\n<meta name=\"twitter:label1\" content=\"Written by\" \/>\n\t<meta name=\"twitter:data1\" content=\"Redacci\u00f3\" \/>\n\t<meta name=\"twitter:label2\" content=\"Est. reading time\" \/>\n\t<meta name=\"twitter:data2\" content=\"1 minute\" \/>\n<script type=\"application\/ld+json\" class=\"yoast-schema-graph\">{\"@context\":\"https:\\\/\\\/schema.org\",\"@graph\":[{\"@type\":\"Article\",\"@id\":\"https:\\\/\\\/gastronomicament.cat\\\/en\\\/tasts-2016#article\",\"isPartOf\":{\"@id\":\"https:\\\/\\\/gastronomicament.cat\\\/en\\\/tasts-2016\"},\"author\":{\"name\":\"Redacci\u00f3\",\"@id\":\"https:\\\/\\\/gastronomicament.cat\\\/en\\\/#\\\/schema\\\/person\\\/a7c85c537a1ed62799a5b8e0f686a37f\"},\"headline\":\"VI edici\u00f3 dels Tasts Gastron\u00f2mics\",\"datePublished\":\"2016-01-18T10:58:19+00:00\",\"mainEntityOfPage\":{\"@id\":\"https:\\\/\\\/gastronomicament.cat\\\/en\\\/tasts-2016\"},\"wordCount\":227,\"commentCount\":0,\"publisher\":{\"@id\":\"https:\\\/\\\/gastronomicament.cat\\\/en\\\/#organization\"},\"image\":{\"@id\":\"https:\\\/\\\/gastronomicament.cat\\\/en\\\/tasts-2016#primaryimage\"},\"thumbnailUrl\":\"https:\\\/\\\/gastronomicament.cat\\\/wp-content\\\/uploads\\\/2016\\\/01\\\/tast2016.jpg\",\"articleSection\":[\"Actualitat\"],\"inLanguage\":\"en-US\",\"potentialAction\":[{\"@type\":\"CommentAction\",\"name\":\"Comment\",\"target\":[\"https:\\\/\\\/gastronomicament.cat\\\/en\\\/tasts-2016#respond\"]}]},{\"@type\":\"WebPage\",\"@id\":\"https:\\\/\\\/gastronomicament.cat\\\/en\\\/tasts-2016\",\"url\":\"https:\\\/\\\/gastronomicament.cat\\\/en\\\/tasts-2016\",\"name\":\"VI edici\u00f3 dels Tasts Gastron\u00f2mics\",\"isPartOf\":{\"@id\":\"https:\\\/\\\/gastronomicament.cat\\\/en\\\/#website\"},\"primaryImageOfPage\":{\"@id\":\"https:\\\/\\\/gastronomicament.cat\\\/en\\\/tasts-2016#primaryimage\"},\"image\":{\"@id\":\"https:\\\/\\\/gastronomicament.cat\\\/en\\\/tasts-2016#primaryimage\"},\"thumbnailUrl\":\"https:\\\/\\\/gastronomicament.cat\\\/wp-content\\\/uploads\\\/2016\\\/01\\\/tast2016.jpg\",\"datePublished\":\"2016-01-18T10:58:19+00:00\",\"description\":\"VI edici\u00f3 dels Tasts Gastron\u00f2mics\",\"inLanguage\":\"en-US\",\"potentialAction\":[{\"@type\":\"ReadAction\",\"target\":[\"https:\\\/\\\/gastronomicament.cat\\\/en\\\/tasts-2016\"]}]},{\"@type\":\"ImageObject\",\"inLanguage\":\"en-US\",\"@id\":\"https:\\\/\\\/gastronomicament.cat\\\/en\\\/tasts-2016#primaryimage\",\"url\":\"https:\\\/\\\/gastronomicament.cat\\\/wp-content\\\/uploads\\\/2016\\\/01\\\/tast2016.jpg\",\"contentUrl\":\"https:\\\/\\\/gastronomicament.cat\\\/wp-content\\\/uploads\\\/2016\\\/01\\\/tast2016.jpg\",\"width\":640,\"height\":300},{\"@type\":\"WebSite\",\"@id\":\"https:\\\/\\\/gastronomicament.cat\\\/en\\\/#website\",\"url\":\"https:\\\/\\\/gastronomicament.cat\\\/en\\\/\",\"name\":\"Gastron\u00f2micament\",\"description\":\"Portal de restaurants, receptes i actualitat gastron\u00f2mica\",\"publisher\":{\"@id\":\"https:\\\/\\\/gastronomicament.cat\\\/en\\\/#organization\"},\"potentialAction\":[{\"@type\":\"SearchAction\",\"target\":{\"@type\":\"EntryPoint\",\"urlTemplate\":\"https:\\\/\\\/gastronomicament.cat\\\/en\\\/?s={search_term_string}\"},\"query-input\":{\"@type\":\"PropertyValueSpecification\",\"valueRequired\":true,\"valueName\":\"search_term_string\"}}],\"inLanguage\":\"en-US\"},{\"@type\":\"Organization\",\"@id\":\"https:\\\/\\\/gastronomicament.cat\\\/en\\\/#organization\",\"name\":\"Gastron\u00f2micament\",\"url\":\"https:\\\/\\\/gastronomicament.cat\\\/en\\\/\",\"logo\":{\"@type\":\"ImageObject\",\"inLanguage\":\"en-US\",\"@id\":\"https:\\\/\\\/gastronomicament.cat\\\/en\\\/#\\\/schema\\\/logo\\\/image\\\/\",\"url\":\"https:\\\/\\\/gastronomicament.cat\\\/wp-content\\\/uploads\\\/2016\\\/09\\\/header-logo.jpg\",\"contentUrl\":\"https:\\\/\\\/gastronomicament.cat\\\/wp-content\\\/uploads\\\/2016\\\/09\\\/header-logo.jpg\",\"width\":277,\"height\":39,\"caption\":\"Gastron\u00f2micament\"},\"image\":{\"@id\":\"https:\\\/\\\/gastronomicament.cat\\\/en\\\/#\\\/schema\\\/logo\\\/image\\\/\"},\"sameAs\":[\"https:\\\/\\\/x.com\\\/gastronomicamen\"]},{\"@type\":\"Person\",\"@id\":\"https:\\\/\\\/gastronomicament.cat\\\/en\\\/#\\\/schema\\\/person\\\/a7c85c537a1ed62799a5b8e0f686a37f\",\"name\":\"Redacci\u00f3\",\"image\":{\"@type\":\"ImageObject\",\"inLanguage\":\"en-US\",\"@id\":\"https:\\\/\\\/secure.gravatar.com\\\/avatar\\\/9489a485c464fd611d33825daae651d13db70c4e74c65c94937a15a9d4c3ee14?s=96&d=mm&r=g69fea3cce3645dfa2166e7293e22955e\",\"url\":\"https:\\\/\\\/secure.gravatar.com\\\/avatar\\\/9489a485c464fd611d33825daae651d13db70c4e74c65c94937a15a9d4c3ee14?s=96&d=mm&r=g\",\"contentUrl\":\"https:\\\/\\\/secure.gravatar.com\\\/avatar\\\/9489a485c464fd611d33825daae651d13db70c4e74c65c94937a15a9d4c3ee14?s=96&d=mm&r=g\",\"caption\":\"Redacci\u00f3\"},\"sameAs\":[\"http:\\\/\\\/gastronomicament.cat\"],\"url\":\"https:\\\/\\\/gastronomicament.cat\\\/en\\\/author\\\/admin\"}]}<\/script>\n<!-- \/ Yoast SEO plugin. -->","yoast_head_json":{"title":"VI edici\u00f3 dels Tasts Gastron\u00f2mics","description":"VI edici\u00f3 dels Tasts Gastron\u00f2mics","robots":{"index":"index","follow":"follow","max-snippet":"max-snippet:-1","max-image-preview":"max-image-preview:large","max-video-preview":"max-video-preview:-1"},"canonical":"https:\/\/gastronomicament.cat\/en\/tasts-2016","og_locale":"en_US","og_type":"article","og_title":"VI edici\u00f3 dels Tasts Gastron\u00f2mics","og_description":"VI edici\u00f3 dels Tasts Gastron\u00f2mics","og_url":"https:\/\/gastronomicament.cat\/en\/tasts-2016","og_site_name":"Gastron\u00f2micament","article_published_time":"2016-01-18T10:58:19+00:00","og_image":[{"width":640,"height":300,"url":"https:\/\/gastronomicament.cat\/wp-content\/uploads\/2016\/01\/tast2016.jpg","type":"image\/jpeg"}],"author":"Redacci\u00f3","twitter_card":"summary_large_image","twitter_creator":"@gastronomicamen","twitter_site":"@gastronomicamen","twitter_misc":{"Written by":"Redacci\u00f3","Est. reading time":"1 minute"},"schema":{"@context":"https:\/\/schema.org","@graph":[{"@type":"Article","@id":"https:\/\/gastronomicament.cat\/en\/tasts-2016#article","isPartOf":{"@id":"https:\/\/gastronomicament.cat\/en\/tasts-2016"},"author":{"name":"Redacci\u00f3","@id":"https:\/\/gastronomicament.cat\/en\/#\/schema\/person\/a7c85c537a1ed62799a5b8e0f686a37f"},"headline":"VI edici\u00f3 dels Tasts Gastron\u00f2mics","datePublished":"2016-01-18T10:58:19+00:00","mainEntityOfPage":{"@id":"https:\/\/gastronomicament.cat\/en\/tasts-2016"},"wordCount":227,"commentCount":0,"publisher":{"@id":"https:\/\/gastronomicament.cat\/en\/#organization"},"image":{"@id":"https:\/\/gastronomicament.cat\/en\/tasts-2016#primaryimage"},"thumbnailUrl":"https:\/\/gastronomicament.cat\/wp-content\/uploads\/2016\/01\/tast2016.jpg","articleSection":["Actualitat"],"inLanguage":"en-US","potentialAction":[{"@type":"CommentAction","name":"Comment","target":["https:\/\/gastronomicament.cat\/en\/tasts-2016#respond"]}]},{"@type":"WebPage","@id":"https:\/\/gastronomicament.cat\/en\/tasts-2016","url":"https:\/\/gastronomicament.cat\/en\/tasts-2016","name":"VI edici\u00f3 dels Tasts Gastron\u00f2mics","isPartOf":{"@id":"https:\/\/gastronomicament.cat\/en\/#website"},"primaryImageOfPage":{"@id":"https:\/\/gastronomicament.cat\/en\/tasts-2016#primaryimage"},"image":{"@id":"https:\/\/gastronomicament.cat\/en\/tasts-2016#primaryimage"},"thumbnailUrl":"https:\/\/gastronomicament.cat\/wp-content\/uploads\/2016\/01\/tast2016.jpg","datePublished":"2016-01-18T10:58:19+00:00","description":"VI edici\u00f3 dels Tasts Gastron\u00f2mics","inLanguage":"en-US","potentialAction":[{"@type":"ReadAction","target":["https:\/\/gastronomicament.cat\/en\/tasts-2016"]}]},{"@type":"ImageObject","inLanguage":"en-US","@id":"https:\/\/gastronomicament.cat\/en\/tasts-2016#primaryimage","url":"https:\/\/gastronomicament.cat\/wp-content\/uploads\/2016\/01\/tast2016.jpg","contentUrl":"https:\/\/gastronomicament.cat\/wp-content\/uploads\/2016\/01\/tast2016.jpg","width":640,"height":300},{"@type":"WebSite","@id":"https:\/\/gastronomicament.cat\/en\/#website","url":"https:\/\/gastronomicament.cat\/en\/","name":"Gastron\u00f2micament","description":"Portal de restaurants, receptes i actualitat gastron\u00f2mica","publisher":{"@id":"https:\/\/gastronomicament.cat\/en\/#organization"},"potentialAction":[{"@type":"SearchAction","target":{"@type":"EntryPoint","urlTemplate":"https:\/\/gastronomicament.cat\/en\/?s={search_term_string}"},"query-input":{"@type":"PropertyValueSpecification","valueRequired":true,"valueName":"search_term_string"}}],"inLanguage":"en-US"},{"@type":"Organization","@id":"https:\/\/gastronomicament.cat\/en\/#organization","name":"Gastron\u00f2micament","url":"https:\/\/gastronomicament.cat\/en\/","logo":{"@type":"ImageObject","inLanguage":"en-US","@id":"https:\/\/gastronomicament.cat\/en\/#\/schema\/logo\/image\/","url":"https:\/\/gastronomicament.cat\/wp-content\/uploads\/2016\/09\/header-logo.jpg","contentUrl":"https:\/\/gastronomicament.cat\/wp-content\/uploads\/2016\/09\/header-logo.jpg","width":277,"height":39,"caption":"Gastron\u00f2micament"},"image":{"@id":"https:\/\/gastronomicament.cat\/en\/#\/schema\/logo\/image\/"},"sameAs":["https:\/\/x.com\/gastronomicamen"]},{"@type":"Person","@id":"https:\/\/gastronomicament.cat\/en\/#\/schema\/person\/a7c85c537a1ed62799a5b8e0f686a37f","name":"Redacci\u00f3","image":{"@type":"ImageObject","inLanguage":"en-US","@id":"https:\/\/secure.gravatar.com\/avatar\/9489a485c464fd611d33825daae651d13db70c4e74c65c94937a15a9d4c3ee14?s=96&d=mm&r=g69fea3cce3645dfa2166e7293e22955e","url":"https:\/\/secure.gravatar.com\/avatar\/9489a485c464fd611d33825daae651d13db70c4e74c65c94937a15a9d4c3ee14?s=96&d=mm&r=g","contentUrl":"https:\/\/secure.gravatar.com\/avatar\/9489a485c464fd611d33825daae651d13db70c4e74c65c94937a15a9d4c3ee14?s=96&d=mm&r=g","caption":"Redacci\u00f3"},"sameAs":["http:\/\/gastronomicament.cat"],"url":"https:\/\/gastronomicament.cat\/en\/author\/admin"}]}},"_links":{"self":[{"href":"https:\/\/gastronomicament.cat\/en\/wp-json\/wp\/v2\/posts\/70443","targetHints":{"allow":["GET"]}}],"collection":[{"href":"https:\/\/gastronomicament.cat\/en\/wp-json\/wp\/v2\/posts"}],"about":[{"href":"https:\/\/gastronomicament.cat\/en\/wp-json\/wp\/v2\/types\/post"}],"author":[{"embeddable":true,"href":"https:\/\/gastronomicament.cat\/en\/wp-json\/wp\/v2\/users\/1"}],"replies":[{"embeddable":true,"href":"https:\/\/gastronomicament.cat\/en\/wp-json\/wp\/v2\/comments?post=70443"}],"version-history":[{"count":0,"href":"https:\/\/gastronomicament.cat\/en\/wp-json\/wp\/v2\/posts\/70443\/revisions"}],"wp:featuredmedia":[{"embeddable":true,"href":"https:\/\/gastronomicament.cat\/en\/wp-json\/wp\/v2\/media\/55260"}],"wp:attachment":[{"href":"https:\/\/gastronomicament.cat\/en\/wp-json\/wp\/v2\/media?parent=70443"}],"wp:term":[{"taxonomy":"category","embeddable":true,"href":"https:\/\/gastronomicament.cat\/en\/wp-json\/wp\/v2\/categories?post=70443"},{"taxonomy":"post_tag","embeddable":true,"href":"https:\/\/gastronomicament.cat\/en\/wp-json\/wp\/v2\/tags?post=70443"},{"taxonomy":"author","embeddable":true,"href":"https:\/\/gastronomicament.cat\/en\/wp-json\/wp\/v2\/coauthors?post=70443"}],"curies":[{"name":"wp","href":"https:\/\/api.w.org\/{rel}","templated":true}]}}