{"id":70675,"date":"2015-07-15T14:50:03","date_gmt":"2015-07-15T12:50:03","guid":{"rendered":"https:\/\/gastronomicament.cat\/licors-moya-125-anys-de-tradicio"},"modified":"2015-07-15T14:50:03","modified_gmt":"2015-07-15T12:50:03","slug":"licors-moya-125-anys-de-tradicio","status":"publish","type":"post","link":"https:\/\/gastronomicament.cat\/en\/licors-moya-125-anys-de-tradicio","title":{"rendered":"Licors Moy\u00e0, 125 anys de tradici\u00f3"},"content":{"rendered":"<p><strong>Licors Moy\u00e0 celebra 125 anys de tradici\u00f3<\/strong> i es consolida com una de les empreses d&#8217;alimentaci\u00f3 de refer\u00e8ncia de Mallorca.<\/p>\n<p>Des del 1890, Licors Moy\u00e0 elabora al municipi d&#8217;Art\u00e0 (Mallorca) <strong>licors artesanals d&#8217;alta qualitat<\/strong> com les herbes, el palo, el mesclad\u00eds de matances i l&#8217;an\u00eds sec, uns productes apreciats a Mallorca i arreu d&#8217;Europa.<\/p>\n<p>Per\u00f2 la tradici\u00f3 no avan\u00e7a si no hi ha un futur. Per aix\u00f2, la tercera i quarta generaci\u00f3 familiar de Licors Moy\u00e0 ha apostat per la modernitzaci\u00f3 expansi\u00f3 i ofereix una amplia <strong>vinoteca<\/strong>, a m\u00e9s d&#8217;un<strong> servei de cocteleria<\/strong>, especialment pensat per a festes i noces que cerquen un toc d&#8217;exclusivitat.<\/p>\n<p>A m\u00e9s, tamb\u00e9 tenen un espai obert dedicat al coneixement i la degustaci\u00f3 de vins, <strong>Tast Moy\u00e0<\/strong>, un referent en la formaci\u00f3 de vins a la comarca del Llevant mallorqu\u00ed.<\/p>\n<p>Una empresa familiar amb 125 anys d&#8217;hist\u00f2ria compromesa amb la feina ben feta.<\/p>\n<p>Podeu consultar la web de <a title=\"Licors Moy\u00e0\" href=\"http:\/\/www.moya.es\" target=\"_blank\" rel=\"noopener\">Licors Moy\u00e0 aqu\u00ed<\/a>.<\/p>\n<p><img decoding=\"async\" class=\"alignnone\" src=\"http:\/\/gastronomicament.cat\/wp-content\/uploads\/2014\/05\/licors-moya-125-anys-de-tradicio.jpg\" alt=\"\" width=\"640\" height=\"360\" \/><!--more--><\/p>\n","protected":false},"excerpt":{"rendered":"<p>Licors Moy\u00e0 celebra 125 anys de tradici\u00f3 i es consolida com una de les empreses d&#8217;alimentaci\u00f3&hellip;<\/p>\n","protected":false},"author":1,"featured_media":54896,"comment_status":"open","ping_status":"closed","sticky":false,"template":"","format":"standard","meta":{"_acf_changed":false,"_swt_meta_header_display":false,"_swt_meta_footer_display":false,"_swt_meta_site_title_display":false,"_swt_meta_sticky_header":false,"_swt_meta_transparent_header":false,"footnotes":""},"categories":[1046],"tags":[],"coauthors":[],"class_list":["post-70675","post","type-post","status-publish","format-standard","has-post-thumbnail","hentry","category-actualitat-es-en"],"acf":{"gallery":null,"home_date":{"home_begin_date":null,"home_end_date":null}},"yoast_head":"<!-- This site is optimized with the Yoast SEO plugin v27.4 - https:\/\/yoast.com\/product\/yoast-seo-wordpress\/ -->\n<title>Licors Moy\u00e0, 125 anys de tradici\u00f3<\/title>\n<meta name=\"description\" content=\"Licors Moy\u00e0, 125 anys de tradici\u00f3. Art\u00e0\" \/>\n<meta name=\"robots\" content=\"index, follow, max-snippet:-1, max-image-preview:large, max-video-preview:-1\" \/>\n<link rel=\"canonical\" href=\"https:\/\/gastronomicament.cat\/en\/licors-moya-125-anys-de-tradicio\" \/>\n<meta property=\"og:locale\" content=\"en_US\" \/>\n<meta property=\"og:type\" content=\"article\" \/>\n<meta property=\"og:title\" content=\"Licors Moy\u00e0, 125 anys de tradici\u00f3\" \/>\n<meta property=\"og:description\" content=\"Licors Moy\u00e0, 125 anys de tradici\u00f3. Art\u00e0\" \/>\n<meta property=\"og:url\" content=\"https:\/\/gastronomicament.cat\/en\/licors-moya-125-anys-de-tradicio\" \/>\n<meta property=\"og:site_name\" content=\"Gastron\u00f2micament\" \/>\n<meta property=\"article:published_time\" content=\"2015-07-15T12:50:03+00:00\" \/>\n<meta property=\"og:image\" content=\"https:\/\/gastronomicament.cat\/wp-content\/uploads\/2015\/07\/licors-moya.jpg\" \/>\n\t<meta property=\"og:image:width\" content=\"640\" \/>\n\t<meta property=\"og:image:height\" content=\"300\" \/>\n\t<meta property=\"og:image:type\" content=\"image\/jpeg\" \/>\n<meta name=\"author\" content=\"Redacci\u00f3\" \/>\n<meta name=\"twitter:card\" content=\"summary_large_image\" \/>\n<meta name=\"twitter:creator\" content=\"@gastronomicamen\" \/>\n<meta name=\"twitter:site\" content=\"@gastronomicamen\" \/>\n<meta name=\"twitter:label1\" content=\"Written by\" \/>\n\t<meta name=\"twitter:data1\" content=\"Redacci\u00f3\" \/>\n\t<meta name=\"twitter:label2\" content=\"Est. reading time\" \/>\n\t<meta name=\"twitter:data2\" content=\"1 minute\" \/>\n<script type=\"application\/ld+json\" class=\"yoast-schema-graph\">{\"@context\":\"https:\\\/\\\/schema.org\",\"@graph\":[{\"@type\":\"Article\",\"@id\":\"https:\\\/\\\/gastronomicament.cat\\\/en\\\/licors-moya-125-anys-de-tradicio#article\",\"isPartOf\":{\"@id\":\"https:\\\/\\\/gastronomicament.cat\\\/en\\\/licors-moya-125-anys-de-tradicio\"},\"author\":{\"name\":\"Redacci\u00f3\",\"@id\":\"https:\\\/\\\/gastronomicament.cat\\\/en\\\/#\\\/schema\\\/person\\\/a7c85c537a1ed62799a5b8e0f686a37f\"},\"headline\":\"Licors Moy\u00e0, 125 anys de tradici\u00f3\",\"datePublished\":\"2015-07-15T12:50:03+00:00\",\"mainEntityOfPage\":{\"@id\":\"https:\\\/\\\/gastronomicament.cat\\\/en\\\/licors-moya-125-anys-de-tradicio\"},\"wordCount\":165,\"commentCount\":0,\"publisher\":{\"@id\":\"https:\\\/\\\/gastronomicament.cat\\\/en\\\/#organization\"},\"image\":{\"@id\":\"https:\\\/\\\/gastronomicament.cat\\\/en\\\/licors-moya-125-anys-de-tradicio#primaryimage\"},\"thumbnailUrl\":\"https:\\\/\\\/gastronomicament.cat\\\/wp-content\\\/uploads\\\/2015\\\/07\\\/licors-moya.jpg\",\"articleSection\":[\"Actualitat\"],\"inLanguage\":\"en-US\",\"potentialAction\":[{\"@type\":\"CommentAction\",\"name\":\"Comment\",\"target\":[\"https:\\\/\\\/gastronomicament.cat\\\/en\\\/licors-moya-125-anys-de-tradicio#respond\"]}]},{\"@type\":\"WebPage\",\"@id\":\"https:\\\/\\\/gastronomicament.cat\\\/en\\\/licors-moya-125-anys-de-tradicio\",\"url\":\"https:\\\/\\\/gastronomicament.cat\\\/en\\\/licors-moya-125-anys-de-tradicio\",\"name\":\"Licors Moy\u00e0, 125 anys de tradici\u00f3\",\"isPartOf\":{\"@id\":\"https:\\\/\\\/gastronomicament.cat\\\/en\\\/#website\"},\"primaryImageOfPage\":{\"@id\":\"https:\\\/\\\/gastronomicament.cat\\\/en\\\/licors-moya-125-anys-de-tradicio#primaryimage\"},\"image\":{\"@id\":\"https:\\\/\\\/gastronomicament.cat\\\/en\\\/licors-moya-125-anys-de-tradicio#primaryimage\"},\"thumbnailUrl\":\"https:\\\/\\\/gastronomicament.cat\\\/wp-content\\\/uploads\\\/2015\\\/07\\\/licors-moya.jpg\",\"datePublished\":\"2015-07-15T12:50:03+00:00\",\"description\":\"Licors Moy\u00e0, 125 anys de tradici\u00f3. Art\u00e0\",\"inLanguage\":\"en-US\",\"potentialAction\":[{\"@type\":\"ReadAction\",\"target\":[\"https:\\\/\\\/gastronomicament.cat\\\/en\\\/licors-moya-125-anys-de-tradicio\"]}]},{\"@type\":\"ImageObject\",\"inLanguage\":\"en-US\",\"@id\":\"https:\\\/\\\/gastronomicament.cat\\\/en\\\/licors-moya-125-anys-de-tradicio#primaryimage\",\"url\":\"https:\\\/\\\/gastronomicament.cat\\\/wp-content\\\/uploads\\\/2015\\\/07\\\/licors-moya.jpg\",\"contentUrl\":\"https:\\\/\\\/gastronomicament.cat\\\/wp-content\\\/uploads\\\/2015\\\/07\\\/licors-moya.jpg\",\"width\":640,\"height\":300},{\"@type\":\"WebSite\",\"@id\":\"https:\\\/\\\/gastronomicament.cat\\\/en\\\/#website\",\"url\":\"https:\\\/\\\/gastronomicament.cat\\\/en\\\/\",\"name\":\"Gastron\u00f2micament\",\"description\":\"Portal de restaurants, receptes i actualitat gastron\u00f2mica\",\"publisher\":{\"@id\":\"https:\\\/\\\/gastronomicament.cat\\\/en\\\/#organization\"},\"potentialAction\":[{\"@type\":\"SearchAction\",\"target\":{\"@type\":\"EntryPoint\",\"urlTemplate\":\"https:\\\/\\\/gastronomicament.cat\\\/en\\\/?s={search_term_string}\"},\"query-input\":{\"@type\":\"PropertyValueSpecification\",\"valueRequired\":true,\"valueName\":\"search_term_string\"}}],\"inLanguage\":\"en-US\"},{\"@type\":\"Organization\",\"@id\":\"https:\\\/\\\/gastronomicament.cat\\\/en\\\/#organization\",\"name\":\"Gastron\u00f2micament\",\"url\":\"https:\\\/\\\/gastronomicament.cat\\\/en\\\/\",\"logo\":{\"@type\":\"ImageObject\",\"inLanguage\":\"en-US\",\"@id\":\"https:\\\/\\\/gastronomicament.cat\\\/en\\\/#\\\/schema\\\/logo\\\/image\\\/\",\"url\":\"https:\\\/\\\/gastronomicament.cat\\\/wp-content\\\/uploads\\\/2016\\\/09\\\/header-logo.jpg\",\"contentUrl\":\"https:\\\/\\\/gastronomicament.cat\\\/wp-content\\\/uploads\\\/2016\\\/09\\\/header-logo.jpg\",\"width\":277,\"height\":39,\"caption\":\"Gastron\u00f2micament\"},\"image\":{\"@id\":\"https:\\\/\\\/gastronomicament.cat\\\/en\\\/#\\\/schema\\\/logo\\\/image\\\/\"},\"sameAs\":[\"https:\\\/\\\/x.com\\\/gastronomicamen\"]},{\"@type\":\"Person\",\"@id\":\"https:\\\/\\\/gastronomicament.cat\\\/en\\\/#\\\/schema\\\/person\\\/a7c85c537a1ed62799a5b8e0f686a37f\",\"name\":\"Redacci\u00f3\",\"image\":{\"@type\":\"ImageObject\",\"inLanguage\":\"en-US\",\"@id\":\"https:\\\/\\\/secure.gravatar.com\\\/avatar\\\/9489a485c464fd611d33825daae651d13db70c4e74c65c94937a15a9d4c3ee14?s=96&d=mm&r=g69fea3cce3645dfa2166e7293e22955e\",\"url\":\"https:\\\/\\\/secure.gravatar.com\\\/avatar\\\/9489a485c464fd611d33825daae651d13db70c4e74c65c94937a15a9d4c3ee14?s=96&d=mm&r=g\",\"contentUrl\":\"https:\\\/\\\/secure.gravatar.com\\\/avatar\\\/9489a485c464fd611d33825daae651d13db70c4e74c65c94937a15a9d4c3ee14?s=96&d=mm&r=g\",\"caption\":\"Redacci\u00f3\"},\"sameAs\":[\"http:\\\/\\\/gastronomicament.cat\"],\"url\":\"https:\\\/\\\/gastronomicament.cat\\\/en\\\/author\\\/admin\"}]}<\/script>\n<!-- \/ Yoast SEO plugin. -->","yoast_head_json":{"title":"Licors Moy\u00e0, 125 anys de tradici\u00f3","description":"Licors Moy\u00e0, 125 anys de tradici\u00f3. Art\u00e0","robots":{"index":"index","follow":"follow","max-snippet":"max-snippet:-1","max-image-preview":"max-image-preview:large","max-video-preview":"max-video-preview:-1"},"canonical":"https:\/\/gastronomicament.cat\/en\/licors-moya-125-anys-de-tradicio","og_locale":"en_US","og_type":"article","og_title":"Licors Moy\u00e0, 125 anys de tradici\u00f3","og_description":"Licors Moy\u00e0, 125 anys de tradici\u00f3. Art\u00e0","og_url":"https:\/\/gastronomicament.cat\/en\/licors-moya-125-anys-de-tradicio","og_site_name":"Gastron\u00f2micament","article_published_time":"2015-07-15T12:50:03+00:00","og_image":[{"width":640,"height":300,"url":"https:\/\/gastronomicament.cat\/wp-content\/uploads\/2015\/07\/licors-moya.jpg","type":"image\/jpeg"}],"author":"Redacci\u00f3","twitter_card":"summary_large_image","twitter_creator":"@gastronomicamen","twitter_site":"@gastronomicamen","twitter_misc":{"Written by":"Redacci\u00f3","Est. reading time":"1 minute"},"schema":{"@context":"https:\/\/schema.org","@graph":[{"@type":"Article","@id":"https:\/\/gastronomicament.cat\/en\/licors-moya-125-anys-de-tradicio#article","isPartOf":{"@id":"https:\/\/gastronomicament.cat\/en\/licors-moya-125-anys-de-tradicio"},"author":{"name":"Redacci\u00f3","@id":"https:\/\/gastronomicament.cat\/en\/#\/schema\/person\/a7c85c537a1ed62799a5b8e0f686a37f"},"headline":"Licors Moy\u00e0, 125 anys de tradici\u00f3","datePublished":"2015-07-15T12:50:03+00:00","mainEntityOfPage":{"@id":"https:\/\/gastronomicament.cat\/en\/licors-moya-125-anys-de-tradicio"},"wordCount":165,"commentCount":0,"publisher":{"@id":"https:\/\/gastronomicament.cat\/en\/#organization"},"image":{"@id":"https:\/\/gastronomicament.cat\/en\/licors-moya-125-anys-de-tradicio#primaryimage"},"thumbnailUrl":"https:\/\/gastronomicament.cat\/wp-content\/uploads\/2015\/07\/licors-moya.jpg","articleSection":["Actualitat"],"inLanguage":"en-US","potentialAction":[{"@type":"CommentAction","name":"Comment","target":["https:\/\/gastronomicament.cat\/en\/licors-moya-125-anys-de-tradicio#respond"]}]},{"@type":"WebPage","@id":"https:\/\/gastronomicament.cat\/en\/licors-moya-125-anys-de-tradicio","url":"https:\/\/gastronomicament.cat\/en\/licors-moya-125-anys-de-tradicio","name":"Licors Moy\u00e0, 125 anys de tradici\u00f3","isPartOf":{"@id":"https:\/\/gastronomicament.cat\/en\/#website"},"primaryImageOfPage":{"@id":"https:\/\/gastronomicament.cat\/en\/licors-moya-125-anys-de-tradicio#primaryimage"},"image":{"@id":"https:\/\/gastronomicament.cat\/en\/licors-moya-125-anys-de-tradicio#primaryimage"},"thumbnailUrl":"https:\/\/gastronomicament.cat\/wp-content\/uploads\/2015\/07\/licors-moya.jpg","datePublished":"2015-07-15T12:50:03+00:00","description":"Licors Moy\u00e0, 125 anys de tradici\u00f3. Art\u00e0","inLanguage":"en-US","potentialAction":[{"@type":"ReadAction","target":["https:\/\/gastronomicament.cat\/en\/licors-moya-125-anys-de-tradicio"]}]},{"@type":"ImageObject","inLanguage":"en-US","@id":"https:\/\/gastronomicament.cat\/en\/licors-moya-125-anys-de-tradicio#primaryimage","url":"https:\/\/gastronomicament.cat\/wp-content\/uploads\/2015\/07\/licors-moya.jpg","contentUrl":"https:\/\/gastronomicament.cat\/wp-content\/uploads\/2015\/07\/licors-moya.jpg","width":640,"height":300},{"@type":"WebSite","@id":"https:\/\/gastronomicament.cat\/en\/#website","url":"https:\/\/gastronomicament.cat\/en\/","name":"Gastron\u00f2micament","description":"Portal de restaurants, receptes i actualitat gastron\u00f2mica","publisher":{"@id":"https:\/\/gastronomicament.cat\/en\/#organization"},"potentialAction":[{"@type":"SearchAction","target":{"@type":"EntryPoint","urlTemplate":"https:\/\/gastronomicament.cat\/en\/?s={search_term_string}"},"query-input":{"@type":"PropertyValueSpecification","valueRequired":true,"valueName":"search_term_string"}}],"inLanguage":"en-US"},{"@type":"Organization","@id":"https:\/\/gastronomicament.cat\/en\/#organization","name":"Gastron\u00f2micament","url":"https:\/\/gastronomicament.cat\/en\/","logo":{"@type":"ImageObject","inLanguage":"en-US","@id":"https:\/\/gastronomicament.cat\/en\/#\/schema\/logo\/image\/","url":"https:\/\/gastronomicament.cat\/wp-content\/uploads\/2016\/09\/header-logo.jpg","contentUrl":"https:\/\/gastronomicament.cat\/wp-content\/uploads\/2016\/09\/header-logo.jpg","width":277,"height":39,"caption":"Gastron\u00f2micament"},"image":{"@id":"https:\/\/gastronomicament.cat\/en\/#\/schema\/logo\/image\/"},"sameAs":["https:\/\/x.com\/gastronomicamen"]},{"@type":"Person","@id":"https:\/\/gastronomicament.cat\/en\/#\/schema\/person\/a7c85c537a1ed62799a5b8e0f686a37f","name":"Redacci\u00f3","image":{"@type":"ImageObject","inLanguage":"en-US","@id":"https:\/\/secure.gravatar.com\/avatar\/9489a485c464fd611d33825daae651d13db70c4e74c65c94937a15a9d4c3ee14?s=96&d=mm&r=g69fea3cce3645dfa2166e7293e22955e","url":"https:\/\/secure.gravatar.com\/avatar\/9489a485c464fd611d33825daae651d13db70c4e74c65c94937a15a9d4c3ee14?s=96&d=mm&r=g","contentUrl":"https:\/\/secure.gravatar.com\/avatar\/9489a485c464fd611d33825daae651d13db70c4e74c65c94937a15a9d4c3ee14?s=96&d=mm&r=g","caption":"Redacci\u00f3"},"sameAs":["http:\/\/gastronomicament.cat"],"url":"https:\/\/gastronomicament.cat\/en\/author\/admin"}]}},"_links":{"self":[{"href":"https:\/\/gastronomicament.cat\/en\/wp-json\/wp\/v2\/posts\/70675","targetHints":{"allow":["GET"]}}],"collection":[{"href":"https:\/\/gastronomicament.cat\/en\/wp-json\/wp\/v2\/posts"}],"about":[{"href":"https:\/\/gastronomicament.cat\/en\/wp-json\/wp\/v2\/types\/post"}],"author":[{"embeddable":true,"href":"https:\/\/gastronomicament.cat\/en\/wp-json\/wp\/v2\/users\/1"}],"replies":[{"embeddable":true,"href":"https:\/\/gastronomicament.cat\/en\/wp-json\/wp\/v2\/comments?post=70675"}],"version-history":[{"count":0,"href":"https:\/\/gastronomicament.cat\/en\/wp-json\/wp\/v2\/posts\/70675\/revisions"}],"wp:featuredmedia":[{"embeddable":true,"href":"https:\/\/gastronomicament.cat\/en\/wp-json\/wp\/v2\/media\/54896"}],"wp:attachment":[{"href":"https:\/\/gastronomicament.cat\/en\/wp-json\/wp\/v2\/media?parent=70675"}],"wp:term":[{"taxonomy":"category","embeddable":true,"href":"https:\/\/gastronomicament.cat\/en\/wp-json\/wp\/v2\/categories?post=70675"},{"taxonomy":"post_tag","embeddable":true,"href":"https:\/\/gastronomicament.cat\/en\/wp-json\/wp\/v2\/tags?post=70675"},{"taxonomy":"author","embeddable":true,"href":"https:\/\/gastronomicament.cat\/en\/wp-json\/wp\/v2\/coauthors?post=70675"}],"curies":[{"name":"wp","href":"https:\/\/api.w.org\/{rel}","templated":true}]}}