{"id":71285,"date":"2014-06-23T14:27:22","date_gmt":"2014-06-23T12:27:22","guid":{"rendered":"https:\/\/gastronomicament.cat\/festes-de-sant-marcal-2014"},"modified":"2014-06-23T14:27:22","modified_gmt":"2014-06-23T12:27:22","slug":"festes-de-sant-marcal-2014","status":"publish","type":"post","link":"https:\/\/gastronomicament.cat\/en\/festes-de-sant-marcal-2014","title":{"rendered":"Festes de Sant Mar\u00e7al 2014"},"content":{"rendered":"<p><img decoding=\"async\" alt=\"\" src=\"http:\/\/gastronomicament.cat\/wp-content\/uploads\/2014\/05\/batle-marratxi-tomeu-oiver.png\" class=\"alignright\" width=\"268\" height=\"747\" \/>Festa grossa i de la bona. Aix\u00ed es pot resumir el programa que l&#8217;Ajuntament de Marratx\u00ed ha preparat per a les Festes de Sant Mar\u00e7al 2014.<\/p>\n<p><strong>Dijous 26 <\/strong>:<br \/>\n\u2022 a les 20.30 h: Batucada a c\u00e0rrec de Kalemba del grup Espai Jove de P\u00f2rtol. A Sant Mar\u00e7al.<br \/>\n\u2022 a les 21 h: Gran ballada popular amb els grups: Aires des Pla de Marratx\u00ed, Engalba i Terra Roja. A Sant Mar\u00e7al.  <\/p>\n<p><strong>Divendres 27<\/strong><br \/>\n\u2022 a les 22 h: Nit Jove amb l\u2019actuaci\u00f3 dels grups la Canci\u00f3n del Verano, Val9 i Joan Campos DJ. A Sant Mar\u00e7al.<\/p>\n<p><strong>Dissabte 28<\/strong>:<br \/>\n\u2022 a les 22 h: Gran revetlla  amb les actuacions dels grups: Orquestra Tramuntana, La Movida Madrile\u00f1a i Horris Kamoi, a Sant Mar\u00e7al.<\/p>\n<p><strong>Diumenge 29<\/strong>:<br \/>\n\u2022 a les 20 h: actuaci\u00f3 dels Xeremiers de Marratx\u00ed. a Sant Mar\u00e7al<br \/>\n\u2022 a les 22 h: Gran revetlla amb Orquestra Big Mar\u00edtim, Tumbet de Solfa i Gaspar Sampol DJ. <\/p>\n<p><strong>Dilluns 30<\/strong>:<br \/>\n\u2022 a les 12 h: Sortida dels Gegants de Marratx\u00ed acompanyats dels Xeremiers de Marratx\u00ed. Sant Mar\u00e7al.<br \/>\n\u2022 a les 22 h: Gran actuaci\u00f3 de tOmeu Penya &#038; Geminis.<br \/>\n\u2022 a les 24 h: Gran final De festa amb el tradicional Castell de focs Artificials. A la Ver\u00f2nica de Sant Mar\u00e7al. <\/p>\n<p><a href=\"http:\/\/gastronomicament.cat\/wp-content\/uploads\/2014\/05\/festes-de-sant-marcal-2014.pdf\" title=\"Programa Festes de Sant Mar\u00e7al 2014\" target=\"_blank\" rel=\"noopener\">Consultau aqu\u00ed el programa complet de les Festes de Sant Mar\u00e7al 2014<\/a>.<!--more--><\/p>\n","protected":false},"excerpt":{"rendered":"<p>Festa grossa i de la bona. Aix\u00ed es pot resumir el programa que l\u2019Ajuntament de Marratx\u00ed&hellip;<\/p>\n","protected":false},"author":1,"featured_media":52871,"comment_status":"open","ping_status":"closed","sticky":false,"template":"","format":"standard","meta":{"_acf_changed":false,"_swt_meta_header_display":false,"_swt_meta_footer_display":false,"_swt_meta_site_title_display":false,"_swt_meta_sticky_header":false,"_swt_meta_transparent_header":false,"footnotes":""},"categories":[1046],"tags":[],"coauthors":[],"class_list":["post-71285","post","type-post","status-publish","format-standard","has-post-thumbnail","hentry","category-actualitat-es-en"],"acf":{"gallery":null,"home_date":{"home_begin_date":null,"home_end_date":null}},"yoast_head":"<!-- This site is optimized with the Yoast SEO plugin v27.4 - https:\/\/yoast.com\/product\/yoast-seo-wordpress\/ -->\n<title>Festes de Sant Mar\u00e7al 2014<\/title>\n<meta name=\"description\" content=\"Festes de Sant Mar\u00e7al 2014. Marratx\u00ed\" \/>\n<meta name=\"robots\" content=\"index, follow, max-snippet:-1, max-image-preview:large, max-video-preview:-1\" \/>\n<link rel=\"canonical\" href=\"https:\/\/gastronomicament.cat\/en\/festes-de-sant-marcal-2014\" \/>\n<meta property=\"og:locale\" content=\"en_US\" \/>\n<meta property=\"og:type\" content=\"article\" \/>\n<meta property=\"og:title\" content=\"Festes de Sant Mar\u00e7al 2014\" \/>\n<meta property=\"og:description\" content=\"Festes de Sant Mar\u00e7al 2014. Marratx\u00ed\" \/>\n<meta property=\"og:url\" content=\"https:\/\/gastronomicament.cat\/en\/festes-de-sant-marcal-2014\" \/>\n<meta property=\"og:site_name\" content=\"Gastron\u00f2micament\" \/>\n<meta property=\"article:published_time\" content=\"2014-06-23T12:27:22+00:00\" \/>\n<meta property=\"og:image\" content=\"https:\/\/gastronomicament.cat\/wp-content\/uploads\/2014\/06\/festes-sant-marcal-2014-marratxi.jpg\" \/>\n\t<meta property=\"og:image:width\" content=\"640\" \/>\n\t<meta property=\"og:image:height\" content=\"300\" \/>\n\t<meta property=\"og:image:type\" content=\"image\/jpeg\" \/>\n<meta name=\"author\" content=\"Redacci\u00f3\" \/>\n<meta name=\"twitter:card\" content=\"summary_large_image\" \/>\n<meta name=\"twitter:creator\" content=\"@gastronomicamen\" \/>\n<meta name=\"twitter:site\" content=\"@gastronomicamen\" \/>\n<meta name=\"twitter:label1\" content=\"Written by\" \/>\n\t<meta name=\"twitter:data1\" content=\"Redacci\u00f3\" \/>\n\t<meta name=\"twitter:label2\" content=\"Est. reading time\" \/>\n\t<meta name=\"twitter:data2\" content=\"1 minute\" \/>\n<script type=\"application\/ld+json\" class=\"yoast-schema-graph\">{\"@context\":\"https:\\\/\\\/schema.org\",\"@graph\":[{\"@type\":\"Article\",\"@id\":\"https:\\\/\\\/gastronomicament.cat\\\/en\\\/festes-de-sant-marcal-2014#article\",\"isPartOf\":{\"@id\":\"https:\\\/\\\/gastronomicament.cat\\\/en\\\/festes-de-sant-marcal-2014\"},\"author\":{\"name\":\"Redacci\u00f3\",\"@id\":\"https:\\\/\\\/gastronomicament.cat\\\/en\\\/#\\\/schema\\\/person\\\/a7c85c537a1ed62799a5b8e0f686a37f\"},\"headline\":\"Festes de Sant Mar\u00e7al 2014\",\"datePublished\":\"2014-06-23T12:27:22+00:00\",\"mainEntityOfPage\":{\"@id\":\"https:\\\/\\\/gastronomicament.cat\\\/en\\\/festes-de-sant-marcal-2014\"},\"wordCount\":213,\"commentCount\":0,\"publisher\":{\"@id\":\"https:\\\/\\\/gastronomicament.cat\\\/en\\\/#organization\"},\"image\":{\"@id\":\"https:\\\/\\\/gastronomicament.cat\\\/en\\\/festes-de-sant-marcal-2014#primaryimage\"},\"thumbnailUrl\":\"https:\\\/\\\/gastronomicament.cat\\\/wp-content\\\/uploads\\\/2014\\\/06\\\/festes-sant-marcal-2014-marratxi.jpg\",\"articleSection\":[\"Actualitat\"],\"inLanguage\":\"en-US\",\"potentialAction\":[{\"@type\":\"CommentAction\",\"name\":\"Comment\",\"target\":[\"https:\\\/\\\/gastronomicament.cat\\\/en\\\/festes-de-sant-marcal-2014#respond\"]}]},{\"@type\":\"WebPage\",\"@id\":\"https:\\\/\\\/gastronomicament.cat\\\/en\\\/festes-de-sant-marcal-2014\",\"url\":\"https:\\\/\\\/gastronomicament.cat\\\/en\\\/festes-de-sant-marcal-2014\",\"name\":\"Festes de Sant Mar\u00e7al 2014\",\"isPartOf\":{\"@id\":\"https:\\\/\\\/gastronomicament.cat\\\/en\\\/#website\"},\"primaryImageOfPage\":{\"@id\":\"https:\\\/\\\/gastronomicament.cat\\\/en\\\/festes-de-sant-marcal-2014#primaryimage\"},\"image\":{\"@id\":\"https:\\\/\\\/gastronomicament.cat\\\/en\\\/festes-de-sant-marcal-2014#primaryimage\"},\"thumbnailUrl\":\"https:\\\/\\\/gastronomicament.cat\\\/wp-content\\\/uploads\\\/2014\\\/06\\\/festes-sant-marcal-2014-marratxi.jpg\",\"datePublished\":\"2014-06-23T12:27:22+00:00\",\"description\":\"Festes de Sant Mar\u00e7al 2014. Marratx\u00ed\",\"inLanguage\":\"en-US\",\"potentialAction\":[{\"@type\":\"ReadAction\",\"target\":[\"https:\\\/\\\/gastronomicament.cat\\\/en\\\/festes-de-sant-marcal-2014\"]}]},{\"@type\":\"ImageObject\",\"inLanguage\":\"en-US\",\"@id\":\"https:\\\/\\\/gastronomicament.cat\\\/en\\\/festes-de-sant-marcal-2014#primaryimage\",\"url\":\"https:\\\/\\\/gastronomicament.cat\\\/wp-content\\\/uploads\\\/2014\\\/06\\\/festes-sant-marcal-2014-marratxi.jpg\",\"contentUrl\":\"https:\\\/\\\/gastronomicament.cat\\\/wp-content\\\/uploads\\\/2014\\\/06\\\/festes-sant-marcal-2014-marratxi.jpg\",\"width\":640,\"height\":300},{\"@type\":\"WebSite\",\"@id\":\"https:\\\/\\\/gastronomicament.cat\\\/en\\\/#website\",\"url\":\"https:\\\/\\\/gastronomicament.cat\\\/en\\\/\",\"name\":\"Gastron\u00f2micament\",\"description\":\"Portal de restaurants, receptes i actualitat gastron\u00f2mica\",\"publisher\":{\"@id\":\"https:\\\/\\\/gastronomicament.cat\\\/en\\\/#organization\"},\"potentialAction\":[{\"@type\":\"SearchAction\",\"target\":{\"@type\":\"EntryPoint\",\"urlTemplate\":\"https:\\\/\\\/gastronomicament.cat\\\/en\\\/?s={search_term_string}\"},\"query-input\":{\"@type\":\"PropertyValueSpecification\",\"valueRequired\":true,\"valueName\":\"search_term_string\"}}],\"inLanguage\":\"en-US\"},{\"@type\":\"Organization\",\"@id\":\"https:\\\/\\\/gastronomicament.cat\\\/en\\\/#organization\",\"name\":\"Gastron\u00f2micament\",\"url\":\"https:\\\/\\\/gastronomicament.cat\\\/en\\\/\",\"logo\":{\"@type\":\"ImageObject\",\"inLanguage\":\"en-US\",\"@id\":\"https:\\\/\\\/gastronomicament.cat\\\/en\\\/#\\\/schema\\\/logo\\\/image\\\/\",\"url\":\"https:\\\/\\\/gastronomicament.cat\\\/wp-content\\\/uploads\\\/2016\\\/09\\\/header-logo.jpg\",\"contentUrl\":\"https:\\\/\\\/gastronomicament.cat\\\/wp-content\\\/uploads\\\/2016\\\/09\\\/header-logo.jpg\",\"width\":277,\"height\":39,\"caption\":\"Gastron\u00f2micament\"},\"image\":{\"@id\":\"https:\\\/\\\/gastronomicament.cat\\\/en\\\/#\\\/schema\\\/logo\\\/image\\\/\"},\"sameAs\":[\"https:\\\/\\\/x.com\\\/gastronomicamen\"]},{\"@type\":\"Person\",\"@id\":\"https:\\\/\\\/gastronomicament.cat\\\/en\\\/#\\\/schema\\\/person\\\/a7c85c537a1ed62799a5b8e0f686a37f\",\"name\":\"Redacci\u00f3\",\"image\":{\"@type\":\"ImageObject\",\"inLanguage\":\"en-US\",\"@id\":\"https:\\\/\\\/secure.gravatar.com\\\/avatar\\\/9489a485c464fd611d33825daae651d13db70c4e74c65c94937a15a9d4c3ee14?s=96&d=mm&r=g69fea3cce3645dfa2166e7293e22955e\",\"url\":\"https:\\\/\\\/secure.gravatar.com\\\/avatar\\\/9489a485c464fd611d33825daae651d13db70c4e74c65c94937a15a9d4c3ee14?s=96&d=mm&r=g\",\"contentUrl\":\"https:\\\/\\\/secure.gravatar.com\\\/avatar\\\/9489a485c464fd611d33825daae651d13db70c4e74c65c94937a15a9d4c3ee14?s=96&d=mm&r=g\",\"caption\":\"Redacci\u00f3\"},\"sameAs\":[\"http:\\\/\\\/gastronomicament.cat\"],\"url\":\"https:\\\/\\\/gastronomicament.cat\\\/en\\\/author\\\/admin\"}]}<\/script>\n<!-- \/ Yoast SEO plugin. -->","yoast_head_json":{"title":"Festes de Sant Mar\u00e7al 2014","description":"Festes de Sant Mar\u00e7al 2014. Marratx\u00ed","robots":{"index":"index","follow":"follow","max-snippet":"max-snippet:-1","max-image-preview":"max-image-preview:large","max-video-preview":"max-video-preview:-1"},"canonical":"https:\/\/gastronomicament.cat\/en\/festes-de-sant-marcal-2014","og_locale":"en_US","og_type":"article","og_title":"Festes de Sant Mar\u00e7al 2014","og_description":"Festes de Sant Mar\u00e7al 2014. Marratx\u00ed","og_url":"https:\/\/gastronomicament.cat\/en\/festes-de-sant-marcal-2014","og_site_name":"Gastron\u00f2micament","article_published_time":"2014-06-23T12:27:22+00:00","og_image":[{"width":640,"height":300,"url":"https:\/\/gastronomicament.cat\/wp-content\/uploads\/2014\/06\/festes-sant-marcal-2014-marratxi.jpg","type":"image\/jpeg"}],"author":"Redacci\u00f3","twitter_card":"summary_large_image","twitter_creator":"@gastronomicamen","twitter_site":"@gastronomicamen","twitter_misc":{"Written by":"Redacci\u00f3","Est. reading time":"1 minute"},"schema":{"@context":"https:\/\/schema.org","@graph":[{"@type":"Article","@id":"https:\/\/gastronomicament.cat\/en\/festes-de-sant-marcal-2014#article","isPartOf":{"@id":"https:\/\/gastronomicament.cat\/en\/festes-de-sant-marcal-2014"},"author":{"name":"Redacci\u00f3","@id":"https:\/\/gastronomicament.cat\/en\/#\/schema\/person\/a7c85c537a1ed62799a5b8e0f686a37f"},"headline":"Festes de Sant Mar\u00e7al 2014","datePublished":"2014-06-23T12:27:22+00:00","mainEntityOfPage":{"@id":"https:\/\/gastronomicament.cat\/en\/festes-de-sant-marcal-2014"},"wordCount":213,"commentCount":0,"publisher":{"@id":"https:\/\/gastronomicament.cat\/en\/#organization"},"image":{"@id":"https:\/\/gastronomicament.cat\/en\/festes-de-sant-marcal-2014#primaryimage"},"thumbnailUrl":"https:\/\/gastronomicament.cat\/wp-content\/uploads\/2014\/06\/festes-sant-marcal-2014-marratxi.jpg","articleSection":["Actualitat"],"inLanguage":"en-US","potentialAction":[{"@type":"CommentAction","name":"Comment","target":["https:\/\/gastronomicament.cat\/en\/festes-de-sant-marcal-2014#respond"]}]},{"@type":"WebPage","@id":"https:\/\/gastronomicament.cat\/en\/festes-de-sant-marcal-2014","url":"https:\/\/gastronomicament.cat\/en\/festes-de-sant-marcal-2014","name":"Festes de Sant Mar\u00e7al 2014","isPartOf":{"@id":"https:\/\/gastronomicament.cat\/en\/#website"},"primaryImageOfPage":{"@id":"https:\/\/gastronomicament.cat\/en\/festes-de-sant-marcal-2014#primaryimage"},"image":{"@id":"https:\/\/gastronomicament.cat\/en\/festes-de-sant-marcal-2014#primaryimage"},"thumbnailUrl":"https:\/\/gastronomicament.cat\/wp-content\/uploads\/2014\/06\/festes-sant-marcal-2014-marratxi.jpg","datePublished":"2014-06-23T12:27:22+00:00","description":"Festes de Sant Mar\u00e7al 2014. Marratx\u00ed","inLanguage":"en-US","potentialAction":[{"@type":"ReadAction","target":["https:\/\/gastronomicament.cat\/en\/festes-de-sant-marcal-2014"]}]},{"@type":"ImageObject","inLanguage":"en-US","@id":"https:\/\/gastronomicament.cat\/en\/festes-de-sant-marcal-2014#primaryimage","url":"https:\/\/gastronomicament.cat\/wp-content\/uploads\/2014\/06\/festes-sant-marcal-2014-marratxi.jpg","contentUrl":"https:\/\/gastronomicament.cat\/wp-content\/uploads\/2014\/06\/festes-sant-marcal-2014-marratxi.jpg","width":640,"height":300},{"@type":"WebSite","@id":"https:\/\/gastronomicament.cat\/en\/#website","url":"https:\/\/gastronomicament.cat\/en\/","name":"Gastron\u00f2micament","description":"Portal de restaurants, receptes i actualitat gastron\u00f2mica","publisher":{"@id":"https:\/\/gastronomicament.cat\/en\/#organization"},"potentialAction":[{"@type":"SearchAction","target":{"@type":"EntryPoint","urlTemplate":"https:\/\/gastronomicament.cat\/en\/?s={search_term_string}"},"query-input":{"@type":"PropertyValueSpecification","valueRequired":true,"valueName":"search_term_string"}}],"inLanguage":"en-US"},{"@type":"Organization","@id":"https:\/\/gastronomicament.cat\/en\/#organization","name":"Gastron\u00f2micament","url":"https:\/\/gastronomicament.cat\/en\/","logo":{"@type":"ImageObject","inLanguage":"en-US","@id":"https:\/\/gastronomicament.cat\/en\/#\/schema\/logo\/image\/","url":"https:\/\/gastronomicament.cat\/wp-content\/uploads\/2016\/09\/header-logo.jpg","contentUrl":"https:\/\/gastronomicament.cat\/wp-content\/uploads\/2016\/09\/header-logo.jpg","width":277,"height":39,"caption":"Gastron\u00f2micament"},"image":{"@id":"https:\/\/gastronomicament.cat\/en\/#\/schema\/logo\/image\/"},"sameAs":["https:\/\/x.com\/gastronomicamen"]},{"@type":"Person","@id":"https:\/\/gastronomicament.cat\/en\/#\/schema\/person\/a7c85c537a1ed62799a5b8e0f686a37f","name":"Redacci\u00f3","image":{"@type":"ImageObject","inLanguage":"en-US","@id":"https:\/\/secure.gravatar.com\/avatar\/9489a485c464fd611d33825daae651d13db70c4e74c65c94937a15a9d4c3ee14?s=96&d=mm&r=g69fea3cce3645dfa2166e7293e22955e","url":"https:\/\/secure.gravatar.com\/avatar\/9489a485c464fd611d33825daae651d13db70c4e74c65c94937a15a9d4c3ee14?s=96&d=mm&r=g","contentUrl":"https:\/\/secure.gravatar.com\/avatar\/9489a485c464fd611d33825daae651d13db70c4e74c65c94937a15a9d4c3ee14?s=96&d=mm&r=g","caption":"Redacci\u00f3"},"sameAs":["http:\/\/gastronomicament.cat"],"url":"https:\/\/gastronomicament.cat\/en\/author\/admin"}]}},"_links":{"self":[{"href":"https:\/\/gastronomicament.cat\/en\/wp-json\/wp\/v2\/posts\/71285","targetHints":{"allow":["GET"]}}],"collection":[{"href":"https:\/\/gastronomicament.cat\/en\/wp-json\/wp\/v2\/posts"}],"about":[{"href":"https:\/\/gastronomicament.cat\/en\/wp-json\/wp\/v2\/types\/post"}],"author":[{"embeddable":true,"href":"https:\/\/gastronomicament.cat\/en\/wp-json\/wp\/v2\/users\/1"}],"replies":[{"embeddable":true,"href":"https:\/\/gastronomicament.cat\/en\/wp-json\/wp\/v2\/comments?post=71285"}],"version-history":[{"count":0,"href":"https:\/\/gastronomicament.cat\/en\/wp-json\/wp\/v2\/posts\/71285\/revisions"}],"wp:featuredmedia":[{"embeddable":true,"href":"https:\/\/gastronomicament.cat\/en\/wp-json\/wp\/v2\/media\/52871"}],"wp:attachment":[{"href":"https:\/\/gastronomicament.cat\/en\/wp-json\/wp\/v2\/media?parent=71285"}],"wp:term":[{"taxonomy":"category","embeddable":true,"href":"https:\/\/gastronomicament.cat\/en\/wp-json\/wp\/v2\/categories?post=71285"},{"taxonomy":"post_tag","embeddable":true,"href":"https:\/\/gastronomicament.cat\/en\/wp-json\/wp\/v2\/tags?post=71285"},{"taxonomy":"author","embeddable":true,"href":"https:\/\/gastronomicament.cat\/en\/wp-json\/wp\/v2\/coauthors?post=71285"}],"curies":[{"name":"wp","href":"https:\/\/api.w.org\/{rel}","templated":true}]}}