{"id":71983,"date":"2014-01-15T18:21:35","date_gmt":"2014-01-15T17:21:35","guid":{"rendered":"https:\/\/gastronomicament.cat\/v-mostra-gastronomica-de-anguila-a-sa-pobla"},"modified":"2022-04-09T11:45:39","modified_gmt":"2022-04-09T09:45:39","slug":"v-mostra-gastronomica-de-anguila-a-sa-pobla","status":"publish","type":"post","link":"https:\/\/gastronomicament.cat\/en\/v-mostra-gastronomica-de-anguila-a-sa-pobla","title":{"rendered":"V Mostra Gastron\u00f2mica de l&#8217;Anguila a sa Pobla"},"content":{"rendered":"<p>Com ja \u00e9s tradicional, els restaurants i cafeteries de sa Pobla ens acosten un interessant proposta gastron\u00f2mica basada en la suculent anguila.<\/p>\n<p>La mostra estar\u00e0 vigent fins al 19 de gener. Realment \u00e9s un plaer poder assoborir aquestes propostes, emmarcades en la festa de Sant Antoni.<\/p>\n<p>Hi trobareu propostes com les anguiles ofegades amb salsa d&#8217;ametles, tombet amb anguiles, espinagada d&#8217;anquiles, i molt m\u00e9s!<\/p>\n<p><strong>Per veure tots els plats, clicau la imatge de baix<\/strong>. Fixau-vos que hi ha alguns men\u00fas que requereixen reserva pr\u00e8via.<\/p>\n<p><a href=\"http:\/\/gastronomicament.cat\/wp-content\/uploads\/2014\/01\/v-mostra-gastronomica-de-languila.jpg\"><img decoding=\"async\" class=\"alignnone\" title=\"V Mostra Gastron\u00f2mica de l'Anguila a sa Pobla\" src=\"http:\/\/gastronomicament.cat\/wp-content\/uploads\/2014\/01\/v-mostra-gastronomica-de-languila.jpg\" alt=\"\" width=\"640\" height=\"271\" \/><\/a><!--more--><\/p>\n","protected":false},"excerpt":{"rendered":"<p>Com ja \u00e9s tradicional, els restaurants i cafeteries de sa Pobla ens acosten un interessant proposta gastron\u00f2mica basada en la suculent anguila. La mostra estar\u00e0 vigent fins al 19 de gener. Realment \u00e9s un plaer poder assoborir aquestes propostes, emmarcades en la festa de Sant Antoni. Hi trobareu propostes com les anguiles ofegades amb salsa [&hellip;]<\/p>\n","protected":false},"author":1,"featured_media":50751,"comment_status":"open","ping_status":"closed","sticky":false,"template":"","format":"standard","meta":{"_acf_changed":false,"_swt_meta_header_display":false,"_swt_meta_footer_display":false,"_swt_meta_site_title_display":false,"_swt_meta_sticky_header":false,"_swt_meta_transparent_header":false,"footnotes":""},"categories":[1046],"tags":[],"coauthors":[],"class_list":["post-71983","post","type-post","status-publish","format-standard","has-post-thumbnail","hentry","category-actualitat-es-en"],"acf":{"gallery":null,"home_date":{"home_begin_date":null,"home_end_date":null}},"yoast_head":"<!-- This site is optimized with the Yoast SEO plugin v27.4 - https:\/\/yoast.com\/product\/yoast-seo-wordpress\/ -->\n<title>V Mostra Gastron\u00f2mica de l&#039;Anguila a sa Pobla<\/title>\n<meta name=\"description\" content=\"V Mostra Gastron\u00f2mica de l&#039;Anguila a sa Pobla\" \/>\n<meta name=\"robots\" content=\"index, follow, max-snippet:-1, max-image-preview:large, max-video-preview:-1\" \/>\n<link rel=\"canonical\" href=\"https:\/\/gastronomicament.cat\/en\/v-mostra-gastronomica-de-anguila-a-sa-pobla\" \/>\n<meta property=\"og:locale\" content=\"en_US\" \/>\n<meta property=\"og:type\" content=\"article\" \/>\n<meta property=\"og:title\" content=\"V Mostra Gastron\u00f2mica de l&#039;Anguila a sa Pobla\" \/>\n<meta property=\"og:description\" content=\"V Mostra Gastron\u00f2mica de l&#039;Anguila a sa Pobla\" \/>\n<meta property=\"og:url\" content=\"https:\/\/gastronomicament.cat\/en\/v-mostra-gastronomica-de-anguila-a-sa-pobla\" \/>\n<meta property=\"og:site_name\" content=\"Gastron\u00f2micament\" \/>\n<meta property=\"article:published_time\" content=\"2014-01-15T17:21:35+00:00\" \/>\n<meta property=\"article:modified_time\" content=\"2022-04-09T09:45:39+00:00\" \/>\n<meta property=\"og:image\" content=\"https:\/\/gastronomicament.cat\/wp-content\/uploads\/2014\/01\/v-mostra-anguila-sa-pobla-2014.jpg\" \/>\n\t<meta property=\"og:image:width\" content=\"640\" \/>\n\t<meta property=\"og:image:height\" content=\"300\" \/>\n\t<meta property=\"og:image:type\" content=\"image\/jpeg\" \/>\n<meta name=\"author\" content=\"Redacci\u00f3\" \/>\n<meta name=\"twitter:card\" content=\"summary_large_image\" \/>\n<meta name=\"twitter:creator\" content=\"@gastronomicamen\" \/>\n<meta name=\"twitter:site\" content=\"@gastronomicamen\" \/>\n<meta name=\"twitter:label1\" content=\"Written by\" \/>\n\t<meta name=\"twitter:data1\" content=\"Redacci\u00f3\" \/>\n<script type=\"application\/ld+json\" class=\"yoast-schema-graph\">{\"@context\":\"https:\\\/\\\/schema.org\",\"@graph\":[{\"@type\":\"Article\",\"@id\":\"https:\\\/\\\/gastronomicament.cat\\\/en\\\/v-mostra-gastronomica-de-anguila-a-sa-pobla#article\",\"isPartOf\":{\"@id\":\"https:\\\/\\\/gastronomicament.cat\\\/en\\\/v-mostra-gastronomica-de-anguila-a-sa-pobla\"},\"author\":{\"name\":\"Redacci\u00f3\",\"@id\":\"https:\\\/\\\/gastronomicament.cat\\\/en\\\/#\\\/schema\\\/person\\\/a7c85c537a1ed62799a5b8e0f686a37f\"},\"headline\":\"V Mostra Gastron\u00f2mica de l&#8217;Anguila a sa Pobla\",\"datePublished\":\"2014-01-15T17:21:35+00:00\",\"dateModified\":\"2022-04-09T09:45:39+00:00\",\"mainEntityOfPage\":{\"@id\":\"https:\\\/\\\/gastronomicament.cat\\\/en\\\/v-mostra-gastronomica-de-anguila-a-sa-pobla\"},\"wordCount\":96,\"commentCount\":0,\"publisher\":{\"@id\":\"https:\\\/\\\/gastronomicament.cat\\\/en\\\/#organization\"},\"image\":{\"@id\":\"https:\\\/\\\/gastronomicament.cat\\\/en\\\/v-mostra-gastronomica-de-anguila-a-sa-pobla#primaryimage\"},\"thumbnailUrl\":\"https:\\\/\\\/gastronomicament.cat\\\/wp-content\\\/uploads\\\/2014\\\/01\\\/v-mostra-anguila-sa-pobla-2014.jpg\",\"articleSection\":[\"Actualitat\"],\"inLanguage\":\"en-US\",\"potentialAction\":[{\"@type\":\"CommentAction\",\"name\":\"Comment\",\"target\":[\"https:\\\/\\\/gastronomicament.cat\\\/en\\\/v-mostra-gastronomica-de-anguila-a-sa-pobla#respond\"]}]},{\"@type\":\"WebPage\",\"@id\":\"https:\\\/\\\/gastronomicament.cat\\\/en\\\/v-mostra-gastronomica-de-anguila-a-sa-pobla\",\"url\":\"https:\\\/\\\/gastronomicament.cat\\\/en\\\/v-mostra-gastronomica-de-anguila-a-sa-pobla\",\"name\":\"V Mostra Gastron\u00f2mica de l'Anguila a sa Pobla\",\"isPartOf\":{\"@id\":\"https:\\\/\\\/gastronomicament.cat\\\/en\\\/#website\"},\"primaryImageOfPage\":{\"@id\":\"https:\\\/\\\/gastronomicament.cat\\\/en\\\/v-mostra-gastronomica-de-anguila-a-sa-pobla#primaryimage\"},\"image\":{\"@id\":\"https:\\\/\\\/gastronomicament.cat\\\/en\\\/v-mostra-gastronomica-de-anguila-a-sa-pobla#primaryimage\"},\"thumbnailUrl\":\"https:\\\/\\\/gastronomicament.cat\\\/wp-content\\\/uploads\\\/2014\\\/01\\\/v-mostra-anguila-sa-pobla-2014.jpg\",\"datePublished\":\"2014-01-15T17:21:35+00:00\",\"dateModified\":\"2022-04-09T09:45:39+00:00\",\"description\":\"V Mostra Gastron\u00f2mica de l'Anguila a sa Pobla\",\"inLanguage\":\"en-US\",\"potentialAction\":[{\"@type\":\"ReadAction\",\"target\":[\"https:\\\/\\\/gastronomicament.cat\\\/en\\\/v-mostra-gastronomica-de-anguila-a-sa-pobla\"]}]},{\"@type\":\"ImageObject\",\"inLanguage\":\"en-US\",\"@id\":\"https:\\\/\\\/gastronomicament.cat\\\/en\\\/v-mostra-gastronomica-de-anguila-a-sa-pobla#primaryimage\",\"url\":\"https:\\\/\\\/gastronomicament.cat\\\/wp-content\\\/uploads\\\/2014\\\/01\\\/v-mostra-anguila-sa-pobla-2014.jpg\",\"contentUrl\":\"https:\\\/\\\/gastronomicament.cat\\\/wp-content\\\/uploads\\\/2014\\\/01\\\/v-mostra-anguila-sa-pobla-2014.jpg\",\"width\":640,\"height\":300},{\"@type\":\"WebSite\",\"@id\":\"https:\\\/\\\/gastronomicament.cat\\\/en\\\/#website\",\"url\":\"https:\\\/\\\/gastronomicament.cat\\\/en\\\/\",\"name\":\"Gastron\u00f2micament\",\"description\":\"Portal de restaurants, receptes i actualitat gastron\u00f2mica\",\"publisher\":{\"@id\":\"https:\\\/\\\/gastronomicament.cat\\\/en\\\/#organization\"},\"potentialAction\":[{\"@type\":\"SearchAction\",\"target\":{\"@type\":\"EntryPoint\",\"urlTemplate\":\"https:\\\/\\\/gastronomicament.cat\\\/en\\\/?s={search_term_string}\"},\"query-input\":{\"@type\":\"PropertyValueSpecification\",\"valueRequired\":true,\"valueName\":\"search_term_string\"}}],\"inLanguage\":\"en-US\"},{\"@type\":\"Organization\",\"@id\":\"https:\\\/\\\/gastronomicament.cat\\\/en\\\/#organization\",\"name\":\"Gastron\u00f2micament\",\"url\":\"https:\\\/\\\/gastronomicament.cat\\\/en\\\/\",\"logo\":{\"@type\":\"ImageObject\",\"inLanguage\":\"en-US\",\"@id\":\"https:\\\/\\\/gastronomicament.cat\\\/en\\\/#\\\/schema\\\/logo\\\/image\\\/\",\"url\":\"https:\\\/\\\/gastronomicament.cat\\\/wp-content\\\/uploads\\\/2016\\\/09\\\/header-logo.jpg\",\"contentUrl\":\"https:\\\/\\\/gastronomicament.cat\\\/wp-content\\\/uploads\\\/2016\\\/09\\\/header-logo.jpg\",\"width\":277,\"height\":39,\"caption\":\"Gastron\u00f2micament\"},\"image\":{\"@id\":\"https:\\\/\\\/gastronomicament.cat\\\/en\\\/#\\\/schema\\\/logo\\\/image\\\/\"},\"sameAs\":[\"https:\\\/\\\/x.com\\\/gastronomicamen\"]},{\"@type\":\"Person\",\"@id\":\"https:\\\/\\\/gastronomicament.cat\\\/en\\\/#\\\/schema\\\/person\\\/a7c85c537a1ed62799a5b8e0f686a37f\",\"name\":\"Redacci\u00f3\",\"image\":{\"@type\":\"ImageObject\",\"inLanguage\":\"en-US\",\"@id\":\"https:\\\/\\\/secure.gravatar.com\\\/avatar\\\/9489a485c464fd611d33825daae651d13db70c4e74c65c94937a15a9d4c3ee14?s=96&d=mm&r=g69fea3cce3645dfa2166e7293e22955e\",\"url\":\"https:\\\/\\\/secure.gravatar.com\\\/avatar\\\/9489a485c464fd611d33825daae651d13db70c4e74c65c94937a15a9d4c3ee14?s=96&d=mm&r=g\",\"contentUrl\":\"https:\\\/\\\/secure.gravatar.com\\\/avatar\\\/9489a485c464fd611d33825daae651d13db70c4e74c65c94937a15a9d4c3ee14?s=96&d=mm&r=g\",\"caption\":\"Redacci\u00f3\"},\"sameAs\":[\"http:\\\/\\\/gastronomicament.cat\"],\"url\":\"https:\\\/\\\/gastronomicament.cat\\\/en\\\/author\\\/admin\"}]}<\/script>\n<!-- \/ Yoast SEO plugin. -->","yoast_head_json":{"title":"V Mostra Gastron\u00f2mica de l'Anguila a sa Pobla","description":"V Mostra Gastron\u00f2mica de l'Anguila a sa Pobla","robots":{"index":"index","follow":"follow","max-snippet":"max-snippet:-1","max-image-preview":"max-image-preview:large","max-video-preview":"max-video-preview:-1"},"canonical":"https:\/\/gastronomicament.cat\/en\/v-mostra-gastronomica-de-anguila-a-sa-pobla","og_locale":"en_US","og_type":"article","og_title":"V Mostra Gastron\u00f2mica de l'Anguila a sa Pobla","og_description":"V Mostra Gastron\u00f2mica de l'Anguila a sa Pobla","og_url":"https:\/\/gastronomicament.cat\/en\/v-mostra-gastronomica-de-anguila-a-sa-pobla","og_site_name":"Gastron\u00f2micament","article_published_time":"2014-01-15T17:21:35+00:00","article_modified_time":"2022-04-09T09:45:39+00:00","og_image":[{"width":640,"height":300,"url":"https:\/\/gastronomicament.cat\/wp-content\/uploads\/2014\/01\/v-mostra-anguila-sa-pobla-2014.jpg","type":"image\/jpeg"}],"author":"Redacci\u00f3","twitter_card":"summary_large_image","twitter_creator":"@gastronomicamen","twitter_site":"@gastronomicamen","twitter_misc":{"Written by":"Redacci\u00f3"},"schema":{"@context":"https:\/\/schema.org","@graph":[{"@type":"Article","@id":"https:\/\/gastronomicament.cat\/en\/v-mostra-gastronomica-de-anguila-a-sa-pobla#article","isPartOf":{"@id":"https:\/\/gastronomicament.cat\/en\/v-mostra-gastronomica-de-anguila-a-sa-pobla"},"author":{"name":"Redacci\u00f3","@id":"https:\/\/gastronomicament.cat\/en\/#\/schema\/person\/a7c85c537a1ed62799a5b8e0f686a37f"},"headline":"V Mostra Gastron\u00f2mica de l&#8217;Anguila a sa Pobla","datePublished":"2014-01-15T17:21:35+00:00","dateModified":"2022-04-09T09:45:39+00:00","mainEntityOfPage":{"@id":"https:\/\/gastronomicament.cat\/en\/v-mostra-gastronomica-de-anguila-a-sa-pobla"},"wordCount":96,"commentCount":0,"publisher":{"@id":"https:\/\/gastronomicament.cat\/en\/#organization"},"image":{"@id":"https:\/\/gastronomicament.cat\/en\/v-mostra-gastronomica-de-anguila-a-sa-pobla#primaryimage"},"thumbnailUrl":"https:\/\/gastronomicament.cat\/wp-content\/uploads\/2014\/01\/v-mostra-anguila-sa-pobla-2014.jpg","articleSection":["Actualitat"],"inLanguage":"en-US","potentialAction":[{"@type":"CommentAction","name":"Comment","target":["https:\/\/gastronomicament.cat\/en\/v-mostra-gastronomica-de-anguila-a-sa-pobla#respond"]}]},{"@type":"WebPage","@id":"https:\/\/gastronomicament.cat\/en\/v-mostra-gastronomica-de-anguila-a-sa-pobla","url":"https:\/\/gastronomicament.cat\/en\/v-mostra-gastronomica-de-anguila-a-sa-pobla","name":"V Mostra Gastron\u00f2mica de l'Anguila a sa Pobla","isPartOf":{"@id":"https:\/\/gastronomicament.cat\/en\/#website"},"primaryImageOfPage":{"@id":"https:\/\/gastronomicament.cat\/en\/v-mostra-gastronomica-de-anguila-a-sa-pobla#primaryimage"},"image":{"@id":"https:\/\/gastronomicament.cat\/en\/v-mostra-gastronomica-de-anguila-a-sa-pobla#primaryimage"},"thumbnailUrl":"https:\/\/gastronomicament.cat\/wp-content\/uploads\/2014\/01\/v-mostra-anguila-sa-pobla-2014.jpg","datePublished":"2014-01-15T17:21:35+00:00","dateModified":"2022-04-09T09:45:39+00:00","description":"V Mostra Gastron\u00f2mica de l'Anguila a sa Pobla","inLanguage":"en-US","potentialAction":[{"@type":"ReadAction","target":["https:\/\/gastronomicament.cat\/en\/v-mostra-gastronomica-de-anguila-a-sa-pobla"]}]},{"@type":"ImageObject","inLanguage":"en-US","@id":"https:\/\/gastronomicament.cat\/en\/v-mostra-gastronomica-de-anguila-a-sa-pobla#primaryimage","url":"https:\/\/gastronomicament.cat\/wp-content\/uploads\/2014\/01\/v-mostra-anguila-sa-pobla-2014.jpg","contentUrl":"https:\/\/gastronomicament.cat\/wp-content\/uploads\/2014\/01\/v-mostra-anguila-sa-pobla-2014.jpg","width":640,"height":300},{"@type":"WebSite","@id":"https:\/\/gastronomicament.cat\/en\/#website","url":"https:\/\/gastronomicament.cat\/en\/","name":"Gastron\u00f2micament","description":"Portal de restaurants, receptes i actualitat gastron\u00f2mica","publisher":{"@id":"https:\/\/gastronomicament.cat\/en\/#organization"},"potentialAction":[{"@type":"SearchAction","target":{"@type":"EntryPoint","urlTemplate":"https:\/\/gastronomicament.cat\/en\/?s={search_term_string}"},"query-input":{"@type":"PropertyValueSpecification","valueRequired":true,"valueName":"search_term_string"}}],"inLanguage":"en-US"},{"@type":"Organization","@id":"https:\/\/gastronomicament.cat\/en\/#organization","name":"Gastron\u00f2micament","url":"https:\/\/gastronomicament.cat\/en\/","logo":{"@type":"ImageObject","inLanguage":"en-US","@id":"https:\/\/gastronomicament.cat\/en\/#\/schema\/logo\/image\/","url":"https:\/\/gastronomicament.cat\/wp-content\/uploads\/2016\/09\/header-logo.jpg","contentUrl":"https:\/\/gastronomicament.cat\/wp-content\/uploads\/2016\/09\/header-logo.jpg","width":277,"height":39,"caption":"Gastron\u00f2micament"},"image":{"@id":"https:\/\/gastronomicament.cat\/en\/#\/schema\/logo\/image\/"},"sameAs":["https:\/\/x.com\/gastronomicamen"]},{"@type":"Person","@id":"https:\/\/gastronomicament.cat\/en\/#\/schema\/person\/a7c85c537a1ed62799a5b8e0f686a37f","name":"Redacci\u00f3","image":{"@type":"ImageObject","inLanguage":"en-US","@id":"https:\/\/secure.gravatar.com\/avatar\/9489a485c464fd611d33825daae651d13db70c4e74c65c94937a15a9d4c3ee14?s=96&d=mm&r=g69fea3cce3645dfa2166e7293e22955e","url":"https:\/\/secure.gravatar.com\/avatar\/9489a485c464fd611d33825daae651d13db70c4e74c65c94937a15a9d4c3ee14?s=96&d=mm&r=g","contentUrl":"https:\/\/secure.gravatar.com\/avatar\/9489a485c464fd611d33825daae651d13db70c4e74c65c94937a15a9d4c3ee14?s=96&d=mm&r=g","caption":"Redacci\u00f3"},"sameAs":["http:\/\/gastronomicament.cat"],"url":"https:\/\/gastronomicament.cat\/en\/author\/admin"}]}},"_links":{"self":[{"href":"https:\/\/gastronomicament.cat\/en\/wp-json\/wp\/v2\/posts\/71983","targetHints":{"allow":["GET"]}}],"collection":[{"href":"https:\/\/gastronomicament.cat\/en\/wp-json\/wp\/v2\/posts"}],"about":[{"href":"https:\/\/gastronomicament.cat\/en\/wp-json\/wp\/v2\/types\/post"}],"author":[{"embeddable":true,"href":"https:\/\/gastronomicament.cat\/en\/wp-json\/wp\/v2\/users\/1"}],"replies":[{"embeddable":true,"href":"https:\/\/gastronomicament.cat\/en\/wp-json\/wp\/v2\/comments?post=71983"}],"version-history":[{"count":0,"href":"https:\/\/gastronomicament.cat\/en\/wp-json\/wp\/v2\/posts\/71983\/revisions"}],"wp:featuredmedia":[{"embeddable":true,"href":"https:\/\/gastronomicament.cat\/en\/wp-json\/wp\/v2\/media\/50751"}],"wp:attachment":[{"href":"https:\/\/gastronomicament.cat\/en\/wp-json\/wp\/v2\/media?parent=71983"}],"wp:term":[{"taxonomy":"category","embeddable":true,"href":"https:\/\/gastronomicament.cat\/en\/wp-json\/wp\/v2\/categories?post=71983"},{"taxonomy":"post_tag","embeddable":true,"href":"https:\/\/gastronomicament.cat\/en\/wp-json\/wp\/v2\/tags?post=71983"},{"taxonomy":"author","embeddable":true,"href":"https:\/\/gastronomicament.cat\/en\/wp-json\/wp\/v2\/coauthors?post=71983"}],"curies":[{"name":"wp","href":"https:\/\/api.w.org\/{rel}","templated":true}]}}