{"id":71990,"date":"2014-01-15T01:15:22","date_gmt":"2014-01-15T00:15:22","guid":{"rendered":"https:\/\/gastronomicament.cat\/ruta-de-tapes-de-sant-antoni-a-sant-llorenc-des-cardassar-2014"},"modified":"2014-01-15T01:15:22","modified_gmt":"2014-01-15T00:15:22","slug":"ruta-de-tapes-de-sant-antoni-a-sant-llorenc-des-cardassar-2014","status":"publish","type":"post","link":"https:\/\/gastronomicament.cat\/en\/ruta-de-tapes-de-sant-antoni-a-sant-llorenc-des-cardassar-2014","title":{"rendered":"Ruta de tapes de Sant Antoni a Sant Lloren\u00e7 des Cardassar 2014"},"content":{"rendered":"<p>Avui, dijous dia 16 de gener, els restaurants i cafeteries de Sant Lloren\u00e7 us oferiran un bon assortiment de tapes en honor de Sant Antoni. La ruta de tapes de Sant Antoni a Sant Lloren\u00e7 des Cardassar 2014 comen\u00e7ar\u00e0 a partir de les 13 hores. Els restaurants participants s\u00f3n: Bar VB, rest. sa Pla\u00e7a, bar sa Trobada, bar Nou, sa Gu\u00e0tlera, bar Ol\u00edmpic, Can Pedro, Can Neula, Odissea\u2019s.<\/p>\n<p>Aix\u00ed mateix us recordam els actes m\u00e9s destacats de Sant Antoni:<\/p>\n<p><strong>Dia 16 de gener<\/strong>:<\/p>\n<ul>\n<li>10.30 h. Primer ball dels dimonis a la Rectoria. Visitaran: centre de Dia, escoleta Card i escola Mestre Guillem Galm\u00e9s.<\/li>\n<li>12 h. Foguer\u00f3 a l\u2019escola Mestre Guillem Galm\u00e9s amb la participaci\u00f3 dels dimonis.<\/li>\n<li>17 h. Sortida dels dimonis de la Rectoria.<\/li>\n<li>19 h. Lectura de l\u2019argument i cant del goig a la Rectoria. Seguidament, tro d\u2019encesa dels foguerons i volta dels dimonis amb la Banda de M\u00fasica de Sant Lloren\u00e7.<\/li>\n<\/ul>\n<p><strong>Dia 17 de gener<\/strong>:<\/p>\n<ul>\n<li>15.30 h. Bene\u00efdes de Sant Antoni. Concentraci\u00f3 de les carrosses a les 15 hores a la pla\u00e7a de Jaume Santandreu i voltants. Es faran 2 voltes al recorregut. Els premis es lliuraran despr\u00e9s de la segona volta a ca s\u2019Escaleta. Seguidament, volta de Sant Antoni i els dimonis per les cases (pr\u00e8via inscripci\u00f3 al Sobreposat).<\/li>\n<li>A partir 18 h. Torrada i exhibici\u00f3 de ball infantil a c\u00e0rrec dels Revetllers. A la pla\u00e7a de l\u2019Esgl\u00e9sia.<\/li>\n<li>19.30 h. Missa de Sant Antoni.<\/li>\n<li>20 h. Darrer ball. A la pla\u00e7a de l\u2019Esgl\u00e9sia.<\/li>\n<\/ul>\n<p>&nbsp;<!--more--><\/p>\n","protected":false},"excerpt":{"rendered":"<p>Avui, dijous dia 16 de gener, els restaurants i cafeteries de Sant Lloren\u00e7 us oferiran un bon assortiment de tapes en honor de Sant Antoni. La ruta de tapes de Sant Antoni a Sant Lloren\u00e7 des Cardassar 2014 comen\u00e7ar\u00e0 a partir de les 13 hores. Els restaurants participants s\u00f3n: Bar VB, rest. sa Pla\u00e7a, bar [&hellip;]<\/p>\n","protected":false},"author":1,"featured_media":50761,"comment_status":"open","ping_status":"closed","sticky":false,"template":"","format":"standard","meta":{"_acf_changed":false,"_swt_meta_header_display":false,"_swt_meta_footer_display":false,"_swt_meta_site_title_display":false,"_swt_meta_sticky_header":false,"_swt_meta_transparent_header":false,"footnotes":""},"categories":[1046],"tags":[],"coauthors":[],"class_list":["post-71990","post","type-post","status-publish","format-standard","has-post-thumbnail","hentry","category-actualitat-es-en"],"acf":{"gallery":null,"home_date":{"home_begin_date":null,"home_end_date":null}},"yoast_head":"<!-- This site is optimized with the Yoast SEO plugin v27.4 - https:\/\/yoast.com\/product\/yoast-seo-wordpress\/ -->\n<title>Ruta de tapes de Sant Antoni a Sant Lloren\u00e7 des Cardassar 2014<\/title>\n<meta name=\"description\" content=\"Ruta de tapes de Sant Antoni a Sant Lloren\u00e7 des Cardassar 2014\" \/>\n<meta name=\"robots\" content=\"index, follow, max-snippet:-1, max-image-preview:large, max-video-preview:-1\" \/>\n<link rel=\"canonical\" href=\"https:\/\/gastronomicament.cat\/en\/ruta-de-tapes-de-sant-antoni-a-sant-llorenc-des-cardassar-2014\" \/>\n<meta property=\"og:locale\" content=\"en_US\" \/>\n<meta property=\"og:type\" content=\"article\" \/>\n<meta property=\"og:title\" content=\"Ruta de tapes de Sant Antoni a Sant Lloren\u00e7 des Cardassar 2014\" \/>\n<meta property=\"og:description\" content=\"Ruta de tapes de Sant Antoni a Sant Lloren\u00e7 des Cardassar 2014\" \/>\n<meta property=\"og:url\" content=\"https:\/\/gastronomicament.cat\/en\/ruta-de-tapes-de-sant-antoni-a-sant-llorenc-des-cardassar-2014\" \/>\n<meta property=\"og:site_name\" content=\"Gastron\u00f2micament\" \/>\n<meta property=\"article:published_time\" content=\"2014-01-15T00:15:22+00:00\" \/>\n<meta property=\"og:image\" content=\"https:\/\/gastronomicament.cat\/wp-content\/uploads\/2014\/01\/1.jpg\" \/>\n\t<meta property=\"og:image:width\" content=\"640\" \/>\n\t<meta property=\"og:image:height\" content=\"300\" \/>\n\t<meta property=\"og:image:type\" content=\"image\/jpeg\" \/>\n<meta name=\"author\" content=\"Redacci\u00f3\" \/>\n<meta name=\"twitter:card\" content=\"summary_large_image\" \/>\n<meta name=\"twitter:creator\" content=\"@gastronomicamen\" \/>\n<meta name=\"twitter:site\" content=\"@gastronomicamen\" \/>\n<meta name=\"twitter:label1\" content=\"Written by\" \/>\n\t<meta name=\"twitter:data1\" content=\"Redacci\u00f3\" \/>\n\t<meta name=\"twitter:label2\" content=\"Est. reading time\" \/>\n\t<meta name=\"twitter:data2\" content=\"1 minute\" \/>\n<script type=\"application\/ld+json\" class=\"yoast-schema-graph\">{\"@context\":\"https:\\\/\\\/schema.org\",\"@graph\":[{\"@type\":\"Article\",\"@id\":\"https:\\\/\\\/gastronomicament.cat\\\/en\\\/ruta-de-tapes-de-sant-antoni-a-sant-llorenc-des-cardassar-2014#article\",\"isPartOf\":{\"@id\":\"https:\\\/\\\/gastronomicament.cat\\\/en\\\/ruta-de-tapes-de-sant-antoni-a-sant-llorenc-des-cardassar-2014\"},\"author\":{\"name\":\"Redacci\u00f3\",\"@id\":\"https:\\\/\\\/gastronomicament.cat\\\/en\\\/#\\\/schema\\\/person\\\/a7c85c537a1ed62799a5b8e0f686a37f\"},\"headline\":\"Ruta de tapes de Sant Antoni a Sant Lloren\u00e7 des Cardassar 2014\",\"datePublished\":\"2014-01-15T00:15:22+00:00\",\"mainEntityOfPage\":{\"@id\":\"https:\\\/\\\/gastronomicament.cat\\\/en\\\/ruta-de-tapes-de-sant-antoni-a-sant-llorenc-des-cardassar-2014\"},\"wordCount\":268,\"commentCount\":0,\"publisher\":{\"@id\":\"https:\\\/\\\/gastronomicament.cat\\\/en\\\/#organization\"},\"image\":{\"@id\":\"https:\\\/\\\/gastronomicament.cat\\\/en\\\/ruta-de-tapes-de-sant-antoni-a-sant-llorenc-des-cardassar-2014#primaryimage\"},\"thumbnailUrl\":\"https:\\\/\\\/gastronomicament.cat\\\/wp-content\\\/uploads\\\/2014\\\/01\\\/1.jpg\",\"articleSection\":[\"Actualitat\"],\"inLanguage\":\"en-US\",\"potentialAction\":[{\"@type\":\"CommentAction\",\"name\":\"Comment\",\"target\":[\"https:\\\/\\\/gastronomicament.cat\\\/en\\\/ruta-de-tapes-de-sant-antoni-a-sant-llorenc-des-cardassar-2014#respond\"]}]},{\"@type\":\"WebPage\",\"@id\":\"https:\\\/\\\/gastronomicament.cat\\\/en\\\/ruta-de-tapes-de-sant-antoni-a-sant-llorenc-des-cardassar-2014\",\"url\":\"https:\\\/\\\/gastronomicament.cat\\\/en\\\/ruta-de-tapes-de-sant-antoni-a-sant-llorenc-des-cardassar-2014\",\"name\":\"Ruta de tapes de Sant Antoni a Sant Lloren\u00e7 des Cardassar 2014\",\"isPartOf\":{\"@id\":\"https:\\\/\\\/gastronomicament.cat\\\/en\\\/#website\"},\"primaryImageOfPage\":{\"@id\":\"https:\\\/\\\/gastronomicament.cat\\\/en\\\/ruta-de-tapes-de-sant-antoni-a-sant-llorenc-des-cardassar-2014#primaryimage\"},\"image\":{\"@id\":\"https:\\\/\\\/gastronomicament.cat\\\/en\\\/ruta-de-tapes-de-sant-antoni-a-sant-llorenc-des-cardassar-2014#primaryimage\"},\"thumbnailUrl\":\"https:\\\/\\\/gastronomicament.cat\\\/wp-content\\\/uploads\\\/2014\\\/01\\\/1.jpg\",\"datePublished\":\"2014-01-15T00:15:22+00:00\",\"description\":\"Ruta de tapes de Sant Antoni a Sant Lloren\u00e7 des Cardassar 2014\",\"inLanguage\":\"en-US\",\"potentialAction\":[{\"@type\":\"ReadAction\",\"target\":[\"https:\\\/\\\/gastronomicament.cat\\\/en\\\/ruta-de-tapes-de-sant-antoni-a-sant-llorenc-des-cardassar-2014\"]}]},{\"@type\":\"ImageObject\",\"inLanguage\":\"en-US\",\"@id\":\"https:\\\/\\\/gastronomicament.cat\\\/en\\\/ruta-de-tapes-de-sant-antoni-a-sant-llorenc-des-cardassar-2014#primaryimage\",\"url\":\"https:\\\/\\\/gastronomicament.cat\\\/wp-content\\\/uploads\\\/2014\\\/01\\\/1.jpg\",\"contentUrl\":\"https:\\\/\\\/gastronomicament.cat\\\/wp-content\\\/uploads\\\/2014\\\/01\\\/1.jpg\",\"width\":640,\"height\":300},{\"@type\":\"WebSite\",\"@id\":\"https:\\\/\\\/gastronomicament.cat\\\/en\\\/#website\",\"url\":\"https:\\\/\\\/gastronomicament.cat\\\/en\\\/\",\"name\":\"Gastron\u00f2micament\",\"description\":\"Portal de restaurants, receptes i actualitat gastron\u00f2mica\",\"publisher\":{\"@id\":\"https:\\\/\\\/gastronomicament.cat\\\/en\\\/#organization\"},\"potentialAction\":[{\"@type\":\"SearchAction\",\"target\":{\"@type\":\"EntryPoint\",\"urlTemplate\":\"https:\\\/\\\/gastronomicament.cat\\\/en\\\/?s={search_term_string}\"},\"query-input\":{\"@type\":\"PropertyValueSpecification\",\"valueRequired\":true,\"valueName\":\"search_term_string\"}}],\"inLanguage\":\"en-US\"},{\"@type\":\"Organization\",\"@id\":\"https:\\\/\\\/gastronomicament.cat\\\/en\\\/#organization\",\"name\":\"Gastron\u00f2micament\",\"url\":\"https:\\\/\\\/gastronomicament.cat\\\/en\\\/\",\"logo\":{\"@type\":\"ImageObject\",\"inLanguage\":\"en-US\",\"@id\":\"https:\\\/\\\/gastronomicament.cat\\\/en\\\/#\\\/schema\\\/logo\\\/image\\\/\",\"url\":\"https:\\\/\\\/gastronomicament.cat\\\/wp-content\\\/uploads\\\/2016\\\/09\\\/header-logo.jpg\",\"contentUrl\":\"https:\\\/\\\/gastronomicament.cat\\\/wp-content\\\/uploads\\\/2016\\\/09\\\/header-logo.jpg\",\"width\":277,\"height\":39,\"caption\":\"Gastron\u00f2micament\"},\"image\":{\"@id\":\"https:\\\/\\\/gastronomicament.cat\\\/en\\\/#\\\/schema\\\/logo\\\/image\\\/\"},\"sameAs\":[\"https:\\\/\\\/x.com\\\/gastronomicamen\"]},{\"@type\":\"Person\",\"@id\":\"https:\\\/\\\/gastronomicament.cat\\\/en\\\/#\\\/schema\\\/person\\\/a7c85c537a1ed62799a5b8e0f686a37f\",\"name\":\"Redacci\u00f3\",\"image\":{\"@type\":\"ImageObject\",\"inLanguage\":\"en-US\",\"@id\":\"https:\\\/\\\/secure.gravatar.com\\\/avatar\\\/9489a485c464fd611d33825daae651d13db70c4e74c65c94937a15a9d4c3ee14?s=96&d=mm&r=g69fea3cce3645dfa2166e7293e22955e\",\"url\":\"https:\\\/\\\/secure.gravatar.com\\\/avatar\\\/9489a485c464fd611d33825daae651d13db70c4e74c65c94937a15a9d4c3ee14?s=96&d=mm&r=g\",\"contentUrl\":\"https:\\\/\\\/secure.gravatar.com\\\/avatar\\\/9489a485c464fd611d33825daae651d13db70c4e74c65c94937a15a9d4c3ee14?s=96&d=mm&r=g\",\"caption\":\"Redacci\u00f3\"},\"sameAs\":[\"http:\\\/\\\/gastronomicament.cat\"],\"url\":\"https:\\\/\\\/gastronomicament.cat\\\/en\\\/author\\\/admin\"}]}<\/script>\n<!-- \/ Yoast SEO plugin. -->","yoast_head_json":{"title":"Ruta de tapes de Sant Antoni a Sant Lloren\u00e7 des Cardassar 2014","description":"Ruta de tapes de Sant Antoni a Sant Lloren\u00e7 des Cardassar 2014","robots":{"index":"index","follow":"follow","max-snippet":"max-snippet:-1","max-image-preview":"max-image-preview:large","max-video-preview":"max-video-preview:-1"},"canonical":"https:\/\/gastronomicament.cat\/en\/ruta-de-tapes-de-sant-antoni-a-sant-llorenc-des-cardassar-2014","og_locale":"en_US","og_type":"article","og_title":"Ruta de tapes de Sant Antoni a Sant Lloren\u00e7 des Cardassar 2014","og_description":"Ruta de tapes de Sant Antoni a Sant Lloren\u00e7 des Cardassar 2014","og_url":"https:\/\/gastronomicament.cat\/en\/ruta-de-tapes-de-sant-antoni-a-sant-llorenc-des-cardassar-2014","og_site_name":"Gastron\u00f2micament","article_published_time":"2014-01-15T00:15:22+00:00","og_image":[{"width":640,"height":300,"url":"https:\/\/gastronomicament.cat\/wp-content\/uploads\/2014\/01\/1.jpg","type":"image\/jpeg"}],"author":"Redacci\u00f3","twitter_card":"summary_large_image","twitter_creator":"@gastronomicamen","twitter_site":"@gastronomicamen","twitter_misc":{"Written by":"Redacci\u00f3","Est. reading time":"1 minute"},"schema":{"@context":"https:\/\/schema.org","@graph":[{"@type":"Article","@id":"https:\/\/gastronomicament.cat\/en\/ruta-de-tapes-de-sant-antoni-a-sant-llorenc-des-cardassar-2014#article","isPartOf":{"@id":"https:\/\/gastronomicament.cat\/en\/ruta-de-tapes-de-sant-antoni-a-sant-llorenc-des-cardassar-2014"},"author":{"name":"Redacci\u00f3","@id":"https:\/\/gastronomicament.cat\/en\/#\/schema\/person\/a7c85c537a1ed62799a5b8e0f686a37f"},"headline":"Ruta de tapes de Sant Antoni a Sant Lloren\u00e7 des Cardassar 2014","datePublished":"2014-01-15T00:15:22+00:00","mainEntityOfPage":{"@id":"https:\/\/gastronomicament.cat\/en\/ruta-de-tapes-de-sant-antoni-a-sant-llorenc-des-cardassar-2014"},"wordCount":268,"commentCount":0,"publisher":{"@id":"https:\/\/gastronomicament.cat\/en\/#organization"},"image":{"@id":"https:\/\/gastronomicament.cat\/en\/ruta-de-tapes-de-sant-antoni-a-sant-llorenc-des-cardassar-2014#primaryimage"},"thumbnailUrl":"https:\/\/gastronomicament.cat\/wp-content\/uploads\/2014\/01\/1.jpg","articleSection":["Actualitat"],"inLanguage":"en-US","potentialAction":[{"@type":"CommentAction","name":"Comment","target":["https:\/\/gastronomicament.cat\/en\/ruta-de-tapes-de-sant-antoni-a-sant-llorenc-des-cardassar-2014#respond"]}]},{"@type":"WebPage","@id":"https:\/\/gastronomicament.cat\/en\/ruta-de-tapes-de-sant-antoni-a-sant-llorenc-des-cardassar-2014","url":"https:\/\/gastronomicament.cat\/en\/ruta-de-tapes-de-sant-antoni-a-sant-llorenc-des-cardassar-2014","name":"Ruta de tapes de Sant Antoni a Sant Lloren\u00e7 des Cardassar 2014","isPartOf":{"@id":"https:\/\/gastronomicament.cat\/en\/#website"},"primaryImageOfPage":{"@id":"https:\/\/gastronomicament.cat\/en\/ruta-de-tapes-de-sant-antoni-a-sant-llorenc-des-cardassar-2014#primaryimage"},"image":{"@id":"https:\/\/gastronomicament.cat\/en\/ruta-de-tapes-de-sant-antoni-a-sant-llorenc-des-cardassar-2014#primaryimage"},"thumbnailUrl":"https:\/\/gastronomicament.cat\/wp-content\/uploads\/2014\/01\/1.jpg","datePublished":"2014-01-15T00:15:22+00:00","description":"Ruta de tapes de Sant Antoni a Sant Lloren\u00e7 des Cardassar 2014","inLanguage":"en-US","potentialAction":[{"@type":"ReadAction","target":["https:\/\/gastronomicament.cat\/en\/ruta-de-tapes-de-sant-antoni-a-sant-llorenc-des-cardassar-2014"]}]},{"@type":"ImageObject","inLanguage":"en-US","@id":"https:\/\/gastronomicament.cat\/en\/ruta-de-tapes-de-sant-antoni-a-sant-llorenc-des-cardassar-2014#primaryimage","url":"https:\/\/gastronomicament.cat\/wp-content\/uploads\/2014\/01\/1.jpg","contentUrl":"https:\/\/gastronomicament.cat\/wp-content\/uploads\/2014\/01\/1.jpg","width":640,"height":300},{"@type":"WebSite","@id":"https:\/\/gastronomicament.cat\/en\/#website","url":"https:\/\/gastronomicament.cat\/en\/","name":"Gastron\u00f2micament","description":"Portal de restaurants, receptes i actualitat gastron\u00f2mica","publisher":{"@id":"https:\/\/gastronomicament.cat\/en\/#organization"},"potentialAction":[{"@type":"SearchAction","target":{"@type":"EntryPoint","urlTemplate":"https:\/\/gastronomicament.cat\/en\/?s={search_term_string}"},"query-input":{"@type":"PropertyValueSpecification","valueRequired":true,"valueName":"search_term_string"}}],"inLanguage":"en-US"},{"@type":"Organization","@id":"https:\/\/gastronomicament.cat\/en\/#organization","name":"Gastron\u00f2micament","url":"https:\/\/gastronomicament.cat\/en\/","logo":{"@type":"ImageObject","inLanguage":"en-US","@id":"https:\/\/gastronomicament.cat\/en\/#\/schema\/logo\/image\/","url":"https:\/\/gastronomicament.cat\/wp-content\/uploads\/2016\/09\/header-logo.jpg","contentUrl":"https:\/\/gastronomicament.cat\/wp-content\/uploads\/2016\/09\/header-logo.jpg","width":277,"height":39,"caption":"Gastron\u00f2micament"},"image":{"@id":"https:\/\/gastronomicament.cat\/en\/#\/schema\/logo\/image\/"},"sameAs":["https:\/\/x.com\/gastronomicamen"]},{"@type":"Person","@id":"https:\/\/gastronomicament.cat\/en\/#\/schema\/person\/a7c85c537a1ed62799a5b8e0f686a37f","name":"Redacci\u00f3","image":{"@type":"ImageObject","inLanguage":"en-US","@id":"https:\/\/secure.gravatar.com\/avatar\/9489a485c464fd611d33825daae651d13db70c4e74c65c94937a15a9d4c3ee14?s=96&d=mm&r=g69fea3cce3645dfa2166e7293e22955e","url":"https:\/\/secure.gravatar.com\/avatar\/9489a485c464fd611d33825daae651d13db70c4e74c65c94937a15a9d4c3ee14?s=96&d=mm&r=g","contentUrl":"https:\/\/secure.gravatar.com\/avatar\/9489a485c464fd611d33825daae651d13db70c4e74c65c94937a15a9d4c3ee14?s=96&d=mm&r=g","caption":"Redacci\u00f3"},"sameAs":["http:\/\/gastronomicament.cat"],"url":"https:\/\/gastronomicament.cat\/en\/author\/admin"}]}},"_links":{"self":[{"href":"https:\/\/gastronomicament.cat\/en\/wp-json\/wp\/v2\/posts\/71990","targetHints":{"allow":["GET"]}}],"collection":[{"href":"https:\/\/gastronomicament.cat\/en\/wp-json\/wp\/v2\/posts"}],"about":[{"href":"https:\/\/gastronomicament.cat\/en\/wp-json\/wp\/v2\/types\/post"}],"author":[{"embeddable":true,"href":"https:\/\/gastronomicament.cat\/en\/wp-json\/wp\/v2\/users\/1"}],"replies":[{"embeddable":true,"href":"https:\/\/gastronomicament.cat\/en\/wp-json\/wp\/v2\/comments?post=71990"}],"version-history":[{"count":0,"href":"https:\/\/gastronomicament.cat\/en\/wp-json\/wp\/v2\/posts\/71990\/revisions"}],"wp:featuredmedia":[{"embeddable":true,"href":"https:\/\/gastronomicament.cat\/en\/wp-json\/wp\/v2\/media\/50761"}],"wp:attachment":[{"href":"https:\/\/gastronomicament.cat\/en\/wp-json\/wp\/v2\/media?parent=71990"}],"wp:term":[{"taxonomy":"category","embeddable":true,"href":"https:\/\/gastronomicament.cat\/en\/wp-json\/wp\/v2\/categories?post=71990"},{"taxonomy":"post_tag","embeddable":true,"href":"https:\/\/gastronomicament.cat\/en\/wp-json\/wp\/v2\/tags?post=71990"},{"taxonomy":"author","embeddable":true,"href":"https:\/\/gastronomicament.cat\/en\/wp-json\/wp\/v2\/coauthors?post=71990"}],"curies":[{"name":"wp","href":"https:\/\/api.w.org\/{rel}","templated":true}]}}