{"id":72346,"date":"2013-10-18T19:23:55","date_gmt":"2013-10-18T17:23:55","guid":{"rendered":"https:\/\/gastronomicament.cat\/fira-de-porreres-2013"},"modified":"2022-04-09T11:51:31","modified_gmt":"2022-04-09T09:51:31","slug":"fira-de-porreres-2013","status":"publish","type":"post","link":"https:\/\/gastronomicament.cat\/en\/fira-de-porreres-2013","title":{"rendered":"Fira de Porreres 2013"},"content":{"rendered":"<p>Porreres, a trav\u00e9s de la seva fira, us convida a con\u00e8ixer el seu teixit empresarial en el qual destaquen les empreses d&#8217;alimentaci\u00f3, a m\u00e9s d&#8217;una interessant oferta gastron\u00f2mica.<\/p>\n<p>Aqu\u00ed teniu els actes m\u00e9s destacats de la Fira de Porreres 2013 des del punt de vista gastron\u00f2mic:<\/p>\n<p>__________________________________________<\/p>\n<p><strong>Dissabte 19 d&#8217;octubre<\/strong><br \/>\n20 h: Xerrada El vi a l\u2019antiguitat Mediterr\u00e0nia, a c\u00e0rrec d\u2019Elena Conde, professora de l\u2019UNED. En acabar hi haur\u00e0 una petita mostra de vins de la Mediterr\u00e0nia actual. A la seu de la Confraria Amics del Vi. Organitzaci\u00f3: Confraria Amics del Vi<\/p>\n<p><strong>Dilluns, 21 d&#8217;octubre<\/strong><br \/>\n20.30 h: Xerrada Adobs en gra i fruiters, a c\u00e0rrec de l\u2019enginyer agr\u00f2nom Gonzalo Fern\u00e1ndez. Organitzaci\u00f3: Cooperativa Agr\u00edcola de Porreres<\/p>\n<p><strong>Dies 23, 24, 25 i 26 d&#8217;octubre<\/strong><br \/>\n18 \u2013 21 h: Curs de cultiu ecol\u00f2gic de l\u2019olivar. A la Cooperativa. Inscripcions: 971 168 513 \/ 660 410 186. Gratu\u00eft Organitzaci\u00f3: Cooperativa Agr\u00edcola de Porreres,\u00a0APAEMA, Ajuntament de Porreres i CBPAE. Ho patrocina: SEAE<\/p>\n<p><strong>Divendres, 25 d&#8217;octubre<\/strong><br \/>\nDurant el dia d\u2019avui l\u2019Associaci\u00f3 de Persones Majors repartir\u00e0 una bossa de bunyols a tots els socis majors de 85 anys a ca seva.<br \/>\n18.30 h: Inauguraci\u00f3 de les Exposicions Fira 2013 acompanyats de la Batukada Infernal<br \/>\n20 h: ViArt Porreres 2013. Tast de vins, m\u00fasica i art al carrer Pou Florit fins al mol\u00ed de n\u2019Amengual. Organitzaci\u00f3: DO Pla i Llevant<br \/>\n21 h Concert de Jeg Trio. A la Pla\u00e7a del Mol\u00ed de n\u2019Amengual. Organitzaci\u00f3: Ajuntament de Porreres<\/p>\n<p><strong>Dissabte, 26 octubre<\/strong><br \/>\n18 h: Obertura de l&#8217;envelat de productes porrerencs. A la Pla\u00e7a de la Vila<br \/>\n19.30 h: Torrada de sa Fira 2013. Al local social de l\u2019Associaci\u00f3 de Persones Majors. Organitzaci\u00f3: Associaci\u00f3 de Persones Majors de Porreres<br \/>\n20 h: Visita de les autoritats acompanyats dels nins i nines amb llanternes, Geganters, Xeremiers de Porreres i Caparrots, a la XVIII Mostra de Productes Porrerencs. A la Pla\u00e7a de la Vila<br \/>\n20.30 h Mostra folkl\u00f2rica Sa Fira 2013 amb Aires des Pla de Marratx\u00ed, Rosa de Bulg\u00e0ria i s\u2019Estol Porrerenc. Gratu\u00eft.<br \/>\n00.30 h: Concert del grup Troins i despr\u00e9s Dj Rigo. Al bar sa Roqueta. Organitzaci\u00f3: bar sa Roqueta<\/p>\n<p><strong>Diumenge, 27 d&#8217;octubre<\/strong><br \/>\nGran dia de la Fira, a partir de les 10 hores.<\/p>\n<p>Hi haur\u00e0 exposicions, mostra de productes porrerencs, mercat d\u2019artesania, mobles vintage, customitzats, demostraci\u00f3 de treballs al camp i s\u00ednia amb funcionament, mostres de cotxes antics i de motos antigues, visites a celler i molt m\u00e9s!<\/p>\n<p>I tamb\u00e9&#8230; a les 12 hores, ballada popular amb Ordi Broix i s\u2019Estol Porrerenc, a la Pla\u00e7a de la Vila Ballada popular. Ho\u00a0 organitza: S\u2019Estol Porrerenc<!--more--><\/p>\n","protected":false},"excerpt":{"rendered":"<p>Porreres, a trav\u00e9s de la seva fira, us convida a con\u00e8ixer el seu teixit empresarial en&hellip;<\/p>\n","protected":false},"author":1,"featured_media":50333,"comment_status":"open","ping_status":"closed","sticky":false,"template":"","format":"standard","meta":{"_acf_changed":false,"_swt_meta_header_display":false,"_swt_meta_footer_display":false,"_swt_meta_site_title_display":false,"_swt_meta_sticky_header":false,"_swt_meta_transparent_header":false,"footnotes":""},"categories":[1046],"tags":[],"coauthors":[],"class_list":["post-72346","post","type-post","status-publish","format-standard","has-post-thumbnail","hentry","category-actualitat-es-en"],"acf":{"gallery":null,"home_date":{"home_begin_date":null,"home_end_date":null}},"yoast_head":"<!-- This site is optimized with the Yoast SEO plugin v27.4 - https:\/\/yoast.com\/product\/yoast-seo-wordpress\/ -->\n<title>Fira de Porreres 2013<\/title>\n<meta name=\"description\" content=\"Fira de Porreres 2013\" \/>\n<meta name=\"robots\" content=\"index, follow, max-snippet:-1, max-image-preview:large, max-video-preview:-1\" \/>\n<link rel=\"canonical\" href=\"https:\/\/gastronomicament.cat\/en\/fira-de-porreres-2013\" \/>\n<meta property=\"og:locale\" content=\"en_US\" \/>\n<meta property=\"og:type\" content=\"article\" \/>\n<meta property=\"og:title\" content=\"Fira de Porreres 2013\" \/>\n<meta property=\"og:description\" content=\"Fira de Porreres 2013\" \/>\n<meta property=\"og:url\" content=\"https:\/\/gastronomicament.cat\/en\/fira-de-porreres-2013\" \/>\n<meta property=\"og:site_name\" content=\"Gastron\u00f2micament\" \/>\n<meta property=\"article:published_time\" content=\"2013-10-18T17:23:55+00:00\" \/>\n<meta property=\"article:modified_time\" content=\"2022-04-09T09:51:31+00:00\" \/>\n<meta property=\"og:image\" content=\"https:\/\/gastronomicament.cat\/wp-content\/uploads\/2013\/10\/fira-porreres-20131.jpg\" \/>\n\t<meta property=\"og:image:width\" content=\"640\" \/>\n\t<meta property=\"og:image:height\" content=\"300\" \/>\n\t<meta property=\"og:image:type\" content=\"image\/jpeg\" \/>\n<meta name=\"author\" content=\"Redacci\u00f3\" \/>\n<meta name=\"twitter:card\" content=\"summary_large_image\" \/>\n<meta name=\"twitter:creator\" content=\"@gastronomicamen\" \/>\n<meta name=\"twitter:site\" content=\"@gastronomicamen\" \/>\n<meta name=\"twitter:label1\" content=\"Written by\" \/>\n\t<meta name=\"twitter:data1\" content=\"Redacci\u00f3\" \/>\n\t<meta name=\"twitter:label2\" content=\"Est. reading time\" \/>\n\t<meta name=\"twitter:data2\" content=\"2 minutes\" \/>\n<script type=\"application\/ld+json\" class=\"yoast-schema-graph\">{\"@context\":\"https:\\\/\\\/schema.org\",\"@graph\":[{\"@type\":\"Article\",\"@id\":\"https:\\\/\\\/gastronomicament.cat\\\/en\\\/fira-de-porreres-2013#article\",\"isPartOf\":{\"@id\":\"https:\\\/\\\/gastronomicament.cat\\\/en\\\/fira-de-porreres-2013\"},\"author\":{\"name\":\"Redacci\u00f3\",\"@id\":\"https:\\\/\\\/gastronomicament.cat\\\/en\\\/#\\\/schema\\\/person\\\/a7c85c537a1ed62799a5b8e0f686a37f\"},\"headline\":\"Fira de Porreres 2013\",\"datePublished\":\"2013-10-18T17:23:55+00:00\",\"dateModified\":\"2022-04-09T09:51:31+00:00\",\"mainEntityOfPage\":{\"@id\":\"https:\\\/\\\/gastronomicament.cat\\\/en\\\/fira-de-porreres-2013\"},\"wordCount\":430,\"commentCount\":0,\"publisher\":{\"@id\":\"https:\\\/\\\/gastronomicament.cat\\\/en\\\/#organization\"},\"image\":{\"@id\":\"https:\\\/\\\/gastronomicament.cat\\\/en\\\/fira-de-porreres-2013#primaryimage\"},\"thumbnailUrl\":\"https:\\\/\\\/gastronomicament.cat\\\/wp-content\\\/uploads\\\/2013\\\/10\\\/fira-porreres-20131.jpg\",\"articleSection\":[\"Actualitat\"],\"inLanguage\":\"en-US\",\"potentialAction\":[{\"@type\":\"CommentAction\",\"name\":\"Comment\",\"target\":[\"https:\\\/\\\/gastronomicament.cat\\\/en\\\/fira-de-porreres-2013#respond\"]}]},{\"@type\":\"WebPage\",\"@id\":\"https:\\\/\\\/gastronomicament.cat\\\/en\\\/fira-de-porreres-2013\",\"url\":\"https:\\\/\\\/gastronomicament.cat\\\/en\\\/fira-de-porreres-2013\",\"name\":\"Fira de Porreres 2013\",\"isPartOf\":{\"@id\":\"https:\\\/\\\/gastronomicament.cat\\\/en\\\/#website\"},\"primaryImageOfPage\":{\"@id\":\"https:\\\/\\\/gastronomicament.cat\\\/en\\\/fira-de-porreres-2013#primaryimage\"},\"image\":{\"@id\":\"https:\\\/\\\/gastronomicament.cat\\\/en\\\/fira-de-porreres-2013#primaryimage\"},\"thumbnailUrl\":\"https:\\\/\\\/gastronomicament.cat\\\/wp-content\\\/uploads\\\/2013\\\/10\\\/fira-porreres-20131.jpg\",\"datePublished\":\"2013-10-18T17:23:55+00:00\",\"dateModified\":\"2022-04-09T09:51:31+00:00\",\"description\":\"Fira de Porreres 2013\",\"inLanguage\":\"en-US\",\"potentialAction\":[{\"@type\":\"ReadAction\",\"target\":[\"https:\\\/\\\/gastronomicament.cat\\\/en\\\/fira-de-porreres-2013\"]}]},{\"@type\":\"ImageObject\",\"inLanguage\":\"en-US\",\"@id\":\"https:\\\/\\\/gastronomicament.cat\\\/en\\\/fira-de-porreres-2013#primaryimage\",\"url\":\"https:\\\/\\\/gastronomicament.cat\\\/wp-content\\\/uploads\\\/2013\\\/10\\\/fira-porreres-20131.jpg\",\"contentUrl\":\"https:\\\/\\\/gastronomicament.cat\\\/wp-content\\\/uploads\\\/2013\\\/10\\\/fira-porreres-20131.jpg\",\"width\":640,\"height\":300},{\"@type\":\"WebSite\",\"@id\":\"https:\\\/\\\/gastronomicament.cat\\\/en\\\/#website\",\"url\":\"https:\\\/\\\/gastronomicament.cat\\\/en\\\/\",\"name\":\"Gastron\u00f2micament\",\"description\":\"Portal de restaurants, receptes i actualitat gastron\u00f2mica\",\"publisher\":{\"@id\":\"https:\\\/\\\/gastronomicament.cat\\\/en\\\/#organization\"},\"potentialAction\":[{\"@type\":\"SearchAction\",\"target\":{\"@type\":\"EntryPoint\",\"urlTemplate\":\"https:\\\/\\\/gastronomicament.cat\\\/en\\\/?s={search_term_string}\"},\"query-input\":{\"@type\":\"PropertyValueSpecification\",\"valueRequired\":true,\"valueName\":\"search_term_string\"}}],\"inLanguage\":\"en-US\"},{\"@type\":\"Organization\",\"@id\":\"https:\\\/\\\/gastronomicament.cat\\\/en\\\/#organization\",\"name\":\"Gastron\u00f2micament\",\"url\":\"https:\\\/\\\/gastronomicament.cat\\\/en\\\/\",\"logo\":{\"@type\":\"ImageObject\",\"inLanguage\":\"en-US\",\"@id\":\"https:\\\/\\\/gastronomicament.cat\\\/en\\\/#\\\/schema\\\/logo\\\/image\\\/\",\"url\":\"https:\\\/\\\/gastronomicament.cat\\\/wp-content\\\/uploads\\\/2016\\\/09\\\/header-logo.jpg\",\"contentUrl\":\"https:\\\/\\\/gastronomicament.cat\\\/wp-content\\\/uploads\\\/2016\\\/09\\\/header-logo.jpg\",\"width\":277,\"height\":39,\"caption\":\"Gastron\u00f2micament\"},\"image\":{\"@id\":\"https:\\\/\\\/gastronomicament.cat\\\/en\\\/#\\\/schema\\\/logo\\\/image\\\/\"},\"sameAs\":[\"https:\\\/\\\/x.com\\\/gastronomicamen\"]},{\"@type\":\"Person\",\"@id\":\"https:\\\/\\\/gastronomicament.cat\\\/en\\\/#\\\/schema\\\/person\\\/a7c85c537a1ed62799a5b8e0f686a37f\",\"name\":\"Redacci\u00f3\",\"image\":{\"@type\":\"ImageObject\",\"inLanguage\":\"en-US\",\"@id\":\"https:\\\/\\\/secure.gravatar.com\\\/avatar\\\/9489a485c464fd611d33825daae651d13db70c4e74c65c94937a15a9d4c3ee14?s=96&d=mm&r=g69fea3cce3645dfa2166e7293e22955e\",\"url\":\"https:\\\/\\\/secure.gravatar.com\\\/avatar\\\/9489a485c464fd611d33825daae651d13db70c4e74c65c94937a15a9d4c3ee14?s=96&d=mm&r=g\",\"contentUrl\":\"https:\\\/\\\/secure.gravatar.com\\\/avatar\\\/9489a485c464fd611d33825daae651d13db70c4e74c65c94937a15a9d4c3ee14?s=96&d=mm&r=g\",\"caption\":\"Redacci\u00f3\"},\"sameAs\":[\"http:\\\/\\\/gastronomicament.cat\"],\"url\":\"https:\\\/\\\/gastronomicament.cat\\\/en\\\/author\\\/admin\"}]}<\/script>\n<!-- \/ Yoast SEO plugin. -->","yoast_head_json":{"title":"Fira de Porreres 2013","description":"Fira de Porreres 2013","robots":{"index":"index","follow":"follow","max-snippet":"max-snippet:-1","max-image-preview":"max-image-preview:large","max-video-preview":"max-video-preview:-1"},"canonical":"https:\/\/gastronomicament.cat\/en\/fira-de-porreres-2013","og_locale":"en_US","og_type":"article","og_title":"Fira de Porreres 2013","og_description":"Fira de Porreres 2013","og_url":"https:\/\/gastronomicament.cat\/en\/fira-de-porreres-2013","og_site_name":"Gastron\u00f2micament","article_published_time":"2013-10-18T17:23:55+00:00","article_modified_time":"2022-04-09T09:51:31+00:00","og_image":[{"width":640,"height":300,"url":"https:\/\/gastronomicament.cat\/wp-content\/uploads\/2013\/10\/fira-porreres-20131.jpg","type":"image\/jpeg"}],"author":"Redacci\u00f3","twitter_card":"summary_large_image","twitter_creator":"@gastronomicamen","twitter_site":"@gastronomicamen","twitter_misc":{"Written by":"Redacci\u00f3","Est. reading time":"2 minutes"},"schema":{"@context":"https:\/\/schema.org","@graph":[{"@type":"Article","@id":"https:\/\/gastronomicament.cat\/en\/fira-de-porreres-2013#article","isPartOf":{"@id":"https:\/\/gastronomicament.cat\/en\/fira-de-porreres-2013"},"author":{"name":"Redacci\u00f3","@id":"https:\/\/gastronomicament.cat\/en\/#\/schema\/person\/a7c85c537a1ed62799a5b8e0f686a37f"},"headline":"Fira de Porreres 2013","datePublished":"2013-10-18T17:23:55+00:00","dateModified":"2022-04-09T09:51:31+00:00","mainEntityOfPage":{"@id":"https:\/\/gastronomicament.cat\/en\/fira-de-porreres-2013"},"wordCount":430,"commentCount":0,"publisher":{"@id":"https:\/\/gastronomicament.cat\/en\/#organization"},"image":{"@id":"https:\/\/gastronomicament.cat\/en\/fira-de-porreres-2013#primaryimage"},"thumbnailUrl":"https:\/\/gastronomicament.cat\/wp-content\/uploads\/2013\/10\/fira-porreres-20131.jpg","articleSection":["Actualitat"],"inLanguage":"en-US","potentialAction":[{"@type":"CommentAction","name":"Comment","target":["https:\/\/gastronomicament.cat\/en\/fira-de-porreres-2013#respond"]}]},{"@type":"WebPage","@id":"https:\/\/gastronomicament.cat\/en\/fira-de-porreres-2013","url":"https:\/\/gastronomicament.cat\/en\/fira-de-porreres-2013","name":"Fira de Porreres 2013","isPartOf":{"@id":"https:\/\/gastronomicament.cat\/en\/#website"},"primaryImageOfPage":{"@id":"https:\/\/gastronomicament.cat\/en\/fira-de-porreres-2013#primaryimage"},"image":{"@id":"https:\/\/gastronomicament.cat\/en\/fira-de-porreres-2013#primaryimage"},"thumbnailUrl":"https:\/\/gastronomicament.cat\/wp-content\/uploads\/2013\/10\/fira-porreres-20131.jpg","datePublished":"2013-10-18T17:23:55+00:00","dateModified":"2022-04-09T09:51:31+00:00","description":"Fira de Porreres 2013","inLanguage":"en-US","potentialAction":[{"@type":"ReadAction","target":["https:\/\/gastronomicament.cat\/en\/fira-de-porreres-2013"]}]},{"@type":"ImageObject","inLanguage":"en-US","@id":"https:\/\/gastronomicament.cat\/en\/fira-de-porreres-2013#primaryimage","url":"https:\/\/gastronomicament.cat\/wp-content\/uploads\/2013\/10\/fira-porreres-20131.jpg","contentUrl":"https:\/\/gastronomicament.cat\/wp-content\/uploads\/2013\/10\/fira-porreres-20131.jpg","width":640,"height":300},{"@type":"WebSite","@id":"https:\/\/gastronomicament.cat\/en\/#website","url":"https:\/\/gastronomicament.cat\/en\/","name":"Gastron\u00f2micament","description":"Portal de restaurants, receptes i actualitat gastron\u00f2mica","publisher":{"@id":"https:\/\/gastronomicament.cat\/en\/#organization"},"potentialAction":[{"@type":"SearchAction","target":{"@type":"EntryPoint","urlTemplate":"https:\/\/gastronomicament.cat\/en\/?s={search_term_string}"},"query-input":{"@type":"PropertyValueSpecification","valueRequired":true,"valueName":"search_term_string"}}],"inLanguage":"en-US"},{"@type":"Organization","@id":"https:\/\/gastronomicament.cat\/en\/#organization","name":"Gastron\u00f2micament","url":"https:\/\/gastronomicament.cat\/en\/","logo":{"@type":"ImageObject","inLanguage":"en-US","@id":"https:\/\/gastronomicament.cat\/en\/#\/schema\/logo\/image\/","url":"https:\/\/gastronomicament.cat\/wp-content\/uploads\/2016\/09\/header-logo.jpg","contentUrl":"https:\/\/gastronomicament.cat\/wp-content\/uploads\/2016\/09\/header-logo.jpg","width":277,"height":39,"caption":"Gastron\u00f2micament"},"image":{"@id":"https:\/\/gastronomicament.cat\/en\/#\/schema\/logo\/image\/"},"sameAs":["https:\/\/x.com\/gastronomicamen"]},{"@type":"Person","@id":"https:\/\/gastronomicament.cat\/en\/#\/schema\/person\/a7c85c537a1ed62799a5b8e0f686a37f","name":"Redacci\u00f3","image":{"@type":"ImageObject","inLanguage":"en-US","@id":"https:\/\/secure.gravatar.com\/avatar\/9489a485c464fd611d33825daae651d13db70c4e74c65c94937a15a9d4c3ee14?s=96&d=mm&r=g69fea3cce3645dfa2166e7293e22955e","url":"https:\/\/secure.gravatar.com\/avatar\/9489a485c464fd611d33825daae651d13db70c4e74c65c94937a15a9d4c3ee14?s=96&d=mm&r=g","contentUrl":"https:\/\/secure.gravatar.com\/avatar\/9489a485c464fd611d33825daae651d13db70c4e74c65c94937a15a9d4c3ee14?s=96&d=mm&r=g","caption":"Redacci\u00f3"},"sameAs":["http:\/\/gastronomicament.cat"],"url":"https:\/\/gastronomicament.cat\/en\/author\/admin"}]}},"_links":{"self":[{"href":"https:\/\/gastronomicament.cat\/en\/wp-json\/wp\/v2\/posts\/72346","targetHints":{"allow":["GET"]}}],"collection":[{"href":"https:\/\/gastronomicament.cat\/en\/wp-json\/wp\/v2\/posts"}],"about":[{"href":"https:\/\/gastronomicament.cat\/en\/wp-json\/wp\/v2\/types\/post"}],"author":[{"embeddable":true,"href":"https:\/\/gastronomicament.cat\/en\/wp-json\/wp\/v2\/users\/1"}],"replies":[{"embeddable":true,"href":"https:\/\/gastronomicament.cat\/en\/wp-json\/wp\/v2\/comments?post=72346"}],"version-history":[{"count":0,"href":"https:\/\/gastronomicament.cat\/en\/wp-json\/wp\/v2\/posts\/72346\/revisions"}],"wp:featuredmedia":[{"embeddable":true,"href":"https:\/\/gastronomicament.cat\/en\/wp-json\/wp\/v2\/media\/50333"}],"wp:attachment":[{"href":"https:\/\/gastronomicament.cat\/en\/wp-json\/wp\/v2\/media?parent=72346"}],"wp:term":[{"taxonomy":"category","embeddable":true,"href":"https:\/\/gastronomicament.cat\/en\/wp-json\/wp\/v2\/categories?post=72346"},{"taxonomy":"post_tag","embeddable":true,"href":"https:\/\/gastronomicament.cat\/en\/wp-json\/wp\/v2\/tags?post=72346"},{"taxonomy":"author","embeddable":true,"href":"https:\/\/gastronomicament.cat\/en\/wp-json\/wp\/v2\/coauthors?post=72346"}],"curies":[{"name":"wp","href":"https:\/\/api.w.org\/{rel}","templated":true}]}}