{"id":72510,"date":"2013-09-11T17:17:43","date_gmt":"2013-09-11T15:17:43","guid":{"rendered":"https:\/\/gastronomicament.cat\/manu-catman-la-cuina-es-el-punt-de-reunio-de-la-familia"},"modified":"2013-09-11T17:17:43","modified_gmt":"2013-09-11T15:17:43","slug":"manu-catman-la-cuina-es-el-punt-de-reunio-de-la-familia","status":"publish","type":"post","link":"https:\/\/gastronomicament.cat\/en\/manu-catman-la-cuina-es-el-punt-de-reunio-de-la-familia","title":{"rendered":"Manu Catman: &#8220;La cuina \u00e9s el punt de reuni\u00f3 de la fam\u00edlia&#8221;"},"content":{"rendered":"<p><em>En Manu (Ciudad Real, 1978) \u00e9s un referent en el m\u00f3n culinari, com podeu comprovar\u00a0 al seu blog <a title=\"Cocinando con Catman\" href=\"http:\/\/www.cocinandoconcatman.com\/\" target=\"_blank\" rel=\"noopener\">Cocinando con Catman<\/a>. Combina la seva passi\u00f3 per la gastronomia amb el seu ofici: veterinari.<br \/>\nEl mes d&#8217;agost va guanyar el concurs Mossegades amb la recepta de <a title=\"Gelat de tom\u00e0tiga \/ Helado de tomate\" href=\"http:\/\/gastronomicament.cat\/gelat-de-tomaquet\">gelat de tom\u00e0tiga<\/a>, amb 195 vots. El coneixem una mica m\u00e9s?<br \/>\n<\/em><\/p>\n<p><strong>Nasqueres a Castella-la Manxa, per\u00f2 tens arrels mallorquines&#8230;<\/strong><br \/>\nS\u00ed. Mon pare \u00e9s manxec i ma mare \u00e9s mallorquina, concretament de S\u00f3ller.<\/p>\n<p><strong>Quan aterrares definitivament a Mallorca?<\/strong> <img decoding=\"async\" class=\"alignright\" style=\"margin: 8px;\" src=\"http:\/\/gastronomicament.cat\/wp-content\/uploads\/2013\/09\/Manu-Catman.jpg\" alt=\"\" width=\"267\" height=\"400\" \/><br \/>\nEl 4 de gener de 2005, per\u00f2 he de dir que sempre he passat totes les vacances a Mallorca i l&#8217;illa ha estat sempre present a la meva vida.<\/p>\n<p><strong>Qu\u00e8 t&#8217;enamora de l&#8217;illa?<\/strong><br \/>\nTot. Mallorca en si enamora. A m\u00e9s, la Serra de Tramuntana em fa sentir en pau i, ja que parlem de menjar, vull recordar que Mallorca t\u00e9 una gastronomia molt bona i variada.<\/p>\n<p><strong>Qu\u00e8 hi fa un moix a la cuina?<\/strong><br \/>\nUn moix a la cuina mostra que tots podem cuinar nom\u00e9s \u00e9s questi\u00f3 de tenir un poc de ganes i temps.<\/p>\n<p><strong>Un manescal (veterinari) com tu, d&#8217;on treu temps per cuinar?<\/strong><br \/>\nDe vegades jo mateix em faig aquest pregunta perqu\u00e8 no \u00e9s f\u00e0cil compaginar-ho tot. Suposo que \u00e9s una questi\u00f3 de passi\u00f3 i de llevar temps dels moments d&#8217;oci. De tota manera, quan tens passi\u00f3 per alguna cosa, trobes temps, ja ho diu la dita: fa m\u00e9s qui vol que qui pot.<\/p>\n<p><strong>D&#8217;on surt la teva passi\u00f3 gastron\u00f2mica?<\/strong><br \/>\nDe petit, molt petit, ja estava ficat a la cuina. De fet, la cuina fa casa, \u00e9s la llar, el foc , el punt calent i de reuni\u00f3 de la fam\u00edlia. Tenir un blog i les meves ganes d&#8217;anar endavant amb ell ha fet que aquesta passi\u00f3 se es desenvolupi.<\/p>\n<p><strong>Tens en marxa el concurs &#8216;Cocina una sonrisa&#8217;, <strong>com va n\u00e8ixer aquesta iniciativa?<\/strong><br \/>\n<\/strong>Vivim moments convulsos i veig la gent una mica trista. Trob que amb una rialla \u00e9s m\u00e9s f\u00e0cil suportar-ho tot<\/p>\n<p><strong>Com funciona?<\/strong><br \/>\n\u00c9s molt senzill, nom\u00e9s heu de fer una recepta que us remeti a un bon moment i contar-nos el per qu\u00e8 i, d&#8217;aquesta manera, fer-nos somriure. \u00c9s un concurs en el qual la hist\u00f2ria \u00e9s tan important com la recepta i que, a m\u00e9s, t&#8217;ha de fer riure. Podeu llegir-ne les bases a:\u00a0<a title=\"Concurs Cocina una Sonrisa\" href=\"http:\/\/www.cocinandoconcatman.com\/2013\/09\/concurso-cocinaunasonrisa-aniversario.html\" target=\"_blank\" rel=\"noopener\">http:\/\/www.cocinandoconcatman.com\/2013\/09\/concurso-cocinaunasonrisa-aniversario.html<\/a><\/p>\n<p><strong><\/strong> <strong>Al teu blog tamb\u00e9 dones consells.<\/strong><br \/>\nEls sols donar quan me&#8217;ls demanen. Des d&#8217;una recepta fins a com gaudir d&#8217;una dia d&#8217;excursi\u00f3 per Mallorca. Per exemple, si voleu <a title=\"Visitar Cala s'Almunia\" href=\"http:\/\/www.cocinandoconcatman.com\/2013\/09\/cala-salmunia-deexcursionpormallorca.html\" target=\"_blank\" rel=\"noopener\">visitar Cala s&#8217;Almunia<\/a> cal portar-hi cal\u00e7at adequat i que a la recepta de <a title=\"Biscotti dolci\" href=\"http:\/\/www.cocinandoconcatman.com\/2013\/09\/biscotti-dolci.htmlhttp:\/\/\" target=\"_blank\" rel=\"noopener\">bescuits<\/a> s&#8217;hi pot afegir fruita seca per variar-ne el gust.<\/p>\n<p><strong>Qu\u00e8 penses que ens falta a l&#8217;alimentaci\u00f3 de les persones?<\/strong><br \/>\nM\u00e9s menjar de veritat, si tant transg\u00e8nic ni tant pesticida i maduraci\u00f3 en cambres. Dinar amb gust, natural, ecol\u00f2gica.<\/p>\n<p><strong>I el que hi sobra?<\/strong><br \/>\nHi sobra la mandra per cuinar i el <em>fast food.<\/em><\/p>\n<p><strong>L&#8217;empresa artesanal Gelats Valls far\u00e0 la teva recepta de gelat de tom\u00e0tiga. No \u00e9s una proposta massa agosarada?<\/strong><br \/>\nTal vegada \u00e9s arriscada, per\u00f2 \u00e9s bona. A m\u00e9s, aquest gelat serveix com a postres o com a acompanyament.<\/p>\n<p><strong>Proposa&#8217;ns una recepta per a aquest mes de setembre.<\/strong><br \/>\nI tatnt! Sopes mallorquines ja que \u00e9s \u00e8poca de col, de coliflor i altres verdures. A m\u00e9s, \u00e9s una de les receptes que m\u00e9s m&#8217;agrades i \u00e9s de les m\u00e9s singulars que tenim a Mallorca.<br \/>\nAqu\u00ed teniu la meva recepta de sopes mallorquines:<br \/>\n<a title=\"Sopes mallorquines\" href=\"http:\/\/www.cocinandoconcatman.com\/2011\/10\/sopas-mallorquinas-mostra-de-cuina-balear.html\" target=\"_blank\" rel=\"noopener\"> http:\/\/www.cocinandoconcatman.com\/2011\/10\/sopas-mallorquinas-mostra-de-cuina-balear.html<\/a><\/p>\n<p style=\"text-align: center;\"><img decoding=\"async\" class=\"aligncenter\" style=\"margin: 8px 0px;\" src=\"http:\/\/gastronomicament.cat\/wp-content\/uploads\/2013\/09\/26.jpg\" alt=\"\" width=\"639\" height=\"365\" \/><\/p>\n<p style=\"text-align: left;\">&#8212;&#8212;&#8212;&#8212;&#8212;&#8212;&#8212;&#8212;&#8212;&#8212;&#8212;&#8212;&#8212;&#8212;&#8212;&#8212;&#8212;&#8212;&#8212;&#8212;&#8212;&#8212;&#8212;&#8212;&#8212;&#8212;&#8212;&#8212;&#8212;&#8212;&#8212;&#8212;&#8212;&#8212;&#8212;&#8212;&#8212;&#8212;&#8212;&#8212;&#8212;&#8212;&#8212;&#8211;<\/p>\n","protected":false},"excerpt":{"rendered":"<p>En Manu (Ciudad Real, 1978) \u00e9s un referent en el m\u00f3n culinari, com podeu comprovar\u00a0 al seu blog Cocinando con Catman. Combina la seva passi\u00f3 per la gastronomia amb el seu ofici: veterinari. El mes d&#8217;agost va guanyar el concurs Mossegades amb la recepta de gelat de tom\u00e0tiga, amb 195 vots. El coneixem una mica [&hellip;]<\/p>\n","protected":false},"author":1,"featured_media":50067,"comment_status":"open","ping_status":"closed","sticky":false,"template":"","format":"standard","meta":{"_acf_changed":false,"_swt_meta_header_display":false,"_swt_meta_footer_display":false,"_swt_meta_site_title_display":false,"_swt_meta_sticky_header":false,"_swt_meta_transparent_header":false,"footnotes":""},"categories":[1046],"tags":[],"coauthors":[],"class_list":["post-72510","post","type-post","status-publish","format-standard","has-post-thumbnail","hentry","category-actualitat-es-en"],"acf":{"gallery":null,"home_date":{"home_begin_date":null,"home_end_date":null}},"yoast_head":"<!-- This site is optimized with the Yoast SEO plugin v27.4 - https:\/\/yoast.com\/product\/yoast-seo-wordpress\/ -->\n<title>Manu Catman: &quot;La cuina \u00e9s el punt de reuni\u00f3 de la fam\u00edlia&quot;<\/title>\n<meta name=\"description\" content=\"Entrevista a Manu Catman, guanyador del concurs Mossegades del mes d&#039;agost de 2013\" \/>\n<meta name=\"robots\" content=\"index, follow, max-snippet:-1, max-image-preview:large, max-video-preview:-1\" \/>\n<link rel=\"canonical\" href=\"https:\/\/gastronomicament.cat\/en\/manu-catman-la-cuina-es-el-punt-de-reunio-de-la-familia\" \/>\n<meta property=\"og:locale\" content=\"en_US\" \/>\n<meta property=\"og:type\" content=\"article\" \/>\n<meta property=\"og:title\" content=\"Manu Catman: &quot;La cuina \u00e9s el punt de reuni\u00f3 de la fam\u00edlia&quot;\" \/>\n<meta property=\"og:description\" content=\"Entrevista a Manu Catman, guanyador del concurs Mossegades del mes d&#039;agost de 2013\" \/>\n<meta property=\"og:url\" content=\"https:\/\/gastronomicament.cat\/en\/manu-catman-la-cuina-es-el-punt-de-reunio-de-la-familia\" \/>\n<meta property=\"og:site_name\" content=\"Gastron\u00f2micament\" \/>\n<meta property=\"article:published_time\" content=\"2013-09-11T15:17:43+00:00\" \/>\n<meta property=\"og:image\" content=\"https:\/\/gastronomicament.cat\/wp-content\/uploads\/2013\/09\/concurs-receptes-manu-catman.jpg\" \/>\n\t<meta property=\"og:image:width\" content=\"640\" \/>\n\t<meta property=\"og:image:height\" content=\"300\" \/>\n\t<meta property=\"og:image:type\" content=\"image\/jpeg\" \/>\n<meta name=\"author\" content=\"Redacci\u00f3\" \/>\n<meta name=\"twitter:card\" content=\"summary_large_image\" \/>\n<meta name=\"twitter:creator\" content=\"@gastronomicamen\" \/>\n<meta name=\"twitter:site\" content=\"@gastronomicamen\" \/>\n<meta name=\"twitter:label1\" content=\"Written by\" \/>\n\t<meta name=\"twitter:data1\" content=\"Redacci\u00f3\" \/>\n\t<meta name=\"twitter:label2\" content=\"Est. reading time\" \/>\n\t<meta name=\"twitter:data2\" content=\"3 minutes\" \/>\n<script type=\"application\/ld+json\" class=\"yoast-schema-graph\">{\"@context\":\"https:\\\/\\\/schema.org\",\"@graph\":[{\"@type\":\"Article\",\"@id\":\"https:\\\/\\\/gastronomicament.cat\\\/en\\\/manu-catman-la-cuina-es-el-punt-de-reunio-de-la-familia#article\",\"isPartOf\":{\"@id\":\"https:\\\/\\\/gastronomicament.cat\\\/en\\\/manu-catman-la-cuina-es-el-punt-de-reunio-de-la-familia\"},\"author\":{\"name\":\"Redacci\u00f3\",\"@id\":\"https:\\\/\\\/gastronomicament.cat\\\/en\\\/#\\\/schema\\\/person\\\/a7c85c537a1ed62799a5b8e0f686a37f\"},\"headline\":\"Manu Catman: &#8220;La cuina \u00e9s el punt de reuni\u00f3 de la fam\u00edlia&#8221;\",\"datePublished\":\"2013-09-11T15:17:43+00:00\",\"mainEntityOfPage\":{\"@id\":\"https:\\\/\\\/gastronomicament.cat\\\/en\\\/manu-catman-la-cuina-es-el-punt-de-reunio-de-la-familia\"},\"wordCount\":612,\"commentCount\":0,\"publisher\":{\"@id\":\"https:\\\/\\\/gastronomicament.cat\\\/en\\\/#organization\"},\"image\":{\"@id\":\"https:\\\/\\\/gastronomicament.cat\\\/en\\\/manu-catman-la-cuina-es-el-punt-de-reunio-de-la-familia#primaryimage\"},\"thumbnailUrl\":\"https:\\\/\\\/gastronomicament.cat\\\/wp-content\\\/uploads\\\/2013\\\/09\\\/concurs-receptes-manu-catman.jpg\",\"articleSection\":[\"Actualitat\"],\"inLanguage\":\"en-US\",\"potentialAction\":[{\"@type\":\"CommentAction\",\"name\":\"Comment\",\"target\":[\"https:\\\/\\\/gastronomicament.cat\\\/en\\\/manu-catman-la-cuina-es-el-punt-de-reunio-de-la-familia#respond\"]}]},{\"@type\":\"WebPage\",\"@id\":\"https:\\\/\\\/gastronomicament.cat\\\/en\\\/manu-catman-la-cuina-es-el-punt-de-reunio-de-la-familia\",\"url\":\"https:\\\/\\\/gastronomicament.cat\\\/en\\\/manu-catman-la-cuina-es-el-punt-de-reunio-de-la-familia\",\"name\":\"Manu Catman: \\\"La cuina \u00e9s el punt de reuni\u00f3 de la fam\u00edlia\\\"\",\"isPartOf\":{\"@id\":\"https:\\\/\\\/gastronomicament.cat\\\/en\\\/#website\"},\"primaryImageOfPage\":{\"@id\":\"https:\\\/\\\/gastronomicament.cat\\\/en\\\/manu-catman-la-cuina-es-el-punt-de-reunio-de-la-familia#primaryimage\"},\"image\":{\"@id\":\"https:\\\/\\\/gastronomicament.cat\\\/en\\\/manu-catman-la-cuina-es-el-punt-de-reunio-de-la-familia#primaryimage\"},\"thumbnailUrl\":\"https:\\\/\\\/gastronomicament.cat\\\/wp-content\\\/uploads\\\/2013\\\/09\\\/concurs-receptes-manu-catman.jpg\",\"datePublished\":\"2013-09-11T15:17:43+00:00\",\"description\":\"Entrevista a Manu Catman, guanyador del concurs Mossegades del mes d'agost de 2013\",\"inLanguage\":\"en-US\",\"potentialAction\":[{\"@type\":\"ReadAction\",\"target\":[\"https:\\\/\\\/gastronomicament.cat\\\/en\\\/manu-catman-la-cuina-es-el-punt-de-reunio-de-la-familia\"]}]},{\"@type\":\"ImageObject\",\"inLanguage\":\"en-US\",\"@id\":\"https:\\\/\\\/gastronomicament.cat\\\/en\\\/manu-catman-la-cuina-es-el-punt-de-reunio-de-la-familia#primaryimage\",\"url\":\"https:\\\/\\\/gastronomicament.cat\\\/wp-content\\\/uploads\\\/2013\\\/09\\\/concurs-receptes-manu-catman.jpg\",\"contentUrl\":\"https:\\\/\\\/gastronomicament.cat\\\/wp-content\\\/uploads\\\/2013\\\/09\\\/concurs-receptes-manu-catman.jpg\",\"width\":640,\"height\":300},{\"@type\":\"WebSite\",\"@id\":\"https:\\\/\\\/gastronomicament.cat\\\/en\\\/#website\",\"url\":\"https:\\\/\\\/gastronomicament.cat\\\/en\\\/\",\"name\":\"Gastron\u00f2micament\",\"description\":\"Portal de restaurants, receptes i actualitat gastron\u00f2mica\",\"publisher\":{\"@id\":\"https:\\\/\\\/gastronomicament.cat\\\/en\\\/#organization\"},\"potentialAction\":[{\"@type\":\"SearchAction\",\"target\":{\"@type\":\"EntryPoint\",\"urlTemplate\":\"https:\\\/\\\/gastronomicament.cat\\\/en\\\/?s={search_term_string}\"},\"query-input\":{\"@type\":\"PropertyValueSpecification\",\"valueRequired\":true,\"valueName\":\"search_term_string\"}}],\"inLanguage\":\"en-US\"},{\"@type\":\"Organization\",\"@id\":\"https:\\\/\\\/gastronomicament.cat\\\/en\\\/#organization\",\"name\":\"Gastron\u00f2micament\",\"url\":\"https:\\\/\\\/gastronomicament.cat\\\/en\\\/\",\"logo\":{\"@type\":\"ImageObject\",\"inLanguage\":\"en-US\",\"@id\":\"https:\\\/\\\/gastronomicament.cat\\\/en\\\/#\\\/schema\\\/logo\\\/image\\\/\",\"url\":\"https:\\\/\\\/gastronomicament.cat\\\/wp-content\\\/uploads\\\/2016\\\/09\\\/header-logo.jpg\",\"contentUrl\":\"https:\\\/\\\/gastronomicament.cat\\\/wp-content\\\/uploads\\\/2016\\\/09\\\/header-logo.jpg\",\"width\":277,\"height\":39,\"caption\":\"Gastron\u00f2micament\"},\"image\":{\"@id\":\"https:\\\/\\\/gastronomicament.cat\\\/en\\\/#\\\/schema\\\/logo\\\/image\\\/\"},\"sameAs\":[\"https:\\\/\\\/x.com\\\/gastronomicamen\"]},{\"@type\":\"Person\",\"@id\":\"https:\\\/\\\/gastronomicament.cat\\\/en\\\/#\\\/schema\\\/person\\\/a7c85c537a1ed62799a5b8e0f686a37f\",\"name\":\"Redacci\u00f3\",\"image\":{\"@type\":\"ImageObject\",\"inLanguage\":\"en-US\",\"@id\":\"https:\\\/\\\/secure.gravatar.com\\\/avatar\\\/9489a485c464fd611d33825daae651d13db70c4e74c65c94937a15a9d4c3ee14?s=96&d=mm&r=g69fea3cce3645dfa2166e7293e22955e\",\"url\":\"https:\\\/\\\/secure.gravatar.com\\\/avatar\\\/9489a485c464fd611d33825daae651d13db70c4e74c65c94937a15a9d4c3ee14?s=96&d=mm&r=g\",\"contentUrl\":\"https:\\\/\\\/secure.gravatar.com\\\/avatar\\\/9489a485c464fd611d33825daae651d13db70c4e74c65c94937a15a9d4c3ee14?s=96&d=mm&r=g\",\"caption\":\"Redacci\u00f3\"},\"sameAs\":[\"http:\\\/\\\/gastronomicament.cat\"],\"url\":\"https:\\\/\\\/gastronomicament.cat\\\/en\\\/author\\\/admin\"}]}<\/script>\n<!-- \/ Yoast SEO plugin. -->","yoast_head_json":{"title":"Manu Catman: \"La cuina \u00e9s el punt de reuni\u00f3 de la fam\u00edlia\"","description":"Entrevista a Manu Catman, guanyador del concurs Mossegades del mes d'agost de 2013","robots":{"index":"index","follow":"follow","max-snippet":"max-snippet:-1","max-image-preview":"max-image-preview:large","max-video-preview":"max-video-preview:-1"},"canonical":"https:\/\/gastronomicament.cat\/en\/manu-catman-la-cuina-es-el-punt-de-reunio-de-la-familia","og_locale":"en_US","og_type":"article","og_title":"Manu Catman: \"La cuina \u00e9s el punt de reuni\u00f3 de la fam\u00edlia\"","og_description":"Entrevista a Manu Catman, guanyador del concurs Mossegades del mes d'agost de 2013","og_url":"https:\/\/gastronomicament.cat\/en\/manu-catman-la-cuina-es-el-punt-de-reunio-de-la-familia","og_site_name":"Gastron\u00f2micament","article_published_time":"2013-09-11T15:17:43+00:00","og_image":[{"width":640,"height":300,"url":"https:\/\/gastronomicament.cat\/wp-content\/uploads\/2013\/09\/concurs-receptes-manu-catman.jpg","type":"image\/jpeg"}],"author":"Redacci\u00f3","twitter_card":"summary_large_image","twitter_creator":"@gastronomicamen","twitter_site":"@gastronomicamen","twitter_misc":{"Written by":"Redacci\u00f3","Est. reading time":"3 minutes"},"schema":{"@context":"https:\/\/schema.org","@graph":[{"@type":"Article","@id":"https:\/\/gastronomicament.cat\/en\/manu-catman-la-cuina-es-el-punt-de-reunio-de-la-familia#article","isPartOf":{"@id":"https:\/\/gastronomicament.cat\/en\/manu-catman-la-cuina-es-el-punt-de-reunio-de-la-familia"},"author":{"name":"Redacci\u00f3","@id":"https:\/\/gastronomicament.cat\/en\/#\/schema\/person\/a7c85c537a1ed62799a5b8e0f686a37f"},"headline":"Manu Catman: &#8220;La cuina \u00e9s el punt de reuni\u00f3 de la fam\u00edlia&#8221;","datePublished":"2013-09-11T15:17:43+00:00","mainEntityOfPage":{"@id":"https:\/\/gastronomicament.cat\/en\/manu-catman-la-cuina-es-el-punt-de-reunio-de-la-familia"},"wordCount":612,"commentCount":0,"publisher":{"@id":"https:\/\/gastronomicament.cat\/en\/#organization"},"image":{"@id":"https:\/\/gastronomicament.cat\/en\/manu-catman-la-cuina-es-el-punt-de-reunio-de-la-familia#primaryimage"},"thumbnailUrl":"https:\/\/gastronomicament.cat\/wp-content\/uploads\/2013\/09\/concurs-receptes-manu-catman.jpg","articleSection":["Actualitat"],"inLanguage":"en-US","potentialAction":[{"@type":"CommentAction","name":"Comment","target":["https:\/\/gastronomicament.cat\/en\/manu-catman-la-cuina-es-el-punt-de-reunio-de-la-familia#respond"]}]},{"@type":"WebPage","@id":"https:\/\/gastronomicament.cat\/en\/manu-catman-la-cuina-es-el-punt-de-reunio-de-la-familia","url":"https:\/\/gastronomicament.cat\/en\/manu-catman-la-cuina-es-el-punt-de-reunio-de-la-familia","name":"Manu Catman: \"La cuina \u00e9s el punt de reuni\u00f3 de la fam\u00edlia\"","isPartOf":{"@id":"https:\/\/gastronomicament.cat\/en\/#website"},"primaryImageOfPage":{"@id":"https:\/\/gastronomicament.cat\/en\/manu-catman-la-cuina-es-el-punt-de-reunio-de-la-familia#primaryimage"},"image":{"@id":"https:\/\/gastronomicament.cat\/en\/manu-catman-la-cuina-es-el-punt-de-reunio-de-la-familia#primaryimage"},"thumbnailUrl":"https:\/\/gastronomicament.cat\/wp-content\/uploads\/2013\/09\/concurs-receptes-manu-catman.jpg","datePublished":"2013-09-11T15:17:43+00:00","description":"Entrevista a Manu Catman, guanyador del concurs Mossegades del mes d'agost de 2013","inLanguage":"en-US","potentialAction":[{"@type":"ReadAction","target":["https:\/\/gastronomicament.cat\/en\/manu-catman-la-cuina-es-el-punt-de-reunio-de-la-familia"]}]},{"@type":"ImageObject","inLanguage":"en-US","@id":"https:\/\/gastronomicament.cat\/en\/manu-catman-la-cuina-es-el-punt-de-reunio-de-la-familia#primaryimage","url":"https:\/\/gastronomicament.cat\/wp-content\/uploads\/2013\/09\/concurs-receptes-manu-catman.jpg","contentUrl":"https:\/\/gastronomicament.cat\/wp-content\/uploads\/2013\/09\/concurs-receptes-manu-catman.jpg","width":640,"height":300},{"@type":"WebSite","@id":"https:\/\/gastronomicament.cat\/en\/#website","url":"https:\/\/gastronomicament.cat\/en\/","name":"Gastron\u00f2micament","description":"Portal de restaurants, receptes i actualitat gastron\u00f2mica","publisher":{"@id":"https:\/\/gastronomicament.cat\/en\/#organization"},"potentialAction":[{"@type":"SearchAction","target":{"@type":"EntryPoint","urlTemplate":"https:\/\/gastronomicament.cat\/en\/?s={search_term_string}"},"query-input":{"@type":"PropertyValueSpecification","valueRequired":true,"valueName":"search_term_string"}}],"inLanguage":"en-US"},{"@type":"Organization","@id":"https:\/\/gastronomicament.cat\/en\/#organization","name":"Gastron\u00f2micament","url":"https:\/\/gastronomicament.cat\/en\/","logo":{"@type":"ImageObject","inLanguage":"en-US","@id":"https:\/\/gastronomicament.cat\/en\/#\/schema\/logo\/image\/","url":"https:\/\/gastronomicament.cat\/wp-content\/uploads\/2016\/09\/header-logo.jpg","contentUrl":"https:\/\/gastronomicament.cat\/wp-content\/uploads\/2016\/09\/header-logo.jpg","width":277,"height":39,"caption":"Gastron\u00f2micament"},"image":{"@id":"https:\/\/gastronomicament.cat\/en\/#\/schema\/logo\/image\/"},"sameAs":["https:\/\/x.com\/gastronomicamen"]},{"@type":"Person","@id":"https:\/\/gastronomicament.cat\/en\/#\/schema\/person\/a7c85c537a1ed62799a5b8e0f686a37f","name":"Redacci\u00f3","image":{"@type":"ImageObject","inLanguage":"en-US","@id":"https:\/\/secure.gravatar.com\/avatar\/9489a485c464fd611d33825daae651d13db70c4e74c65c94937a15a9d4c3ee14?s=96&d=mm&r=g69fea3cce3645dfa2166e7293e22955e","url":"https:\/\/secure.gravatar.com\/avatar\/9489a485c464fd611d33825daae651d13db70c4e74c65c94937a15a9d4c3ee14?s=96&d=mm&r=g","contentUrl":"https:\/\/secure.gravatar.com\/avatar\/9489a485c464fd611d33825daae651d13db70c4e74c65c94937a15a9d4c3ee14?s=96&d=mm&r=g","caption":"Redacci\u00f3"},"sameAs":["http:\/\/gastronomicament.cat"],"url":"https:\/\/gastronomicament.cat\/en\/author\/admin"}]}},"_links":{"self":[{"href":"https:\/\/gastronomicament.cat\/en\/wp-json\/wp\/v2\/posts\/72510","targetHints":{"allow":["GET"]}}],"collection":[{"href":"https:\/\/gastronomicament.cat\/en\/wp-json\/wp\/v2\/posts"}],"about":[{"href":"https:\/\/gastronomicament.cat\/en\/wp-json\/wp\/v2\/types\/post"}],"author":[{"embeddable":true,"href":"https:\/\/gastronomicament.cat\/en\/wp-json\/wp\/v2\/users\/1"}],"replies":[{"embeddable":true,"href":"https:\/\/gastronomicament.cat\/en\/wp-json\/wp\/v2\/comments?post=72510"}],"version-history":[{"count":0,"href":"https:\/\/gastronomicament.cat\/en\/wp-json\/wp\/v2\/posts\/72510\/revisions"}],"wp:featuredmedia":[{"embeddable":true,"href":"https:\/\/gastronomicament.cat\/en\/wp-json\/wp\/v2\/media\/50067"}],"wp:attachment":[{"href":"https:\/\/gastronomicament.cat\/en\/wp-json\/wp\/v2\/media?parent=72510"}],"wp:term":[{"taxonomy":"category","embeddable":true,"href":"https:\/\/gastronomicament.cat\/en\/wp-json\/wp\/v2\/categories?post=72510"},{"taxonomy":"post_tag","embeddable":true,"href":"https:\/\/gastronomicament.cat\/en\/wp-json\/wp\/v2\/tags?post=72510"},{"taxonomy":"author","embeddable":true,"href":"https:\/\/gastronomicament.cat\/en\/wp-json\/wp\/v2\/coauthors?post=72510"}],"curies":[{"name":"wp","href":"https:\/\/api.w.org\/{rel}","templated":true}]}}