{"id":72619,"date":"2013-08-13T14:41:49","date_gmt":"2013-08-13T12:41:49","guid":{"rendered":"https:\/\/gastronomicament.cat\/isabel-maria-mestre-una-critica-constructiva-nomes-incita-a-una-cosa-a-millorar"},"modified":"2022-04-09T11:55:21","modified_gmt":"2022-04-09T09:55:21","slug":"isabel-maria-mestre-una-critica-constructiva-nomes-incita-a-una-cosa-a-millorar","status":"publish","type":"post","link":"https:\/\/gastronomicament.cat\/en\/isabel-maria-mestre-una-critica-constructiva-nomes-incita-a-una-cosa-a-millorar","title":{"rendered":"Isabel Maria Mestre: &#8220;Una cr\u00edtica constructiva nom\u00e9s incita a una cosa: a millorar&#8221;"},"content":{"rendered":"<div dir=\"ltr\">\n<p><em>\u00c9s tot un honor per a <a title=\"Restaurants, receptes, actualitat gastron\u00f2mica\" href=\"http:\/\/www.gastronomicament.cat\">Gastron\u00f2micament <\/a>comptar amb la implicaci\u00f3 de na<strong> Isabel Maria Mestre<\/strong>, una cuinera excepcional, a m\u00e9s de bona fot\u00f2grafa i bona redactora. B\u00e9 ho demostra el seu blog: <a title=\"De Mel i Sucre\" href=\"http:\/\/demelisucre.gastronomicament.cat\">De Mel i Sucre<\/a>, una del\u00edcia per als amants de la bona cuina. <\/em><\/p>\n<p><em>En aquesta entrevista ens explica les seves d\u00e8ries, ens comenta els seus reptes i ens detalla els seus reptes a la cuina.<\/em><\/p>\n<p><strong>Qui t&#8217;ha ensenyat m\u00e9s a cuinar, ta mare, la padrina, en Karlos Argui\u00f1ano o na Paquita Tom\u00e0s?<\/strong><br \/>\nLa curiositat. Voler saber com es fan les coses, i voler provar-ho de fer. La base la me&#8217;n duc de ma mare i les padrines que tan b\u00e9 ho fan, per\u00f2 despr\u00e9s he llegit, he cercat, he escoltat i he observat molt. Aix\u00f2 s\u00ed, d&#8217;en Karlos Arqui\u00f1ano he adquirit qualque cosa, i m\u00e9s que de na Paquita Tom\u00e0s i de n&#8217;\u00d2scar Mart\u00ednez, tamb\u00e9. Ara b\u00e9, em queda molt per aprendre.<\/p>\n<p><strong>Com \u00e9s que fas aquestes fotos tan belles?<img decoding=\"async\" class=\"alignright\" style=\"margin: 6px;\" title=\"Isabel Maria Mestre Pascual\" src=\"http:\/\/gastronomicament.cat\/wp-content\/uploads\/2013\/08\/Isabel-De-Mel-i-Sucre.jpg\" alt=\"\" height=\"400\" \/><\/strong><br \/>\nM&#8217;agrada molt que faci goig, i que entri pels ulls. Un plat ben presentat, fa m\u00e9s ganes de fer i de menjar, independentment del gust (que al fons \u00e9s all\u00f2 primordial). Aix\u00ed mateix, vaig fer un breu curset de fotografia fa uns anys amb un bon professor i amic, en Joan Miquel Ferr\u00e0, que per desgr\u00e0cia ja no \u00e9s a prop.<\/p>\n<blockquote><p>&#8220;\u00c9S VER QUE EL MENJAR ENTRA PER LA VISTA, PER\u00d2 EL RECORD SE&#8217;L QUEDA EL PALADAR&#8221;<\/p><\/blockquote>\n<p><strong>Els plats, et surten tan b\u00e9 com les imatges?<\/strong><br \/>\nLa intenci\u00f3 \u00e9s sempre aquesta! Procur que sigui vist\u00f3s, per\u00f2 sense dir mentides, el que m\u00e9s m&#8217;importa \u00e9s el gust. \u00c9s igual que quan \u00e9s diu: &#8220;l&#8217;important \u00e9s a l&#8217;interior&#8221;. Id\u00f2 a la cuina \u00e9s semblant. \u00c9s ver que entra per la vista, per\u00f2 el record se&#8217;l queda el paladar.<\/p>\n<p><strong>Qui s\u00f3n els teus cr\u00edtics oficials?<\/strong><br \/>\nAmics i familiars s\u00f3n qui tasten tot quan faig, perqu\u00e8 m&#8217;agrada cuinar per la gent que estim. Per\u00f2 el premi a cr\u00edtic major \u00e9s per la meva germana, crec. Sense p\u00e8ls a la llengua, \u00e9s qui m\u00e9s tasta el que faig i qui m\u00e9s em diu que en troba. \u00c9s fant\u00e0stic, una cr\u00edtica constructiva nom\u00e9s incita a una cosa: a millorar.<\/p>\n<p><strong>\u00c9s possible compaginar estudis i cuina?<\/strong><br \/>\nClar que s\u00ed. No tenc tan de temps com voldria per dedicar-li, ni tantes boques per menjar-se el que faria, per\u00f2 sempre trobo una estona per trastejar per dins la cuina. Una mica m\u00e9s labori\u00f3s \u00e9s administrar el blog i intentar sempre que quedi b\u00e9, i llu\u00eft, perqu\u00e8 s\u00f3c de les que opina que les coses o es fan ben fetes o no es fan. Aix\u00f2 s\u00ed, s&#8217;ha de tenir clar, que a casa sempre m&#8217;ho han dit, el l\u00edmit entre deure i devoci\u00f3.<\/p>\n<p><strong>Un ingredient que no t&#8217;agradi<\/strong><br \/>\nNo ho s\u00e9, no ho tenc molt clar, per\u00f2 me costa encaixar la menta i l&#8217;herba-sana dins els plats en general. No m&#8217;agrada gaire la combinaci\u00f3 en si. I amb els c\u00edtrics tamb\u00e9 em passa qualque vegada, per\u00f2 no tant. Ben tractats, els c\u00edtrics no em disgusten, fins i tot m&#8217;agraden for\u00e7a.<\/p>\n<p><strong>El teu plat preferit&#8230;<\/strong><br \/>\nAquesta \u00e9s la pregunta estrella, perqu\u00e8 m&#8217;agrada tot ( o casi, casi). No puc contestar amb exactitud, perqu\u00e8 em sentiran dir moltes vegades: oh, aix\u00f2, que m&#8217;agrada! Per\u00f2 ara em ve al cap un plat que fa la meva padrina: una greixera d&#8217;ous i bacall\u00e0, amb els seus x\u00edtxeros i la patata, mmmm&#8230; Fant\u00e0stica!<\/p>\n<p><strong>El teu proper repte a la cuina ser\u00e0?<\/strong><br \/>\nLes temperatures. He adquirit fa poc un term\u00f2metre i tenc ganes d&#8217;aprendre molt sobre aix\u00f2. Per\u00f2 b\u00e9, la cuina mallorquina encap\u00e7ala la llista. Sobre tot aquells plats que fan t\u00edpics les padrines, que s\u00f3n genials i dels que vull aprendre tant com sigui possible. Aix\u00ed mateix, tamb\u00e9 tenc entre mans, i se&#8217;m resisteix, el pa. \u00c9s un m\u00f3n que em fascina i amb el quan em costa molt: ser\u00e0 q\u00fcesti\u00f3 de const\u00e0ncia i manya.<\/p>\n<blockquote><p>&#8220;ENTRAR A GASTRON\u00d2MICAMENT \u00c9S UN AVAN\u00c7 I UN ELOGI. S\u00d3C MOLT FELI\u00c7&#8221;<\/p><\/blockquote>\n<p><strong>Com encares la teva entrada a Gastron\u00f2micament?<\/strong><br \/>\nCom una aventura m\u00e9s. Per jo ha estat tot un avan\u00e7 i un elogi. Mai no m&#8217;hagu\u00e9s imaginat arribar on s\u00f3c ara, i molt manco amb menys d&#8217;un any com a blogaire, i una experi\u00e8ncia tan breu. S\u00f3c molt feli\u00e7, i intentar\u00e9 fer-ho tan b\u00e9 com pugui perqu\u00e8 Gastron\u00f2micament t\u00e9 molt per oferir i formar part d&#8217;aix\u00f2 \u00e9s tot un privilegi.<\/p>\n<p><strong>Per acabar, ens pots dir un secret culinari que vulguis descobrir&#8230;<\/strong><br \/>\nUi! No \u00e9s cap secret que la cuina s&#8217;ha de fer amb amor i molta d&#8217;estimaci\u00f3. Per\u00f2 vaja, un secret \u00e9s tastar molt. Abans de cuinar imaginar el gust que tendr\u00e0 el resultat. Jugar amb la imaginaci\u00f3 i el paladar per aconseguir un mos sublim. Aix\u00ed mateix, el sucre \u00e9s moltes vegades el meu secret, perqu\u00e8 en poso en ocasions a molts plats salats, sense que no distorsioni el gust de la sal, per\u00f2 donant una nota distinta al plat.<\/p>\n<\/div>\n","protected":false},"excerpt":{"rendered":"<p>\u00c9s tot un honor per a Gastron\u00f2micament comptar amb la implicaci\u00f3 de na Isabel Maria Mestre,&hellip;<\/p>\n","protected":false},"author":1,"featured_media":49989,"comment_status":"open","ping_status":"closed","sticky":false,"template":"","format":"standard","meta":{"_acf_changed":false,"_swt_meta_header_display":false,"_swt_meta_footer_display":false,"_swt_meta_site_title_display":false,"_swt_meta_sticky_header":false,"_swt_meta_transparent_header":false,"footnotes":""},"categories":[1046],"tags":[],"coauthors":[],"class_list":["post-72619","post","type-post","status-publish","format-standard","has-post-thumbnail","hentry","category-actualitat-es-en"],"acf":{"gallery":null,"home_date":{"home_begin_date":null,"home_end_date":null}},"yoast_head":"<!-- This site is optimized with the Yoast SEO plugin v27.4 - https:\/\/yoast.com\/product\/yoast-seo-wordpress\/ -->\n<title>Isabel Maria Mestre (De Mel i Sucre): &quot;Una cr\u00edtica constructiva nom\u00e9s incita a una cosa: a millorar&quot;<\/title>\n<meta name=\"description\" content=\"Isabel Maria Mestre (De Mel i Sucre): &quot;Una cr\u00edtica constructiva nom\u00e9s incita a una cosa: a millorar&quot;\" \/>\n<meta name=\"robots\" content=\"index, follow, max-snippet:-1, max-image-preview:large, max-video-preview:-1\" \/>\n<link rel=\"canonical\" href=\"https:\/\/gastronomicament.cat\/en\/isabel-maria-mestre-una-critica-constructiva-nomes-incita-a-una-cosa-a-millorar\" \/>\n<meta property=\"og:locale\" content=\"en_US\" \/>\n<meta property=\"og:type\" content=\"article\" \/>\n<meta property=\"og:title\" content=\"Isabel Maria Mestre (De Mel i Sucre): &quot;Una cr\u00edtica constructiva nom\u00e9s incita a una cosa: a millorar&quot;\" \/>\n<meta property=\"og:description\" content=\"Isabel Maria Mestre (De Mel i Sucre): &quot;Una cr\u00edtica constructiva nom\u00e9s incita a una cosa: a millorar&quot;\" \/>\n<meta property=\"og:url\" content=\"https:\/\/gastronomicament.cat\/en\/isabel-maria-mestre-una-critica-constructiva-nomes-incita-a-una-cosa-a-millorar\" \/>\n<meta property=\"og:site_name\" content=\"Gastron\u00f2micament\" \/>\n<meta property=\"article:published_time\" content=\"2013-08-13T12:41:49+00:00\" \/>\n<meta property=\"article:modified_time\" content=\"2022-04-09T09:55:21+00:00\" \/>\n<meta property=\"og:image\" content=\"https:\/\/gastronomicament.cat\/wp-content\/uploads\/2013\/08\/entrevista-De-Mel-i-Sucre.jpg\" \/>\n\t<meta property=\"og:image:width\" content=\"640\" \/>\n\t<meta property=\"og:image:height\" content=\"300\" \/>\n\t<meta property=\"og:image:type\" content=\"image\/jpeg\" \/>\n<meta name=\"author\" content=\"Redacci\u00f3\" \/>\n<meta name=\"twitter:card\" content=\"summary_large_image\" \/>\n<meta name=\"twitter:creator\" content=\"@gastronomicamen\" \/>\n<meta name=\"twitter:site\" content=\"@gastronomicamen\" \/>\n<meta name=\"twitter:label1\" content=\"Written by\" \/>\n\t<meta name=\"twitter:data1\" content=\"Redacci\u00f3\" \/>\n\t<meta name=\"twitter:label2\" content=\"Est. reading time\" \/>\n\t<meta name=\"twitter:data2\" content=\"4 minutes\" \/>\n<script type=\"application\/ld+json\" class=\"yoast-schema-graph\">{\"@context\":\"https:\\\/\\\/schema.org\",\"@graph\":[{\"@type\":\"Article\",\"@id\":\"https:\\\/\\\/gastronomicament.cat\\\/en\\\/isabel-maria-mestre-una-critica-constructiva-nomes-incita-a-una-cosa-a-millorar#article\",\"isPartOf\":{\"@id\":\"https:\\\/\\\/gastronomicament.cat\\\/en\\\/isabel-maria-mestre-una-critica-constructiva-nomes-incita-a-una-cosa-a-millorar\"},\"author\":{\"name\":\"Redacci\u00f3\",\"@id\":\"https:\\\/\\\/gastronomicament.cat\\\/en\\\/#\\\/schema\\\/person\\\/a7c85c537a1ed62799a5b8e0f686a37f\"},\"headline\":\"Isabel Maria Mestre: &#8220;Una cr\u00edtica constructiva nom\u00e9s incita a una cosa: a millorar&#8221;\",\"datePublished\":\"2013-08-13T12:41:49+00:00\",\"dateModified\":\"2022-04-09T09:55:21+00:00\",\"mainEntityOfPage\":{\"@id\":\"https:\\\/\\\/gastronomicament.cat\\\/en\\\/isabel-maria-mestre-una-critica-constructiva-nomes-incita-a-una-cosa-a-millorar\"},\"wordCount\":892,\"commentCount\":0,\"publisher\":{\"@id\":\"https:\\\/\\\/gastronomicament.cat\\\/en\\\/#organization\"},\"image\":{\"@id\":\"https:\\\/\\\/gastronomicament.cat\\\/en\\\/isabel-maria-mestre-una-critica-constructiva-nomes-incita-a-una-cosa-a-millorar#primaryimage\"},\"thumbnailUrl\":\"https:\\\/\\\/gastronomicament.cat\\\/wp-content\\\/uploads\\\/2013\\\/08\\\/entrevista-De-Mel-i-Sucre.jpg\",\"articleSection\":[\"Actualitat\"],\"inLanguage\":\"en-US\",\"potentialAction\":[{\"@type\":\"CommentAction\",\"name\":\"Comment\",\"target\":[\"https:\\\/\\\/gastronomicament.cat\\\/en\\\/isabel-maria-mestre-una-critica-constructiva-nomes-incita-a-una-cosa-a-millorar#respond\"]}]},{\"@type\":\"WebPage\",\"@id\":\"https:\\\/\\\/gastronomicament.cat\\\/en\\\/isabel-maria-mestre-una-critica-constructiva-nomes-incita-a-una-cosa-a-millorar\",\"url\":\"https:\\\/\\\/gastronomicament.cat\\\/en\\\/isabel-maria-mestre-una-critica-constructiva-nomes-incita-a-una-cosa-a-millorar\",\"name\":\"Isabel Maria Mestre (De Mel i Sucre): \\\"Una cr\u00edtica constructiva nom\u00e9s incita a una cosa: a millorar\\\"\",\"isPartOf\":{\"@id\":\"https:\\\/\\\/gastronomicament.cat\\\/en\\\/#website\"},\"primaryImageOfPage\":{\"@id\":\"https:\\\/\\\/gastronomicament.cat\\\/en\\\/isabel-maria-mestre-una-critica-constructiva-nomes-incita-a-una-cosa-a-millorar#primaryimage\"},\"image\":{\"@id\":\"https:\\\/\\\/gastronomicament.cat\\\/en\\\/isabel-maria-mestre-una-critica-constructiva-nomes-incita-a-una-cosa-a-millorar#primaryimage\"},\"thumbnailUrl\":\"https:\\\/\\\/gastronomicament.cat\\\/wp-content\\\/uploads\\\/2013\\\/08\\\/entrevista-De-Mel-i-Sucre.jpg\",\"datePublished\":\"2013-08-13T12:41:49+00:00\",\"dateModified\":\"2022-04-09T09:55:21+00:00\",\"description\":\"Isabel Maria Mestre (De Mel i Sucre): \\\"Una cr\u00edtica constructiva nom\u00e9s incita a una cosa: a millorar\\\"\",\"inLanguage\":\"en-US\",\"potentialAction\":[{\"@type\":\"ReadAction\",\"target\":[\"https:\\\/\\\/gastronomicament.cat\\\/en\\\/isabel-maria-mestre-una-critica-constructiva-nomes-incita-a-una-cosa-a-millorar\"]}]},{\"@type\":\"ImageObject\",\"inLanguage\":\"en-US\",\"@id\":\"https:\\\/\\\/gastronomicament.cat\\\/en\\\/isabel-maria-mestre-una-critica-constructiva-nomes-incita-a-una-cosa-a-millorar#primaryimage\",\"url\":\"https:\\\/\\\/gastronomicament.cat\\\/wp-content\\\/uploads\\\/2013\\\/08\\\/entrevista-De-Mel-i-Sucre.jpg\",\"contentUrl\":\"https:\\\/\\\/gastronomicament.cat\\\/wp-content\\\/uploads\\\/2013\\\/08\\\/entrevista-De-Mel-i-Sucre.jpg\",\"width\":640,\"height\":300},{\"@type\":\"WebSite\",\"@id\":\"https:\\\/\\\/gastronomicament.cat\\\/en\\\/#website\",\"url\":\"https:\\\/\\\/gastronomicament.cat\\\/en\\\/\",\"name\":\"Gastron\u00f2micament\",\"description\":\"Portal de restaurants, receptes i actualitat gastron\u00f2mica\",\"publisher\":{\"@id\":\"https:\\\/\\\/gastronomicament.cat\\\/en\\\/#organization\"},\"potentialAction\":[{\"@type\":\"SearchAction\",\"target\":{\"@type\":\"EntryPoint\",\"urlTemplate\":\"https:\\\/\\\/gastronomicament.cat\\\/en\\\/?s={search_term_string}\"},\"query-input\":{\"@type\":\"PropertyValueSpecification\",\"valueRequired\":true,\"valueName\":\"search_term_string\"}}],\"inLanguage\":\"en-US\"},{\"@type\":\"Organization\",\"@id\":\"https:\\\/\\\/gastronomicament.cat\\\/en\\\/#organization\",\"name\":\"Gastron\u00f2micament\",\"url\":\"https:\\\/\\\/gastronomicament.cat\\\/en\\\/\",\"logo\":{\"@type\":\"ImageObject\",\"inLanguage\":\"en-US\",\"@id\":\"https:\\\/\\\/gastronomicament.cat\\\/en\\\/#\\\/schema\\\/logo\\\/image\\\/\",\"url\":\"https:\\\/\\\/gastronomicament.cat\\\/wp-content\\\/uploads\\\/2016\\\/09\\\/header-logo.jpg\",\"contentUrl\":\"https:\\\/\\\/gastronomicament.cat\\\/wp-content\\\/uploads\\\/2016\\\/09\\\/header-logo.jpg\",\"width\":277,\"height\":39,\"caption\":\"Gastron\u00f2micament\"},\"image\":{\"@id\":\"https:\\\/\\\/gastronomicament.cat\\\/en\\\/#\\\/schema\\\/logo\\\/image\\\/\"},\"sameAs\":[\"https:\\\/\\\/x.com\\\/gastronomicamen\"]},{\"@type\":\"Person\",\"@id\":\"https:\\\/\\\/gastronomicament.cat\\\/en\\\/#\\\/schema\\\/person\\\/a7c85c537a1ed62799a5b8e0f686a37f\",\"name\":\"Redacci\u00f3\",\"image\":{\"@type\":\"ImageObject\",\"inLanguage\":\"en-US\",\"@id\":\"https:\\\/\\\/secure.gravatar.com\\\/avatar\\\/9489a485c464fd611d33825daae651d13db70c4e74c65c94937a15a9d4c3ee14?s=96&d=mm&r=g69fea3cce3645dfa2166e7293e22955e\",\"url\":\"https:\\\/\\\/secure.gravatar.com\\\/avatar\\\/9489a485c464fd611d33825daae651d13db70c4e74c65c94937a15a9d4c3ee14?s=96&d=mm&r=g\",\"contentUrl\":\"https:\\\/\\\/secure.gravatar.com\\\/avatar\\\/9489a485c464fd611d33825daae651d13db70c4e74c65c94937a15a9d4c3ee14?s=96&d=mm&r=g\",\"caption\":\"Redacci\u00f3\"},\"sameAs\":[\"http:\\\/\\\/gastronomicament.cat\"],\"url\":\"https:\\\/\\\/gastronomicament.cat\\\/en\\\/author\\\/admin\"}]}<\/script>\n<!-- \/ Yoast SEO plugin. -->","yoast_head_json":{"title":"Isabel Maria Mestre (De Mel i Sucre): \"Una cr\u00edtica constructiva nom\u00e9s incita a una cosa: a millorar\"","description":"Isabel Maria Mestre (De Mel i Sucre): \"Una cr\u00edtica constructiva nom\u00e9s incita a una cosa: a millorar\"","robots":{"index":"index","follow":"follow","max-snippet":"max-snippet:-1","max-image-preview":"max-image-preview:large","max-video-preview":"max-video-preview:-1"},"canonical":"https:\/\/gastronomicament.cat\/en\/isabel-maria-mestre-una-critica-constructiva-nomes-incita-a-una-cosa-a-millorar","og_locale":"en_US","og_type":"article","og_title":"Isabel Maria Mestre (De Mel i Sucre): \"Una cr\u00edtica constructiva nom\u00e9s incita a una cosa: a millorar\"","og_description":"Isabel Maria Mestre (De Mel i Sucre): \"Una cr\u00edtica constructiva nom\u00e9s incita a una cosa: a millorar\"","og_url":"https:\/\/gastronomicament.cat\/en\/isabel-maria-mestre-una-critica-constructiva-nomes-incita-a-una-cosa-a-millorar","og_site_name":"Gastron\u00f2micament","article_published_time":"2013-08-13T12:41:49+00:00","article_modified_time":"2022-04-09T09:55:21+00:00","og_image":[{"width":640,"height":300,"url":"https:\/\/gastronomicament.cat\/wp-content\/uploads\/2013\/08\/entrevista-De-Mel-i-Sucre.jpg","type":"image\/jpeg"}],"author":"Redacci\u00f3","twitter_card":"summary_large_image","twitter_creator":"@gastronomicamen","twitter_site":"@gastronomicamen","twitter_misc":{"Written by":"Redacci\u00f3","Est. reading time":"4 minutes"},"schema":{"@context":"https:\/\/schema.org","@graph":[{"@type":"Article","@id":"https:\/\/gastronomicament.cat\/en\/isabel-maria-mestre-una-critica-constructiva-nomes-incita-a-una-cosa-a-millorar#article","isPartOf":{"@id":"https:\/\/gastronomicament.cat\/en\/isabel-maria-mestre-una-critica-constructiva-nomes-incita-a-una-cosa-a-millorar"},"author":{"name":"Redacci\u00f3","@id":"https:\/\/gastronomicament.cat\/en\/#\/schema\/person\/a7c85c537a1ed62799a5b8e0f686a37f"},"headline":"Isabel Maria Mestre: &#8220;Una cr\u00edtica constructiva nom\u00e9s incita a una cosa: a millorar&#8221;","datePublished":"2013-08-13T12:41:49+00:00","dateModified":"2022-04-09T09:55:21+00:00","mainEntityOfPage":{"@id":"https:\/\/gastronomicament.cat\/en\/isabel-maria-mestre-una-critica-constructiva-nomes-incita-a-una-cosa-a-millorar"},"wordCount":892,"commentCount":0,"publisher":{"@id":"https:\/\/gastronomicament.cat\/en\/#organization"},"image":{"@id":"https:\/\/gastronomicament.cat\/en\/isabel-maria-mestre-una-critica-constructiva-nomes-incita-a-una-cosa-a-millorar#primaryimage"},"thumbnailUrl":"https:\/\/gastronomicament.cat\/wp-content\/uploads\/2013\/08\/entrevista-De-Mel-i-Sucre.jpg","articleSection":["Actualitat"],"inLanguage":"en-US","potentialAction":[{"@type":"CommentAction","name":"Comment","target":["https:\/\/gastronomicament.cat\/en\/isabel-maria-mestre-una-critica-constructiva-nomes-incita-a-una-cosa-a-millorar#respond"]}]},{"@type":"WebPage","@id":"https:\/\/gastronomicament.cat\/en\/isabel-maria-mestre-una-critica-constructiva-nomes-incita-a-una-cosa-a-millorar","url":"https:\/\/gastronomicament.cat\/en\/isabel-maria-mestre-una-critica-constructiva-nomes-incita-a-una-cosa-a-millorar","name":"Isabel Maria Mestre (De Mel i Sucre): \"Una cr\u00edtica constructiva nom\u00e9s incita a una cosa: a millorar\"","isPartOf":{"@id":"https:\/\/gastronomicament.cat\/en\/#website"},"primaryImageOfPage":{"@id":"https:\/\/gastronomicament.cat\/en\/isabel-maria-mestre-una-critica-constructiva-nomes-incita-a-una-cosa-a-millorar#primaryimage"},"image":{"@id":"https:\/\/gastronomicament.cat\/en\/isabel-maria-mestre-una-critica-constructiva-nomes-incita-a-una-cosa-a-millorar#primaryimage"},"thumbnailUrl":"https:\/\/gastronomicament.cat\/wp-content\/uploads\/2013\/08\/entrevista-De-Mel-i-Sucre.jpg","datePublished":"2013-08-13T12:41:49+00:00","dateModified":"2022-04-09T09:55:21+00:00","description":"Isabel Maria Mestre (De Mel i Sucre): \"Una cr\u00edtica constructiva nom\u00e9s incita a una cosa: a millorar\"","inLanguage":"en-US","potentialAction":[{"@type":"ReadAction","target":["https:\/\/gastronomicament.cat\/en\/isabel-maria-mestre-una-critica-constructiva-nomes-incita-a-una-cosa-a-millorar"]}]},{"@type":"ImageObject","inLanguage":"en-US","@id":"https:\/\/gastronomicament.cat\/en\/isabel-maria-mestre-una-critica-constructiva-nomes-incita-a-una-cosa-a-millorar#primaryimage","url":"https:\/\/gastronomicament.cat\/wp-content\/uploads\/2013\/08\/entrevista-De-Mel-i-Sucre.jpg","contentUrl":"https:\/\/gastronomicament.cat\/wp-content\/uploads\/2013\/08\/entrevista-De-Mel-i-Sucre.jpg","width":640,"height":300},{"@type":"WebSite","@id":"https:\/\/gastronomicament.cat\/en\/#website","url":"https:\/\/gastronomicament.cat\/en\/","name":"Gastron\u00f2micament","description":"Portal de restaurants, receptes i actualitat gastron\u00f2mica","publisher":{"@id":"https:\/\/gastronomicament.cat\/en\/#organization"},"potentialAction":[{"@type":"SearchAction","target":{"@type":"EntryPoint","urlTemplate":"https:\/\/gastronomicament.cat\/en\/?s={search_term_string}"},"query-input":{"@type":"PropertyValueSpecification","valueRequired":true,"valueName":"search_term_string"}}],"inLanguage":"en-US"},{"@type":"Organization","@id":"https:\/\/gastronomicament.cat\/en\/#organization","name":"Gastron\u00f2micament","url":"https:\/\/gastronomicament.cat\/en\/","logo":{"@type":"ImageObject","inLanguage":"en-US","@id":"https:\/\/gastronomicament.cat\/en\/#\/schema\/logo\/image\/","url":"https:\/\/gastronomicament.cat\/wp-content\/uploads\/2016\/09\/header-logo.jpg","contentUrl":"https:\/\/gastronomicament.cat\/wp-content\/uploads\/2016\/09\/header-logo.jpg","width":277,"height":39,"caption":"Gastron\u00f2micament"},"image":{"@id":"https:\/\/gastronomicament.cat\/en\/#\/schema\/logo\/image\/"},"sameAs":["https:\/\/x.com\/gastronomicamen"]},{"@type":"Person","@id":"https:\/\/gastronomicament.cat\/en\/#\/schema\/person\/a7c85c537a1ed62799a5b8e0f686a37f","name":"Redacci\u00f3","image":{"@type":"ImageObject","inLanguage":"en-US","@id":"https:\/\/secure.gravatar.com\/avatar\/9489a485c464fd611d33825daae651d13db70c4e74c65c94937a15a9d4c3ee14?s=96&d=mm&r=g69fea3cce3645dfa2166e7293e22955e","url":"https:\/\/secure.gravatar.com\/avatar\/9489a485c464fd611d33825daae651d13db70c4e74c65c94937a15a9d4c3ee14?s=96&d=mm&r=g","contentUrl":"https:\/\/secure.gravatar.com\/avatar\/9489a485c464fd611d33825daae651d13db70c4e74c65c94937a15a9d4c3ee14?s=96&d=mm&r=g","caption":"Redacci\u00f3"},"sameAs":["http:\/\/gastronomicament.cat"],"url":"https:\/\/gastronomicament.cat\/en\/author\/admin"}]}},"_links":{"self":[{"href":"https:\/\/gastronomicament.cat\/en\/wp-json\/wp\/v2\/posts\/72619","targetHints":{"allow":["GET"]}}],"collection":[{"href":"https:\/\/gastronomicament.cat\/en\/wp-json\/wp\/v2\/posts"}],"about":[{"href":"https:\/\/gastronomicament.cat\/en\/wp-json\/wp\/v2\/types\/post"}],"author":[{"embeddable":true,"href":"https:\/\/gastronomicament.cat\/en\/wp-json\/wp\/v2\/users\/1"}],"replies":[{"embeddable":true,"href":"https:\/\/gastronomicament.cat\/en\/wp-json\/wp\/v2\/comments?post=72619"}],"version-history":[{"count":0,"href":"https:\/\/gastronomicament.cat\/en\/wp-json\/wp\/v2\/posts\/72619\/revisions"}],"wp:featuredmedia":[{"embeddable":true,"href":"https:\/\/gastronomicament.cat\/en\/wp-json\/wp\/v2\/media\/49989"}],"wp:attachment":[{"href":"https:\/\/gastronomicament.cat\/en\/wp-json\/wp\/v2\/media?parent=72619"}],"wp:term":[{"taxonomy":"category","embeddable":true,"href":"https:\/\/gastronomicament.cat\/en\/wp-json\/wp\/v2\/categories?post=72619"},{"taxonomy":"post_tag","embeddable":true,"href":"https:\/\/gastronomicament.cat\/en\/wp-json\/wp\/v2\/tags?post=72619"},{"taxonomy":"author","embeddable":true,"href":"https:\/\/gastronomicament.cat\/en\/wp-json\/wp\/v2\/coauthors?post=72619"}],"curies":[{"name":"wp","href":"https:\/\/api.w.org\/{rel}","templated":true}]}}