{"id":72713,"date":"2013-07-17T18:48:00","date_gmt":"2013-07-17T16:48:00","guid":{"rendered":"https:\/\/gastronomicament.cat\/malvasia-tomatiga-de-ramellet-tapes-i-musica-a-banyalbufar-festival-eres-negre"},"modified":"2022-04-09T11:56:14","modified_gmt":"2022-04-09T09:56:14","slug":"malvasia-tomatiga-de-ramellet-tapes-i-musica-a-banyalbufar-festival-eres-negre","status":"publish","type":"post","link":"https:\/\/gastronomicament.cat\/en\/malvasia-tomatiga-de-ramellet-tapes-i-musica-a-banyalbufar-festival-eres-negre","title":{"rendered":"Malvasia, tom\u00e0tiga de ramellet, tapes i m\u00fasica a Banyalbufar. Festival Eres Negre"},"content":{"rendered":"<p>Dissabte 20 de juliol, el <strong>festival Eres Negre de Banyalbufar<\/strong> us convida a gaudir de la bona gastronomia i la m\u00fasica.<\/p>\n<p>A partir de les 12 del migdia fins les 17 de l&#8217;horabaixa, hi trobareu una ruta de tapes que t\u00e9 com a base els productes aut\u00f2ctons com la <strong>tom\u00e0tiga de ramellet<\/strong> o el <strong>vi de Malvasia<\/strong>. Els restaurants del municipi us oferiran aut\u00e8ntiques joies gustatives amb productes frescos amb m\u00fasica en directe. A m\u00e9s, els assistents podran votar la seva preferida. El preu per <strong>tapa i vi de\u00a0 \u00e9s de 2 euros<\/strong>.<\/p>\n<p>Aquesta segona edici\u00f3 del festival Eres Negre inclou <strong>m\u00fasica<\/strong> de les 22 del vespre a les 4 de la matinada amb grups de funk, soul, groove i disj\u00f2queis com The Sweet Vandals, Orange Juice Funk Collective i Se\u00f1orlobo, a 10 euros l&#8217;entrada.<\/p>\n<p>M\u00e9s info: <a title=\"Eres Negre. Banyalbufar\" href=\"www.eresnegre.com\" target=\"_blank\" rel=\"noopener\">www.eresnegre.com<\/a><\/p>\n","protected":false},"excerpt":{"rendered":"<p>Dissabte 20 de juliol, el festival Eres Negre de Banyalbufar us convida a gaudir de la bona gastronomia i la m\u00fasica. A partir de les 12 del migdia fins les 17 de l&#8217;horabaixa, hi trobareu una ruta de tapes que t\u00e9 com a base els productes aut\u00f2ctons com la tom\u00e0tiga de ramellet o el vi [&hellip;]<\/p>\n","protected":false},"author":1,"featured_media":49870,"comment_status":"open","ping_status":"closed","sticky":false,"template":"","format":"gallery","meta":{"_acf_changed":false,"_swt_meta_header_display":false,"_swt_meta_footer_display":false,"_swt_meta_site_title_display":false,"_swt_meta_sticky_header":false,"_swt_meta_transparent_header":false,"footnotes":""},"categories":[1046],"tags":[],"coauthors":[],"class_list":["post-72713","post","type-post","status-publish","format-gallery","has-post-thumbnail","hentry","category-actualitat-es-en","post_format-post-format-gallery"],"acf":{"gallery":null,"home_date":{"home_begin_date":null,"home_end_date":null}},"yoast_head":"<!-- This site is optimized with the Yoast SEO plugin v27.4 - https:\/\/yoast.com\/product\/yoast-seo-wordpress\/ -->\n<title>Malvasia, tom\u00e0tiga de ramellet, tapes i m\u00fasica a Banyalbufar. Festival Eres Negre<\/title>\n<meta name=\"description\" content=\"Malvasia, tom\u00e0tiga de ramellet, tapes i m\u00fasica a Banyalbufar. Festival Eres Negre\" \/>\n<meta name=\"robots\" content=\"index, follow, max-snippet:-1, max-image-preview:large, max-video-preview:-1\" \/>\n<link rel=\"canonical\" href=\"https:\/\/gastronomicament.cat\/en\/malvasia-tomatiga-de-ramellet-tapes-i-musica-a-banyalbufar-festival-eres-negre\" \/>\n<meta property=\"og:locale\" content=\"en_US\" \/>\n<meta property=\"og:type\" content=\"article\" \/>\n<meta property=\"og:title\" content=\"Malvasia, tom\u00e0tiga de ramellet, tapes i m\u00fasica a Banyalbufar. Festival Eres Negre\" \/>\n<meta property=\"og:description\" content=\"Malvasia, tom\u00e0tiga de ramellet, tapes i m\u00fasica a Banyalbufar. Festival Eres Negre\" \/>\n<meta property=\"og:url\" content=\"https:\/\/gastronomicament.cat\/en\/malvasia-tomatiga-de-ramellet-tapes-i-musica-a-banyalbufar-festival-eres-negre\" \/>\n<meta property=\"og:site_name\" content=\"Gastron\u00f2micament\" \/>\n<meta property=\"article:published_time\" content=\"2013-07-17T16:48:00+00:00\" \/>\n<meta property=\"article:modified_time\" content=\"2022-04-09T09:56:14+00:00\" \/>\n<meta property=\"og:image\" content=\"https:\/\/gastronomicament.cat\/wp-content\/uploads\/2013\/07\/Tapes-increi\u0308bles-.jpg\" \/>\n\t<meta property=\"og:image:width\" content=\"988\" \/>\n\t<meta property=\"og:image:height\" content=\"488\" \/>\n\t<meta property=\"og:image:type\" content=\"image\/jpeg\" \/>\n<meta name=\"author\" content=\"Redacci\u00f3\" \/>\n<meta name=\"twitter:card\" content=\"summary_large_image\" \/>\n<meta name=\"twitter:creator\" content=\"@gastronomicamen\" \/>\n<meta name=\"twitter:site\" content=\"@gastronomicamen\" \/>\n<meta name=\"twitter:label1\" content=\"Written by\" \/>\n\t<meta name=\"twitter:data1\" content=\"Redacci\u00f3\" \/>\n\t<meta name=\"twitter:label2\" content=\"Est. reading time\" \/>\n\t<meta name=\"twitter:data2\" content=\"1 minute\" \/>\n<script type=\"application\/ld+json\" class=\"yoast-schema-graph\">{\"@context\":\"https:\\\/\\\/schema.org\",\"@graph\":[{\"@type\":\"Article\",\"@id\":\"https:\\\/\\\/gastronomicament.cat\\\/en\\\/malvasia-tomatiga-de-ramellet-tapes-i-musica-a-banyalbufar-festival-eres-negre#article\",\"isPartOf\":{\"@id\":\"https:\\\/\\\/gastronomicament.cat\\\/en\\\/malvasia-tomatiga-de-ramellet-tapes-i-musica-a-banyalbufar-festival-eres-negre\"},\"author\":{\"name\":\"Redacci\u00f3\",\"@id\":\"https:\\\/\\\/gastronomicament.cat\\\/en\\\/#\\\/schema\\\/person\\\/a7c85c537a1ed62799a5b8e0f686a37f\"},\"headline\":\"Malvasia, tom\u00e0tiga de ramellet, tapes i m\u00fasica a Banyalbufar. Festival Eres Negre\",\"datePublished\":\"2013-07-17T16:48:00+00:00\",\"dateModified\":\"2022-04-09T09:56:14+00:00\",\"mainEntityOfPage\":{\"@id\":\"https:\\\/\\\/gastronomicament.cat\\\/en\\\/malvasia-tomatiga-de-ramellet-tapes-i-musica-a-banyalbufar-festival-eres-negre\"},\"wordCount\":157,\"commentCount\":0,\"publisher\":{\"@id\":\"https:\\\/\\\/gastronomicament.cat\\\/en\\\/#organization\"},\"image\":{\"@id\":\"https:\\\/\\\/gastronomicament.cat\\\/en\\\/malvasia-tomatiga-de-ramellet-tapes-i-musica-a-banyalbufar-festival-eres-negre#primaryimage\"},\"thumbnailUrl\":\"https:\\\/\\\/gastronomicament.cat\\\/wp-content\\\/uploads\\\/2013\\\/07\\\/Tapes-increi\u0308bles-.jpg\",\"articleSection\":[\"Actualitat\"],\"inLanguage\":\"en-US\",\"potentialAction\":[{\"@type\":\"CommentAction\",\"name\":\"Comment\",\"target\":[\"https:\\\/\\\/gastronomicament.cat\\\/en\\\/malvasia-tomatiga-de-ramellet-tapes-i-musica-a-banyalbufar-festival-eres-negre#respond\"]}]},{\"@type\":\"WebPage\",\"@id\":\"https:\\\/\\\/gastronomicament.cat\\\/en\\\/malvasia-tomatiga-de-ramellet-tapes-i-musica-a-banyalbufar-festival-eres-negre\",\"url\":\"https:\\\/\\\/gastronomicament.cat\\\/en\\\/malvasia-tomatiga-de-ramellet-tapes-i-musica-a-banyalbufar-festival-eres-negre\",\"name\":\"Malvasia, tom\u00e0tiga de ramellet, tapes i m\u00fasica a Banyalbufar. Festival Eres Negre\",\"isPartOf\":{\"@id\":\"https:\\\/\\\/gastronomicament.cat\\\/en\\\/#website\"},\"primaryImageOfPage\":{\"@id\":\"https:\\\/\\\/gastronomicament.cat\\\/en\\\/malvasia-tomatiga-de-ramellet-tapes-i-musica-a-banyalbufar-festival-eres-negre#primaryimage\"},\"image\":{\"@id\":\"https:\\\/\\\/gastronomicament.cat\\\/en\\\/malvasia-tomatiga-de-ramellet-tapes-i-musica-a-banyalbufar-festival-eres-negre#primaryimage\"},\"thumbnailUrl\":\"https:\\\/\\\/gastronomicament.cat\\\/wp-content\\\/uploads\\\/2013\\\/07\\\/Tapes-increi\u0308bles-.jpg\",\"datePublished\":\"2013-07-17T16:48:00+00:00\",\"dateModified\":\"2022-04-09T09:56:14+00:00\",\"description\":\"Malvasia, tom\u00e0tiga de ramellet, tapes i m\u00fasica a Banyalbufar. Festival Eres Negre\",\"inLanguage\":\"en-US\",\"potentialAction\":[{\"@type\":\"ReadAction\",\"target\":[\"https:\\\/\\\/gastronomicament.cat\\\/en\\\/malvasia-tomatiga-de-ramellet-tapes-i-musica-a-banyalbufar-festival-eres-negre\"]}]},{\"@type\":\"ImageObject\",\"inLanguage\":\"en-US\",\"@id\":\"https:\\\/\\\/gastronomicament.cat\\\/en\\\/malvasia-tomatiga-de-ramellet-tapes-i-musica-a-banyalbufar-festival-eres-negre#primaryimage\",\"url\":\"https:\\\/\\\/gastronomicament.cat\\\/wp-content\\\/uploads\\\/2013\\\/07\\\/Tapes-increi\u0308bles-.jpg\",\"contentUrl\":\"https:\\\/\\\/gastronomicament.cat\\\/wp-content\\\/uploads\\\/2013\\\/07\\\/Tapes-increi\u0308bles-.jpg\",\"width\":988,\"height\":488},{\"@type\":\"WebSite\",\"@id\":\"https:\\\/\\\/gastronomicament.cat\\\/en\\\/#website\",\"url\":\"https:\\\/\\\/gastronomicament.cat\\\/en\\\/\",\"name\":\"Gastron\u00f2micament\",\"description\":\"Portal de restaurants, receptes i actualitat gastron\u00f2mica\",\"publisher\":{\"@id\":\"https:\\\/\\\/gastronomicament.cat\\\/en\\\/#organization\"},\"potentialAction\":[{\"@type\":\"SearchAction\",\"target\":{\"@type\":\"EntryPoint\",\"urlTemplate\":\"https:\\\/\\\/gastronomicament.cat\\\/en\\\/?s={search_term_string}\"},\"query-input\":{\"@type\":\"PropertyValueSpecification\",\"valueRequired\":true,\"valueName\":\"search_term_string\"}}],\"inLanguage\":\"en-US\"},{\"@type\":\"Organization\",\"@id\":\"https:\\\/\\\/gastronomicament.cat\\\/en\\\/#organization\",\"name\":\"Gastron\u00f2micament\",\"url\":\"https:\\\/\\\/gastronomicament.cat\\\/en\\\/\",\"logo\":{\"@type\":\"ImageObject\",\"inLanguage\":\"en-US\",\"@id\":\"https:\\\/\\\/gastronomicament.cat\\\/en\\\/#\\\/schema\\\/logo\\\/image\\\/\",\"url\":\"https:\\\/\\\/gastronomicament.cat\\\/wp-content\\\/uploads\\\/2016\\\/09\\\/header-logo.jpg\",\"contentUrl\":\"https:\\\/\\\/gastronomicament.cat\\\/wp-content\\\/uploads\\\/2016\\\/09\\\/header-logo.jpg\",\"width\":277,\"height\":39,\"caption\":\"Gastron\u00f2micament\"},\"image\":{\"@id\":\"https:\\\/\\\/gastronomicament.cat\\\/en\\\/#\\\/schema\\\/logo\\\/image\\\/\"},\"sameAs\":[\"https:\\\/\\\/x.com\\\/gastronomicamen\"]},{\"@type\":\"Person\",\"@id\":\"https:\\\/\\\/gastronomicament.cat\\\/en\\\/#\\\/schema\\\/person\\\/a7c85c537a1ed62799a5b8e0f686a37f\",\"name\":\"Redacci\u00f3\",\"image\":{\"@type\":\"ImageObject\",\"inLanguage\":\"en-US\",\"@id\":\"https:\\\/\\\/secure.gravatar.com\\\/avatar\\\/9489a485c464fd611d33825daae651d13db70c4e74c65c94937a15a9d4c3ee14?s=96&d=mm&r=g69fea3cce3645dfa2166e7293e22955e\",\"url\":\"https:\\\/\\\/secure.gravatar.com\\\/avatar\\\/9489a485c464fd611d33825daae651d13db70c4e74c65c94937a15a9d4c3ee14?s=96&d=mm&r=g\",\"contentUrl\":\"https:\\\/\\\/secure.gravatar.com\\\/avatar\\\/9489a485c464fd611d33825daae651d13db70c4e74c65c94937a15a9d4c3ee14?s=96&d=mm&r=g\",\"caption\":\"Redacci\u00f3\"},\"sameAs\":[\"http:\\\/\\\/gastronomicament.cat\"],\"url\":\"https:\\\/\\\/gastronomicament.cat\\\/en\\\/author\\\/admin\"}]}<\/script>\n<!-- \/ Yoast SEO plugin. -->","yoast_head_json":{"title":"Malvasia, tom\u00e0tiga de ramellet, tapes i m\u00fasica a Banyalbufar. Festival Eres Negre","description":"Malvasia, tom\u00e0tiga de ramellet, tapes i m\u00fasica a Banyalbufar. Festival Eres Negre","robots":{"index":"index","follow":"follow","max-snippet":"max-snippet:-1","max-image-preview":"max-image-preview:large","max-video-preview":"max-video-preview:-1"},"canonical":"https:\/\/gastronomicament.cat\/en\/malvasia-tomatiga-de-ramellet-tapes-i-musica-a-banyalbufar-festival-eres-negre","og_locale":"en_US","og_type":"article","og_title":"Malvasia, tom\u00e0tiga de ramellet, tapes i m\u00fasica a Banyalbufar. Festival Eres Negre","og_description":"Malvasia, tom\u00e0tiga de ramellet, tapes i m\u00fasica a Banyalbufar. Festival Eres Negre","og_url":"https:\/\/gastronomicament.cat\/en\/malvasia-tomatiga-de-ramellet-tapes-i-musica-a-banyalbufar-festival-eres-negre","og_site_name":"Gastron\u00f2micament","article_published_time":"2013-07-17T16:48:00+00:00","article_modified_time":"2022-04-09T09:56:14+00:00","og_image":[{"width":988,"height":488,"url":"https:\/\/gastronomicament.cat\/wp-content\/uploads\/2013\/07\/Tapes-increi\u0308bles-.jpg","type":"image\/jpeg"}],"author":"Redacci\u00f3","twitter_card":"summary_large_image","twitter_creator":"@gastronomicamen","twitter_site":"@gastronomicamen","twitter_misc":{"Written by":"Redacci\u00f3","Est. reading time":"1 minute"},"schema":{"@context":"https:\/\/schema.org","@graph":[{"@type":"Article","@id":"https:\/\/gastronomicament.cat\/en\/malvasia-tomatiga-de-ramellet-tapes-i-musica-a-banyalbufar-festival-eres-negre#article","isPartOf":{"@id":"https:\/\/gastronomicament.cat\/en\/malvasia-tomatiga-de-ramellet-tapes-i-musica-a-banyalbufar-festival-eres-negre"},"author":{"name":"Redacci\u00f3","@id":"https:\/\/gastronomicament.cat\/en\/#\/schema\/person\/a7c85c537a1ed62799a5b8e0f686a37f"},"headline":"Malvasia, tom\u00e0tiga de ramellet, tapes i m\u00fasica a Banyalbufar. Festival Eres Negre","datePublished":"2013-07-17T16:48:00+00:00","dateModified":"2022-04-09T09:56:14+00:00","mainEntityOfPage":{"@id":"https:\/\/gastronomicament.cat\/en\/malvasia-tomatiga-de-ramellet-tapes-i-musica-a-banyalbufar-festival-eres-negre"},"wordCount":157,"commentCount":0,"publisher":{"@id":"https:\/\/gastronomicament.cat\/en\/#organization"},"image":{"@id":"https:\/\/gastronomicament.cat\/en\/malvasia-tomatiga-de-ramellet-tapes-i-musica-a-banyalbufar-festival-eres-negre#primaryimage"},"thumbnailUrl":"https:\/\/gastronomicament.cat\/wp-content\/uploads\/2013\/07\/Tapes-increi\u0308bles-.jpg","articleSection":["Actualitat"],"inLanguage":"en-US","potentialAction":[{"@type":"CommentAction","name":"Comment","target":["https:\/\/gastronomicament.cat\/en\/malvasia-tomatiga-de-ramellet-tapes-i-musica-a-banyalbufar-festival-eres-negre#respond"]}]},{"@type":"WebPage","@id":"https:\/\/gastronomicament.cat\/en\/malvasia-tomatiga-de-ramellet-tapes-i-musica-a-banyalbufar-festival-eres-negre","url":"https:\/\/gastronomicament.cat\/en\/malvasia-tomatiga-de-ramellet-tapes-i-musica-a-banyalbufar-festival-eres-negre","name":"Malvasia, tom\u00e0tiga de ramellet, tapes i m\u00fasica a Banyalbufar. Festival Eres Negre","isPartOf":{"@id":"https:\/\/gastronomicament.cat\/en\/#website"},"primaryImageOfPage":{"@id":"https:\/\/gastronomicament.cat\/en\/malvasia-tomatiga-de-ramellet-tapes-i-musica-a-banyalbufar-festival-eres-negre#primaryimage"},"image":{"@id":"https:\/\/gastronomicament.cat\/en\/malvasia-tomatiga-de-ramellet-tapes-i-musica-a-banyalbufar-festival-eres-negre#primaryimage"},"thumbnailUrl":"https:\/\/gastronomicament.cat\/wp-content\/uploads\/2013\/07\/Tapes-increi\u0308bles-.jpg","datePublished":"2013-07-17T16:48:00+00:00","dateModified":"2022-04-09T09:56:14+00:00","description":"Malvasia, tom\u00e0tiga de ramellet, tapes i m\u00fasica a Banyalbufar. Festival Eres Negre","inLanguage":"en-US","potentialAction":[{"@type":"ReadAction","target":["https:\/\/gastronomicament.cat\/en\/malvasia-tomatiga-de-ramellet-tapes-i-musica-a-banyalbufar-festival-eres-negre"]}]},{"@type":"ImageObject","inLanguage":"en-US","@id":"https:\/\/gastronomicament.cat\/en\/malvasia-tomatiga-de-ramellet-tapes-i-musica-a-banyalbufar-festival-eres-negre#primaryimage","url":"https:\/\/gastronomicament.cat\/wp-content\/uploads\/2013\/07\/Tapes-increi\u0308bles-.jpg","contentUrl":"https:\/\/gastronomicament.cat\/wp-content\/uploads\/2013\/07\/Tapes-increi\u0308bles-.jpg","width":988,"height":488},{"@type":"WebSite","@id":"https:\/\/gastronomicament.cat\/en\/#website","url":"https:\/\/gastronomicament.cat\/en\/","name":"Gastron\u00f2micament","description":"Portal de restaurants, receptes i actualitat gastron\u00f2mica","publisher":{"@id":"https:\/\/gastronomicament.cat\/en\/#organization"},"potentialAction":[{"@type":"SearchAction","target":{"@type":"EntryPoint","urlTemplate":"https:\/\/gastronomicament.cat\/en\/?s={search_term_string}"},"query-input":{"@type":"PropertyValueSpecification","valueRequired":true,"valueName":"search_term_string"}}],"inLanguage":"en-US"},{"@type":"Organization","@id":"https:\/\/gastronomicament.cat\/en\/#organization","name":"Gastron\u00f2micament","url":"https:\/\/gastronomicament.cat\/en\/","logo":{"@type":"ImageObject","inLanguage":"en-US","@id":"https:\/\/gastronomicament.cat\/en\/#\/schema\/logo\/image\/","url":"https:\/\/gastronomicament.cat\/wp-content\/uploads\/2016\/09\/header-logo.jpg","contentUrl":"https:\/\/gastronomicament.cat\/wp-content\/uploads\/2016\/09\/header-logo.jpg","width":277,"height":39,"caption":"Gastron\u00f2micament"},"image":{"@id":"https:\/\/gastronomicament.cat\/en\/#\/schema\/logo\/image\/"},"sameAs":["https:\/\/x.com\/gastronomicamen"]},{"@type":"Person","@id":"https:\/\/gastronomicament.cat\/en\/#\/schema\/person\/a7c85c537a1ed62799a5b8e0f686a37f","name":"Redacci\u00f3","image":{"@type":"ImageObject","inLanguage":"en-US","@id":"https:\/\/secure.gravatar.com\/avatar\/9489a485c464fd611d33825daae651d13db70c4e74c65c94937a15a9d4c3ee14?s=96&d=mm&r=g69fea3cce3645dfa2166e7293e22955e","url":"https:\/\/secure.gravatar.com\/avatar\/9489a485c464fd611d33825daae651d13db70c4e74c65c94937a15a9d4c3ee14?s=96&d=mm&r=g","contentUrl":"https:\/\/secure.gravatar.com\/avatar\/9489a485c464fd611d33825daae651d13db70c4e74c65c94937a15a9d4c3ee14?s=96&d=mm&r=g","caption":"Redacci\u00f3"},"sameAs":["http:\/\/gastronomicament.cat"],"url":"https:\/\/gastronomicament.cat\/en\/author\/admin"}]}},"_links":{"self":[{"href":"https:\/\/gastronomicament.cat\/en\/wp-json\/wp\/v2\/posts\/72713","targetHints":{"allow":["GET"]}}],"collection":[{"href":"https:\/\/gastronomicament.cat\/en\/wp-json\/wp\/v2\/posts"}],"about":[{"href":"https:\/\/gastronomicament.cat\/en\/wp-json\/wp\/v2\/types\/post"}],"author":[{"embeddable":true,"href":"https:\/\/gastronomicament.cat\/en\/wp-json\/wp\/v2\/users\/1"}],"replies":[{"embeddable":true,"href":"https:\/\/gastronomicament.cat\/en\/wp-json\/wp\/v2\/comments?post=72713"}],"version-history":[{"count":0,"href":"https:\/\/gastronomicament.cat\/en\/wp-json\/wp\/v2\/posts\/72713\/revisions"}],"wp:featuredmedia":[{"embeddable":true,"href":"https:\/\/gastronomicament.cat\/en\/wp-json\/wp\/v2\/media\/49870"}],"wp:attachment":[{"href":"https:\/\/gastronomicament.cat\/en\/wp-json\/wp\/v2\/media?parent=72713"}],"wp:term":[{"taxonomy":"category","embeddable":true,"href":"https:\/\/gastronomicament.cat\/en\/wp-json\/wp\/v2\/categories?post=72713"},{"taxonomy":"post_tag","embeddable":true,"href":"https:\/\/gastronomicament.cat\/en\/wp-json\/wp\/v2\/tags?post=72713"},{"taxonomy":"author","embeddable":true,"href":"https:\/\/gastronomicament.cat\/en\/wp-json\/wp\/v2\/coauthors?post=72713"}],"curies":[{"name":"wp","href":"https:\/\/api.w.org\/{rel}","templated":true}]}}