{"id":72954,"date":"2013-05-09T10:24:58","date_gmt":"2013-05-09T08:24:58","guid":{"rendered":"https:\/\/gastronomicament.cat\/vi-gelats-i-gastronomia-a-son-carrio"},"modified":"2022-04-09T12:05:06","modified_gmt":"2022-04-09T10:05:06","slug":"vi-gelats-i-gastronomia-a-son-carrio","status":"publish","type":"post","link":"https:\/\/gastronomicament.cat\/en\/vi-gelats-i-gastronomia-a-son-carrio","title":{"rendered":"Vi, gelats i gastronomia a Son Carri\u00f3"},"content":{"rendered":"<p>Diumenge dia 12 \u00e9s la Fira de Son Carri\u00f3 que enguany se centra amb la cer\u00e0mica. Hi ha un bon grapat d&#8217;actes gastron\u00f2mics molt interessants que es durant a terme a la Pla\u00e7a de ca n&#8217;Apol\u00b7l\u00f2nia..<\/p>\n<ul>\n<li>Exposici\u00f3 i venda de vins amb DO Pla i Llevant i formatge maon\u00e8s.<\/li>\n<li>Degustaci\u00f3 de gelats de Can Pinxo, a c\u00e0rrec de Tomeu Caldentey del Mol\u00ed den Bou (Estrella Michel\u00edn)<\/li>\n<li>Degustaci\u00f3 de plats: G\u00edrgoles amb camallot i pollastre cruixent amb salsa agredol\u00e7a, pel cuiner Tomeu Caldentey del Mol\u00ed den Bou (Estrella Michel\u00edn)<\/li>\n<li>A les 12 hores, cuina en directe amb el xef\u00a0 Tomeu Caldentey i na Maria Montserrat que ensenyaran a cuinar un plat de greixonera.<\/li>\n<\/ul>\n<p>Altres actes:<br \/>\nDissabte vespre, m\u00fasica amb Aero Sol, Tim Mitchell&#8217;s Band i Anegats.<\/p>\n","protected":false},"excerpt":{"rendered":"<p>Diumenge dia 12 \u00e9s la Fira de Son Carri\u00f3 que enguany se centra amb la cer\u00e0mica. Hi ha un bon grapat d&#8217;actes gastron\u00f2mics molt interessants que es durant a terme a la Pla\u00e7a de ca n&#8217;Apol\u00b7l\u00f2nia.. Exposici\u00f3 i venda de vins amb DO Pla i Llevant i formatge maon\u00e8s. Degustaci\u00f3 de gelats de Can Pinxo, [&hellip;]<\/p>\n","protected":false},"author":1,"featured_media":49471,"comment_status":"open","ping_status":"closed","sticky":false,"template":"","format":"standard","meta":{"_acf_changed":false,"_swt_meta_header_display":false,"_swt_meta_footer_display":false,"_swt_meta_site_title_display":false,"_swt_meta_sticky_header":false,"_swt_meta_transparent_header":false,"footnotes":""},"categories":[1046],"tags":[],"coauthors":[],"class_list":["post-72954","post","type-post","status-publish","format-standard","has-post-thumbnail","hentry","category-actualitat-es-en"],"acf":{"gallery":null,"home_date":{"home_begin_date":null,"home_end_date":null}},"yoast_head":"<!-- This site is optimized with the Yoast SEO plugin v27.4 - https:\/\/yoast.com\/product\/yoast-seo-wordpress\/ -->\n<title>Vi, gelats i gastronomia a Son Carri\u00f3 - Gastron\u00f2micament<\/title>\n<meta name=\"description\" content=\"Vi, gelats i gastronomia a Son Carri\u00f3 Actualitat Diumenge dia 12 \u00e9s la Fira de Son Carri\u00f3 que enguany se centra amb la cer\u00e0mica. Hi ha un bon grapat d&#039;actes gastron\u00f2mics molt interessants que es durant a\" \/>\n<meta name=\"robots\" content=\"index, follow, max-snippet:-1, max-image-preview:large, max-video-preview:-1\" \/>\n<link rel=\"canonical\" href=\"https:\/\/gastronomicament.cat\/en\/vi-gelats-i-gastronomia-a-son-carrio\" \/>\n<meta property=\"og:locale\" content=\"en_US\" \/>\n<meta property=\"og:type\" content=\"article\" \/>\n<meta property=\"og:title\" content=\"Vi, gelats i gastronomia a Son Carri\u00f3 - Gastron\u00f2micament\" \/>\n<meta property=\"og:description\" content=\"Vi, gelats i gastronomia a Son Carri\u00f3 Actualitat Diumenge dia 12 \u00e9s la Fira de Son Carri\u00f3 que enguany se centra amb la cer\u00e0mica. Hi ha un bon grapat d&#039;actes gastron\u00f2mics molt interessants que es durant a\" \/>\n<meta property=\"og:url\" content=\"https:\/\/gastronomicament.cat\/en\/vi-gelats-i-gastronomia-a-son-carrio\" \/>\n<meta property=\"og:site_name\" content=\"Gastron\u00f2micament\" \/>\n<meta property=\"article:published_time\" content=\"2013-05-09T08:24:58+00:00\" \/>\n<meta property=\"article:modified_time\" content=\"2022-04-09T10:05:06+00:00\" \/>\n<meta property=\"og:image\" content=\"https:\/\/gastronomicament.cat\/wp-content\/uploads\/2013\/05\/Fira-de-Son-Carri\u00f3-2013.jpg\" \/>\n\t<meta property=\"og:image:width\" content=\"640\" \/>\n\t<meta property=\"og:image:height\" content=\"354\" \/>\n\t<meta property=\"og:image:type\" content=\"image\/jpeg\" \/>\n<meta name=\"author\" content=\"Redacci\u00f3\" \/>\n<meta name=\"twitter:card\" content=\"summary_large_image\" \/>\n<meta name=\"twitter:creator\" content=\"@gastronomicamen\" \/>\n<meta name=\"twitter:site\" content=\"@gastronomicamen\" \/>\n<meta name=\"twitter:label1\" content=\"Written by\" \/>\n\t<meta name=\"twitter:data1\" content=\"Redacci\u00f3\" \/>\n\t<meta name=\"twitter:label2\" content=\"Est. reading time\" \/>\n\t<meta name=\"twitter:data2\" content=\"1 minute\" \/>\n<script type=\"application\/ld+json\" class=\"yoast-schema-graph\">{\"@context\":\"https:\\\/\\\/schema.org\",\"@graph\":[{\"@type\":\"Article\",\"@id\":\"https:\\\/\\\/gastronomicament.cat\\\/en\\\/vi-gelats-i-gastronomia-a-son-carrio#article\",\"isPartOf\":{\"@id\":\"https:\\\/\\\/gastronomicament.cat\\\/en\\\/vi-gelats-i-gastronomia-a-son-carrio\"},\"author\":{\"name\":\"Redacci\u00f3\",\"@id\":\"https:\\\/\\\/gastronomicament.cat\\\/en\\\/#\\\/schema\\\/person\\\/a7c85c537a1ed62799a5b8e0f686a37f\"},\"headline\":\"Vi, gelats i gastronomia a Son Carri\u00f3\",\"datePublished\":\"2013-05-09T08:24:58+00:00\",\"dateModified\":\"2022-04-09T10:05:06+00:00\",\"mainEntityOfPage\":{\"@id\":\"https:\\\/\\\/gastronomicament.cat\\\/en\\\/vi-gelats-i-gastronomia-a-son-carrio\"},\"wordCount\":142,\"commentCount\":1,\"publisher\":{\"@id\":\"https:\\\/\\\/gastronomicament.cat\\\/en\\\/#organization\"},\"image\":{\"@id\":\"https:\\\/\\\/gastronomicament.cat\\\/en\\\/vi-gelats-i-gastronomia-a-son-carrio#primaryimage\"},\"thumbnailUrl\":\"https:\\\/\\\/gastronomicament.cat\\\/wp-content\\\/uploads\\\/2013\\\/05\\\/Fira-de-Son-Carri\u00f3-2013.jpg\",\"articleSection\":[\"Actualitat\"],\"inLanguage\":\"en-US\",\"potentialAction\":[{\"@type\":\"CommentAction\",\"name\":\"Comment\",\"target\":[\"https:\\\/\\\/gastronomicament.cat\\\/en\\\/vi-gelats-i-gastronomia-a-son-carrio#respond\"]}]},{\"@type\":\"WebPage\",\"@id\":\"https:\\\/\\\/gastronomicament.cat\\\/en\\\/vi-gelats-i-gastronomia-a-son-carrio\",\"url\":\"https:\\\/\\\/gastronomicament.cat\\\/en\\\/vi-gelats-i-gastronomia-a-son-carrio\",\"name\":\"Vi, gelats i gastronomia a Son Carri\u00f3 - Gastron\u00f2micament\",\"isPartOf\":{\"@id\":\"https:\\\/\\\/gastronomicament.cat\\\/en\\\/#website\"},\"primaryImageOfPage\":{\"@id\":\"https:\\\/\\\/gastronomicament.cat\\\/en\\\/vi-gelats-i-gastronomia-a-son-carrio#primaryimage\"},\"image\":{\"@id\":\"https:\\\/\\\/gastronomicament.cat\\\/en\\\/vi-gelats-i-gastronomia-a-son-carrio#primaryimage\"},\"thumbnailUrl\":\"https:\\\/\\\/gastronomicament.cat\\\/wp-content\\\/uploads\\\/2013\\\/05\\\/Fira-de-Son-Carri\u00f3-2013.jpg\",\"datePublished\":\"2013-05-09T08:24:58+00:00\",\"dateModified\":\"2022-04-09T10:05:06+00:00\",\"description\":\"Vi, gelats i gastronomia a Son Carri\u00f3 Actualitat Diumenge dia 12 \u00e9s la Fira de Son Carri\u00f3 que enguany se centra amb la cer\u00e0mica. Hi ha un bon grapat d'actes gastron\u00f2mics molt interessants que es durant a\",\"inLanguage\":\"en-US\",\"potentialAction\":[{\"@type\":\"ReadAction\",\"target\":[\"https:\\\/\\\/gastronomicament.cat\\\/en\\\/vi-gelats-i-gastronomia-a-son-carrio\"]}]},{\"@type\":\"ImageObject\",\"inLanguage\":\"en-US\",\"@id\":\"https:\\\/\\\/gastronomicament.cat\\\/en\\\/vi-gelats-i-gastronomia-a-son-carrio#primaryimage\",\"url\":\"https:\\\/\\\/gastronomicament.cat\\\/wp-content\\\/uploads\\\/2013\\\/05\\\/Fira-de-Son-Carri\u00f3-2013.jpg\",\"contentUrl\":\"https:\\\/\\\/gastronomicament.cat\\\/wp-content\\\/uploads\\\/2013\\\/05\\\/Fira-de-Son-Carri\u00f3-2013.jpg\",\"width\":640,\"height\":354},{\"@type\":\"WebSite\",\"@id\":\"https:\\\/\\\/gastronomicament.cat\\\/en\\\/#website\",\"url\":\"https:\\\/\\\/gastronomicament.cat\\\/en\\\/\",\"name\":\"Gastron\u00f2micament\",\"description\":\"Portal de restaurants, receptes i actualitat gastron\u00f2mica\",\"publisher\":{\"@id\":\"https:\\\/\\\/gastronomicament.cat\\\/en\\\/#organization\"},\"potentialAction\":[{\"@type\":\"SearchAction\",\"target\":{\"@type\":\"EntryPoint\",\"urlTemplate\":\"https:\\\/\\\/gastronomicament.cat\\\/en\\\/?s={search_term_string}\"},\"query-input\":{\"@type\":\"PropertyValueSpecification\",\"valueRequired\":true,\"valueName\":\"search_term_string\"}}],\"inLanguage\":\"en-US\"},{\"@type\":\"Organization\",\"@id\":\"https:\\\/\\\/gastronomicament.cat\\\/en\\\/#organization\",\"name\":\"Gastron\u00f2micament\",\"url\":\"https:\\\/\\\/gastronomicament.cat\\\/en\\\/\",\"logo\":{\"@type\":\"ImageObject\",\"inLanguage\":\"en-US\",\"@id\":\"https:\\\/\\\/gastronomicament.cat\\\/en\\\/#\\\/schema\\\/logo\\\/image\\\/\",\"url\":\"https:\\\/\\\/gastronomicament.cat\\\/wp-content\\\/uploads\\\/2016\\\/09\\\/header-logo.jpg\",\"contentUrl\":\"https:\\\/\\\/gastronomicament.cat\\\/wp-content\\\/uploads\\\/2016\\\/09\\\/header-logo.jpg\",\"width\":277,\"height\":39,\"caption\":\"Gastron\u00f2micament\"},\"image\":{\"@id\":\"https:\\\/\\\/gastronomicament.cat\\\/en\\\/#\\\/schema\\\/logo\\\/image\\\/\"},\"sameAs\":[\"https:\\\/\\\/x.com\\\/gastronomicamen\"]},{\"@type\":\"Person\",\"@id\":\"https:\\\/\\\/gastronomicament.cat\\\/en\\\/#\\\/schema\\\/person\\\/a7c85c537a1ed62799a5b8e0f686a37f\",\"name\":\"Redacci\u00f3\",\"image\":{\"@type\":\"ImageObject\",\"inLanguage\":\"en-US\",\"@id\":\"https:\\\/\\\/secure.gravatar.com\\\/avatar\\\/9489a485c464fd611d33825daae651d13db70c4e74c65c94937a15a9d4c3ee14?s=96&d=mm&r=g69fea3cce3645dfa2166e7293e22955e\",\"url\":\"https:\\\/\\\/secure.gravatar.com\\\/avatar\\\/9489a485c464fd611d33825daae651d13db70c4e74c65c94937a15a9d4c3ee14?s=96&d=mm&r=g\",\"contentUrl\":\"https:\\\/\\\/secure.gravatar.com\\\/avatar\\\/9489a485c464fd611d33825daae651d13db70c4e74c65c94937a15a9d4c3ee14?s=96&d=mm&r=g\",\"caption\":\"Redacci\u00f3\"},\"sameAs\":[\"http:\\\/\\\/gastronomicament.cat\"],\"url\":\"https:\\\/\\\/gastronomicament.cat\\\/en\\\/author\\\/admin\"}]}<\/script>\n<!-- \/ Yoast SEO plugin. -->","yoast_head_json":{"title":"Vi, gelats i gastronomia a Son Carri\u00f3 - Gastron\u00f2micament","description":"Vi, gelats i gastronomia a Son Carri\u00f3 Actualitat Diumenge dia 12 \u00e9s la Fira de Son Carri\u00f3 que enguany se centra amb la cer\u00e0mica. Hi ha un bon grapat d'actes gastron\u00f2mics molt interessants que es durant a","robots":{"index":"index","follow":"follow","max-snippet":"max-snippet:-1","max-image-preview":"max-image-preview:large","max-video-preview":"max-video-preview:-1"},"canonical":"https:\/\/gastronomicament.cat\/en\/vi-gelats-i-gastronomia-a-son-carrio","og_locale":"en_US","og_type":"article","og_title":"Vi, gelats i gastronomia a Son Carri\u00f3 - Gastron\u00f2micament","og_description":"Vi, gelats i gastronomia a Son Carri\u00f3 Actualitat Diumenge dia 12 \u00e9s la Fira de Son Carri\u00f3 que enguany se centra amb la cer\u00e0mica. Hi ha un bon grapat d'actes gastron\u00f2mics molt interessants que es durant a","og_url":"https:\/\/gastronomicament.cat\/en\/vi-gelats-i-gastronomia-a-son-carrio","og_site_name":"Gastron\u00f2micament","article_published_time":"2013-05-09T08:24:58+00:00","article_modified_time":"2022-04-09T10:05:06+00:00","og_image":[{"width":640,"height":354,"url":"https:\/\/gastronomicament.cat\/wp-content\/uploads\/2013\/05\/Fira-de-Son-Carri\u00f3-2013.jpg","type":"image\/jpeg"}],"author":"Redacci\u00f3","twitter_card":"summary_large_image","twitter_creator":"@gastronomicamen","twitter_site":"@gastronomicamen","twitter_misc":{"Written by":"Redacci\u00f3","Est. reading time":"1 minute"},"schema":{"@context":"https:\/\/schema.org","@graph":[{"@type":"Article","@id":"https:\/\/gastronomicament.cat\/en\/vi-gelats-i-gastronomia-a-son-carrio#article","isPartOf":{"@id":"https:\/\/gastronomicament.cat\/en\/vi-gelats-i-gastronomia-a-son-carrio"},"author":{"name":"Redacci\u00f3","@id":"https:\/\/gastronomicament.cat\/en\/#\/schema\/person\/a7c85c537a1ed62799a5b8e0f686a37f"},"headline":"Vi, gelats i gastronomia a Son Carri\u00f3","datePublished":"2013-05-09T08:24:58+00:00","dateModified":"2022-04-09T10:05:06+00:00","mainEntityOfPage":{"@id":"https:\/\/gastronomicament.cat\/en\/vi-gelats-i-gastronomia-a-son-carrio"},"wordCount":142,"commentCount":1,"publisher":{"@id":"https:\/\/gastronomicament.cat\/en\/#organization"},"image":{"@id":"https:\/\/gastronomicament.cat\/en\/vi-gelats-i-gastronomia-a-son-carrio#primaryimage"},"thumbnailUrl":"https:\/\/gastronomicament.cat\/wp-content\/uploads\/2013\/05\/Fira-de-Son-Carri\u00f3-2013.jpg","articleSection":["Actualitat"],"inLanguage":"en-US","potentialAction":[{"@type":"CommentAction","name":"Comment","target":["https:\/\/gastronomicament.cat\/en\/vi-gelats-i-gastronomia-a-son-carrio#respond"]}]},{"@type":"WebPage","@id":"https:\/\/gastronomicament.cat\/en\/vi-gelats-i-gastronomia-a-son-carrio","url":"https:\/\/gastronomicament.cat\/en\/vi-gelats-i-gastronomia-a-son-carrio","name":"Vi, gelats i gastronomia a Son Carri\u00f3 - Gastron\u00f2micament","isPartOf":{"@id":"https:\/\/gastronomicament.cat\/en\/#website"},"primaryImageOfPage":{"@id":"https:\/\/gastronomicament.cat\/en\/vi-gelats-i-gastronomia-a-son-carrio#primaryimage"},"image":{"@id":"https:\/\/gastronomicament.cat\/en\/vi-gelats-i-gastronomia-a-son-carrio#primaryimage"},"thumbnailUrl":"https:\/\/gastronomicament.cat\/wp-content\/uploads\/2013\/05\/Fira-de-Son-Carri\u00f3-2013.jpg","datePublished":"2013-05-09T08:24:58+00:00","dateModified":"2022-04-09T10:05:06+00:00","description":"Vi, gelats i gastronomia a Son Carri\u00f3 Actualitat Diumenge dia 12 \u00e9s la Fira de Son Carri\u00f3 que enguany se centra amb la cer\u00e0mica. Hi ha un bon grapat d'actes gastron\u00f2mics molt interessants que es durant a","inLanguage":"en-US","potentialAction":[{"@type":"ReadAction","target":["https:\/\/gastronomicament.cat\/en\/vi-gelats-i-gastronomia-a-son-carrio"]}]},{"@type":"ImageObject","inLanguage":"en-US","@id":"https:\/\/gastronomicament.cat\/en\/vi-gelats-i-gastronomia-a-son-carrio#primaryimage","url":"https:\/\/gastronomicament.cat\/wp-content\/uploads\/2013\/05\/Fira-de-Son-Carri\u00f3-2013.jpg","contentUrl":"https:\/\/gastronomicament.cat\/wp-content\/uploads\/2013\/05\/Fira-de-Son-Carri\u00f3-2013.jpg","width":640,"height":354},{"@type":"WebSite","@id":"https:\/\/gastronomicament.cat\/en\/#website","url":"https:\/\/gastronomicament.cat\/en\/","name":"Gastron\u00f2micament","description":"Portal de restaurants, receptes i actualitat gastron\u00f2mica","publisher":{"@id":"https:\/\/gastronomicament.cat\/en\/#organization"},"potentialAction":[{"@type":"SearchAction","target":{"@type":"EntryPoint","urlTemplate":"https:\/\/gastronomicament.cat\/en\/?s={search_term_string}"},"query-input":{"@type":"PropertyValueSpecification","valueRequired":true,"valueName":"search_term_string"}}],"inLanguage":"en-US"},{"@type":"Organization","@id":"https:\/\/gastronomicament.cat\/en\/#organization","name":"Gastron\u00f2micament","url":"https:\/\/gastronomicament.cat\/en\/","logo":{"@type":"ImageObject","inLanguage":"en-US","@id":"https:\/\/gastronomicament.cat\/en\/#\/schema\/logo\/image\/","url":"https:\/\/gastronomicament.cat\/wp-content\/uploads\/2016\/09\/header-logo.jpg","contentUrl":"https:\/\/gastronomicament.cat\/wp-content\/uploads\/2016\/09\/header-logo.jpg","width":277,"height":39,"caption":"Gastron\u00f2micament"},"image":{"@id":"https:\/\/gastronomicament.cat\/en\/#\/schema\/logo\/image\/"},"sameAs":["https:\/\/x.com\/gastronomicamen"]},{"@type":"Person","@id":"https:\/\/gastronomicament.cat\/en\/#\/schema\/person\/a7c85c537a1ed62799a5b8e0f686a37f","name":"Redacci\u00f3","image":{"@type":"ImageObject","inLanguage":"en-US","@id":"https:\/\/secure.gravatar.com\/avatar\/9489a485c464fd611d33825daae651d13db70c4e74c65c94937a15a9d4c3ee14?s=96&d=mm&r=g69fea3cce3645dfa2166e7293e22955e","url":"https:\/\/secure.gravatar.com\/avatar\/9489a485c464fd611d33825daae651d13db70c4e74c65c94937a15a9d4c3ee14?s=96&d=mm&r=g","contentUrl":"https:\/\/secure.gravatar.com\/avatar\/9489a485c464fd611d33825daae651d13db70c4e74c65c94937a15a9d4c3ee14?s=96&d=mm&r=g","caption":"Redacci\u00f3"},"sameAs":["http:\/\/gastronomicament.cat"],"url":"https:\/\/gastronomicament.cat\/en\/author\/admin"}]}},"_links":{"self":[{"href":"https:\/\/gastronomicament.cat\/en\/wp-json\/wp\/v2\/posts\/72954","targetHints":{"allow":["GET"]}}],"collection":[{"href":"https:\/\/gastronomicament.cat\/en\/wp-json\/wp\/v2\/posts"}],"about":[{"href":"https:\/\/gastronomicament.cat\/en\/wp-json\/wp\/v2\/types\/post"}],"author":[{"embeddable":true,"href":"https:\/\/gastronomicament.cat\/en\/wp-json\/wp\/v2\/users\/1"}],"replies":[{"embeddable":true,"href":"https:\/\/gastronomicament.cat\/en\/wp-json\/wp\/v2\/comments?post=72954"}],"version-history":[{"count":0,"href":"https:\/\/gastronomicament.cat\/en\/wp-json\/wp\/v2\/posts\/72954\/revisions"}],"wp:featuredmedia":[{"embeddable":true,"href":"https:\/\/gastronomicament.cat\/en\/wp-json\/wp\/v2\/media\/49471"}],"wp:attachment":[{"href":"https:\/\/gastronomicament.cat\/en\/wp-json\/wp\/v2\/media?parent=72954"}],"wp:term":[{"taxonomy":"category","embeddable":true,"href":"https:\/\/gastronomicament.cat\/en\/wp-json\/wp\/v2\/categories?post=72954"},{"taxonomy":"post_tag","embeddable":true,"href":"https:\/\/gastronomicament.cat\/en\/wp-json\/wp\/v2\/tags?post=72954"},{"taxonomy":"author","embeddable":true,"href":"https:\/\/gastronomicament.cat\/en\/wp-json\/wp\/v2\/coauthors?post=72954"}],"curies":[{"name":"wp","href":"https:\/\/api.w.org\/{rel}","templated":true}]}}