{"id":75499,"date":"2022-04-14T18:47:08","date_gmt":"2022-04-14T16:47:08","guid":{"rendered":"https:\/\/gastronomicament.cat\/menus-de-la-segona-jornada-de-la-mostra-de-cuines-de-calvia"},"modified":"2022-04-20T23:24:09","modified_gmt":"2022-04-20T21:24:09","slug":"menus-de-la-segona-jornada-de-la-mostra-de-cuines-de-calvia","status":"publish","type":"post","link":"https:\/\/gastronomicament.cat\/en\/menus-de-la-segona-jornada-de-la-mostra-de-cuines-de-calvia","title":{"rendered":"Men\u00fas de la segona jornada de la Mostra de Cuines de Calvi\u00e0"},"content":{"rendered":"<p>Dem\u00e0, Divendres Sant, teniu una nova oportunitat per gaudir de la Mostra de Cuines de Calvi\u00e0 2022. Aquest divendres 15 d&#8217;abril, hi participen 14 restaurants ubicats a la zones de Santa Pon\u00e7a, Costa de la Calma, Son Bugadelles.<\/p>\n<p>Els men\u00fas s\u00f3n els seg\u00fcents:<\/p>\n<p><strong>BAR PIZZERIA ES CASTELLOT \u2013 Huguet des far, 2 (Costa de la Calma)<br \/>\n<\/strong>Reserves: 635 616 892<br \/>\nPrimer plat: Caldereta de peix i marisc<br \/>\nPlat principal: Bacall\u00e0 amb salsa bisca\u00efna i marisc<br \/>\nPostres: Gat\u00f3 d\u2019ametlla amb gelat d\u2019ametlla<br \/>\nBeguda: Copa de vi i refresc i cervesa<br \/>\nPreu: 15 \u20ac<\/p>\n<p><strong>RESTAURANTE LA BRASA \u2013 Via de la creu, 15 (Santa Pon\u00e7a)<br \/>\n<\/strong>Reserves: 971 691 329 \u00a0 649 608 294<br \/>\nPrimer plat: Tapes variades (variat)<br \/>\nPlat principal: Filet de porc amb salsa de porros o bacall\u00e0 amb allioli i formatge gratinat<br \/>\nPostres: Pastissos casolans<br \/>\nBeguda: Vi o canya o refresc o aigua o sangria<br \/>\nPreu: 16 \u20ac<\/p>\n<p><strong>GRAN BUFFET S. XXI \u2013 Val\u00e8ncia, 77. Pol. Son Bugadelles<br \/>\n<\/strong>Reserves: 971694932 \u00a0\/\/ \u00a0661754338<br \/>\nPrimer plat: Arr\u00f2s negre amb s\u00edpia\/\/ Tallarines amb verdura en juliana\/\/ Amanides variades especials Gran Buffet\/\/ Croquetes casolanes<br \/>\nPlat principal: Bacall\u00e0 amb salsa de gules\/\/ Llom amb col\/\/ \u00c0nec amb taronja<br \/>\nPostres: Brownie de xocolata blanca\/\/ Tiramis\u00fa de maduixes\/\/ Postres variades a escollir<br \/>\nBeguda: Vi blanc, negre i rosat. Cervesa, refrescos i aigua<br \/>\nPreu: 14 \u20ac<\/p>\n<p><strong>PARRILLA LA PORTE\u00d1A \u2013 Carrer Santa Pon\u00e7a, 4 (Costa de la Calma)<br \/>\n<\/strong>Reserves: 609 839 040<br \/>\nPrimer plat: Empanada de carn casolana \/\/ Xori\u00e7o crioll<br \/>\nPlat principal: Llom baix Angus argent\u00ed a la brasa acompanyat de patates i ceba al forn<br \/>\nPostres: Flam amb alm\u00edvar de llet \/\/ Crep americana casolana d\u2019alm\u00edvar de llet<br \/>\nBeguda: Copa de Malbec argent\u00ed \/ aigua \/ refresc \/ cervesa<br \/>\nPreu: 18 \u20ac<\/p>\n<p><strong>RESTAURANT TAUR\u00d3 \u2013 Gran via Infanta Saura,1 (Santa Pon\u00e7a)<br \/>\n<\/strong>Reserves: 971 690 073<br \/>\nPrimer plat: Timbal de gambes, gules i avocat<br \/>\nPlat principal: Filet de llobarro sobre crema de cigrons amb musclos i encenalls de pernil serr\u00e0<br \/>\nPostres: Past\u00eds de xocolata<br \/>\nBeguda: Copa de vi o canya o aigua<br \/>\nPreu: 18 \u20ac<\/p>\n<p><strong>RESTAURANT MALGRATS SANTA PON\u00c7A \u2013 Av. Rei Jaume I, 78 (Santa Pon\u00e7a)<br \/>\n<\/strong>Reserves: 871 237 126<br \/>\nPrimer plat: T\u00e0rtar de salm\u00f3, avocat i mango<br \/>\nPlat principal: Carr\u00e9 de xai amb menta i alf\u00e0brega<br \/>\nPostres: Pastisset de poma amb gelat de vainilla<br \/>\nBeguda: Aigua, canya, refresc, o copa de vi (a escollir)<br \/>\nPreu: 18 \u20ac<\/p>\n<p><strong>RESTAURANT 7FUEGOS \u2013 Via de la creu, s\/n. Club N\u00e0utic Santa Pon\u00e7a<br \/>\n<\/strong>Reserves: 971 694 380<br \/>\nPrimer plat: Pa Bao amb pulled pork<br \/>\nPlat principal: Costella de vedella cuinada a baixa temperatura amb patates rostides<br \/>\nPostres: Past\u00eds de poma<br \/>\nBeguda: Copa de vi, cervesa, aigua o refresc<br \/>\nPreu 18 \u20ac<\/p>\n<p><strong>BURGER CLUB \u2013 Ramon de Montcada, 2 LC. 2 (Santa Pon\u00e7a)<br \/>\n<\/strong>Reserves: 691 512 536<br \/>\nPrimer plat: Croquetes a l\u2019estil americ\u00e0 de formatge i xilis de jalapa o l\u2019opci\u00f3 (no picant) de bac\u00f3 i formatge amb la nostra maionesa chipotle<br \/>\nPlat principal: Hamburguesa de vedella de 180 g amb formatge pr\u00f2vola itali\u00e0, alberg\u00ednies a l\u2019escabetx casolanes, ruca, tom\u00e0quet fresc i maionesa al chimichurri<br \/>\nPostres: Boletes de xurro amb Nutella i avellanes del Piemont<br \/>\nBeguda: Canya, aigua o refresc<br \/>\nPreu: 16 \u20ac<\/p>\n<p><strong>RESTAURANT PAC\u00cdFICO SOUL KITCHEN \u2013 Pla\u00e7a Santa Pon\u00e7a, 1 LC. 20<br \/>\n<\/strong>Reserves: 691 022 372<br \/>\nPrimer plat: Empanada de cochinita pibil amb formatge<br \/>\nPlat principal: Taco de gambetes amb salsa Pac\u00edfic o Costella de porc cuinada a baixa temperatura i salsa barbacoa<br \/>\nPostres: Brownie amb gelat de vainilla<br \/>\nBeguda: Copa de vi, cervesa, refresc o aigua<br \/>\nPreu: 18 \u20ac<\/p>\n<p><strong>SANTUARI SANTA PON\u00c7A \u2013 Av. Rei Jaume I, 103 (Santa Pon\u00e7a)<br \/>\n<\/strong>Reserves: \u00a0971 692 280<br \/>\nPrimer plat: Variat de tapes fredes<br \/>\nPlat principal: Variat de tapes calentes<br \/>\nPostres: Gelat artesanal km0<br \/>\nBeguda: Aigua i cervesa Alhambra o refresc<br \/>\nPreu: 14 \u20ac<\/p>\n<p><strong>MARE BEACH BAR \u2013 Av. Rei Jaume I, 103 (Santa Pon\u00e7a)<br \/>\n<\/strong>Reserves: 971 693 017<br \/>\nPrimer plat: Degustaci\u00f3 de croquetes<br \/>\nPlat principal: Graellada de carn al carb\u00f3<br \/>\nPostres: Gelat artesanal km0<br \/>\nBeguda: Aigua i refresc o canya o copa de vi<br \/>\nPreu: 18 \u20ac<\/p>\n<p><strong>RESTAURANT MERCADER DEL MAR \u2013 Av. Rei Jaume I, 103 (Santa Pon\u00e7a)<br \/>\n<\/strong>Reserves: 971 692 313<br \/>\nPrimer plat: Degustaci\u00f3 de croquetes<br \/>\nPlat principal: Paella de marisc<br \/>\nPostres: Gelat artesanal km0<br \/>\nBeguda: Aigua i refresc o canya o copa de vi<br \/>\nPreu: 18 \u20ac<\/p>\n<p><strong>EL BALC\u00d3N DE MAR\u00cdA \u2013 Av. Rei Jaume I, 97 (Santa Pon\u00e7a)<br \/>\n<\/strong>Reserves: 971 691 082<br \/>\nPrimer plat: Degustaci\u00f3 de croquetes<br \/>\nPlat principal:Paella des senyoret<br \/>\nPostres: Gelat artesanal km0<br \/>\nBeguda: Aigua i refresc o canya o copa de vi<br \/>\nPreu: 18 \u20ac<\/p>\n<p><strong>RESTAURANT EMPATHEIA \u2013 Ramon de Montcada, 26 (Santa Pon\u00e7a)<br \/>\n<\/strong>Reserves: 871 968 222<br \/>\nPrimer plat: Degustaci\u00f3 d\u2019ales de pollastre del xef<br \/>\nPlat principal: Burger black Angus 180g amb formatge, bacon i patates fregides<br \/>\nPostres: Gelat artesanal km0<br \/>\nBeguda: Aigua i refresc o canya o copa de vi<br \/>\nPreu: 18 \u20ac<\/p>\n<p>&nbsp;<\/p>\n<p><iframe src=\"https:\/\/www.google.com\/maps\/d\/embed?mid=1qEzrXcvUEzb38JlbAUF3e0lEYMjsDUj6&amp;ehbc=2E312F\" width=\"640\" height=\"480\"><\/iframe><\/p>\n<p>&nbsp;<\/p>\n","protected":false},"excerpt":{"rendered":"<p>Aquest divendres 15 d&#8217;abril, hi participen 14 restaurants ubicats a la zones de Santa Pon\u00e7a, Costa&hellip;<\/p>\n","protected":false},"author":1,"featured_media":75436,"comment_status":"open","ping_status":"closed","sticky":false,"template":"","format":"standard","meta":{"_acf_changed":false,"_swt_meta_header_display":false,"_swt_meta_footer_display":false,"_swt_meta_site_title_display":false,"_swt_meta_sticky_header":false,"_swt_meta_transparent_header":false,"footnotes":""},"categories":[1046,1471],"tags":[],"coauthors":[],"class_list":["post-75499","post","type-post","status-publish","format-standard","has-post-thumbnail","hentry","category-actualitat-es-en","category-fires-i-rutes-en"],"acf":{"gallery":null,"home_date":{"home_begin_date":null,"home_end_date":null}},"yoast_head":"<!-- This site is optimized with the Yoast SEO plugin v27.4 - https:\/\/yoast.com\/product\/yoast-seo-wordpress\/ -->\n<title>Men\u00fas de la segona jornada de la Mostra de Cuines de Calvi\u00e0 - Gastron\u00f2micament<\/title>\n<meta name=\"description\" content=\"Men\u00fas de la segona jornada de la Mostra de Cuines de Calvi\u00e0 Actualitat, Fires i rutes Aquest divendres 15 d&#039;abril, hi participen 14 restaurants ubicats a la zones de Santa Pon\u00e7a, Costa de la Calma, Son Bugadelles.\" \/>\n<meta name=\"robots\" content=\"index, follow, max-snippet:-1, max-image-preview:large, max-video-preview:-1\" \/>\n<link rel=\"canonical\" href=\"https:\/\/gastronomicament.cat\/en\/menus-de-la-segona-jornada-de-la-mostra-de-cuines-de-calvia\" \/>\n<meta property=\"og:locale\" content=\"en_US\" \/>\n<meta property=\"og:type\" content=\"article\" \/>\n<meta property=\"og:title\" content=\"Men\u00fas de la segona jornada de la Mostra de Cuines de Calvi\u00e0 - Gastron\u00f2micament\" \/>\n<meta property=\"og:description\" content=\"Men\u00fas de la segona jornada de la Mostra de Cuines de Calvi\u00e0 Actualitat, Fires i rutes Aquest divendres 15 d&#039;abril, hi participen 14 restaurants ubicats a la zones de Santa Pon\u00e7a, Costa de la Calma, Son Bugadelles.\" \/>\n<meta property=\"og:url\" content=\"https:\/\/gastronomicament.cat\/en\/menus-de-la-segona-jornada-de-la-mostra-de-cuines-de-calvia\" \/>\n<meta property=\"og:site_name\" content=\"Gastron\u00f2micament\" \/>\n<meta property=\"article:published_time\" content=\"2022-04-14T16:47:08+00:00\" \/>\n<meta property=\"article:modified_time\" content=\"2022-04-20T21:24:09+00:00\" \/>\n<meta property=\"og:image\" content=\"https:\/\/gastronomicament.cat\/wp-content\/uploads\/2022\/04\/Mostra-Cuines-Calvia-2022-abril.jpg\" \/>\n\t<meta property=\"og:image:width\" content=\"1344\" \/>\n\t<meta property=\"og:image:height\" content=\"794\" \/>\n\t<meta property=\"og:image:type\" content=\"image\/jpeg\" \/>\n<meta name=\"author\" content=\"Redacci\u00f3\" \/>\n<meta name=\"twitter:card\" content=\"summary_large_image\" \/>\n<meta name=\"twitter:creator\" content=\"@gastronomicamen\" \/>\n<meta name=\"twitter:site\" content=\"@gastronomicamen\" \/>\n<meta name=\"twitter:label1\" content=\"Written by\" \/>\n\t<meta name=\"twitter:data1\" content=\"Redacci\u00f3\" \/>\n\t<meta name=\"twitter:label2\" content=\"Est. reading time\" \/>\n\t<meta name=\"twitter:data2\" content=\"5 minutes\" \/>\n<script type=\"application\/ld+json\" class=\"yoast-schema-graph\">{\"@context\":\"https:\\\/\\\/schema.org\",\"@graph\":[{\"@type\":\"Article\",\"@id\":\"https:\\\/\\\/gastronomicament.cat\\\/en\\\/menus-de-la-segona-jornada-de-la-mostra-de-cuines-de-calvia#article\",\"isPartOf\":{\"@id\":\"https:\\\/\\\/gastronomicament.cat\\\/en\\\/menus-de-la-segona-jornada-de-la-mostra-de-cuines-de-calvia\"},\"author\":{\"name\":\"Redacci\u00f3\",\"@id\":\"https:\\\/\\\/gastronomicament.cat\\\/en\\\/#\\\/schema\\\/person\\\/a7c85c537a1ed62799a5b8e0f686a37f\"},\"headline\":\"Men\u00fas de la segona jornada de la Mostra de Cuines de Calvi\u00e0\",\"datePublished\":\"2022-04-14T16:47:08+00:00\",\"dateModified\":\"2022-04-20T21:24:09+00:00\",\"mainEntityOfPage\":{\"@id\":\"https:\\\/\\\/gastronomicament.cat\\\/en\\\/menus-de-la-segona-jornada-de-la-mostra-de-cuines-de-calvia\"},\"wordCount\":754,\"commentCount\":0,\"publisher\":{\"@id\":\"https:\\\/\\\/gastronomicament.cat\\\/en\\\/#organization\"},\"image\":{\"@id\":\"https:\\\/\\\/gastronomicament.cat\\\/en\\\/menus-de-la-segona-jornada-de-la-mostra-de-cuines-de-calvia#primaryimage\"},\"thumbnailUrl\":\"https:\\\/\\\/gastronomicament.cat\\\/wp-content\\\/uploads\\\/2022\\\/04\\\/Mostra-Cuines-Calvia-2022-abril.jpg\",\"articleSection\":[\"Actualitat\",\"Fires i rutes\"],\"inLanguage\":\"en-US\",\"potentialAction\":[{\"@type\":\"CommentAction\",\"name\":\"Comment\",\"target\":[\"https:\\\/\\\/gastronomicament.cat\\\/en\\\/menus-de-la-segona-jornada-de-la-mostra-de-cuines-de-calvia#respond\"]}]},{\"@type\":\"WebPage\",\"@id\":\"https:\\\/\\\/gastronomicament.cat\\\/en\\\/menus-de-la-segona-jornada-de-la-mostra-de-cuines-de-calvia\",\"url\":\"https:\\\/\\\/gastronomicament.cat\\\/en\\\/menus-de-la-segona-jornada-de-la-mostra-de-cuines-de-calvia\",\"name\":\"Men\u00fas de la segona jornada de la Mostra de Cuines de Calvi\u00e0 - Gastron\u00f2micament\",\"isPartOf\":{\"@id\":\"https:\\\/\\\/gastronomicament.cat\\\/en\\\/#website\"},\"primaryImageOfPage\":{\"@id\":\"https:\\\/\\\/gastronomicament.cat\\\/en\\\/menus-de-la-segona-jornada-de-la-mostra-de-cuines-de-calvia#primaryimage\"},\"image\":{\"@id\":\"https:\\\/\\\/gastronomicament.cat\\\/en\\\/menus-de-la-segona-jornada-de-la-mostra-de-cuines-de-calvia#primaryimage\"},\"thumbnailUrl\":\"https:\\\/\\\/gastronomicament.cat\\\/wp-content\\\/uploads\\\/2022\\\/04\\\/Mostra-Cuines-Calvia-2022-abril.jpg\",\"datePublished\":\"2022-04-14T16:47:08+00:00\",\"dateModified\":\"2022-04-20T21:24:09+00:00\",\"description\":\"Men\u00fas de la segona jornada de la Mostra de Cuines de Calvi\u00e0 Actualitat, Fires i rutes Aquest divendres 15 d'abril, hi participen 14 restaurants ubicats a la zones de Santa Pon\u00e7a, Costa de la Calma, Son Bugadelles.\",\"inLanguage\":\"en-US\",\"potentialAction\":[{\"@type\":\"ReadAction\",\"target\":[\"https:\\\/\\\/gastronomicament.cat\\\/en\\\/menus-de-la-segona-jornada-de-la-mostra-de-cuines-de-calvia\"]}]},{\"@type\":\"ImageObject\",\"inLanguage\":\"en-US\",\"@id\":\"https:\\\/\\\/gastronomicament.cat\\\/en\\\/menus-de-la-segona-jornada-de-la-mostra-de-cuines-de-calvia#primaryimage\",\"url\":\"https:\\\/\\\/gastronomicament.cat\\\/wp-content\\\/uploads\\\/2022\\\/04\\\/Mostra-Cuines-Calvia-2022-abril.jpg\",\"contentUrl\":\"https:\\\/\\\/gastronomicament.cat\\\/wp-content\\\/uploads\\\/2022\\\/04\\\/Mostra-Cuines-Calvia-2022-abril.jpg\",\"width\":1344,\"height\":794},{\"@type\":\"WebSite\",\"@id\":\"https:\\\/\\\/gastronomicament.cat\\\/en\\\/#website\",\"url\":\"https:\\\/\\\/gastronomicament.cat\\\/en\\\/\",\"name\":\"Gastron\u00f2micament\",\"description\":\"Portal de restaurants, receptes i actualitat gastron\u00f2mica\",\"publisher\":{\"@id\":\"https:\\\/\\\/gastronomicament.cat\\\/en\\\/#organization\"},\"potentialAction\":[{\"@type\":\"SearchAction\",\"target\":{\"@type\":\"EntryPoint\",\"urlTemplate\":\"https:\\\/\\\/gastronomicament.cat\\\/en\\\/?s={search_term_string}\"},\"query-input\":{\"@type\":\"PropertyValueSpecification\",\"valueRequired\":true,\"valueName\":\"search_term_string\"}}],\"inLanguage\":\"en-US\"},{\"@type\":\"Organization\",\"@id\":\"https:\\\/\\\/gastronomicament.cat\\\/en\\\/#organization\",\"name\":\"Gastron\u00f2micament\",\"url\":\"https:\\\/\\\/gastronomicament.cat\\\/en\\\/\",\"logo\":{\"@type\":\"ImageObject\",\"inLanguage\":\"en-US\",\"@id\":\"https:\\\/\\\/gastronomicament.cat\\\/en\\\/#\\\/schema\\\/logo\\\/image\\\/\",\"url\":\"https:\\\/\\\/gastronomicament.cat\\\/wp-content\\\/uploads\\\/2016\\\/09\\\/header-logo.jpg\",\"contentUrl\":\"https:\\\/\\\/gastronomicament.cat\\\/wp-content\\\/uploads\\\/2016\\\/09\\\/header-logo.jpg\",\"width\":277,\"height\":39,\"caption\":\"Gastron\u00f2micament\"},\"image\":{\"@id\":\"https:\\\/\\\/gastronomicament.cat\\\/en\\\/#\\\/schema\\\/logo\\\/image\\\/\"},\"sameAs\":[\"https:\\\/\\\/x.com\\\/gastronomicamen\"]},{\"@type\":\"Person\",\"@id\":\"https:\\\/\\\/gastronomicament.cat\\\/en\\\/#\\\/schema\\\/person\\\/a7c85c537a1ed62799a5b8e0f686a37f\",\"name\":\"Redacci\u00f3\",\"image\":{\"@type\":\"ImageObject\",\"inLanguage\":\"en-US\",\"@id\":\"https:\\\/\\\/secure.gravatar.com\\\/avatar\\\/9489a485c464fd611d33825daae651d13db70c4e74c65c94937a15a9d4c3ee14?s=96&d=mm&r=g69fea3cce3645dfa2166e7293e22955e\",\"url\":\"https:\\\/\\\/secure.gravatar.com\\\/avatar\\\/9489a485c464fd611d33825daae651d13db70c4e74c65c94937a15a9d4c3ee14?s=96&d=mm&r=g\",\"contentUrl\":\"https:\\\/\\\/secure.gravatar.com\\\/avatar\\\/9489a485c464fd611d33825daae651d13db70c4e74c65c94937a15a9d4c3ee14?s=96&d=mm&r=g\",\"caption\":\"Redacci\u00f3\"},\"sameAs\":[\"http:\\\/\\\/gastronomicament.cat\"],\"url\":\"https:\\\/\\\/gastronomicament.cat\\\/en\\\/author\\\/admin\"}]}<\/script>\n<!-- \/ Yoast SEO plugin. -->","yoast_head_json":{"title":"Men\u00fas de la segona jornada de la Mostra de Cuines de Calvi\u00e0 - Gastron\u00f2micament","description":"Men\u00fas de la segona jornada de la Mostra de Cuines de Calvi\u00e0 Actualitat, Fires i rutes Aquest divendres 15 d'abril, hi participen 14 restaurants ubicats a la zones de Santa Pon\u00e7a, Costa de la Calma, Son Bugadelles.","robots":{"index":"index","follow":"follow","max-snippet":"max-snippet:-1","max-image-preview":"max-image-preview:large","max-video-preview":"max-video-preview:-1"},"canonical":"https:\/\/gastronomicament.cat\/en\/menus-de-la-segona-jornada-de-la-mostra-de-cuines-de-calvia","og_locale":"en_US","og_type":"article","og_title":"Men\u00fas de la segona jornada de la Mostra de Cuines de Calvi\u00e0 - Gastron\u00f2micament","og_description":"Men\u00fas de la segona jornada de la Mostra de Cuines de Calvi\u00e0 Actualitat, Fires i rutes Aquest divendres 15 d'abril, hi participen 14 restaurants ubicats a la zones de Santa Pon\u00e7a, Costa de la Calma, Son Bugadelles.","og_url":"https:\/\/gastronomicament.cat\/en\/menus-de-la-segona-jornada-de-la-mostra-de-cuines-de-calvia","og_site_name":"Gastron\u00f2micament","article_published_time":"2022-04-14T16:47:08+00:00","article_modified_time":"2022-04-20T21:24:09+00:00","og_image":[{"width":1344,"height":794,"url":"https:\/\/gastronomicament.cat\/wp-content\/uploads\/2022\/04\/Mostra-Cuines-Calvia-2022-abril.jpg","type":"image\/jpeg"}],"author":"Redacci\u00f3","twitter_card":"summary_large_image","twitter_creator":"@gastronomicamen","twitter_site":"@gastronomicamen","twitter_misc":{"Written by":"Redacci\u00f3","Est. reading time":"5 minutes"},"schema":{"@context":"https:\/\/schema.org","@graph":[{"@type":"Article","@id":"https:\/\/gastronomicament.cat\/en\/menus-de-la-segona-jornada-de-la-mostra-de-cuines-de-calvia#article","isPartOf":{"@id":"https:\/\/gastronomicament.cat\/en\/menus-de-la-segona-jornada-de-la-mostra-de-cuines-de-calvia"},"author":{"name":"Redacci\u00f3","@id":"https:\/\/gastronomicament.cat\/en\/#\/schema\/person\/a7c85c537a1ed62799a5b8e0f686a37f"},"headline":"Men\u00fas de la segona jornada de la Mostra de Cuines de Calvi\u00e0","datePublished":"2022-04-14T16:47:08+00:00","dateModified":"2022-04-20T21:24:09+00:00","mainEntityOfPage":{"@id":"https:\/\/gastronomicament.cat\/en\/menus-de-la-segona-jornada-de-la-mostra-de-cuines-de-calvia"},"wordCount":754,"commentCount":0,"publisher":{"@id":"https:\/\/gastronomicament.cat\/en\/#organization"},"image":{"@id":"https:\/\/gastronomicament.cat\/en\/menus-de-la-segona-jornada-de-la-mostra-de-cuines-de-calvia#primaryimage"},"thumbnailUrl":"https:\/\/gastronomicament.cat\/wp-content\/uploads\/2022\/04\/Mostra-Cuines-Calvia-2022-abril.jpg","articleSection":["Actualitat","Fires i rutes"],"inLanguage":"en-US","potentialAction":[{"@type":"CommentAction","name":"Comment","target":["https:\/\/gastronomicament.cat\/en\/menus-de-la-segona-jornada-de-la-mostra-de-cuines-de-calvia#respond"]}]},{"@type":"WebPage","@id":"https:\/\/gastronomicament.cat\/en\/menus-de-la-segona-jornada-de-la-mostra-de-cuines-de-calvia","url":"https:\/\/gastronomicament.cat\/en\/menus-de-la-segona-jornada-de-la-mostra-de-cuines-de-calvia","name":"Men\u00fas de la segona jornada de la Mostra de Cuines de Calvi\u00e0 - Gastron\u00f2micament","isPartOf":{"@id":"https:\/\/gastronomicament.cat\/en\/#website"},"primaryImageOfPage":{"@id":"https:\/\/gastronomicament.cat\/en\/menus-de-la-segona-jornada-de-la-mostra-de-cuines-de-calvia#primaryimage"},"image":{"@id":"https:\/\/gastronomicament.cat\/en\/menus-de-la-segona-jornada-de-la-mostra-de-cuines-de-calvia#primaryimage"},"thumbnailUrl":"https:\/\/gastronomicament.cat\/wp-content\/uploads\/2022\/04\/Mostra-Cuines-Calvia-2022-abril.jpg","datePublished":"2022-04-14T16:47:08+00:00","dateModified":"2022-04-20T21:24:09+00:00","description":"Men\u00fas de la segona jornada de la Mostra de Cuines de Calvi\u00e0 Actualitat, Fires i rutes Aquest divendres 15 d'abril, hi participen 14 restaurants ubicats a la zones de Santa Pon\u00e7a, Costa de la Calma, Son Bugadelles.","inLanguage":"en-US","potentialAction":[{"@type":"ReadAction","target":["https:\/\/gastronomicament.cat\/en\/menus-de-la-segona-jornada-de-la-mostra-de-cuines-de-calvia"]}]},{"@type":"ImageObject","inLanguage":"en-US","@id":"https:\/\/gastronomicament.cat\/en\/menus-de-la-segona-jornada-de-la-mostra-de-cuines-de-calvia#primaryimage","url":"https:\/\/gastronomicament.cat\/wp-content\/uploads\/2022\/04\/Mostra-Cuines-Calvia-2022-abril.jpg","contentUrl":"https:\/\/gastronomicament.cat\/wp-content\/uploads\/2022\/04\/Mostra-Cuines-Calvia-2022-abril.jpg","width":1344,"height":794},{"@type":"WebSite","@id":"https:\/\/gastronomicament.cat\/en\/#website","url":"https:\/\/gastronomicament.cat\/en\/","name":"Gastron\u00f2micament","description":"Portal de restaurants, receptes i actualitat gastron\u00f2mica","publisher":{"@id":"https:\/\/gastronomicament.cat\/en\/#organization"},"potentialAction":[{"@type":"SearchAction","target":{"@type":"EntryPoint","urlTemplate":"https:\/\/gastronomicament.cat\/en\/?s={search_term_string}"},"query-input":{"@type":"PropertyValueSpecification","valueRequired":true,"valueName":"search_term_string"}}],"inLanguage":"en-US"},{"@type":"Organization","@id":"https:\/\/gastronomicament.cat\/en\/#organization","name":"Gastron\u00f2micament","url":"https:\/\/gastronomicament.cat\/en\/","logo":{"@type":"ImageObject","inLanguage":"en-US","@id":"https:\/\/gastronomicament.cat\/en\/#\/schema\/logo\/image\/","url":"https:\/\/gastronomicament.cat\/wp-content\/uploads\/2016\/09\/header-logo.jpg","contentUrl":"https:\/\/gastronomicament.cat\/wp-content\/uploads\/2016\/09\/header-logo.jpg","width":277,"height":39,"caption":"Gastron\u00f2micament"},"image":{"@id":"https:\/\/gastronomicament.cat\/en\/#\/schema\/logo\/image\/"},"sameAs":["https:\/\/x.com\/gastronomicamen"]},{"@type":"Person","@id":"https:\/\/gastronomicament.cat\/en\/#\/schema\/person\/a7c85c537a1ed62799a5b8e0f686a37f","name":"Redacci\u00f3","image":{"@type":"ImageObject","inLanguage":"en-US","@id":"https:\/\/secure.gravatar.com\/avatar\/9489a485c464fd611d33825daae651d13db70c4e74c65c94937a15a9d4c3ee14?s=96&d=mm&r=g69fea3cce3645dfa2166e7293e22955e","url":"https:\/\/secure.gravatar.com\/avatar\/9489a485c464fd611d33825daae651d13db70c4e74c65c94937a15a9d4c3ee14?s=96&d=mm&r=g","contentUrl":"https:\/\/secure.gravatar.com\/avatar\/9489a485c464fd611d33825daae651d13db70c4e74c65c94937a15a9d4c3ee14?s=96&d=mm&r=g","caption":"Redacci\u00f3"},"sameAs":["http:\/\/gastronomicament.cat"],"url":"https:\/\/gastronomicament.cat\/en\/author\/admin"}]}},"_links":{"self":[{"href":"https:\/\/gastronomicament.cat\/en\/wp-json\/wp\/v2\/posts\/75499","targetHints":{"allow":["GET"]}}],"collection":[{"href":"https:\/\/gastronomicament.cat\/en\/wp-json\/wp\/v2\/posts"}],"about":[{"href":"https:\/\/gastronomicament.cat\/en\/wp-json\/wp\/v2\/types\/post"}],"author":[{"embeddable":true,"href":"https:\/\/gastronomicament.cat\/en\/wp-json\/wp\/v2\/users\/1"}],"replies":[{"embeddable":true,"href":"https:\/\/gastronomicament.cat\/en\/wp-json\/wp\/v2\/comments?post=75499"}],"version-history":[{"count":0,"href":"https:\/\/gastronomicament.cat\/en\/wp-json\/wp\/v2\/posts\/75499\/revisions"}],"wp:featuredmedia":[{"embeddable":true,"href":"https:\/\/gastronomicament.cat\/en\/wp-json\/wp\/v2\/media\/75436"}],"wp:attachment":[{"href":"https:\/\/gastronomicament.cat\/en\/wp-json\/wp\/v2\/media?parent=75499"}],"wp:term":[{"taxonomy":"category","embeddable":true,"href":"https:\/\/gastronomicament.cat\/en\/wp-json\/wp\/v2\/categories?post=75499"},{"taxonomy":"post_tag","embeddable":true,"href":"https:\/\/gastronomicament.cat\/en\/wp-json\/wp\/v2\/tags?post=75499"},{"taxonomy":"author","embeddable":true,"href":"https:\/\/gastronomicament.cat\/en\/wp-json\/wp\/v2\/coauthors?post=75499"}],"curies":[{"name":"wp","href":"https:\/\/api.w.org\/{rel}","templated":true}]}}