{"id":78005,"date":"2022-08-25T10:29:50","date_gmt":"2022-08-25T08:29:50","guid":{"rendered":"https:\/\/gastronomicament.cat\/la-mostra-de-cuina-menorquina-se-celebrara-del-16-de-setembre-al-2-doctubre-per-tota-lilla"},"modified":"2022-08-25T10:29:50","modified_gmt":"2022-08-25T08:29:50","slug":"la-mostra-de-cuina-menorquina-se-celebrara-del-16-de-setembre-al-2-doctubre-per-tota-lilla","status":"publish","type":"post","link":"https:\/\/gastronomicament.cat\/en\/la-mostra-de-cuina-menorquina-se-celebrara-del-16-de-setembre-al-2-doctubre-per-tota-lilla","title":{"rendered":"La Mostra de Cuina Menorquina se celebrar\u00e0 del 16 de setembre al 2 d&#8217;octubre per tota l&#8217;illa"},"content":{"rendered":"<p>L&#8217;edici\u00f3 d&#8217;enguany es dur\u00e0 a terme des del 16 de setembre fins al 2 d&#8217;octubre.\u00a0La cita tindr\u00e0 una durada de disset dies en la qual els restaurants que participin donaran a con\u00e8ixer el potencial gastron\u00f2mic de l&#8217;illa, oferint receptes tradicionals i una cuina innovadora elaborada amb producte local i de temporada.\u00a0Sota aquesta premissa, els restaurants elaboraran un \u2018Men\u00fa Mostra\u2019 (a un preu de 20\u20ac, IVA incl\u00f2s i beguda a part) i\/o un \u2018Men\u00fa Gastron\u00f2mic\u2019 (a un preu i format lliure).<\/p>\n<p>Durant la presentaci\u00f3, el director general d&#8217;AgenciaCom, coorganitzador de la Mostra de Cuina Menorquina, Antoni Martorell ha destacat que &#8220;la Mostra de Cuina Menorquina ens donar\u00e0 l&#8217;oportunitat de tastar els millors productes de la gastronomia menorquina, que enguany s&#8217;ha convertit en regi\u00f3 europea de la gastronomia i que s&#8217;ho mereix a pols per la seva capacitat de combinar el producte local amb l&#8217;excel\u00b7l\u00e8ncia&#8221;.<\/p>\n<p>Per part seva, el president de Restauraci\u00f3 Menorca, Jos\u00e9 Bosch, ha explicat que &#8220;en aquesta tretzena edici\u00f3 esperem poder millorar la participaci\u00f3 de l&#8217;any passat, i per aix\u00f2 feim una crida a tots els restauradors de l&#8217;illa, i que els residents i turistes que ens visitin sempre trobin a prop qualque restaurant que participi en la Mostra. Esperem que aquesta sigui l&#8217;edici\u00f3 amb m\u00e9s participaci\u00f3 i m\u00e9s qualitat fins ara&#8221;.<\/p>\n<p>En aquest mateix sentit la directora insular d&#8217;Economia del Consell Insular de Menorca, Pilar Pons,\u00a0ha destacat que &#8220;Restauraci\u00f3 Menorca i Caeb s\u00f3n els organismes pioners del moviment que ha derivat que Menorca sigui regi\u00f3 europea de la gastronomia, per tant, donar-vos l&#8217;enhorabona i molts d&#8217;\u00e8xits en aquesta edici\u00f3 de la Mostra de Cuina Menorquina&#8221;.<\/p>\n<p>En acabar la presentaci\u00f3 tots els assistents han pogut degustar els\u00a0productes locals de Almacenes JJ Carreras, aix\u00ed com la seva vedella Wagyu Menorca, i cervesa Magna &#8211; San Miguel.<\/p>\n<p>Cal destacar tamb\u00e9 que durant el mes de setembre, de la m\u00e0 de Bale\u00e0ria, es duran a terme dues presentacions, una a Mallorca i una a Barcelona, amb l&#8217;objectiu d&#8217;acostar la Mostra de Cuina Menorquina als ciutadans dels ports amb els quals connecta la naviliera.<\/p>\n<p><strong>Inscripcions<\/strong><\/p>\n<p>La participaci\u00f3 a la Mostra de Cuina Menorquina est\u00e0 oberta a tots els restaurants de Menorca i el termini per inscriure&#8217;s ser\u00e0 fins al 2 de setembre. La inscripci\u00f3 t\u00e9 un cost de 100\u20ac+IVA per als restaurants associats a Restauraci\u00f3 Menorca i de 200\u20ac+IVA per als no associats, i la inscripci\u00f3 s&#8217;ha de realitzar a trav\u00e9s del formulari d&#8217;inscripci\u00f3 que trobaran a la web\u00a0<a href=\"http:\/\/www.mostradecuinamenorquina.com\/\" target=\"_blank\" rel=\"noopener nofollow\">www.mostradecuinamenorquina.com<\/a>.<\/p>\n","protected":false},"excerpt":{"rendered":"<p>La participaci\u00f3 a la Mostra de Cuina Menorquina est\u00e0 oberta a tots els restaurants de Menorca&hellip;<\/p>\n","protected":false},"author":1,"featured_media":78001,"comment_status":"open","ping_status":"closed","sticky":false,"template":"","format":"standard","meta":{"_acf_changed":false,"_swt_meta_header_display":false,"_swt_meta_footer_display":false,"_swt_meta_site_title_display":false,"_swt_meta_sticky_header":false,"_swt_meta_transparent_header":false,"footnotes":""},"categories":[1046,1471],"tags":[],"coauthors":[2053],"class_list":["post-78005","post","type-post","status-publish","format-standard","has-post-thumbnail","hentry","category-actualitat-es-en","category-fires-i-rutes-en"],"acf":{"gallery":null,"home_date":{"home_begin_date":null,"home_end_date":null}},"yoast_head":"<!-- This site is optimized with the Yoast SEO plugin v27.4 - https:\/\/yoast.com\/product\/yoast-seo-wordpress\/ -->\n<title>La Mostra de Cuina Menorquina se celebrar\u00e0 del 16 de setembre al 2 d&#039;octubre per tota l&#039;illa - Gastron\u00f2micament<\/title>\n<meta name=\"description\" content=\"La Mostra de Cuina Menorquina se celebrar\u00e0 del 16 de setembre al 2 d&#039;octubre per tota l&#039;illa Actualitat, Fires i rutes La participaci\u00f3 a la Mostra de Cuina Menorquina est\u00e0 oberta a tots els restaurants de Menorca i el termini per inscriure&#039;s ser\u00e0 fins al 2 de setembre\" \/>\n<meta name=\"robots\" content=\"index, follow, max-snippet:-1, max-image-preview:large, max-video-preview:-1\" \/>\n<link rel=\"canonical\" href=\"https:\/\/gastronomicament.cat\/en\/la-mostra-de-cuina-menorquina-se-celebrara-del-16-de-setembre-al-2-doctubre-per-tota-lilla\" \/>\n<meta property=\"og:locale\" content=\"en_US\" \/>\n<meta property=\"og:type\" content=\"article\" \/>\n<meta property=\"og:title\" content=\"La Mostra de Cuina Menorquina se celebrar\u00e0 del 16 de setembre al 2 d&#039;octubre per tota l&#039;illa - Gastron\u00f2micament\" \/>\n<meta property=\"og:description\" content=\"La Mostra de Cuina Menorquina se celebrar\u00e0 del 16 de setembre al 2 d&#039;octubre per tota l&#039;illa Actualitat, Fires i rutes La participaci\u00f3 a la Mostra de Cuina Menorquina est\u00e0 oberta a tots els restaurants de Menorca i el termini per inscriure&#039;s ser\u00e0 fins al 2 de setembre\" \/>\n<meta property=\"og:url\" content=\"https:\/\/gastronomicament.cat\/en\/la-mostra-de-cuina-menorquina-se-celebrara-del-16-de-setembre-al-2-doctubre-per-tota-lilla\" \/>\n<meta property=\"og:site_name\" content=\"Gastron\u00f2micament\" \/>\n<meta property=\"article:published_time\" content=\"2022-08-25T08:29:50+00:00\" \/>\n<meta property=\"og:image\" content=\"https:\/\/gastronomicament.cat\/wp-content\/uploads\/2022\/08\/Mostra-de-Cuina-Menorquina-2022.jpg\" \/>\n\t<meta property=\"og:image:width\" content=\"1024\" \/>\n\t<meta property=\"og:image:height\" content=\"768\" \/>\n\t<meta property=\"og:image:type\" content=\"image\/jpeg\" \/>\n<meta name=\"author\" content=\"Redacci\u00f3\" \/>\n<meta name=\"twitter:card\" content=\"summary_large_image\" \/>\n<meta name=\"twitter:creator\" content=\"@gastronomicamen\" \/>\n<meta name=\"twitter:site\" content=\"@gastronomicamen\" \/>\n<meta name=\"twitter:label1\" content=\"Written by\" \/>\n\t<meta name=\"twitter:data1\" content=\"Redacci\u00f3\" \/>\n\t<meta name=\"twitter:label2\" content=\"Est. reading time\" \/>\n\t<meta name=\"twitter:data2\" content=\"3 minutes\" \/>\n<script type=\"application\/ld+json\" class=\"yoast-schema-graph\">{\"@context\":\"https:\\\/\\\/schema.org\",\"@graph\":[{\"@type\":\"Article\",\"@id\":\"https:\\\/\\\/gastronomicament.cat\\\/en\\\/la-mostra-de-cuina-menorquina-se-celebrara-del-16-de-setembre-al-2-doctubre-per-tota-lilla#article\",\"isPartOf\":{\"@id\":\"https:\\\/\\\/gastronomicament.cat\\\/en\\\/la-mostra-de-cuina-menorquina-se-celebrara-del-16-de-setembre-al-2-doctubre-per-tota-lilla\"},\"author\":{\"name\":\"Redacci\u00f3\",\"@id\":\"https:\\\/\\\/gastronomicament.cat\\\/en\\\/#\\\/schema\\\/person\\\/a7c85c537a1ed62799a5b8e0f686a37f\"},\"headline\":\"La Mostra de Cuina Menorquina se celebrar\u00e0 del 16 de setembre al 2 d&#8217;octubre per tota l&#8217;illa\",\"datePublished\":\"2022-08-25T08:29:50+00:00\",\"mainEntityOfPage\":{\"@id\":\"https:\\\/\\\/gastronomicament.cat\\\/en\\\/la-mostra-de-cuina-menorquina-se-celebrara-del-16-de-setembre-al-2-doctubre-per-tota-lilla\"},\"wordCount\":437,\"commentCount\":0,\"publisher\":{\"@id\":\"https:\\\/\\\/gastronomicament.cat\\\/en\\\/#organization\"},\"image\":{\"@id\":\"https:\\\/\\\/gastronomicament.cat\\\/en\\\/la-mostra-de-cuina-menorquina-se-celebrara-del-16-de-setembre-al-2-doctubre-per-tota-lilla#primaryimage\"},\"thumbnailUrl\":\"https:\\\/\\\/gastronomicament.cat\\\/wp-content\\\/uploads\\\/2022\\\/08\\\/Mostra-de-Cuina-Menorquina-2022.jpg\",\"articleSection\":[\"Actualitat\",\"Fires i rutes\"],\"inLanguage\":\"en-US\",\"potentialAction\":[{\"@type\":\"CommentAction\",\"name\":\"Comment\",\"target\":[\"https:\\\/\\\/gastronomicament.cat\\\/en\\\/la-mostra-de-cuina-menorquina-se-celebrara-del-16-de-setembre-al-2-doctubre-per-tota-lilla#respond\"]}]},{\"@type\":\"WebPage\",\"@id\":\"https:\\\/\\\/gastronomicament.cat\\\/en\\\/la-mostra-de-cuina-menorquina-se-celebrara-del-16-de-setembre-al-2-doctubre-per-tota-lilla\",\"url\":\"https:\\\/\\\/gastronomicament.cat\\\/en\\\/la-mostra-de-cuina-menorquina-se-celebrara-del-16-de-setembre-al-2-doctubre-per-tota-lilla\",\"name\":\"La Mostra de Cuina Menorquina se celebrar\u00e0 del 16 de setembre al 2 d'octubre per tota l'illa - Gastron\u00f2micament\",\"isPartOf\":{\"@id\":\"https:\\\/\\\/gastronomicament.cat\\\/en\\\/#website\"},\"primaryImageOfPage\":{\"@id\":\"https:\\\/\\\/gastronomicament.cat\\\/en\\\/la-mostra-de-cuina-menorquina-se-celebrara-del-16-de-setembre-al-2-doctubre-per-tota-lilla#primaryimage\"},\"image\":{\"@id\":\"https:\\\/\\\/gastronomicament.cat\\\/en\\\/la-mostra-de-cuina-menorquina-se-celebrara-del-16-de-setembre-al-2-doctubre-per-tota-lilla#primaryimage\"},\"thumbnailUrl\":\"https:\\\/\\\/gastronomicament.cat\\\/wp-content\\\/uploads\\\/2022\\\/08\\\/Mostra-de-Cuina-Menorquina-2022.jpg\",\"datePublished\":\"2022-08-25T08:29:50+00:00\",\"description\":\"La Mostra de Cuina Menorquina se celebrar\u00e0 del 16 de setembre al 2 d'octubre per tota l'illa Actualitat, Fires i rutes La participaci\u00f3 a la Mostra de Cuina Menorquina est\u00e0 oberta a tots els restaurants de Menorca i el termini per inscriure's ser\u00e0 fins al 2 de setembre\",\"inLanguage\":\"en-US\",\"potentialAction\":[{\"@type\":\"ReadAction\",\"target\":[\"https:\\\/\\\/gastronomicament.cat\\\/en\\\/la-mostra-de-cuina-menorquina-se-celebrara-del-16-de-setembre-al-2-doctubre-per-tota-lilla\"]}]},{\"@type\":\"ImageObject\",\"inLanguage\":\"en-US\",\"@id\":\"https:\\\/\\\/gastronomicament.cat\\\/en\\\/la-mostra-de-cuina-menorquina-se-celebrara-del-16-de-setembre-al-2-doctubre-per-tota-lilla#primaryimage\",\"url\":\"https:\\\/\\\/gastronomicament.cat\\\/wp-content\\\/uploads\\\/2022\\\/08\\\/Mostra-de-Cuina-Menorquina-2022.jpg\",\"contentUrl\":\"https:\\\/\\\/gastronomicament.cat\\\/wp-content\\\/uploads\\\/2022\\\/08\\\/Mostra-de-Cuina-Menorquina-2022.jpg\",\"width\":1024,\"height\":768},{\"@type\":\"WebSite\",\"@id\":\"https:\\\/\\\/gastronomicament.cat\\\/en\\\/#website\",\"url\":\"https:\\\/\\\/gastronomicament.cat\\\/en\\\/\",\"name\":\"Gastron\u00f2micament\",\"description\":\"Portal de restaurants, receptes i actualitat gastron\u00f2mica\",\"publisher\":{\"@id\":\"https:\\\/\\\/gastronomicament.cat\\\/en\\\/#organization\"},\"potentialAction\":[{\"@type\":\"SearchAction\",\"target\":{\"@type\":\"EntryPoint\",\"urlTemplate\":\"https:\\\/\\\/gastronomicament.cat\\\/en\\\/?s={search_term_string}\"},\"query-input\":{\"@type\":\"PropertyValueSpecification\",\"valueRequired\":true,\"valueName\":\"search_term_string\"}}],\"inLanguage\":\"en-US\"},{\"@type\":\"Organization\",\"@id\":\"https:\\\/\\\/gastronomicament.cat\\\/en\\\/#organization\",\"name\":\"Gastron\u00f2micament\",\"url\":\"https:\\\/\\\/gastronomicament.cat\\\/en\\\/\",\"logo\":{\"@type\":\"ImageObject\",\"inLanguage\":\"en-US\",\"@id\":\"https:\\\/\\\/gastronomicament.cat\\\/en\\\/#\\\/schema\\\/logo\\\/image\\\/\",\"url\":\"https:\\\/\\\/gastronomicament.cat\\\/wp-content\\\/uploads\\\/2016\\\/09\\\/header-logo.jpg\",\"contentUrl\":\"https:\\\/\\\/gastronomicament.cat\\\/wp-content\\\/uploads\\\/2016\\\/09\\\/header-logo.jpg\",\"width\":277,\"height\":39,\"caption\":\"Gastron\u00f2micament\"},\"image\":{\"@id\":\"https:\\\/\\\/gastronomicament.cat\\\/en\\\/#\\\/schema\\\/logo\\\/image\\\/\"},\"sameAs\":[\"https:\\\/\\\/x.com\\\/gastronomicamen\"]},{\"@type\":\"Person\",\"@id\":\"https:\\\/\\\/gastronomicament.cat\\\/en\\\/#\\\/schema\\\/person\\\/a7c85c537a1ed62799a5b8e0f686a37f\",\"name\":\"Redacci\u00f3\",\"image\":{\"@type\":\"ImageObject\",\"inLanguage\":\"en-US\",\"@id\":\"https:\\\/\\\/secure.gravatar.com\\\/avatar\\\/9489a485c464fd611d33825daae651d13db70c4e74c65c94937a15a9d4c3ee14?s=96&d=mm&r=g69fea3cce3645dfa2166e7293e22955e\",\"url\":\"https:\\\/\\\/secure.gravatar.com\\\/avatar\\\/9489a485c464fd611d33825daae651d13db70c4e74c65c94937a15a9d4c3ee14?s=96&d=mm&r=g\",\"contentUrl\":\"https:\\\/\\\/secure.gravatar.com\\\/avatar\\\/9489a485c464fd611d33825daae651d13db70c4e74c65c94937a15a9d4c3ee14?s=96&d=mm&r=g\",\"caption\":\"Redacci\u00f3\"},\"sameAs\":[\"http:\\\/\\\/gastronomicament.cat\"],\"url\":\"https:\\\/\\\/gastronomicament.cat\\\/en\\\/author\\\/admin\"}]}<\/script>\n<!-- \/ Yoast SEO plugin. -->","yoast_head_json":{"title":"La Mostra de Cuina Menorquina se celebrar\u00e0 del 16 de setembre al 2 d'octubre per tota l'illa - Gastron\u00f2micament","description":"La Mostra de Cuina Menorquina se celebrar\u00e0 del 16 de setembre al 2 d'octubre per tota l'illa Actualitat, Fires i rutes La participaci\u00f3 a la Mostra de Cuina Menorquina est\u00e0 oberta a tots els restaurants de Menorca i el termini per inscriure's ser\u00e0 fins al 2 de setembre","robots":{"index":"index","follow":"follow","max-snippet":"max-snippet:-1","max-image-preview":"max-image-preview:large","max-video-preview":"max-video-preview:-1"},"canonical":"https:\/\/gastronomicament.cat\/en\/la-mostra-de-cuina-menorquina-se-celebrara-del-16-de-setembre-al-2-doctubre-per-tota-lilla","og_locale":"en_US","og_type":"article","og_title":"La Mostra de Cuina Menorquina se celebrar\u00e0 del 16 de setembre al 2 d'octubre per tota l'illa - Gastron\u00f2micament","og_description":"La Mostra de Cuina Menorquina se celebrar\u00e0 del 16 de setembre al 2 d'octubre per tota l'illa Actualitat, Fires i rutes La participaci\u00f3 a la Mostra de Cuina Menorquina est\u00e0 oberta a tots els restaurants de Menorca i el termini per inscriure's ser\u00e0 fins al 2 de setembre","og_url":"https:\/\/gastronomicament.cat\/en\/la-mostra-de-cuina-menorquina-se-celebrara-del-16-de-setembre-al-2-doctubre-per-tota-lilla","og_site_name":"Gastron\u00f2micament","article_published_time":"2022-08-25T08:29:50+00:00","og_image":[{"width":1024,"height":768,"url":"https:\/\/gastronomicament.cat\/wp-content\/uploads\/2022\/08\/Mostra-de-Cuina-Menorquina-2022.jpg","type":"image\/jpeg"}],"author":"Redacci\u00f3","twitter_card":"summary_large_image","twitter_creator":"@gastronomicamen","twitter_site":"@gastronomicamen","twitter_misc":{"Written by":"Redacci\u00f3","Est. reading time":"3 minutes"},"schema":{"@context":"https:\/\/schema.org","@graph":[{"@type":"Article","@id":"https:\/\/gastronomicament.cat\/en\/la-mostra-de-cuina-menorquina-se-celebrara-del-16-de-setembre-al-2-doctubre-per-tota-lilla#article","isPartOf":{"@id":"https:\/\/gastronomicament.cat\/en\/la-mostra-de-cuina-menorquina-se-celebrara-del-16-de-setembre-al-2-doctubre-per-tota-lilla"},"author":{"name":"Redacci\u00f3","@id":"https:\/\/gastronomicament.cat\/en\/#\/schema\/person\/a7c85c537a1ed62799a5b8e0f686a37f"},"headline":"La Mostra de Cuina Menorquina se celebrar\u00e0 del 16 de setembre al 2 d&#8217;octubre per tota l&#8217;illa","datePublished":"2022-08-25T08:29:50+00:00","mainEntityOfPage":{"@id":"https:\/\/gastronomicament.cat\/en\/la-mostra-de-cuina-menorquina-se-celebrara-del-16-de-setembre-al-2-doctubre-per-tota-lilla"},"wordCount":437,"commentCount":0,"publisher":{"@id":"https:\/\/gastronomicament.cat\/en\/#organization"},"image":{"@id":"https:\/\/gastronomicament.cat\/en\/la-mostra-de-cuina-menorquina-se-celebrara-del-16-de-setembre-al-2-doctubre-per-tota-lilla#primaryimage"},"thumbnailUrl":"https:\/\/gastronomicament.cat\/wp-content\/uploads\/2022\/08\/Mostra-de-Cuina-Menorquina-2022.jpg","articleSection":["Actualitat","Fires i rutes"],"inLanguage":"en-US","potentialAction":[{"@type":"CommentAction","name":"Comment","target":["https:\/\/gastronomicament.cat\/en\/la-mostra-de-cuina-menorquina-se-celebrara-del-16-de-setembre-al-2-doctubre-per-tota-lilla#respond"]}]},{"@type":"WebPage","@id":"https:\/\/gastronomicament.cat\/en\/la-mostra-de-cuina-menorquina-se-celebrara-del-16-de-setembre-al-2-doctubre-per-tota-lilla","url":"https:\/\/gastronomicament.cat\/en\/la-mostra-de-cuina-menorquina-se-celebrara-del-16-de-setembre-al-2-doctubre-per-tota-lilla","name":"La Mostra de Cuina Menorquina se celebrar\u00e0 del 16 de setembre al 2 d'octubre per tota l'illa - Gastron\u00f2micament","isPartOf":{"@id":"https:\/\/gastronomicament.cat\/en\/#website"},"primaryImageOfPage":{"@id":"https:\/\/gastronomicament.cat\/en\/la-mostra-de-cuina-menorquina-se-celebrara-del-16-de-setembre-al-2-doctubre-per-tota-lilla#primaryimage"},"image":{"@id":"https:\/\/gastronomicament.cat\/en\/la-mostra-de-cuina-menorquina-se-celebrara-del-16-de-setembre-al-2-doctubre-per-tota-lilla#primaryimage"},"thumbnailUrl":"https:\/\/gastronomicament.cat\/wp-content\/uploads\/2022\/08\/Mostra-de-Cuina-Menorquina-2022.jpg","datePublished":"2022-08-25T08:29:50+00:00","description":"La Mostra de Cuina Menorquina se celebrar\u00e0 del 16 de setembre al 2 d'octubre per tota l'illa Actualitat, Fires i rutes La participaci\u00f3 a la Mostra de Cuina Menorquina est\u00e0 oberta a tots els restaurants de Menorca i el termini per inscriure's ser\u00e0 fins al 2 de setembre","inLanguage":"en-US","potentialAction":[{"@type":"ReadAction","target":["https:\/\/gastronomicament.cat\/en\/la-mostra-de-cuina-menorquina-se-celebrara-del-16-de-setembre-al-2-doctubre-per-tota-lilla"]}]},{"@type":"ImageObject","inLanguage":"en-US","@id":"https:\/\/gastronomicament.cat\/en\/la-mostra-de-cuina-menorquina-se-celebrara-del-16-de-setembre-al-2-doctubre-per-tota-lilla#primaryimage","url":"https:\/\/gastronomicament.cat\/wp-content\/uploads\/2022\/08\/Mostra-de-Cuina-Menorquina-2022.jpg","contentUrl":"https:\/\/gastronomicament.cat\/wp-content\/uploads\/2022\/08\/Mostra-de-Cuina-Menorquina-2022.jpg","width":1024,"height":768},{"@type":"WebSite","@id":"https:\/\/gastronomicament.cat\/en\/#website","url":"https:\/\/gastronomicament.cat\/en\/","name":"Gastron\u00f2micament","description":"Portal de restaurants, receptes i actualitat gastron\u00f2mica","publisher":{"@id":"https:\/\/gastronomicament.cat\/en\/#organization"},"potentialAction":[{"@type":"SearchAction","target":{"@type":"EntryPoint","urlTemplate":"https:\/\/gastronomicament.cat\/en\/?s={search_term_string}"},"query-input":{"@type":"PropertyValueSpecification","valueRequired":true,"valueName":"search_term_string"}}],"inLanguage":"en-US"},{"@type":"Organization","@id":"https:\/\/gastronomicament.cat\/en\/#organization","name":"Gastron\u00f2micament","url":"https:\/\/gastronomicament.cat\/en\/","logo":{"@type":"ImageObject","inLanguage":"en-US","@id":"https:\/\/gastronomicament.cat\/en\/#\/schema\/logo\/image\/","url":"https:\/\/gastronomicament.cat\/wp-content\/uploads\/2016\/09\/header-logo.jpg","contentUrl":"https:\/\/gastronomicament.cat\/wp-content\/uploads\/2016\/09\/header-logo.jpg","width":277,"height":39,"caption":"Gastron\u00f2micament"},"image":{"@id":"https:\/\/gastronomicament.cat\/en\/#\/schema\/logo\/image\/"},"sameAs":["https:\/\/x.com\/gastronomicamen"]},{"@type":"Person","@id":"https:\/\/gastronomicament.cat\/en\/#\/schema\/person\/a7c85c537a1ed62799a5b8e0f686a37f","name":"Redacci\u00f3","image":{"@type":"ImageObject","inLanguage":"en-US","@id":"https:\/\/secure.gravatar.com\/avatar\/9489a485c464fd611d33825daae651d13db70c4e74c65c94937a15a9d4c3ee14?s=96&d=mm&r=g69fea3cce3645dfa2166e7293e22955e","url":"https:\/\/secure.gravatar.com\/avatar\/9489a485c464fd611d33825daae651d13db70c4e74c65c94937a15a9d4c3ee14?s=96&d=mm&r=g","contentUrl":"https:\/\/secure.gravatar.com\/avatar\/9489a485c464fd611d33825daae651d13db70c4e74c65c94937a15a9d4c3ee14?s=96&d=mm&r=g","caption":"Redacci\u00f3"},"sameAs":["http:\/\/gastronomicament.cat"],"url":"https:\/\/gastronomicament.cat\/en\/author\/admin"}]}},"_links":{"self":[{"href":"https:\/\/gastronomicament.cat\/en\/wp-json\/wp\/v2\/posts\/78005","targetHints":{"allow":["GET"]}}],"collection":[{"href":"https:\/\/gastronomicament.cat\/en\/wp-json\/wp\/v2\/posts"}],"about":[{"href":"https:\/\/gastronomicament.cat\/en\/wp-json\/wp\/v2\/types\/post"}],"author":[{"embeddable":true,"href":"https:\/\/gastronomicament.cat\/en\/wp-json\/wp\/v2\/users\/1"}],"replies":[{"embeddable":true,"href":"https:\/\/gastronomicament.cat\/en\/wp-json\/wp\/v2\/comments?post=78005"}],"version-history":[{"count":0,"href":"https:\/\/gastronomicament.cat\/en\/wp-json\/wp\/v2\/posts\/78005\/revisions"}],"wp:featuredmedia":[{"embeddable":true,"href":"https:\/\/gastronomicament.cat\/en\/wp-json\/wp\/v2\/media\/78001"}],"wp:attachment":[{"href":"https:\/\/gastronomicament.cat\/en\/wp-json\/wp\/v2\/media?parent=78005"}],"wp:term":[{"taxonomy":"category","embeddable":true,"href":"https:\/\/gastronomicament.cat\/en\/wp-json\/wp\/v2\/categories?post=78005"},{"taxonomy":"post_tag","embeddable":true,"href":"https:\/\/gastronomicament.cat\/en\/wp-json\/wp\/v2\/tags?post=78005"},{"taxonomy":"author","embeddable":true,"href":"https:\/\/gastronomicament.cat\/en\/wp-json\/wp\/v2\/coauthors?post=78005"}],"curies":[{"name":"wp","href":"https:\/\/api.w.org\/{rel}","templated":true}]}}