{"id":81687,"date":"2023-03-30T12:28:19","date_gmt":"2023-03-30T10:28:19","guid":{"rendered":"https:\/\/gastronomicament.cat\/consulta-els-restaurants-del-pla-i-raiguer-de-la-mostra-de-cuina-de-mallorca"},"modified":"2023-04-06T10:14:42","modified_gmt":"2023-04-06T08:14:42","slug":"consulta-els-restaurants-del-pla-i-raiguer-de-la-mostra-de-cuina-de-mallorca","status":"publish","type":"post","link":"https:\/\/gastronomicament.cat\/en\/consulta-els-restaurants-del-pla-i-raiguer-de-la-mostra-de-cuina-de-mallorca","title":{"rendered":"Consulta els restaurants del Pla i Raiguer de la Mostra de Cuina de Mallorca"},"content":{"rendered":"<p>Un total de 63<strong>\u00a0restaurantes del Pla i Raiguer <\/strong>participen aquest cap de setmana a la\u00a0<strong>Mostra de Cuina de Mallorca<\/strong>. Aquesta cita culin\u00e0ria se celebrar\u00e0 <strong>del dia 30 de mar\u00e7 al 2 d&#8217;abril<\/strong>.<\/p>\n<p>Aquest dijous 30 de mar\u00e7 hi haur\u00e0 diverses actuacions musicales per amenitzar la Ruta Pla i Raiguer de la Mostra de Cuina de Mallorca a la Pla\u00e7a d\u2019Espanya d\u2019Inca:<\/p>\n<ul>\n<li>De 10.00 a 11.00 hores: Xaranga Alegria<\/li>\n<li>De 11.00 a 13.00 hores: Eva Romi &amp; Xavis<\/li>\n<\/ul>\n<p>La <strong>llista de restaurants que hi participen \u00e9s la seg\u00fcent<\/strong>:<\/p>\n<p>El Kiosko (Inca), Dayla Vins I Tapes (Inca), Parrilla El Argentino (Inca), Es Ginebr\u00f3 (Inca), Restaurant Robines (Binissalem), Vila Cinc (Alar\u00f3), Va D\u2019arr\u00f2s (Santa Maria), Bearn Terra Mar I Foc (Alar\u00f3), Son Bonet (Marratx\u00ed), Simon\u2019s (Alar\u00f3), Sa Tafona (Caimari), Sa F\u00e0brica (Sineu), Can Blai (Inca), S\u2019estanc Vell (Vilafranca), S\u2019angel (Inca), Ses Deveres (Caimari), S\u2019hostal Des Pla , Can Jan (Binissalem), Pizzeria Maku (Binissalem), Mol\u00ed Des Torrent (Santa Maria), Menestralia (Campanet), Joan March (Inca), Hortella D\u2019en Cotanet (Sant Joan), Es Rac\u00f3 (Inca), Foc I Caliu (Selva), Es Rac\u00f3 D\u2019en Jaume (Santa Maria), Es Petit Safr\u00e0 (Marratx\u00ed), Es Meson De S\u2019arr\u00f2s (Inca), Es Garum (Lloseta), Es Celler (Petra), Cuinant (Inca), Ses Coves (Campanet), Celler Sa Vinya (Binissalem), Sa Travessa (Inca), Casa Zanetti (Inca), Can Tronca (Sant Joan), Can Topa (Santa Eugenia), Can Salom (Petra), Can Ripoll (Inca), Can Jordi (Inca), Can Font (Sineu), Can Chus 69 (Santa Maria), S\u2019entrada (Santa Eugenia), Caf\u00e8 Ciutat 1900 (Inca), Ca\u2019n Tomeu (Petra), Ca\u2019s Puput (Mancor De La Vall), Can Punta (Alar\u00f3), Ca\u2019n Pedro (Inca), Ca Sa Viuda (Alar\u00f3), Ca Na Miquela De Ses Teuleres (Vilafranca), Ca N\u2019ignasi (Inca), Bar Triquet (Sineu), Sa Galeria (Campanet), Es Club (Campanet), Cas Reto (Campanet), Asador Maype (Inca), Can Furi\u00f3s (Caimari), El Rey De La Tapa (Sineu), Restaurante Son Ferriol (Marratx\u00ed), Bar Sabina (Sineu), Restaurant Sa Creu \u2013 S\u2019estaci\u00f3 (Petra), Celler Sa Font (Santa Maria) i Can Barry (Santa Maria).<\/p>\n<p>Podeu\u00a0<a href=\"https:\/\/mostradecuinademallorca.com\/rutas-y-restaurantes\/\" target=\"_blank\" rel=\"nofollow noopener\">consultar tots els men\u00fas i plats aqu\u00ed<\/a>.<\/p>\n","protected":false},"excerpt":{"rendered":"<p>Se celebrar\u00e0 del dia 30 de mar\u00e7 al 2 d&#8217;abril<\/p>\n","protected":false},"author":1,"featured_media":81675,"comment_status":"open","ping_status":"closed","sticky":false,"template":"","format":"gallery","meta":{"_acf_changed":false,"_swt_meta_header_display":false,"_swt_meta_footer_display":false,"_swt_meta_site_title_display":false,"_swt_meta_sticky_header":false,"_swt_meta_transparent_header":false,"footnotes":""},"categories":[1046,1471],"tags":[],"coauthors":[2053],"class_list":["post-81687","post","type-post","status-publish","format-gallery","has-post-thumbnail","hentry","category-actualitat-es-en","category-fires-i-rutes-en","post_format-post-format-gallery"],"acf":{"gallery":null,"home_date":{"home_begin_date":null,"home_end_date":null}},"yoast_head":"<!-- This site is optimized with the Yoast SEO plugin v27.4 - https:\/\/yoast.com\/product\/yoast-seo-wordpress\/ -->\n<title>Consulta els restaurants del Pla i Raiguer de la Mostra de Cuina de Mallorca - Gastron\u00f2micament<\/title>\n<meta name=\"description\" content=\"Consulta els restaurants del Pla i Raiguer de la Mostra de Cuina de Mallorca Actualitat, Fires i rutes Se celebrar\u00e0 del dia 30 de mar\u00e7 al 2 d&#039;abril\" \/>\n<meta name=\"robots\" content=\"index, follow, max-snippet:-1, max-image-preview:large, max-video-preview:-1\" \/>\n<link rel=\"canonical\" href=\"https:\/\/gastronomicament.cat\/en\/consulta-els-restaurants-del-pla-i-raiguer-de-la-mostra-de-cuina-de-mallorca\" \/>\n<meta property=\"og:locale\" content=\"en_US\" \/>\n<meta property=\"og:type\" content=\"article\" \/>\n<meta property=\"og:title\" content=\"Consulta els restaurants del Pla i Raiguer de la Mostra de Cuina de Mallorca - Gastron\u00f2micament\" \/>\n<meta property=\"og:description\" content=\"Consulta els restaurants del Pla i Raiguer de la Mostra de Cuina de Mallorca Actualitat, Fires i rutes Se celebrar\u00e0 del dia 30 de mar\u00e7 al 2 d&#039;abril\" \/>\n<meta property=\"og:url\" content=\"https:\/\/gastronomicament.cat\/en\/consulta-els-restaurants-del-pla-i-raiguer-de-la-mostra-de-cuina-de-mallorca\" \/>\n<meta property=\"og:site_name\" content=\"Gastron\u00f2micament\" \/>\n<meta property=\"article:published_time\" content=\"2023-03-30T10:28:19+00:00\" \/>\n<meta property=\"article:modified_time\" content=\"2023-04-06T08:14:42+00:00\" \/>\n<meta property=\"og:image\" content=\"https:\/\/gastronomicament.cat\/wp-content\/uploads\/2023\/03\/Can-Salom-Ruta-de-Cuina-de-Mallorca-2023-1.jpg\" \/>\n\t<meta property=\"og:image:width\" content=\"567\" \/>\n\t<meta property=\"og:image:height\" content=\"401\" \/>\n\t<meta property=\"og:image:type\" content=\"image\/jpeg\" \/>\n<meta name=\"author\" content=\"Redacci\u00f3\" \/>\n<meta name=\"twitter:card\" content=\"summary_large_image\" \/>\n<meta name=\"twitter:creator\" content=\"@gastronomicamen\" \/>\n<meta name=\"twitter:site\" content=\"@gastronomicamen\" \/>\n<meta name=\"twitter:label1\" content=\"Written by\" \/>\n\t<meta name=\"twitter:data1\" content=\"Redacci\u00f3\" \/>\n\t<meta name=\"twitter:label2\" content=\"Est. reading time\" \/>\n\t<meta name=\"twitter:data2\" content=\"2 minutes\" \/>\n<script type=\"application\/ld+json\" class=\"yoast-schema-graph\">{\"@context\":\"https:\\\/\\\/schema.org\",\"@graph\":[{\"@type\":\"Article\",\"@id\":\"https:\\\/\\\/gastronomicament.cat\\\/en\\\/consulta-els-restaurants-del-pla-i-raiguer-de-la-mostra-de-cuina-de-mallorca#article\",\"isPartOf\":{\"@id\":\"https:\\\/\\\/gastronomicament.cat\\\/en\\\/consulta-els-restaurants-del-pla-i-raiguer-de-la-mostra-de-cuina-de-mallorca\"},\"author\":{\"name\":\"Redacci\u00f3\",\"@id\":\"https:\\\/\\\/gastronomicament.cat\\\/en\\\/#\\\/schema\\\/person\\\/a7c85c537a1ed62799a5b8e0f686a37f\"},\"headline\":\"Consulta els restaurants del Pla i Raiguer de la Mostra de Cuina de Mallorca\",\"datePublished\":\"2023-03-30T10:28:19+00:00\",\"dateModified\":\"2023-04-06T08:14:42+00:00\",\"mainEntityOfPage\":{\"@id\":\"https:\\\/\\\/gastronomicament.cat\\\/en\\\/consulta-els-restaurants-del-pla-i-raiguer-de-la-mostra-de-cuina-de-mallorca\"},\"wordCount\":352,\"commentCount\":0,\"publisher\":{\"@id\":\"https:\\\/\\\/gastronomicament.cat\\\/en\\\/#organization\"},\"image\":{\"@id\":\"https:\\\/\\\/gastronomicament.cat\\\/en\\\/consulta-els-restaurants-del-pla-i-raiguer-de-la-mostra-de-cuina-de-mallorca#primaryimage\"},\"thumbnailUrl\":\"https:\\\/\\\/gastronomicament.cat\\\/wp-content\\\/uploads\\\/2023\\\/03\\\/Can-Salom-Ruta-de-Cuina-de-Mallorca-2023-1.jpg\",\"articleSection\":[\"Actualitat\",\"Fires i rutes\"],\"inLanguage\":\"en-US\",\"potentialAction\":[{\"@type\":\"CommentAction\",\"name\":\"Comment\",\"target\":[\"https:\\\/\\\/gastronomicament.cat\\\/en\\\/consulta-els-restaurants-del-pla-i-raiguer-de-la-mostra-de-cuina-de-mallorca#respond\"]}]},{\"@type\":\"WebPage\",\"@id\":\"https:\\\/\\\/gastronomicament.cat\\\/en\\\/consulta-els-restaurants-del-pla-i-raiguer-de-la-mostra-de-cuina-de-mallorca\",\"url\":\"https:\\\/\\\/gastronomicament.cat\\\/en\\\/consulta-els-restaurants-del-pla-i-raiguer-de-la-mostra-de-cuina-de-mallorca\",\"name\":\"Consulta els restaurants del Pla i Raiguer de la Mostra de Cuina de Mallorca - Gastron\u00f2micament\",\"isPartOf\":{\"@id\":\"https:\\\/\\\/gastronomicament.cat\\\/en\\\/#website\"},\"primaryImageOfPage\":{\"@id\":\"https:\\\/\\\/gastronomicament.cat\\\/en\\\/consulta-els-restaurants-del-pla-i-raiguer-de-la-mostra-de-cuina-de-mallorca#primaryimage\"},\"image\":{\"@id\":\"https:\\\/\\\/gastronomicament.cat\\\/en\\\/consulta-els-restaurants-del-pla-i-raiguer-de-la-mostra-de-cuina-de-mallorca#primaryimage\"},\"thumbnailUrl\":\"https:\\\/\\\/gastronomicament.cat\\\/wp-content\\\/uploads\\\/2023\\\/03\\\/Can-Salom-Ruta-de-Cuina-de-Mallorca-2023-1.jpg\",\"datePublished\":\"2023-03-30T10:28:19+00:00\",\"dateModified\":\"2023-04-06T08:14:42+00:00\",\"description\":\"Consulta els restaurants del Pla i Raiguer de la Mostra de Cuina de Mallorca Actualitat, Fires i rutes Se celebrar\u00e0 del dia 30 de mar\u00e7 al 2 d'abril\",\"inLanguage\":\"en-US\",\"potentialAction\":[{\"@type\":\"ReadAction\",\"target\":[\"https:\\\/\\\/gastronomicament.cat\\\/en\\\/consulta-els-restaurants-del-pla-i-raiguer-de-la-mostra-de-cuina-de-mallorca\"]}]},{\"@type\":\"ImageObject\",\"inLanguage\":\"en-US\",\"@id\":\"https:\\\/\\\/gastronomicament.cat\\\/en\\\/consulta-els-restaurants-del-pla-i-raiguer-de-la-mostra-de-cuina-de-mallorca#primaryimage\",\"url\":\"https:\\\/\\\/gastronomicament.cat\\\/wp-content\\\/uploads\\\/2023\\\/03\\\/Can-Salom-Ruta-de-Cuina-de-Mallorca-2023-1.jpg\",\"contentUrl\":\"https:\\\/\\\/gastronomicament.cat\\\/wp-content\\\/uploads\\\/2023\\\/03\\\/Can-Salom-Ruta-de-Cuina-de-Mallorca-2023-1.jpg\",\"width\":567,\"height\":401},{\"@type\":\"WebSite\",\"@id\":\"https:\\\/\\\/gastronomicament.cat\\\/en\\\/#website\",\"url\":\"https:\\\/\\\/gastronomicament.cat\\\/en\\\/\",\"name\":\"Gastron\u00f2micament\",\"description\":\"Portal de restaurants, receptes i actualitat gastron\u00f2mica\",\"publisher\":{\"@id\":\"https:\\\/\\\/gastronomicament.cat\\\/en\\\/#organization\"},\"potentialAction\":[{\"@type\":\"SearchAction\",\"target\":{\"@type\":\"EntryPoint\",\"urlTemplate\":\"https:\\\/\\\/gastronomicament.cat\\\/en\\\/?s={search_term_string}\"},\"query-input\":{\"@type\":\"PropertyValueSpecification\",\"valueRequired\":true,\"valueName\":\"search_term_string\"}}],\"inLanguage\":\"en-US\"},{\"@type\":\"Organization\",\"@id\":\"https:\\\/\\\/gastronomicament.cat\\\/en\\\/#organization\",\"name\":\"Gastron\u00f2micament\",\"url\":\"https:\\\/\\\/gastronomicament.cat\\\/en\\\/\",\"logo\":{\"@type\":\"ImageObject\",\"inLanguage\":\"en-US\",\"@id\":\"https:\\\/\\\/gastronomicament.cat\\\/en\\\/#\\\/schema\\\/logo\\\/image\\\/\",\"url\":\"https:\\\/\\\/gastronomicament.cat\\\/wp-content\\\/uploads\\\/2016\\\/09\\\/header-logo.jpg\",\"contentUrl\":\"https:\\\/\\\/gastronomicament.cat\\\/wp-content\\\/uploads\\\/2016\\\/09\\\/header-logo.jpg\",\"width\":277,\"height\":39,\"caption\":\"Gastron\u00f2micament\"},\"image\":{\"@id\":\"https:\\\/\\\/gastronomicament.cat\\\/en\\\/#\\\/schema\\\/logo\\\/image\\\/\"},\"sameAs\":[\"https:\\\/\\\/x.com\\\/gastronomicamen\"]},{\"@type\":\"Person\",\"@id\":\"https:\\\/\\\/gastronomicament.cat\\\/en\\\/#\\\/schema\\\/person\\\/a7c85c537a1ed62799a5b8e0f686a37f\",\"name\":\"Redacci\u00f3\",\"image\":{\"@type\":\"ImageObject\",\"inLanguage\":\"en-US\",\"@id\":\"https:\\\/\\\/secure.gravatar.com\\\/avatar\\\/9489a485c464fd611d33825daae651d13db70c4e74c65c94937a15a9d4c3ee14?s=96&d=mm&r=g69fea3cce3645dfa2166e7293e22955e\",\"url\":\"https:\\\/\\\/secure.gravatar.com\\\/avatar\\\/9489a485c464fd611d33825daae651d13db70c4e74c65c94937a15a9d4c3ee14?s=96&d=mm&r=g\",\"contentUrl\":\"https:\\\/\\\/secure.gravatar.com\\\/avatar\\\/9489a485c464fd611d33825daae651d13db70c4e74c65c94937a15a9d4c3ee14?s=96&d=mm&r=g\",\"caption\":\"Redacci\u00f3\"},\"sameAs\":[\"http:\\\/\\\/gastronomicament.cat\"],\"url\":\"https:\\\/\\\/gastronomicament.cat\\\/en\\\/author\\\/admin\"}]}<\/script>\n<!-- \/ Yoast SEO plugin. -->","yoast_head_json":{"title":"Consulta els restaurants del Pla i Raiguer de la Mostra de Cuina de Mallorca - Gastron\u00f2micament","description":"Consulta els restaurants del Pla i Raiguer de la Mostra de Cuina de Mallorca Actualitat, Fires i rutes Se celebrar\u00e0 del dia 30 de mar\u00e7 al 2 d'abril","robots":{"index":"index","follow":"follow","max-snippet":"max-snippet:-1","max-image-preview":"max-image-preview:large","max-video-preview":"max-video-preview:-1"},"canonical":"https:\/\/gastronomicament.cat\/en\/consulta-els-restaurants-del-pla-i-raiguer-de-la-mostra-de-cuina-de-mallorca","og_locale":"en_US","og_type":"article","og_title":"Consulta els restaurants del Pla i Raiguer de la Mostra de Cuina de Mallorca - Gastron\u00f2micament","og_description":"Consulta els restaurants del Pla i Raiguer de la Mostra de Cuina de Mallorca Actualitat, Fires i rutes Se celebrar\u00e0 del dia 30 de mar\u00e7 al 2 d'abril","og_url":"https:\/\/gastronomicament.cat\/en\/consulta-els-restaurants-del-pla-i-raiguer-de-la-mostra-de-cuina-de-mallorca","og_site_name":"Gastron\u00f2micament","article_published_time":"2023-03-30T10:28:19+00:00","article_modified_time":"2023-04-06T08:14:42+00:00","og_image":[{"width":567,"height":401,"url":"https:\/\/gastronomicament.cat\/wp-content\/uploads\/2023\/03\/Can-Salom-Ruta-de-Cuina-de-Mallorca-2023-1.jpg","type":"image\/jpeg"}],"author":"Redacci\u00f3","twitter_card":"summary_large_image","twitter_creator":"@gastronomicamen","twitter_site":"@gastronomicamen","twitter_misc":{"Written by":"Redacci\u00f3","Est. reading time":"2 minutes"},"schema":{"@context":"https:\/\/schema.org","@graph":[{"@type":"Article","@id":"https:\/\/gastronomicament.cat\/en\/consulta-els-restaurants-del-pla-i-raiguer-de-la-mostra-de-cuina-de-mallorca#article","isPartOf":{"@id":"https:\/\/gastronomicament.cat\/en\/consulta-els-restaurants-del-pla-i-raiguer-de-la-mostra-de-cuina-de-mallorca"},"author":{"name":"Redacci\u00f3","@id":"https:\/\/gastronomicament.cat\/en\/#\/schema\/person\/a7c85c537a1ed62799a5b8e0f686a37f"},"headline":"Consulta els restaurants del Pla i Raiguer de la Mostra de Cuina de Mallorca","datePublished":"2023-03-30T10:28:19+00:00","dateModified":"2023-04-06T08:14:42+00:00","mainEntityOfPage":{"@id":"https:\/\/gastronomicament.cat\/en\/consulta-els-restaurants-del-pla-i-raiguer-de-la-mostra-de-cuina-de-mallorca"},"wordCount":352,"commentCount":0,"publisher":{"@id":"https:\/\/gastronomicament.cat\/en\/#organization"},"image":{"@id":"https:\/\/gastronomicament.cat\/en\/consulta-els-restaurants-del-pla-i-raiguer-de-la-mostra-de-cuina-de-mallorca#primaryimage"},"thumbnailUrl":"https:\/\/gastronomicament.cat\/wp-content\/uploads\/2023\/03\/Can-Salom-Ruta-de-Cuina-de-Mallorca-2023-1.jpg","articleSection":["Actualitat","Fires i rutes"],"inLanguage":"en-US","potentialAction":[{"@type":"CommentAction","name":"Comment","target":["https:\/\/gastronomicament.cat\/en\/consulta-els-restaurants-del-pla-i-raiguer-de-la-mostra-de-cuina-de-mallorca#respond"]}]},{"@type":"WebPage","@id":"https:\/\/gastronomicament.cat\/en\/consulta-els-restaurants-del-pla-i-raiguer-de-la-mostra-de-cuina-de-mallorca","url":"https:\/\/gastronomicament.cat\/en\/consulta-els-restaurants-del-pla-i-raiguer-de-la-mostra-de-cuina-de-mallorca","name":"Consulta els restaurants del Pla i Raiguer de la Mostra de Cuina de Mallorca - Gastron\u00f2micament","isPartOf":{"@id":"https:\/\/gastronomicament.cat\/en\/#website"},"primaryImageOfPage":{"@id":"https:\/\/gastronomicament.cat\/en\/consulta-els-restaurants-del-pla-i-raiguer-de-la-mostra-de-cuina-de-mallorca#primaryimage"},"image":{"@id":"https:\/\/gastronomicament.cat\/en\/consulta-els-restaurants-del-pla-i-raiguer-de-la-mostra-de-cuina-de-mallorca#primaryimage"},"thumbnailUrl":"https:\/\/gastronomicament.cat\/wp-content\/uploads\/2023\/03\/Can-Salom-Ruta-de-Cuina-de-Mallorca-2023-1.jpg","datePublished":"2023-03-30T10:28:19+00:00","dateModified":"2023-04-06T08:14:42+00:00","description":"Consulta els restaurants del Pla i Raiguer de la Mostra de Cuina de Mallorca Actualitat, Fires i rutes Se celebrar\u00e0 del dia 30 de mar\u00e7 al 2 d'abril","inLanguage":"en-US","potentialAction":[{"@type":"ReadAction","target":["https:\/\/gastronomicament.cat\/en\/consulta-els-restaurants-del-pla-i-raiguer-de-la-mostra-de-cuina-de-mallorca"]}]},{"@type":"ImageObject","inLanguage":"en-US","@id":"https:\/\/gastronomicament.cat\/en\/consulta-els-restaurants-del-pla-i-raiguer-de-la-mostra-de-cuina-de-mallorca#primaryimage","url":"https:\/\/gastronomicament.cat\/wp-content\/uploads\/2023\/03\/Can-Salom-Ruta-de-Cuina-de-Mallorca-2023-1.jpg","contentUrl":"https:\/\/gastronomicament.cat\/wp-content\/uploads\/2023\/03\/Can-Salom-Ruta-de-Cuina-de-Mallorca-2023-1.jpg","width":567,"height":401},{"@type":"WebSite","@id":"https:\/\/gastronomicament.cat\/en\/#website","url":"https:\/\/gastronomicament.cat\/en\/","name":"Gastron\u00f2micament","description":"Portal de restaurants, receptes i actualitat gastron\u00f2mica","publisher":{"@id":"https:\/\/gastronomicament.cat\/en\/#organization"},"potentialAction":[{"@type":"SearchAction","target":{"@type":"EntryPoint","urlTemplate":"https:\/\/gastronomicament.cat\/en\/?s={search_term_string}"},"query-input":{"@type":"PropertyValueSpecification","valueRequired":true,"valueName":"search_term_string"}}],"inLanguage":"en-US"},{"@type":"Organization","@id":"https:\/\/gastronomicament.cat\/en\/#organization","name":"Gastron\u00f2micament","url":"https:\/\/gastronomicament.cat\/en\/","logo":{"@type":"ImageObject","inLanguage":"en-US","@id":"https:\/\/gastronomicament.cat\/en\/#\/schema\/logo\/image\/","url":"https:\/\/gastronomicament.cat\/wp-content\/uploads\/2016\/09\/header-logo.jpg","contentUrl":"https:\/\/gastronomicament.cat\/wp-content\/uploads\/2016\/09\/header-logo.jpg","width":277,"height":39,"caption":"Gastron\u00f2micament"},"image":{"@id":"https:\/\/gastronomicament.cat\/en\/#\/schema\/logo\/image\/"},"sameAs":["https:\/\/x.com\/gastronomicamen"]},{"@type":"Person","@id":"https:\/\/gastronomicament.cat\/en\/#\/schema\/person\/a7c85c537a1ed62799a5b8e0f686a37f","name":"Redacci\u00f3","image":{"@type":"ImageObject","inLanguage":"en-US","@id":"https:\/\/secure.gravatar.com\/avatar\/9489a485c464fd611d33825daae651d13db70c4e74c65c94937a15a9d4c3ee14?s=96&d=mm&r=g69fea3cce3645dfa2166e7293e22955e","url":"https:\/\/secure.gravatar.com\/avatar\/9489a485c464fd611d33825daae651d13db70c4e74c65c94937a15a9d4c3ee14?s=96&d=mm&r=g","contentUrl":"https:\/\/secure.gravatar.com\/avatar\/9489a485c464fd611d33825daae651d13db70c4e74c65c94937a15a9d4c3ee14?s=96&d=mm&r=g","caption":"Redacci\u00f3"},"sameAs":["http:\/\/gastronomicament.cat"],"url":"https:\/\/gastronomicament.cat\/en\/author\/admin"}]}},"_links":{"self":[{"href":"https:\/\/gastronomicament.cat\/en\/wp-json\/wp\/v2\/posts\/81687","targetHints":{"allow":["GET"]}}],"collection":[{"href":"https:\/\/gastronomicament.cat\/en\/wp-json\/wp\/v2\/posts"}],"about":[{"href":"https:\/\/gastronomicament.cat\/en\/wp-json\/wp\/v2\/types\/post"}],"author":[{"embeddable":true,"href":"https:\/\/gastronomicament.cat\/en\/wp-json\/wp\/v2\/users\/1"}],"replies":[{"embeddable":true,"href":"https:\/\/gastronomicament.cat\/en\/wp-json\/wp\/v2\/comments?post=81687"}],"version-history":[{"count":0,"href":"https:\/\/gastronomicament.cat\/en\/wp-json\/wp\/v2\/posts\/81687\/revisions"}],"wp:featuredmedia":[{"embeddable":true,"href":"https:\/\/gastronomicament.cat\/en\/wp-json\/wp\/v2\/media\/81675"}],"wp:attachment":[{"href":"https:\/\/gastronomicament.cat\/en\/wp-json\/wp\/v2\/media?parent=81687"}],"wp:term":[{"taxonomy":"category","embeddable":true,"href":"https:\/\/gastronomicament.cat\/en\/wp-json\/wp\/v2\/categories?post=81687"},{"taxonomy":"post_tag","embeddable":true,"href":"https:\/\/gastronomicament.cat\/en\/wp-json\/wp\/v2\/tags?post=81687"},{"taxonomy":"author","embeddable":true,"href":"https:\/\/gastronomicament.cat\/en\/wp-json\/wp\/v2\/coauthors?post=81687"}],"curies":[{"name":"wp","href":"https:\/\/api.w.org\/{rel}","templated":true}]}}