{"id":82196,"date":"2023-05-04T02:29:20","date_gmt":"2023-05-04T00:29:20","guid":{"rendered":"https:\/\/gastronomicament.cat\/catalunya-dona-el-sus-a-lactofils-la-ruta-dels-lactics"},"modified":"2023-05-04T02:29:20","modified_gmt":"2023-05-04T00:29:20","slug":"catalunya-dona-el-sus-a-lactofils-la-ruta-dels-lactics","status":"publish","type":"post","link":"https:\/\/gastronomicament.cat\/en\/catalunya-dona-el-sus-a-lactofils-la-ruta-dels-lactics","title":{"rendered":"Catalunya dona el sus a Lact\u00f2fils, la Ruta dels L\u00e0ctics"},"content":{"rendered":"<p>Representants de la producci\u00f3 i de la transformaci\u00f3 de llet a Catalunya han posat en marxa el projecte<strong>\u00a0Lact\u00f2fils, la Ruta dels L\u00e0ctics<\/strong>, amb l\u2019objectiu d\u2019oferir a totes aquelles persones entusiastes de la llet i els seus derivats\u00a0<strong>experi\u00e8ncies culturals i gastron\u00f2miques<\/strong>\u00a0sobre aquests productes. El projecte arrenca amb\u00a0<strong>tres rutes (Barcelona, Girona i Lleida)<\/strong>, i s\u2019est\u00e0 treballant ja en una nova ruta per Tarragona. Aix\u00ed, els i les entusiastes dels l\u00e0ctics, que des del projecte han anomenat Lact\u00f2fils, poden accedir al lloc web de les tres rutes dins de la\u00a0<strong>Gastroteca<\/strong>, per veure quins espais i experi\u00e8ncies poden visitar.<\/p>\n<p>\u201cHem mirat de construir tres experi\u00e8ncies (rutes) \u00faniques al voltant dels productes lactis, adre\u00e7ada als fans de la llet, dels iogurts, de les postres, dels formatges i de la gastronomia en general\u201d, explica<strong>\u00a0Ignasi Sans<\/strong>, president de l\u2019Associaci\u00f3 Interprofessional Lletera de Catalunya (ALLIC), principal entitat impulsora de les rutes, que agrupa el sector productor i industrial i que gestiona el Laboratori Interprofessional Lleter de Catalunya, encarregat de garantir la qualitat i seguretat de la llet i els productes l\u00e0ctics, una eina que contribueix a la millora continuada del sector.<\/p>\n<p>La ruta seguir\u00e0 tamb\u00e9 el seu cam\u00ed \u201csota el paraigua de l\u2019Institut de la Llet i dels Productes L\u00e0ctics de Catalunya\u201d, segons afirma <strong>Joan G\u00f2dia<\/strong>, director general d\u2019Empreses Agroaliment\u00e0ries, Qualitat i Gastronomia de Generalitat de Catalunya. A m\u00e9s, \u201cest\u00e0 oberta a incloure altres agents del sector l\u00e0ctic que en vulguin formar part.<\/p>\n<p>El projecte est\u00e0 pensat per tal que cada fam\u00edlia pugui dissenyar i adaptar la seva pr\u00f2pia ruta, escollint aquells espais i experi\u00e8ncies visitables que els desperten inter\u00e8s i que s\u2019adapten al seu temps disponible: un dia, un cap de setmana o una escapada m\u00e9s llarga. Segons <strong>Laura Mart\u00ed<\/strong>, responsable de la Gastroteca, que disposa actualment de 13 rutes basades en diferents productes \u201cel principal objectiu de les rutes \u00e9s descobrir l\u2019origen dels aliments i les tradicions d\u2019arreu de Catalunya\u201d. I afirma que \u201cel que les fa tan interessants \u00e9s que permeten visitar camps, molins, granges, obradors, agrobotigues, centres d\u2019interpretaci\u00f3 i molts altres espais on els propis agents ens acompanyen per posar en valor la import\u00e0ncia de cadascun d\u2019aquests aliments en el nostre territori\u201d.<\/p>\n<p><strong>Ametller Origen: \u201cM\u00e9s del 40% dels nostres clients compren formatges\u201d<br \/>\n<\/strong>La presentaci\u00f3 de Lact\u00f2fils ha comptat amb la pres\u00e8ncia de dos dels divuit agents territorials de la ruta, per explicar les activitats que porten a terme en el marc d\u2019aquesta iniciativa.<strong>\u00a0Eva Rodr\u00edguez<\/strong>, directora de M\u00e0rqueting d\u2019Ametller Origen, ha apuntat que \u201cimpulsem tasts i maridatges de formatges, sempre intentant donar pres\u00e8ncia a petits productors per donar a con\u00e8ixer entre la ciutadania la riquesa de productes que tenim al nostre abast.\u201d Rodr\u00edguez ha apuntat algunes dades que demostren l\u2019inter\u00e8s dels consumidors per aquests derivats de la llet: \u201cM\u00e9s del 40% dels nostres clients compren formatges, el que vol dir que \u00e9s un aliment que agrada. A m\u00e9s, 250 persones van fer el taller el darrer any, i actualment estem treballant per ampliar-lo perqu\u00e8 \u00e9s un dels tallers amb m\u00e9s \u00e8xit que tenim\u201d.<\/p>\n<p><strong>La Fageda, molt m\u00e9s que iogurts<br \/>\n<\/strong>Per la seva banda\u00a0<strong>Mariona Mart\u00ed<\/strong>, relacions p\u00fabliques i institucionals de La Fageda, a Girona, ha explicat que \u201cLa Fageda \u00e9s molt m\u00e9s que iogurts\u201d, i assegura que \u201cles persones que ens visiten coneixen la missi\u00f3 del nostre projecte social, fan \u00a0una ruta guiada per les instal\u00b7lacions per ser testimonis de la nostra manera de treballar, de les pr\u00e0ctiques de benestar animal, de la munyida robotitzada i del proc\u00e9s de producci\u00f3 dels nostres iogurts, i finalment tasten els productes de La Fageda\u201d.<\/p>\n<p><strong>Altres iniciatives sobre la llet i els l\u00e0ctics<br \/>\n<\/strong>Durant la cloenda de l\u2019acte de presentaci\u00f3 de les rutes, Joan G\u00f2dia ha posat de relleu les diverses accions que s\u2019estan duent a terme des del Departament d\u2019Acci\u00f3 Clim\u00e0tica, Alimentaci\u00f3 i Agenda Rural per tal de preservar el patrimoni agroalimentari de Catalunya: \u201cDurant els propers mesos s\u2019espera que estigui en marxa l\u2019Institut de la Llet i dels Productes L\u00e0ctics de Catalunya, que juntament amb el Banc dels Aliments s\u2019enfoquen a oferir informaci\u00f3 vera\u00e7 i cient\u00edfica per aturar les fake news sobre la llet. D\u2019altra banda, s\u2019est\u00e0 treballant en el Pla Estrat\u00e8gic de l\u2019Alimentaci\u00f3 de Catalunya, amb prop de 300 mesures que inclouen accions per la protecci\u00f3 dels productes aut\u00f2ctons. Finalment, s\u2019est\u00e0 treballant en un projecte europeu que permeti la digitalitzaci\u00f3 del sector i la valoritzaci\u00f3 de la llet i els seus derivats\u201d. A m\u00e9s, l\u2019ALLIC, t\u00e9 en marxa altres projectes com La Bona Llet, una plataforma d\u2019informaci\u00f3 que va posar en marxa l\u2019any 2020, per lluitar contra els falsos mites.<\/p>\n<p><strong>Un sector rellevant en l\u2019economia catalana<br \/>\n<\/strong>Els productes lactis tenen un fort lligam amb l\u2019alimentaci\u00f3 i la gastronomia catalana, amb un gran component cultural arrelat al territori. De fet, a Catalunya actualment hi ha\u00a0<strong>378 explotacions de vaques lleteres<\/strong>\u00a0amb un cens de 73.118 vaques de llet. Per la seva banda, hi ha<strong>\u00a0106 explotacions de cabres de llet<\/strong>, amb un cens de 26.863 cabres lleteres i\u00a0<strong>19 explotacions d\u2019ovelles de llet<\/strong>\u00a0amb un cens de 6.700 ovelles lleteres. A m\u00e9s a m\u00e9s, l\u2019any 2021 es van consumir a tot Catalunya 60 litres de llet de vaca per persona, 10,3 quilos de iogurts i 8,7 quilos de formatge.<\/p>\n<p>Des d\u2019un punt de vista econ\u00f2mic es tracta d\u2019un sector rellevant, donat que cada catal\u00e0 destina 43 euros l\u2019any a la compra de llet de vaca, 21 euros a iogurts i 72 euros a formatges, segons dades del Departament d\u2019Acci\u00f3 Clim\u00e0tica, Alimentaci\u00f3 i Agenda Rural de la Generalitat de Catalunya.<\/p>\n<p>Consultau les propostes a continuaci\u00f3:<\/p>\n<ul>\n<li><a href=\"https:\/\/www.gastroteca.cat\/rutes\/ruta-dels-lactics-barcelona\/\" target=\"_blank\" rel=\"nofollow noopener\"><strong>Ruta dels L\u00e0ctics de Barcelona<\/strong><\/a><\/li>\n<li><a href=\"https:\/\/www.gastroteca.cat\/rutes\/ruta-dels-lactics-girona\/\" target=\"_blank\" rel=\"nofollow noopener\"><strong>Ruta dels L\u00e0ctics de Girona<\/strong><\/a><\/li>\n<li><a href=\"https:\/\/www.gastroteca.cat\/rutes\/ruta-dels-lactics-lleida\/\" target=\"_blank\" rel=\"nofollow noopener\"><strong>Ruta dels L\u00e0ctics de Lleida<\/strong><\/a><\/li>\n<\/ul>\n","protected":false},"excerpt":{"rendered":"<p>S&#8217;han organitzat 18 propostes que conviden a visitar, degustar i aprendre, a trav\u00e9s d\u2019activitats, tallers, tasts,&hellip;<\/p>\n","protected":false},"author":1,"featured_media":82176,"comment_status":"open","ping_status":"closed","sticky":false,"template":"","format":"gallery","meta":{"_acf_changed":false,"_swt_meta_header_display":false,"_swt_meta_footer_display":false,"_swt_meta_site_title_display":false,"_swt_meta_sticky_header":false,"_swt_meta_transparent_header":false,"footnotes":""},"categories":[1046,1475],"tags":[],"coauthors":[2053],"class_list":["post-82196","post","type-post","status-publish","format-gallery","has-post-thumbnail","hentry","category-actualitat-es-en","category-reportatges-i-novetats-en","post_format-post-format-gallery"],"acf":{"gallery":null,"home_date":{"home_begin_date":null,"home_end_date":null}},"yoast_head":"<!-- This site is optimized with the Yoast SEO plugin v27.4 - https:\/\/yoast.com\/product\/yoast-seo-wordpress\/ -->\n<title>Catalunya dona el sus a Lact\u00f2fils, la Ruta dels L\u00e0ctics - Gastron\u00f2micament<\/title>\n<meta name=\"description\" content=\"Catalunya dona el sus a Lact\u00f2fils, la Ruta dels L\u00e0ctics Actualitat, Reportatges i novetats S&#039;han organitzat 18 propostes que conviden a visitar, degustar i aprendre, a trav\u00e9s d\u2019activitats, tallers, tasts, experi\u00e8ncies pedag\u00f2giques\" \/>\n<meta name=\"robots\" content=\"index, follow, max-snippet:-1, max-image-preview:large, max-video-preview:-1\" \/>\n<link rel=\"canonical\" href=\"https:\/\/gastronomicament.cat\/en\/catalunya-dona-el-sus-a-lactofils-la-ruta-dels-lactics\" \/>\n<meta property=\"og:locale\" content=\"en_US\" \/>\n<meta property=\"og:type\" content=\"article\" \/>\n<meta property=\"og:title\" content=\"Catalunya dona el sus a Lact\u00f2fils, la Ruta dels L\u00e0ctics - Gastron\u00f2micament\" \/>\n<meta property=\"og:description\" content=\"Catalunya dona el sus a Lact\u00f2fils, la Ruta dels L\u00e0ctics Actualitat, Reportatges i novetats S&#039;han organitzat 18 propostes que conviden a visitar, degustar i aprendre, a trav\u00e9s d\u2019activitats, tallers, tasts, experi\u00e8ncies pedag\u00f2giques\" \/>\n<meta property=\"og:url\" content=\"https:\/\/gastronomicament.cat\/en\/catalunya-dona-el-sus-a-lactofils-la-ruta-dels-lactics\" \/>\n<meta property=\"og:site_name\" content=\"Gastron\u00f2micament\" \/>\n<meta property=\"article:published_time\" content=\"2023-05-04T00:29:20+00:00\" \/>\n<meta property=\"og:image\" content=\"https:\/\/gastronomicament.cat\/wp-content\/uploads\/2023\/05\/Cal_Rei_BARCELONA.jpg\" \/>\n\t<meta property=\"og:image:width\" content=\"1200\" \/>\n\t<meta property=\"og:image:height\" content=\"900\" \/>\n\t<meta property=\"og:image:type\" content=\"image\/jpeg\" \/>\n<meta name=\"author\" content=\"Redacci\u00f3\" \/>\n<meta name=\"twitter:card\" content=\"summary_large_image\" \/>\n<meta name=\"twitter:creator\" content=\"@gastronomicamen\" \/>\n<meta name=\"twitter:site\" content=\"@gastronomicamen\" \/>\n<meta name=\"twitter:label1\" content=\"Written by\" \/>\n\t<meta name=\"twitter:data1\" content=\"Redacci\u00f3\" \/>\n\t<meta name=\"twitter:label2\" content=\"Est. reading time\" \/>\n\t<meta name=\"twitter:data2\" content=\"6 minutes\" \/>\n<script type=\"application\/ld+json\" class=\"yoast-schema-graph\">{\"@context\":\"https:\\\/\\\/schema.org\",\"@graph\":[{\"@type\":\"Article\",\"@id\":\"https:\\\/\\\/gastronomicament.cat\\\/en\\\/catalunya-dona-el-sus-a-lactofils-la-ruta-dels-lactics#article\",\"isPartOf\":{\"@id\":\"https:\\\/\\\/gastronomicament.cat\\\/en\\\/catalunya-dona-el-sus-a-lactofils-la-ruta-dels-lactics\"},\"author\":{\"name\":\"Redacci\u00f3\",\"@id\":\"https:\\\/\\\/gastronomicament.cat\\\/en\\\/#\\\/schema\\\/person\\\/a7c85c537a1ed62799a5b8e0f686a37f\"},\"headline\":\"Catalunya dona el sus a Lact\u00f2fils, la Ruta dels L\u00e0ctics\",\"datePublished\":\"2023-05-04T00:29:20+00:00\",\"mainEntityOfPage\":{\"@id\":\"https:\\\/\\\/gastronomicament.cat\\\/en\\\/catalunya-dona-el-sus-a-lactofils-la-ruta-dels-lactics\"},\"wordCount\":1021,\"commentCount\":0,\"publisher\":{\"@id\":\"https:\\\/\\\/gastronomicament.cat\\\/en\\\/#organization\"},\"image\":{\"@id\":\"https:\\\/\\\/gastronomicament.cat\\\/en\\\/catalunya-dona-el-sus-a-lactofils-la-ruta-dels-lactics#primaryimage\"},\"thumbnailUrl\":\"https:\\\/\\\/gastronomicament.cat\\\/wp-content\\\/uploads\\\/2023\\\/05\\\/Cal_Rei_BARCELONA.jpg\",\"articleSection\":[\"Actualitat\",\"Reportatges i novetats\"],\"inLanguage\":\"en-US\",\"potentialAction\":[{\"@type\":\"CommentAction\",\"name\":\"Comment\",\"target\":[\"https:\\\/\\\/gastronomicament.cat\\\/en\\\/catalunya-dona-el-sus-a-lactofils-la-ruta-dels-lactics#respond\"]}]},{\"@type\":\"WebPage\",\"@id\":\"https:\\\/\\\/gastronomicament.cat\\\/en\\\/catalunya-dona-el-sus-a-lactofils-la-ruta-dels-lactics\",\"url\":\"https:\\\/\\\/gastronomicament.cat\\\/en\\\/catalunya-dona-el-sus-a-lactofils-la-ruta-dels-lactics\",\"name\":\"Catalunya dona el sus a Lact\u00f2fils, la Ruta dels L\u00e0ctics - Gastron\u00f2micament\",\"isPartOf\":{\"@id\":\"https:\\\/\\\/gastronomicament.cat\\\/en\\\/#website\"},\"primaryImageOfPage\":{\"@id\":\"https:\\\/\\\/gastronomicament.cat\\\/en\\\/catalunya-dona-el-sus-a-lactofils-la-ruta-dels-lactics#primaryimage\"},\"image\":{\"@id\":\"https:\\\/\\\/gastronomicament.cat\\\/en\\\/catalunya-dona-el-sus-a-lactofils-la-ruta-dels-lactics#primaryimage\"},\"thumbnailUrl\":\"https:\\\/\\\/gastronomicament.cat\\\/wp-content\\\/uploads\\\/2023\\\/05\\\/Cal_Rei_BARCELONA.jpg\",\"datePublished\":\"2023-05-04T00:29:20+00:00\",\"description\":\"Catalunya dona el sus a Lact\u00f2fils, la Ruta dels L\u00e0ctics Actualitat, Reportatges i novetats S'han organitzat 18 propostes que conviden a visitar, degustar i aprendre, a trav\u00e9s d\u2019activitats, tallers, tasts, experi\u00e8ncies pedag\u00f2giques\",\"inLanguage\":\"en-US\",\"potentialAction\":[{\"@type\":\"ReadAction\",\"target\":[\"https:\\\/\\\/gastronomicament.cat\\\/en\\\/catalunya-dona-el-sus-a-lactofils-la-ruta-dels-lactics\"]}]},{\"@type\":\"ImageObject\",\"inLanguage\":\"en-US\",\"@id\":\"https:\\\/\\\/gastronomicament.cat\\\/en\\\/catalunya-dona-el-sus-a-lactofils-la-ruta-dels-lactics#primaryimage\",\"url\":\"https:\\\/\\\/gastronomicament.cat\\\/wp-content\\\/uploads\\\/2023\\\/05\\\/Cal_Rei_BARCELONA.jpg\",\"contentUrl\":\"https:\\\/\\\/gastronomicament.cat\\\/wp-content\\\/uploads\\\/2023\\\/05\\\/Cal_Rei_BARCELONA.jpg\",\"width\":1200,\"height\":900},{\"@type\":\"WebSite\",\"@id\":\"https:\\\/\\\/gastronomicament.cat\\\/en\\\/#website\",\"url\":\"https:\\\/\\\/gastronomicament.cat\\\/en\\\/\",\"name\":\"Gastron\u00f2micament\",\"description\":\"Portal de restaurants, receptes i actualitat gastron\u00f2mica\",\"publisher\":{\"@id\":\"https:\\\/\\\/gastronomicament.cat\\\/en\\\/#organization\"},\"potentialAction\":[{\"@type\":\"SearchAction\",\"target\":{\"@type\":\"EntryPoint\",\"urlTemplate\":\"https:\\\/\\\/gastronomicament.cat\\\/en\\\/?s={search_term_string}\"},\"query-input\":{\"@type\":\"PropertyValueSpecification\",\"valueRequired\":true,\"valueName\":\"search_term_string\"}}],\"inLanguage\":\"en-US\"},{\"@type\":\"Organization\",\"@id\":\"https:\\\/\\\/gastronomicament.cat\\\/en\\\/#organization\",\"name\":\"Gastron\u00f2micament\",\"url\":\"https:\\\/\\\/gastronomicament.cat\\\/en\\\/\",\"logo\":{\"@type\":\"ImageObject\",\"inLanguage\":\"en-US\",\"@id\":\"https:\\\/\\\/gastronomicament.cat\\\/en\\\/#\\\/schema\\\/logo\\\/image\\\/\",\"url\":\"https:\\\/\\\/gastronomicament.cat\\\/wp-content\\\/uploads\\\/2016\\\/09\\\/header-logo.jpg\",\"contentUrl\":\"https:\\\/\\\/gastronomicament.cat\\\/wp-content\\\/uploads\\\/2016\\\/09\\\/header-logo.jpg\",\"width\":277,\"height\":39,\"caption\":\"Gastron\u00f2micament\"},\"image\":{\"@id\":\"https:\\\/\\\/gastronomicament.cat\\\/en\\\/#\\\/schema\\\/logo\\\/image\\\/\"},\"sameAs\":[\"https:\\\/\\\/x.com\\\/gastronomicamen\"]},{\"@type\":\"Person\",\"@id\":\"https:\\\/\\\/gastronomicament.cat\\\/en\\\/#\\\/schema\\\/person\\\/a7c85c537a1ed62799a5b8e0f686a37f\",\"name\":\"Redacci\u00f3\",\"image\":{\"@type\":\"ImageObject\",\"inLanguage\":\"en-US\",\"@id\":\"https:\\\/\\\/secure.gravatar.com\\\/avatar\\\/9489a485c464fd611d33825daae651d13db70c4e74c65c94937a15a9d4c3ee14?s=96&d=mm&r=g69fea3cce3645dfa2166e7293e22955e\",\"url\":\"https:\\\/\\\/secure.gravatar.com\\\/avatar\\\/9489a485c464fd611d33825daae651d13db70c4e74c65c94937a15a9d4c3ee14?s=96&d=mm&r=g\",\"contentUrl\":\"https:\\\/\\\/secure.gravatar.com\\\/avatar\\\/9489a485c464fd611d33825daae651d13db70c4e74c65c94937a15a9d4c3ee14?s=96&d=mm&r=g\",\"caption\":\"Redacci\u00f3\"},\"sameAs\":[\"http:\\\/\\\/gastronomicament.cat\"],\"url\":\"https:\\\/\\\/gastronomicament.cat\\\/en\\\/author\\\/admin\"}]}<\/script>\n<!-- \/ Yoast SEO plugin. -->","yoast_head_json":{"title":"Catalunya dona el sus a Lact\u00f2fils, la Ruta dels L\u00e0ctics - Gastron\u00f2micament","description":"Catalunya dona el sus a Lact\u00f2fils, la Ruta dels L\u00e0ctics Actualitat, Reportatges i novetats S'han organitzat 18 propostes que conviden a visitar, degustar i aprendre, a trav\u00e9s d\u2019activitats, tallers, tasts, experi\u00e8ncies pedag\u00f2giques","robots":{"index":"index","follow":"follow","max-snippet":"max-snippet:-1","max-image-preview":"max-image-preview:large","max-video-preview":"max-video-preview:-1"},"canonical":"https:\/\/gastronomicament.cat\/en\/catalunya-dona-el-sus-a-lactofils-la-ruta-dels-lactics","og_locale":"en_US","og_type":"article","og_title":"Catalunya dona el sus a Lact\u00f2fils, la Ruta dels L\u00e0ctics - Gastron\u00f2micament","og_description":"Catalunya dona el sus a Lact\u00f2fils, la Ruta dels L\u00e0ctics Actualitat, Reportatges i novetats S'han organitzat 18 propostes que conviden a visitar, degustar i aprendre, a trav\u00e9s d\u2019activitats, tallers, tasts, experi\u00e8ncies pedag\u00f2giques","og_url":"https:\/\/gastronomicament.cat\/en\/catalunya-dona-el-sus-a-lactofils-la-ruta-dels-lactics","og_site_name":"Gastron\u00f2micament","article_published_time":"2023-05-04T00:29:20+00:00","og_image":[{"width":1200,"height":900,"url":"https:\/\/gastronomicament.cat\/wp-content\/uploads\/2023\/05\/Cal_Rei_BARCELONA.jpg","type":"image\/jpeg"}],"author":"Redacci\u00f3","twitter_card":"summary_large_image","twitter_creator":"@gastronomicamen","twitter_site":"@gastronomicamen","twitter_misc":{"Written by":"Redacci\u00f3","Est. reading time":"6 minutes"},"schema":{"@context":"https:\/\/schema.org","@graph":[{"@type":"Article","@id":"https:\/\/gastronomicament.cat\/en\/catalunya-dona-el-sus-a-lactofils-la-ruta-dels-lactics#article","isPartOf":{"@id":"https:\/\/gastronomicament.cat\/en\/catalunya-dona-el-sus-a-lactofils-la-ruta-dels-lactics"},"author":{"name":"Redacci\u00f3","@id":"https:\/\/gastronomicament.cat\/en\/#\/schema\/person\/a7c85c537a1ed62799a5b8e0f686a37f"},"headline":"Catalunya dona el sus a Lact\u00f2fils, la Ruta dels L\u00e0ctics","datePublished":"2023-05-04T00:29:20+00:00","mainEntityOfPage":{"@id":"https:\/\/gastronomicament.cat\/en\/catalunya-dona-el-sus-a-lactofils-la-ruta-dels-lactics"},"wordCount":1021,"commentCount":0,"publisher":{"@id":"https:\/\/gastronomicament.cat\/en\/#organization"},"image":{"@id":"https:\/\/gastronomicament.cat\/en\/catalunya-dona-el-sus-a-lactofils-la-ruta-dels-lactics#primaryimage"},"thumbnailUrl":"https:\/\/gastronomicament.cat\/wp-content\/uploads\/2023\/05\/Cal_Rei_BARCELONA.jpg","articleSection":["Actualitat","Reportatges i novetats"],"inLanguage":"en-US","potentialAction":[{"@type":"CommentAction","name":"Comment","target":["https:\/\/gastronomicament.cat\/en\/catalunya-dona-el-sus-a-lactofils-la-ruta-dels-lactics#respond"]}]},{"@type":"WebPage","@id":"https:\/\/gastronomicament.cat\/en\/catalunya-dona-el-sus-a-lactofils-la-ruta-dels-lactics","url":"https:\/\/gastronomicament.cat\/en\/catalunya-dona-el-sus-a-lactofils-la-ruta-dels-lactics","name":"Catalunya dona el sus a Lact\u00f2fils, la Ruta dels L\u00e0ctics - Gastron\u00f2micament","isPartOf":{"@id":"https:\/\/gastronomicament.cat\/en\/#website"},"primaryImageOfPage":{"@id":"https:\/\/gastronomicament.cat\/en\/catalunya-dona-el-sus-a-lactofils-la-ruta-dels-lactics#primaryimage"},"image":{"@id":"https:\/\/gastronomicament.cat\/en\/catalunya-dona-el-sus-a-lactofils-la-ruta-dels-lactics#primaryimage"},"thumbnailUrl":"https:\/\/gastronomicament.cat\/wp-content\/uploads\/2023\/05\/Cal_Rei_BARCELONA.jpg","datePublished":"2023-05-04T00:29:20+00:00","description":"Catalunya dona el sus a Lact\u00f2fils, la Ruta dels L\u00e0ctics Actualitat, Reportatges i novetats S'han organitzat 18 propostes que conviden a visitar, degustar i aprendre, a trav\u00e9s d\u2019activitats, tallers, tasts, experi\u00e8ncies pedag\u00f2giques","inLanguage":"en-US","potentialAction":[{"@type":"ReadAction","target":["https:\/\/gastronomicament.cat\/en\/catalunya-dona-el-sus-a-lactofils-la-ruta-dels-lactics"]}]},{"@type":"ImageObject","inLanguage":"en-US","@id":"https:\/\/gastronomicament.cat\/en\/catalunya-dona-el-sus-a-lactofils-la-ruta-dels-lactics#primaryimage","url":"https:\/\/gastronomicament.cat\/wp-content\/uploads\/2023\/05\/Cal_Rei_BARCELONA.jpg","contentUrl":"https:\/\/gastronomicament.cat\/wp-content\/uploads\/2023\/05\/Cal_Rei_BARCELONA.jpg","width":1200,"height":900},{"@type":"WebSite","@id":"https:\/\/gastronomicament.cat\/en\/#website","url":"https:\/\/gastronomicament.cat\/en\/","name":"Gastron\u00f2micament","description":"Portal de restaurants, receptes i actualitat gastron\u00f2mica","publisher":{"@id":"https:\/\/gastronomicament.cat\/en\/#organization"},"potentialAction":[{"@type":"SearchAction","target":{"@type":"EntryPoint","urlTemplate":"https:\/\/gastronomicament.cat\/en\/?s={search_term_string}"},"query-input":{"@type":"PropertyValueSpecification","valueRequired":true,"valueName":"search_term_string"}}],"inLanguage":"en-US"},{"@type":"Organization","@id":"https:\/\/gastronomicament.cat\/en\/#organization","name":"Gastron\u00f2micament","url":"https:\/\/gastronomicament.cat\/en\/","logo":{"@type":"ImageObject","inLanguage":"en-US","@id":"https:\/\/gastronomicament.cat\/en\/#\/schema\/logo\/image\/","url":"https:\/\/gastronomicament.cat\/wp-content\/uploads\/2016\/09\/header-logo.jpg","contentUrl":"https:\/\/gastronomicament.cat\/wp-content\/uploads\/2016\/09\/header-logo.jpg","width":277,"height":39,"caption":"Gastron\u00f2micament"},"image":{"@id":"https:\/\/gastronomicament.cat\/en\/#\/schema\/logo\/image\/"},"sameAs":["https:\/\/x.com\/gastronomicamen"]},{"@type":"Person","@id":"https:\/\/gastronomicament.cat\/en\/#\/schema\/person\/a7c85c537a1ed62799a5b8e0f686a37f","name":"Redacci\u00f3","image":{"@type":"ImageObject","inLanguage":"en-US","@id":"https:\/\/secure.gravatar.com\/avatar\/9489a485c464fd611d33825daae651d13db70c4e74c65c94937a15a9d4c3ee14?s=96&d=mm&r=g69fea3cce3645dfa2166e7293e22955e","url":"https:\/\/secure.gravatar.com\/avatar\/9489a485c464fd611d33825daae651d13db70c4e74c65c94937a15a9d4c3ee14?s=96&d=mm&r=g","contentUrl":"https:\/\/secure.gravatar.com\/avatar\/9489a485c464fd611d33825daae651d13db70c4e74c65c94937a15a9d4c3ee14?s=96&d=mm&r=g","caption":"Redacci\u00f3"},"sameAs":["http:\/\/gastronomicament.cat"],"url":"https:\/\/gastronomicament.cat\/en\/author\/admin"}]}},"_links":{"self":[{"href":"https:\/\/gastronomicament.cat\/en\/wp-json\/wp\/v2\/posts\/82196","targetHints":{"allow":["GET"]}}],"collection":[{"href":"https:\/\/gastronomicament.cat\/en\/wp-json\/wp\/v2\/posts"}],"about":[{"href":"https:\/\/gastronomicament.cat\/en\/wp-json\/wp\/v2\/types\/post"}],"author":[{"embeddable":true,"href":"https:\/\/gastronomicament.cat\/en\/wp-json\/wp\/v2\/users\/1"}],"replies":[{"embeddable":true,"href":"https:\/\/gastronomicament.cat\/en\/wp-json\/wp\/v2\/comments?post=82196"}],"version-history":[{"count":0,"href":"https:\/\/gastronomicament.cat\/en\/wp-json\/wp\/v2\/posts\/82196\/revisions"}],"wp:featuredmedia":[{"embeddable":true,"href":"https:\/\/gastronomicament.cat\/en\/wp-json\/wp\/v2\/media\/82176"}],"wp:attachment":[{"href":"https:\/\/gastronomicament.cat\/en\/wp-json\/wp\/v2\/media?parent=82196"}],"wp:term":[{"taxonomy":"category","embeddable":true,"href":"https:\/\/gastronomicament.cat\/en\/wp-json\/wp\/v2\/categories?post=82196"},{"taxonomy":"post_tag","embeddable":true,"href":"https:\/\/gastronomicament.cat\/en\/wp-json\/wp\/v2\/tags?post=82196"},{"taxonomy":"author","embeddable":true,"href":"https:\/\/gastronomicament.cat\/en\/wp-json\/wp\/v2\/coauthors?post=82196"}],"curies":[{"name":"wp","href":"https:\/\/api.w.org\/{rel}","templated":true}]}}